{"id":26923,"date":"2019-02-12T21:10:53","date_gmt":"2019-02-12T18:10:53","guid":{"rendered":"http:\/\/www.tvturk.com\/index.php\/pkkli-teroristlerin-kullandigi-35-magara-tespit-edildi\/"},"modified":"2019-02-12T21:10:57","modified_gmt":"2019-02-12T18:10:57","slug":"pkkli-teroristlerin-kullandigi-35-magara-tespit-edildi","status":"publish","type":"post","link":"http:\/\/www.tvturk.com\/index.php\/pkkli-teroristlerin-kullandigi-35-magara-tespit-edildi\/","title":{"rendered":"PKK\u2019l\u0131 ter\u00f6ristlerin kulland\u0131\u011f\u0131 35 ma\u011fara tespit edildi"},"content":{"rendered":"<p>\u015e\u0131rnak\u2019\u0131n \u0130dil il\u00e7esinde g\u00fcvenlik g\u00fc\u00e7lerinin d\u00fczenledi\u011fi operasyonda PKK\u2019l\u0131 ter\u00f6ristlerin kulland\u0131\u011f\u0131 35 do\u011fal ma\u011fara tespit edildi. Tespit edilen ma\u011faralardan 12 tanesi kullan\u0131lamaz hale getirildi.<\/p>\n<p>\u015e\u0131rnak\u2019\u0131n \u0130dil il\u00e7esi Sar\u0131k\u00f6y ve Oyal\u0131 k\u00f6yleri k\u0131rsal\u0131 Bagok b\u00f6lgesinde, \u015e\u0131rnak \u0130l Jandarma Komutanl\u0131\u011f\u0131 ekipleri ile \u015e\u0131rnak \u0130l Emniyet M\u00fcd\u00fcrl\u00fc\u011f\u00fcne ba\u011fl\u0131 3 Polis \u00d6zel Harekat timinin ortakla\u015fa d\u00fczenledi\u011fi \u015eehit Jandarma \u00dcste\u011fmen Mehmet \u00c7ift\u00e7i operasyonunda ter\u00f6r \u00f6rg\u00fct\u00fc PKK taraf\u0131ndan ge\u00e7mi\u015f d\u00f6nemlerde kullan\u0131ld\u0131\u011f\u0131 de\u011ferlendirilen 35 do\u011fal ma\u011fara tespit edildi. Tespit edilen ma\u011faralardan 12 tanesi kullan\u0131lamaz hale getirildi.<\/p>\n<p>Operasyon s\u0131ras\u0131nda ayr\u0131ca b\u00f6lgede bulunan 19 vatanda\u015f\u0131n kimlik sorgusu yap\u0131ld\u0131. Yoklama ka\u00e7a\u011f\u0131 oldu\u011fu tespit edilen bir ki\u015fi hakk\u0131nda yasal i\u015flem yap\u0131ld\u0131.<div class=\"tiled-gallery type-rectangular tiled-gallery-unresized\" data-original-width=\"500\" data-carousel-extra='null' itemscope itemtype=\"http:\/\/schema.org\/ImageGallery\" > <div class=\"gallery-row\" style=\"width: 500px; height: 168px;\" data-original-width=\"500\" data-original-height=\"168\" > <div class=\"gallery-group images-1\" style=\"width: 128px; height: 168px;\" data-original-width=\"128\" data-original-height=\"168\" > <div class=\"tiled-gallery-item tiled-gallery-item-small\" itemprop=\"associatedMedia\" itemscope itemtype=\"http:\/\/schema.org\/ImageObject\"> <a href=\"http:\/\/www.tvturk.com\/index.php\/pkkli-teroristlerin-kullandigi-35-magara-tespit-edildi\/pkkli-teroristlerin-kullandigi-35-magara-tespit-edildi-3\/\" border=\"0\" itemprop=\"url\"> <meta itemprop=\"width\" content=\"124\"> <meta itemprop=\"height\" content=\"164\"> <img decoding=\"async\" class=\"\" data-attachment-id=\"26925\" data-orig-file=\"http:\/\/www.tvturk.com\/wp-content\/uploads\/2019\/02\/pkkli-teroristlerin-kullandigi-35-magara-tespit-edildi_023a778.jpg\" data-orig-size=\"469,623\" data-comments-opened=\"\" data-image-meta=\"{&quot;aperture&quot;:&quot;0&quot;,&quot;credit&quot;:&quot;IHA&quot;,&quot;camera&quot;:&quot;&quot;,&quot;caption&quot;:&quot;\\u015eIRNAK\\u2019IN \\u0130D\\u0130L \\u0130L\\u00c7ES\\u0130 SARIK\\u00d6Y VE OYALI K\\u00d6YLER\\u0130 KIRSALINDA YAPILAN \\u0130L JANDARMA KOMUTANLI\\u011eI VE POL\\u0130S \\u00d6ZEL HAREKAT T\\u0130MLER\\u0130N\\u0130N D\\u00dcZENLED\\u0130\\u011e\\u0130 OPERASYONDA 35 DO\\u011eAL MA\\u011eARA TESP\\u0130T ED\\u0130LD\\u0130. (MEL\\u0130H Y\\u0130\\u011e\\u0130T\\\/\\u015eIRNAK-\\u0130HA)&quot;,&quot;created_timestamp&quot;:&quot;0&quot;,&quot;copyright&quot;:&quot;\\u0130HLAS HABER AJANSI, www.iha.com.tr&quot;,&quot;focal_length&quot;:&quot;0&quot;,&quot;iso&quot;:&quot;0&quot;,&quot;shutter_speed&quot;:&quot;0&quot;,&quot;title&quot;:&quot;PKK\\u2019LI TER\\u00d6R\\u0130STLER\\u0130N KULLANDI\\u011eI 35 MA\\u011eARA TESP\\u0130T ED\\u0130LD\\u0130&quot;,&quot;orientation&quot;:&quot;0&quot;}\" data-image-title=\"PKK\u2019l\u0131 ter\u00f6ristlerin kulland\u0131\u011f\u0131 35 ma\u011fara tespit edildi\" data-image-description=\"&lt;p&gt;PKK\u2019l\u0131 ter\u00f6ristlerin kulland\u0131\u011f\u0131 35 ma\u011fara tespit edildi&lt;\/p&gt; \" data-medium-file=\"https:\/\/i0.wp.com\/www.tvturk.com\/wp-content\/uploads\/2019\/02\/pkkli-teroristlerin-kullandigi-35-magara-tespit-edildi_023a778.jpg?fit=226%2C300\" data-large-file=\"https:\/\/i0.wp.com\/www.tvturk.com\/wp-content\/uploads\/2019\/02\/pkkli-teroristlerin-kullandigi-35-magara-tespit-edildi_023a778.jpg?fit=469%2C623\" src=\"https:\/\/i0.wp.com\/www.tvturk.com\/wp-content\/uploads\/2019\/02\/pkkli-teroristlerin-kullandigi-35-magara-tespit-edildi_023a778.jpg?w=124&#038;h=164\" srcset=\"https:\/\/i0.wp.com\/www.tvturk.com\/wp-content\/uploads\/2019\/02\/pkkli-teroristlerin-kullandigi-35-magara-tespit-edildi_023a778.jpg?w=469 469w, https:\/\/i0.wp.com\/www.tvturk.com\/wp-content\/uploads\/2019\/02\/pkkli-teroristlerin-kullandigi-35-magara-tespit-edildi_023a778.jpg?resize=113%2C150 113w, https:\/\/i0.wp.com\/www.tvturk.com\/wp-content\/uploads\/2019\/02\/pkkli-teroristlerin-kullandigi-35-magara-tespit-edildi_023a778.jpg?resize=226%2C300 226w\" width=\"124\" height=\"164\" loading=\"lazy\" data-original-width=\"124\" data-original-height=\"164\" itemprop=\"http:\/\/schema.org\/image\" title=\"PKK\u2019l\u0131 ter\u00f6ristlerin kulland\u0131\u011f\u0131 35 ma\u011fara tespit edildi\" alt=\"PKK\u2019l\u0131 ter\u00f6ristlerin kulland\u0131\u011f\u0131 35 ma\u011fara tespit edildi\" style=\"width: 124px; height: 164px;\" \/> <\/a> <\/div> <\/div> <!-- close group --> <div class=\"gallery-group images-1\" style=\"width: 116px; height: 168px;\" data-original-width=\"116\" data-original-height=\"168\" > <div class=\"tiled-gallery-item tiled-gallery-item-small\" itemprop=\"associatedMedia\" itemscope itemtype=\"http:\/\/schema.org\/ImageObject\"> <a href=\"http:\/\/www.tvturk.com\/index.php\/pkkli-teroristlerin-kullandigi-35-magara-tespit-edildi\/pkkli-teroristlerin-kullandigi-35-magara-tespit-edildi-4\/\" border=\"0\" itemprop=\"url\"> <meta itemprop=\"width\" content=\"112\"> <meta itemprop=\"height\" content=\"164\"> <img decoding=\"async\" class=\"\" data-attachment-id=\"26926\" data-orig-file=\"http:\/\/www.tvturk.com\/wp-content\/uploads\/2019\/02\/pkkli-teroristlerin-kullandigi-35-magara-tespit-edildi_61eed4b.jpg\" data-orig-size=\"301,440\" data-comments-opened=\"\" data-image-meta=\"{&quot;aperture&quot;:&quot;0&quot;,&quot;credit&quot;:&quot;IHA&quot;,&quot;camera&quot;:&quot;&quot;,&quot;caption&quot;:&quot;\\u015eIRNAK\\u2019IN \\u0130D\\u0130L \\u0130L\\u00c7ES\\u0130 SARIK\\u00d6Y VE OYALI K\\u00d6YLER\\u0130 KIRSALINDA YAPILAN \\u0130L JANDARMA KOMUTANLI\\u011eI VE POL\\u0130S \\u00d6ZEL HAREKAT T\\u0130MLER\\u0130N\\u0130N D\\u00dcZENLED\\u0130\\u011e\\u0130 OPERASYONDA 35 DO\\u011eAL MA\\u011eARA TESP\\u0130T ED\\u0130LD\\u0130. (MEL\\u0130H Y\\u0130\\u011e\\u0130T\\\/\\u015eIRNAK-\\u0130HA)&quot;,&quot;created_timestamp&quot;:&quot;0&quot;,&quot;copyright&quot;:&quot;\\u0130HLAS HABER AJANSI, www.iha.com.tr&quot;,&quot;focal_length&quot;:&quot;0&quot;,&quot;iso&quot;:&quot;0&quot;,&quot;shutter_speed&quot;:&quot;0&quot;,&quot;title&quot;:&quot;PKK\\u2019LI TER\\u00d6R\\u0130STLER\\u0130N KULLANDI\\u011eI 35 MA\\u011eARA TESP\\u0130T ED\\u0130LD\\u0130&quot;,&quot;orientation&quot;:&quot;0&quot;}\" data-image-title=\"PKK\u2019l\u0131 ter\u00f6ristlerin kulland\u0131\u011f\u0131 35 ma\u011fara tespit edildi\" data-image-description=\"&lt;p&gt;PKK\u2019l\u0131 ter\u00f6ristlerin kulland\u0131\u011f\u0131 35 ma\u011fara tespit edildi&lt;\/p&gt; \" data-medium-file=\"https:\/\/i0.wp.com\/www.tvturk.com\/wp-content\/uploads\/2019\/02\/pkkli-teroristlerin-kullandigi-35-magara-tespit-edildi_61eed4b.jpg?fit=205%2C300\" data-large-file=\"https:\/\/i0.wp.com\/www.tvturk.com\/wp-content\/uploads\/2019\/02\/pkkli-teroristlerin-kullandigi-35-magara-tespit-edildi_61eed4b.jpg?fit=301%2C440\" src=\"https:\/\/i0.wp.com\/www.tvturk.com\/wp-content\/uploads\/2019\/02\/pkkli-teroristlerin-kullandigi-35-magara-tespit-edildi_61eed4b.jpg?w=112&#038;h=164\" srcset=\"https:\/\/i0.wp.com\/www.tvturk.com\/wp-content\/uploads\/2019\/02\/pkkli-teroristlerin-kullandigi-35-magara-tespit-edildi_61eed4b.jpg?w=301 301w, https:\/\/i0.wp.com\/www.tvturk.com\/wp-content\/uploads\/2019\/02\/pkkli-teroristlerin-kullandigi-35-magara-tespit-edildi_61eed4b.jpg?resize=103%2C150 103w, https:\/\/i0.wp.com\/www.tvturk.com\/wp-content\/uploads\/2019\/02\/pkkli-teroristlerin-kullandigi-35-magara-tespit-edildi_61eed4b.jpg?resize=205%2C300 205w\" width=\"112\" height=\"164\" loading=\"lazy\" data-original-width=\"112\" data-original-height=\"164\" itemprop=\"http:\/\/schema.org\/image\" title=\"PKK\u2019l\u0131 ter\u00f6ristlerin kulland\u0131\u011f\u0131 35 ma\u011fara tespit edildi\" alt=\"PKK\u2019l\u0131 ter\u00f6ristlerin kulland\u0131\u011f\u0131 35 ma\u011fara tespit edildi\" style=\"width: 112px; height: 164px;\" \/> <\/a> <\/div> <\/div> <!-- close group --> <div class=\"gallery-group images-1\" style=\"width: 128px; height: 168px;\" data-original-width=\"128\" data-original-height=\"168\" > <div class=\"tiled-gallery-item tiled-gallery-item-small\" itemprop=\"associatedMedia\" itemscope itemtype=\"http:\/\/schema.org\/ImageObject\"> <a href=\"http:\/\/www.tvturk.com\/index.php\/pkkli-teroristlerin-kullandigi-35-magara-tespit-edildi\/pkkli-teroristlerin-kullandigi-35-magara-tespit-edildi-5\/\" border=\"0\" itemprop=\"url\"> <meta itemprop=\"width\" content=\"124\"> <meta itemprop=\"height\" content=\"164\"> <img decoding=\"async\" class=\"\" data-attachment-id=\"26927\" data-orig-file=\"http:\/\/www.tvturk.com\/wp-content\/uploads\/2019\/02\/pkkli-teroristlerin-kullandigi-35-magara-tespit-edildi_bd64012.jpg\" data-orig-size=\"470,623\" data-comments-opened=\"\" data-image-meta=\"{&quot;aperture&quot;:&quot;0&quot;,&quot;credit&quot;:&quot;IHA&quot;,&quot;camera&quot;:&quot;&quot;,&quot;caption&quot;:&quot;\\u015eIRNAK\\u2019IN \\u0130D\\u0130L \\u0130L\\u00c7ES\\u0130 SARIK\\u00d6Y VE OYALI K\\u00d6YLER\\u0130 KIRSALINDA YAPILAN \\u0130L JANDARMA KOMUTANLI\\u011eI VE POL\\u0130S \\u00d6ZEL HAREKAT T\\u0130MLER\\u0130N\\u0130N D\\u00dcZENLED\\u0130\\u011e\\u0130 OPERASYONDA 35 DO\\u011eAL MA\\u011eARA TESP\\u0130T ED\\u0130LD\\u0130. (MEL\\u0130H Y\\u0130\\u011e\\u0130T\\\/\\u015eIRNAK-\\u0130HA)&quot;,&quot;created_timestamp&quot;:&quot;0&quot;,&quot;copyright&quot;:&quot;\\u0130HLAS HABER AJANSI, www.iha.com.tr&quot;,&quot;focal_length&quot;:&quot;0&quot;,&quot;iso&quot;:&quot;0&quot;,&quot;shutter_speed&quot;:&quot;0&quot;,&quot;title&quot;:&quot;PKK\\u2019LI TER\\u00d6R\\u0130STLER\\u0130N KULLANDI\\u011eI 35 MA\\u011eARA TESP\\u0130T ED\\u0130LD\\u0130&quot;,&quot;orientation&quot;:&quot;0&quot;}\" data-image-title=\"PKK\u2019l\u0131 ter\u00f6ristlerin kulland\u0131\u011f\u0131 35 ma\u011fara tespit edildi\" data-image-description=\"&lt;p&gt;PKK\u2019l\u0131 ter\u00f6ristlerin kulland\u0131\u011f\u0131 35 ma\u011fara tespit edildi&lt;\/p&gt; \" data-medium-file=\"https:\/\/i0.wp.com\/www.tvturk.com\/wp-content\/uploads\/2019\/02\/pkkli-teroristlerin-kullandigi-35-magara-tespit-edildi_bd64012.jpg?fit=226%2C300\" data-large-file=\"https:\/\/i0.wp.com\/www.tvturk.com\/wp-content\/uploads\/2019\/02\/pkkli-teroristlerin-kullandigi-35-magara-tespit-edildi_bd64012.jpg?fit=470%2C623\" src=\"https:\/\/i0.wp.com\/www.tvturk.com\/wp-content\/uploads\/2019\/02\/pkkli-teroristlerin-kullandigi-35-magara-tespit-edildi_bd64012.jpg?w=124&#038;h=164\" srcset=\"https:\/\/i0.wp.com\/www.tvturk.com\/wp-content\/uploads\/2019\/02\/pkkli-teroristlerin-kullandigi-35-magara-tespit-edildi_bd64012.jpg?w=470 470w, https:\/\/i0.wp.com\/www.tvturk.com\/wp-content\/uploads\/2019\/02\/pkkli-teroristlerin-kullandigi-35-magara-tespit-edildi_bd64012.jpg?resize=113%2C150 113w, https:\/\/i0.wp.com\/www.tvturk.com\/wp-content\/uploads\/2019\/02\/pkkli-teroristlerin-kullandigi-35-magara-tespit-edildi_bd64012.jpg?resize=226%2C300 226w\" width=\"124\" height=\"164\" loading=\"lazy\" data-original-width=\"124\" data-original-height=\"164\" itemprop=\"http:\/\/schema.org\/image\" title=\"PKK\u2019l\u0131 ter\u00f6ristlerin kulland\u0131\u011f\u0131 35 ma\u011fara tespit edildi\" alt=\"PKK\u2019l\u0131 ter\u00f6ristlerin kulland\u0131\u011f\u0131 35 ma\u011fara tespit edildi\" style=\"width: 124px; height: 164px;\" \/> <\/a> <\/div> <\/div> <!-- close group --> <div class=\"gallery-group images-1\" style=\"width: 128px; height: 168px;\" data-original-width=\"128\" data-original-height=\"168\" > <div class=\"tiled-gallery-item tiled-gallery-item-small\" itemprop=\"associatedMedia\" itemscope itemtype=\"http:\/\/schema.org\/ImageObject\"> <a href=\"http:\/\/www.tvturk.com\/index.php\/pkkli-teroristlerin-kullandigi-35-magara-tespit-edildi\/pkkli-teroristlerin-kullandigi-35-magara-tespit-edildi-6\/\" border=\"0\" itemprop=\"url\"> <meta itemprop=\"width\" content=\"124\"> <meta itemprop=\"height\" content=\"164\"> <img decoding=\"async\" class=\"\" data-attachment-id=\"26928\" data-orig-file=\"http:\/\/www.tvturk.com\/wp-content\/uploads\/2019\/02\/pkkli-teroristlerin-kullandigi-35-magara-tespit-edildi_78e27f5.jpg\" data-orig-size=\"468,623\" data-comments-opened=\"\" data-image-meta=\"{&quot;aperture&quot;:&quot;0&quot;,&quot;credit&quot;:&quot;IHA&quot;,&quot;camera&quot;:&quot;&quot;,&quot;caption&quot;:&quot;\\u015eIRNAK\\u2019IN \\u0130D\\u0130L \\u0130L\\u00c7ES\\u0130 SARIK\\u00d6Y VE OYALI K\\u00d6YLER\\u0130 KIRSALINDA YAPILAN \\u0130L JANDARMA KOMUTANLI\\u011eI VE POL\\u0130S \\u00d6ZEL HAREKAT T\\u0130MLER\\u0130N\\u0130N D\\u00dcZENLED\\u0130\\u011e\\u0130 OPERASYONDA 35 DO\\u011eAL MA\\u011eARA TESP\\u0130T ED\\u0130LD\\u0130. (MEL\\u0130H Y\\u0130\\u011e\\u0130T\\\/\\u015eIRNAK-\\u0130HA)&quot;,&quot;created_timestamp&quot;:&quot;0&quot;,&quot;copyright&quot;:&quot;\\u0130HLAS HABER AJANSI, www.iha.com.tr&quot;,&quot;focal_length&quot;:&quot;0&quot;,&quot;iso&quot;:&quot;0&quot;,&quot;shutter_speed&quot;:&quot;0&quot;,&quot;title&quot;:&quot;PKK\\u2019LI TER\\u00d6R\\u0130STLER\\u0130N KULLANDI\\u011eI 35 MA\\u011eARA TESP\\u0130T ED\\u0130LD\\u0130&quot;,&quot;orientation&quot;:&quot;0&quot;}\" data-image-title=\"PKK\u2019l\u0131 ter\u00f6ristlerin kulland\u0131\u011f\u0131 35 ma\u011fara tespit edildi\" data-image-description=\"&lt;p&gt;PKK\u2019l\u0131 ter\u00f6ristlerin kulland\u0131\u011f\u0131 35 ma\u011fara tespit edildi&lt;\/p&gt; \" data-medium-file=\"https:\/\/i0.wp.com\/www.tvturk.com\/wp-content\/uploads\/2019\/02\/pkkli-teroristlerin-kullandigi-35-magara-tespit-edildi_78e27f5.jpg?fit=225%2C300\" data-large-file=\"https:\/\/i0.wp.com\/www.tvturk.com\/wp-content\/uploads\/2019\/02\/pkkli-teroristlerin-kullandigi-35-magara-tespit-edildi_78e27f5.jpg?fit=468%2C623\" src=\"https:\/\/i0.wp.com\/www.tvturk.com\/wp-content\/uploads\/2019\/02\/pkkli-teroristlerin-kullandigi-35-magara-tespit-edildi_78e27f5.jpg?w=124&#038;h=164\" srcset=\"https:\/\/i0.wp.com\/www.tvturk.com\/wp-content\/uploads\/2019\/02\/pkkli-teroristlerin-kullandigi-35-magara-tespit-edildi_78e27f5.jpg?w=468 468w, https:\/\/i0.wp.com\/www.tvturk.com\/wp-content\/uploads\/2019\/02\/pkkli-teroristlerin-kullandigi-35-magara-tespit-edildi_78e27f5.jpg?resize=113%2C150 113w, https:\/\/i0.wp.com\/www.tvturk.com\/wp-content\/uploads\/2019\/02\/pkkli-teroristlerin-kullandigi-35-magara-tespit-edildi_78e27f5.jpg?resize=225%2C300 225w\" width=\"124\" height=\"164\" loading=\"lazy\" data-original-width=\"124\" data-original-height=\"164\" itemprop=\"http:\/\/schema.org\/image\" title=\"PKK\u2019l\u0131 ter\u00f6ristlerin kulland\u0131\u011f\u0131 35 ma\u011fara tespit edildi\" alt=\"PKK\u2019l\u0131 ter\u00f6ristlerin kulland\u0131\u011f\u0131 35 ma\u011fara tespit edildi\" style=\"width: 124px; height: 164px;\" \/> <\/a> <\/div> <\/div> <!-- close group --> <\/div> <!-- close row --> <div class=\"gallery-row\" style=\"width: 500px; height: 220px;\" data-original-width=\"500\" data-original-height=\"220\" > <div class=\"gallery-group images-1\" style=\"width: 166px; height: 220px;\" data-original-width=\"166\" data-original-height=\"220\" > <div class=\"tiled-gallery-item tiled-gallery-item-small\" itemprop=\"associatedMedia\" itemscope itemtype=\"http:\/\/schema.org\/ImageObject\"> <a href=\"http:\/\/www.tvturk.com\/index.php\/pkkli-teroristlerin-kullandigi-35-magara-tespit-edildi\/pkkli-teroristlerin-kullandigi-35-magara-tespit-edildi-7\/\" border=\"0\" itemprop=\"url\"> <meta itemprop=\"width\" content=\"162\"> <meta itemprop=\"height\" content=\"216\"> <img decoding=\"async\" class=\"\" data-attachment-id=\"26929\" data-orig-file=\"http:\/\/www.tvturk.com\/wp-content\/uploads\/2019\/02\/pkkli-teroristlerin-kullandigi-35-magara-tespit-edildi_a74b50b.jpg\" data-orig-size=\"467,623\" data-comments-opened=\"\" data-image-meta=\"{&quot;aperture&quot;:&quot;0&quot;,&quot;credit&quot;:&quot;IHA&quot;,&quot;camera&quot;:&quot;&quot;,&quot;caption&quot;:&quot;\\u015eIRNAK\\u2019IN \\u0130D\\u0130L \\u0130L\\u00c7ES\\u0130 SARIK\\u00d6Y VE OYALI K\\u00d6YLER\\u0130 KIRSALINDA YAPILAN \\u0130L JANDARMA KOMUTANLI\\u011eI VE POL\\u0130S \\u00d6ZEL HAREKAT T\\u0130MLER\\u0130N\\u0130N D\\u00dcZENLED\\u0130\\u011e\\u0130 OPERASYONDA 35 DO\\u011eAL MA\\u011eARA TESP\\u0130T ED\\u0130LD\\u0130. (MEL\\u0130H Y\\u0130\\u011e\\u0130T\\\/\\u015eIRNAK-\\u0130HA)&quot;,&quot;created_timestamp&quot;:&quot;0&quot;,&quot;copyright&quot;:&quot;\\u0130HLAS HABER AJANSI, www.iha.com.tr&quot;,&quot;focal_length&quot;:&quot;0&quot;,&quot;iso&quot;:&quot;0&quot;,&quot;shutter_speed&quot;:&quot;0&quot;,&quot;title&quot;:&quot;PKK\\u2019LI TER\\u00d6R\\u0130STLER\\u0130N KULLANDI\\u011eI 35 MA\\u011eARA TESP\\u0130T ED\\u0130LD\\u0130&quot;,&quot;orientation&quot;:&quot;0&quot;}\" data-image-title=\"PKK\u2019l\u0131 ter\u00f6ristlerin kulland\u0131\u011f\u0131 35 ma\u011fara tespit edildi\" data-image-description=\"&lt;p&gt;PKK\u2019l\u0131 ter\u00f6ristlerin kulland\u0131\u011f\u0131 35 ma\u011fara tespit edildi&lt;\/p&gt; \" data-medium-file=\"https:\/\/i0.wp.com\/www.tvturk.com\/wp-content\/uploads\/2019\/02\/pkkli-teroristlerin-kullandigi-35-magara-tespit-edildi_a74b50b.jpg?fit=225%2C300\" data-large-file=\"https:\/\/i0.wp.com\/www.tvturk.com\/wp-content\/uploads\/2019\/02\/pkkli-teroristlerin-kullandigi-35-magara-tespit-edildi_a74b50b.jpg?fit=467%2C623\" src=\"https:\/\/i0.wp.com\/www.tvturk.com\/wp-content\/uploads\/2019\/02\/pkkli-teroristlerin-kullandigi-35-magara-tespit-edildi_a74b50b.jpg?w=162&#038;h=216\" srcset=\"https:\/\/i0.wp.com\/www.tvturk.com\/wp-content\/uploads\/2019\/02\/pkkli-teroristlerin-kullandigi-35-magara-tespit-edildi_a74b50b.jpg?w=467 467w, https:\/\/i0.wp.com\/www.tvturk.com\/wp-content\/uploads\/2019\/02\/pkkli-teroristlerin-kullandigi-35-magara-tespit-edildi_a74b50b.jpg?resize=112%2C150 112w, https:\/\/i0.wp.com\/www.tvturk.com\/wp-content\/uploads\/2019\/02\/pkkli-teroristlerin-kullandigi-35-magara-tespit-edildi_a74b50b.jpg?resize=225%2C300 225w\" width=\"162\" height=\"216\" loading=\"lazy\" data-original-width=\"162\" data-original-height=\"216\" itemprop=\"http:\/\/schema.org\/image\" title=\"PKK\u2019l\u0131 ter\u00f6ristlerin kulland\u0131\u011f\u0131 35 ma\u011fara tespit edildi\" alt=\"PKK\u2019l\u0131 ter\u00f6ristlerin kulland\u0131\u011f\u0131 35 ma\u011fara tespit edildi\" style=\"width: 162px; height: 216px;\" \/> <\/a> <\/div> <\/div> <!-- close group --> <div class=\"gallery-group images-1\" style=\"width: 167px; height: 220px;\" data-original-width=\"167\" data-original-height=\"220\" > <div class=\"tiled-gallery-item tiled-gallery-item-small\" itemprop=\"associatedMedia\" itemscope itemtype=\"http:\/\/schema.org\/ImageObject\"> <a href=\"http:\/\/www.tvturk.com\/index.php\/pkkli-teroristlerin-kullandigi-35-magara-tespit-edildi\/pkkli-teroristlerin-kullandigi-35-magara-tespit-edildi-8\/\" border=\"0\" itemprop=\"url\"> <meta itemprop=\"width\" content=\"163\"> <meta itemprop=\"height\" content=\"216\"> <img decoding=\"async\" class=\"\" data-attachment-id=\"26930\" data-orig-file=\"http:\/\/www.tvturk.com\/wp-content\/uploads\/2019\/02\/pkkli-teroristlerin-kullandigi-35-magara-tespit-edildi_08dd322.jpg\" data-orig-size=\"468,623\" data-comments-opened=\"\" data-image-meta=\"{&quot;aperture&quot;:&quot;0&quot;,&quot;credit&quot;:&quot;IHA&quot;,&quot;camera&quot;:&quot;&quot;,&quot;caption&quot;:&quot;\\u015eIRNAK\\u2019IN \\u0130D\\u0130L \\u0130L\\u00c7ES\\u0130 SARIK\\u00d6Y VE OYALI K\\u00d6YLER\\u0130 KIRSALINDA YAPILAN \\u0130L JANDARMA KOMUTANLI\\u011eI VE POL\\u0130S \\u00d6ZEL HAREKAT T\\u0130MLER\\u0130N\\u0130N D\\u00dcZENLED\\u0130\\u011e\\u0130 OPERASYONDA 35 DO\\u011eAL MA\\u011eARA TESP\\u0130T ED\\u0130LD\\u0130. (MEL\\u0130H Y\\u0130\\u011e\\u0130T\\\/\\u015eIRNAK-\\u0130HA)&quot;,&quot;created_timestamp&quot;:&quot;0&quot;,&quot;copyright&quot;:&quot;\\u0130HLAS HABER AJANSI, www.iha.com.tr&quot;,&quot;focal_length&quot;:&quot;0&quot;,&quot;iso&quot;:&quot;0&quot;,&quot;shutter_speed&quot;:&quot;0&quot;,&quot;title&quot;:&quot;PKK\\u2019LI TER\\u00d6R\\u0130STLER\\u0130N KULLANDI\\u011eI 35 MA\\u011eARA TESP\\u0130T ED\\u0130LD\\u0130&quot;,&quot;orientation&quot;:&quot;0&quot;}\" data-image-title=\"PKK\u2019l\u0131 ter\u00f6ristlerin kulland\u0131\u011f\u0131 35 ma\u011fara tespit edildi\" data-image-description=\"&lt;p&gt;PKK\u2019l\u0131 ter\u00f6ristlerin kulland\u0131\u011f\u0131 35 ma\u011fara tespit edildi&lt;\/p&gt; \" data-medium-file=\"https:\/\/i0.wp.com\/www.tvturk.com\/wp-content\/uploads\/2019\/02\/pkkli-teroristlerin-kullandigi-35-magara-tespit-edildi_08dd322.jpg?fit=225%2C300\" data-large-file=\"https:\/\/i0.wp.com\/www.tvturk.com\/wp-content\/uploads\/2019\/02\/pkkli-teroristlerin-kullandigi-35-magara-tespit-edildi_08dd322.jpg?fit=468%2C623\" src=\"https:\/\/i0.wp.com\/www.tvturk.com\/wp-content\/uploads\/2019\/02\/pkkli-teroristlerin-kullandigi-35-magara-tespit-edildi_08dd322.jpg?w=163&#038;h=216\" srcset=\"https:\/\/i0.wp.com\/www.tvturk.com\/wp-content\/uploads\/2019\/02\/pkkli-teroristlerin-kullandigi-35-magara-tespit-edildi_08dd322.jpg?w=468 468w, https:\/\/i0.wp.com\/www.tvturk.com\/wp-content\/uploads\/2019\/02\/pkkli-teroristlerin-kullandigi-35-magara-tespit-edildi_08dd322.jpg?resize=113%2C150 113w, https:\/\/i0.wp.com\/www.tvturk.com\/wp-content\/uploads\/2019\/02\/pkkli-teroristlerin-kullandigi-35-magara-tespit-edildi_08dd322.jpg?resize=225%2C300 225w\" width=\"163\" height=\"216\" loading=\"lazy\" data-original-width=\"163\" data-original-height=\"216\" itemprop=\"http:\/\/schema.org\/image\" title=\"PKK\u2019l\u0131 ter\u00f6ristlerin kulland\u0131\u011f\u0131 35 ma\u011fara tespit edildi\" alt=\"PKK\u2019l\u0131 ter\u00f6ristlerin kulland\u0131\u011f\u0131 35 ma\u011fara tespit edildi\" style=\"width: 163px; height: 216px;\" \/> <\/a> <\/div> <\/div> <!-- close group --> <div class=\"gallery-group images-1\" style=\"width: 167px; height: 220px;\" data-original-width=\"167\" data-original-height=\"220\" > <div class=\"tiled-gallery-item tiled-gallery-item-small\" itemprop=\"associatedMedia\" itemscope itemtype=\"http:\/\/schema.org\/ImageObject\"> <a href=\"http:\/\/www.tvturk.com\/index.php\/pkkli-teroristlerin-kullandigi-35-magara-tespit-edildi\/pkkli-teroristlerin-kullandigi-35-magara-tespit-edildi-9\/\" border=\"0\" itemprop=\"url\"> <meta itemprop=\"width\" content=\"163\"> <meta itemprop=\"height\" content=\"216\"> <img decoding=\"async\" class=\"\" data-attachment-id=\"26931\" data-orig-file=\"http:\/\/www.tvturk.com\/wp-content\/uploads\/2019\/02\/pkkli-teroristlerin-kullandigi-35-magara-tespit-edildi_db8880c.jpg\" data-orig-size=\"470,623\" data-comments-opened=\"\" data-image-meta=\"{&quot;aperture&quot;:&quot;0&quot;,&quot;credit&quot;:&quot;IHA&quot;,&quot;camera&quot;:&quot;&quot;,&quot;caption&quot;:&quot;\\u015eIRNAK\\u2019IN \\u0130D\\u0130L \\u0130L\\u00c7ES\\u0130 SARIK\\u00d6Y VE OYALI K\\u00d6YLER\\u0130 KIRSALINDA YAPILAN \\u0130L JANDARMA KOMUTANLI\\u011eI VE POL\\u0130S \\u00d6ZEL HAREKAT T\\u0130MLER\\u0130N\\u0130N D\\u00dcZENLED\\u0130\\u011e\\u0130 OPERASYONDA 35 DO\\u011eAL MA\\u011eARA TESP\\u0130T ED\\u0130LD\\u0130. (MEL\\u0130H Y\\u0130\\u011e\\u0130T\\\/\\u015eIRNAK-\\u0130HA)&quot;,&quot;created_timestamp&quot;:&quot;0&quot;,&quot;copyright&quot;:&quot;\\u0130HLAS HABER AJANSI, www.iha.com.tr&quot;,&quot;focal_length&quot;:&quot;0&quot;,&quot;iso&quot;:&quot;0&quot;,&quot;shutter_speed&quot;:&quot;0&quot;,&quot;title&quot;:&quot;PKK\\u2019LI TER\\u00d6R\\u0130STLER\\u0130N KULLANDI\\u011eI 35 MA\\u011eARA TESP\\u0130T ED\\u0130LD\\u0130&quot;,&quot;orientation&quot;:&quot;0&quot;}\" data-image-title=\"PKK\u2019l\u0131 ter\u00f6ristlerin kulland\u0131\u011f\u0131 35 ma\u011fara tespit edildi\" data-image-description=\"&lt;p&gt;PKK\u2019l\u0131 ter\u00f6ristlerin kulland\u0131\u011f\u0131 35 ma\u011fara tespit edildi&lt;\/p&gt; \" data-medium-file=\"https:\/\/i0.wp.com\/www.tvturk.com\/wp-content\/uploads\/2019\/02\/pkkli-teroristlerin-kullandigi-35-magara-tespit-edildi_db8880c.jpg?fit=226%2C300\" data-large-file=\"https:\/\/i0.wp.com\/www.tvturk.com\/wp-content\/uploads\/2019\/02\/pkkli-teroristlerin-kullandigi-35-magara-tespit-edildi_db8880c.jpg?fit=470%2C623\" src=\"https:\/\/i0.wp.com\/www.tvturk.com\/wp-content\/uploads\/2019\/02\/pkkli-teroristlerin-kullandigi-35-magara-tespit-edildi_db8880c.jpg?w=163&#038;h=216\" srcset=\"https:\/\/i0.wp.com\/www.tvturk.com\/wp-content\/uploads\/2019\/02\/pkkli-teroristlerin-kullandigi-35-magara-tespit-edildi_db8880c.jpg?w=470 470w, https:\/\/i0.wp.com\/www.tvturk.com\/wp-content\/uploads\/2019\/02\/pkkli-teroristlerin-kullandigi-35-magara-tespit-edildi_db8880c.jpg?resize=113%2C150 113w, https:\/\/i0.wp.com\/www.tvturk.com\/wp-content\/uploads\/2019\/02\/pkkli-teroristlerin-kullandigi-35-magara-tespit-edildi_db8880c.jpg?resize=226%2C300 226w\" width=\"163\" height=\"216\" loading=\"lazy\" data-original-width=\"163\" data-original-height=\"216\" itemprop=\"http:\/\/schema.org\/image\" title=\"PKK\u2019l\u0131 ter\u00f6ristlerin kulland\u0131\u011f\u0131 35 ma\u011fara tespit edildi\" alt=\"PKK\u2019l\u0131 ter\u00f6ristlerin kulland\u0131\u011f\u0131 35 ma\u011fara tespit edildi\" style=\"width: 163px; height: 216px;\" \/> <\/a> <\/div> <\/div> <!-- close group --> <\/div> <!-- close row --> <div class=\"gallery-row\" style=\"width: 500px; height: 199px;\" data-original-width=\"500\" data-original-height=\"199\" > <div class=\"gallery-group images-1\" style=\"width: 99px; height: 199px;\" data-original-width=\"99\" data-original-height=\"199\" > <div class=\"tiled-gallery-item tiled-gallery-item-small\" itemprop=\"associatedMedia\" itemscope itemtype=\"http:\/\/schema.org\/ImageObject\"> <a href=\"http:\/\/www.tvturk.com\/index.php\/pkkli-teroristlerin-kullandigi-35-magara-tespit-edildi\/pkkli-teroristlerin-kullandigi-35-magara-tespit-edildi-10\/\" border=\"0\" itemprop=\"url\"> <meta itemprop=\"width\" content=\"95\"> <meta itemprop=\"height\" content=\"195\"> <img decoding=\"async\" class=\"\" data-attachment-id=\"26932\" data-orig-file=\"http:\/\/www.tvturk.com\/wp-content\/uploads\/2019\/02\/pkkli-teroristlerin-kullandigi-35-magara-tespit-edildi_928fa4d.jpg\" data-orig-size=\"303,623\" data-comments-opened=\"\" data-image-meta=\"{&quot;aperture&quot;:&quot;0&quot;,&quot;credit&quot;:&quot;IHA&quot;,&quot;camera&quot;:&quot;&quot;,&quot;caption&quot;:&quot;\\u015eIRNAK\\u2019IN \\u0130D\\u0130L \\u0130L\\u00c7ES\\u0130 SARIK\\u00d6Y VE OYALI K\\u00d6YLER\\u0130 KIRSALINDA YAPILAN \\u0130L JANDARMA KOMUTANLI\\u011eI VE POL\\u0130S \\u00d6ZEL HAREKAT T\\u0130MLER\\u0130N\\u0130N D\\u00dcZENLED\\u0130\\u011e\\u0130 OPERASYONDA 35 DO\\u011eAL MA\\u011eARA TESP\\u0130T ED\\u0130LD\\u0130. (MEL\\u0130H Y\\u0130\\u011e\\u0130T\\\/\\u015eIRNAK-\\u0130HA)&quot;,&quot;created_timestamp&quot;:&quot;0&quot;,&quot;copyright&quot;:&quot;\\u0130HLAS HABER AJANSI, www.iha.com.tr&quot;,&quot;focal_length&quot;:&quot;0&quot;,&quot;iso&quot;:&quot;0&quot;,&quot;shutter_speed&quot;:&quot;0&quot;,&quot;title&quot;:&quot;PKK\\u2019LI TER\\u00d6R\\u0130STLER\\u0130N KULLANDI\\u011eI 35 MA\\u011eARA TESP\\u0130T ED\\u0130LD\\u0130&quot;,&quot;orientation&quot;:&quot;0&quot;}\" data-image-title=\"PKK\u2019l\u0131 ter\u00f6ristlerin kulland\u0131\u011f\u0131 35 ma\u011fara tespit edildi\" data-image-description=\"&lt;p&gt;PKK\u2019l\u0131 ter\u00f6ristlerin kulland\u0131\u011f\u0131 35 ma\u011fara tespit edildi&lt;\/p&gt; \" data-medium-file=\"https:\/\/i0.wp.com\/www.tvturk.com\/wp-content\/uploads\/2019\/02\/pkkli-teroristlerin-kullandigi-35-magara-tespit-edildi_928fa4d.jpg?fit=146%2C300\" data-large-file=\"https:\/\/i0.wp.com\/www.tvturk.com\/wp-content\/uploads\/2019\/02\/pkkli-teroristlerin-kullandigi-35-magara-tespit-edildi_928fa4d.jpg?fit=303%2C623\" src=\"https:\/\/i0.wp.com\/www.tvturk.com\/wp-content\/uploads\/2019\/02\/pkkli-teroristlerin-kullandigi-35-magara-tespit-edildi_928fa4d.jpg?w=95&#038;h=195\" srcset=\"https:\/\/i0.wp.com\/www.tvturk.com\/wp-content\/uploads\/2019\/02\/pkkli-teroristlerin-kullandigi-35-magara-tespit-edildi_928fa4d.jpg?w=303 303w, https:\/\/i0.wp.com\/www.tvturk.com\/wp-content\/uploads\/2019\/02\/pkkli-teroristlerin-kullandigi-35-magara-tespit-edildi_928fa4d.jpg?resize=73%2C150 73w, https:\/\/i0.wp.com\/www.tvturk.com\/wp-content\/uploads\/2019\/02\/pkkli-teroristlerin-kullandigi-35-magara-tespit-edildi_928fa4d.jpg?resize=146%2C300 146w\" width=\"95\" height=\"195\" loading=\"lazy\" data-original-width=\"95\" data-original-height=\"195\" itemprop=\"http:\/\/schema.org\/image\" title=\"PKK\u2019l\u0131 ter\u00f6ristlerin kulland\u0131\u011f\u0131 35 ma\u011fara tespit edildi\" alt=\"PKK\u2019l\u0131 ter\u00f6ristlerin kulland\u0131\u011f\u0131 35 ma\u011fara tespit edildi\" style=\"width: 95px; height: 195px;\" \/> <\/a> <\/div> <\/div> <!-- close group --> <div class=\"gallery-group images-1\" style=\"width: 151px; height: 199px;\" data-original-width=\"151\" data-original-height=\"199\" > <div class=\"tiled-gallery-item tiled-gallery-item-small\" itemprop=\"associatedMedia\" itemscope itemtype=\"http:\/\/schema.org\/ImageObject\"> <a href=\"http:\/\/www.tvturk.com\/index.php\/pkkli-teroristlerin-kullandigi-35-magara-tespit-edildi\/pkkli-teroristlerin-kullandigi-35-magara-tespit-edildi-11\/\" border=\"0\" itemprop=\"url\"> <meta itemprop=\"width\" content=\"147\"> <meta itemprop=\"height\" content=\"195\"> <img decoding=\"async\" class=\"\" data-attachment-id=\"26933\" data-orig-file=\"http:\/\/www.tvturk.com\/wp-content\/uploads\/2019\/02\/pkkli-teroristlerin-kullandigi-35-magara-tespit-edildi_07221af.jpg\" data-orig-size=\"468,623\" data-comments-opened=\"\" data-image-meta=\"{&quot;aperture&quot;:&quot;0&quot;,&quot;credit&quot;:&quot;IHA&quot;,&quot;camera&quot;:&quot;&quot;,&quot;caption&quot;:&quot;\\u015eIRNAK\\u2019IN \\u0130D\\u0130L \\u0130L\\u00c7ES\\u0130 SARIK\\u00d6Y VE OYALI K\\u00d6YLER\\u0130 KIRSALINDA YAPILAN \\u0130L JANDARMA KOMUTANLI\\u011eI VE POL\\u0130S \\u00d6ZEL HAREKAT T\\u0130MLER\\u0130N\\u0130N D\\u00dcZENLED\\u0130\\u011e\\u0130 OPERASYONDA 35 DO\\u011eAL MA\\u011eARA TESP\\u0130T ED\\u0130LD\\u0130. (MEL\\u0130H Y\\u0130\\u011e\\u0130T\\\/\\u015eIRNAK-\\u0130HA)&quot;,&quot;created_timestamp&quot;:&quot;0&quot;,&quot;copyright&quot;:&quot;\\u0130HLAS HABER AJANSI, www.iha.com.tr&quot;,&quot;focal_length&quot;:&quot;0&quot;,&quot;iso&quot;:&quot;0&quot;,&quot;shutter_speed&quot;:&quot;0&quot;,&quot;title&quot;:&quot;PKK\\u2019LI TER\\u00d6R\\u0130STLER\\u0130N KULLANDI\\u011eI 35 MA\\u011eARA TESP\\u0130T ED\\u0130LD\\u0130&quot;,&quot;orientation&quot;:&quot;0&quot;}\" data-image-title=\"PKK\u2019l\u0131 ter\u00f6ristlerin kulland\u0131\u011f\u0131 35 ma\u011fara tespit edildi\" data-image-description=\"&lt;p&gt;PKK\u2019l\u0131 ter\u00f6ristlerin kulland\u0131\u011f\u0131 35 ma\u011fara tespit edildi&lt;\/p&gt; \" data-medium-file=\"https:\/\/i0.wp.com\/www.tvturk.com\/wp-content\/uploads\/2019\/02\/pkkli-teroristlerin-kullandigi-35-magara-tespit-edildi_07221af.jpg?fit=225%2C300\" data-large-file=\"https:\/\/i0.wp.com\/www.tvturk.com\/wp-content\/uploads\/2019\/02\/pkkli-teroristlerin-kullandigi-35-magara-tespit-edildi_07221af.jpg?fit=468%2C623\" src=\"https:\/\/i0.wp.com\/www.tvturk.com\/wp-content\/uploads\/2019\/02\/pkkli-teroristlerin-kullandigi-35-magara-tespit-edildi_07221af.jpg?w=147&#038;h=195\" srcset=\"https:\/\/i0.wp.com\/www.tvturk.com\/wp-content\/uploads\/2019\/02\/pkkli-teroristlerin-kullandigi-35-magara-tespit-edildi_07221af.jpg?w=468 468w, https:\/\/i0.wp.com\/www.tvturk.com\/wp-content\/uploads\/2019\/02\/pkkli-teroristlerin-kullandigi-35-magara-tespit-edildi_07221af.jpg?resize=113%2C150 113w, https:\/\/i0.wp.com\/www.tvturk.com\/wp-content\/uploads\/2019\/02\/pkkli-teroristlerin-kullandigi-35-magara-tespit-edildi_07221af.jpg?resize=225%2C300 225w\" width=\"147\" height=\"195\" loading=\"lazy\" data-original-width=\"147\" data-original-height=\"195\" itemprop=\"http:\/\/schema.org\/image\" title=\"PKK\u2019l\u0131 ter\u00f6ristlerin kulland\u0131\u011f\u0131 35 ma\u011fara tespit edildi\" alt=\"PKK\u2019l\u0131 ter\u00f6ristlerin kulland\u0131\u011f\u0131 35 ma\u011fara tespit edildi\" style=\"width: 147px; height: 195px;\" \/> <\/a> <\/div> <\/div> <!-- close group --> <div class=\"gallery-group images-1\" style=\"width: 99px; height: 199px;\" data-original-width=\"99\" data-original-height=\"199\" > <div class=\"tiled-gallery-item tiled-gallery-item-small\" itemprop=\"associatedMedia\" itemscope itemtype=\"http:\/\/schema.org\/ImageObject\"> <a href=\"http:\/\/www.tvturk.com\/index.php\/pkkli-teroristlerin-kullandigi-35-magara-tespit-edildi\/pkkli-teroristlerin-kullandigi-35-magara-tespit-edildi-12\/\" border=\"0\" itemprop=\"url\"> <meta itemprop=\"width\" content=\"95\"> <meta itemprop=\"height\" content=\"195\"> <img decoding=\"async\" class=\"\" data-attachment-id=\"26934\" data-orig-file=\"http:\/\/www.tvturk.com\/wp-content\/uploads\/2019\/02\/pkkli-teroristlerin-kullandigi-35-magara-tespit-edildi_f19176d.jpg\" data-orig-size=\"305,623\" data-comments-opened=\"\" data-image-meta=\"{&quot;aperture&quot;:&quot;0&quot;,&quot;credit&quot;:&quot;IHA&quot;,&quot;camera&quot;:&quot;&quot;,&quot;caption&quot;:&quot;\\u015eIRNAK\\u2019IN \\u0130D\\u0130L \\u0130L\\u00c7ES\\u0130 SARIK\\u00d6Y VE OYALI K\\u00d6YLER\\u0130 KIRSALINDA YAPILAN \\u0130L JANDARMA KOMUTANLI\\u011eI VE POL\\u0130S \\u00d6ZEL HAREKAT T\\u0130MLER\\u0130N\\u0130N D\\u00dcZENLED\\u0130\\u011e\\u0130 OPERASYONDA 35 DO\\u011eAL MA\\u011eARA TESP\\u0130T ED\\u0130LD\\u0130. (MEL\\u0130H Y\\u0130\\u011e\\u0130T\\\/\\u015eIRNAK-\\u0130HA)&quot;,&quot;created_timestamp&quot;:&quot;0&quot;,&quot;copyright&quot;:&quot;\\u0130HLAS HABER AJANSI, www.iha.com.tr&quot;,&quot;focal_length&quot;:&quot;0&quot;,&quot;iso&quot;:&quot;0&quot;,&quot;shutter_speed&quot;:&quot;0&quot;,&quot;title&quot;:&quot;PKK\\u2019LI TER\\u00d6R\\u0130STLER\\u0130N KULLANDI\\u011eI 35 MA\\u011eARA TESP\\u0130T ED\\u0130LD\\u0130&quot;,&quot;orientation&quot;:&quot;0&quot;}\" data-image-title=\"PKK\u2019l\u0131 ter\u00f6ristlerin kulland\u0131\u011f\u0131 35 ma\u011fara tespit edildi\" data-image-description=\"&lt;p&gt;PKK\u2019l\u0131 ter\u00f6ristlerin kulland\u0131\u011f\u0131 35 ma\u011fara tespit edildi&lt;\/p&gt; \" data-medium-file=\"https:\/\/i0.wp.com\/www.tvturk.com\/wp-content\/uploads\/2019\/02\/pkkli-teroristlerin-kullandigi-35-magara-tespit-edildi_f19176d.jpg?fit=147%2C300\" data-large-file=\"https:\/\/i0.wp.com\/www.tvturk.com\/wp-content\/uploads\/2019\/02\/pkkli-teroristlerin-kullandigi-35-magara-tespit-edildi_f19176d.jpg?fit=305%2C623\" src=\"https:\/\/i0.wp.com\/www.tvturk.com\/wp-content\/uploads\/2019\/02\/pkkli-teroristlerin-kullandigi-35-magara-tespit-edildi_f19176d.jpg?w=95&#038;h=195\" srcset=\"https:\/\/i0.wp.com\/www.tvturk.com\/wp-content\/uploads\/2019\/02\/pkkli-teroristlerin-kullandigi-35-magara-tespit-edildi_f19176d.jpg?w=305 305w, https:\/\/i0.wp.com\/www.tvturk.com\/wp-content\/uploads\/2019\/02\/pkkli-teroristlerin-kullandigi-35-magara-tespit-edildi_f19176d.jpg?resize=73%2C150 73w, https:\/\/i0.wp.com\/www.tvturk.com\/wp-content\/uploads\/2019\/02\/pkkli-teroristlerin-kullandigi-35-magara-tespit-edildi_f19176d.jpg?resize=147%2C300 147w\" width=\"95\" height=\"195\" loading=\"lazy\" data-original-width=\"95\" data-original-height=\"195\" itemprop=\"http:\/\/schema.org\/image\" title=\"PKK\u2019l\u0131 ter\u00f6ristlerin kulland\u0131\u011f\u0131 35 ma\u011fara tespit edildi\" alt=\"PKK\u2019l\u0131 ter\u00f6ristlerin kulland\u0131\u011f\u0131 35 ma\u011fara tespit edildi\" style=\"width: 95px; height: 195px;\" \/> <\/a> <\/div> <\/div> <!-- close group --> <div class=\"gallery-group images-1\" style=\"width: 151px; height: 199px;\" data-original-width=\"151\" data-original-height=\"199\" > <div class=\"tiled-gallery-item tiled-gallery-item-small\" itemprop=\"associatedMedia\" itemscope itemtype=\"http:\/\/schema.org\/ImageObject\"> <a href=\"http:\/\/www.tvturk.com\/index.php\/pkkli-teroristlerin-kullandigi-35-magara-tespit-edildi\/pkkli-teroristlerin-kullandigi-35-magara-tespit-edildi-13\/\" border=\"0\" itemprop=\"url\"> <meta itemprop=\"width\" content=\"147\"> <meta itemprop=\"height\" content=\"195\"> <img decoding=\"async\" class=\"\" data-attachment-id=\"26935\" data-orig-file=\"http:\/\/www.tvturk.com\/wp-content\/uploads\/2019\/02\/pkkli-teroristlerin-kullandigi-35-magara-tespit-edildi_7c9349c.jpg\" data-orig-size=\"469,623\" data-comments-opened=\"\" data-image-meta=\"{&quot;aperture&quot;:&quot;0&quot;,&quot;credit&quot;:&quot;IHA&quot;,&quot;camera&quot;:&quot;&quot;,&quot;caption&quot;:&quot;\\u015eIRNAK\\u2019IN \\u0130D\\u0130L \\u0130L\\u00c7ES\\u0130 SARIK\\u00d6Y VE OYALI K\\u00d6YLER\\u0130 KIRSALINDA YAPILAN \\u0130L JANDARMA KOMUTANLI\\u011eI VE POL\\u0130S \\u00d6ZEL HAREKAT T\\u0130MLER\\u0130N\\u0130N D\\u00dcZENLED\\u0130\\u011e\\u0130 OPERASYONDA 35 DO\\u011eAL MA\\u011eARA TESP\\u0130T ED\\u0130LD\\u0130. (MEL\\u0130H Y\\u0130\\u011e\\u0130T\\\/\\u015eIRNAK-\\u0130HA)&quot;,&quot;created_timestamp&quot;:&quot;0&quot;,&quot;copyright&quot;:&quot;\\u0130HLAS HABER AJANSI, www.iha.com.tr&quot;,&quot;focal_length&quot;:&quot;0&quot;,&quot;iso&quot;:&quot;0&quot;,&quot;shutter_speed&quot;:&quot;0&quot;,&quot;title&quot;:&quot;PKK\\u2019LI TER\\u00d6R\\u0130STLER\\u0130N KULLANDI\\u011eI 35 MA\\u011eARA TESP\\u0130T ED\\u0130LD\\u0130&quot;,&quot;orientation&quot;:&quot;0&quot;}\" data-image-title=\"PKK\u2019l\u0131 ter\u00f6ristlerin kulland\u0131\u011f\u0131 35 ma\u011fara tespit edildi\" data-image-description=\"&lt;p&gt;PKK\u2019l\u0131 ter\u00f6ristlerin kulland\u0131\u011f\u0131 35 ma\u011fara tespit edildi&lt;\/p&gt; \" data-medium-file=\"https:\/\/i0.wp.com\/www.tvturk.com\/wp-content\/uploads\/2019\/02\/pkkli-teroristlerin-kullandigi-35-magara-tespit-edildi_7c9349c.jpg?fit=226%2C300\" data-large-file=\"https:\/\/i0.wp.com\/www.tvturk.com\/wp-content\/uploads\/2019\/02\/pkkli-teroristlerin-kullandigi-35-magara-tespit-edildi_7c9349c.jpg?fit=469%2C623\" src=\"https:\/\/i0.wp.com\/www.tvturk.com\/wp-content\/uploads\/2019\/02\/pkkli-teroristlerin-kullandigi-35-magara-tespit-edildi_7c9349c.jpg?w=147&#038;h=195\" srcset=\"https:\/\/i0.wp.com\/www.tvturk.com\/wp-content\/uploads\/2019\/02\/pkkli-teroristlerin-kullandigi-35-magara-tespit-edildi_7c9349c.jpg?w=469 469w, https:\/\/i0.wp.com\/www.tvturk.com\/wp-content\/uploads\/2019\/02\/pkkli-teroristlerin-kullandigi-35-magara-tespit-edildi_7c9349c.jpg?resize=113%2C150 113w, https:\/\/i0.wp.com\/www.tvturk.com\/wp-content\/uploads\/2019\/02\/pkkli-teroristlerin-kullandigi-35-magara-tespit-edildi_7c9349c.jpg?resize=226%2C300 226w\" width=\"147\" height=\"195\" loading=\"lazy\" data-original-width=\"147\" data-original-height=\"195\" itemprop=\"http:\/\/schema.org\/image\" title=\"PKK\u2019l\u0131 ter\u00f6ristlerin kulland\u0131\u011f\u0131 35 ma\u011fara tespit edildi\" alt=\"PKK\u2019l\u0131 ter\u00f6ristlerin kulland\u0131\u011f\u0131 35 ma\u011fara tespit edildi\" style=\"width: 147px; height: 195px;\" \/> <\/a> <\/div> <\/div> <!-- close group --> <\/div> <!-- close row --> <\/div><\/p>\n","protected":false},"excerpt":{"rendered":"<p>\u015eIRNAK\u2019IN \u0130D\u0130L \u0130L\u00c7ES\u0130  SARIK\u00d6Y VE OYALI K\u00d6YLER\u0130 KIRSALINDA YAPILAN \u0130L JANDARMA KOMUTANLI\u011eI  VE POL\u0130S \u00d6ZEL HAREKAT T\u0130MLER\u0130N\u0130N D\u00dcZENLED\u0130\u011e\u0130 OPERASYONDA 35 DO\u011eAL MA\u011eARA TESP\u0130T ED\u0130LD\u0130.<\/p>\n","protected":false},"author":1,"featured_media":26924,"comment_status":"closed","ping_status":"open","sticky":false,"template":"","format":"standard","meta":{"jetpack_post_was_ever_published":false,"_jetpack_newsletter_access":"","_jetpack_dont_email_post_to_subs":false,"_jetpack_newsletter_tier_id":0,"_jetpack_memberships_contains_paywalled_content":false,"_jetpack_memberships_contains_paid_content":false,"footnotes":"","jetpack_publicize_message":"","jetpack_publicize_feature_enabled":true,"jetpack_social_post_already_shared":false,"jetpack_social_options":{"image_generator_settings":{"template":"highway","default_image_id":0,"font":"","enabled":false},"version":2}},"categories":[655],"tags":[857,11043,11044,5992,11042,2656],"class_list":["post-26923","post","type-post","status-publish","format-standard","has-post-thumbnail","hentry","category-son-dakika","tag-edildi","tag-kullandigi","tag-magara","tag-pkkli","tag-teroristlerin","tag-tespit"],"jetpack_publicize_connections":[],"jetpack_featured_media_url":"https:\/\/i0.wp.com\/www.tvturk.com\/wp-content\/uploads\/2019\/02\/pkkli-teroristlerin-kullandigi-35-magara-tespit-edildi_77bad7a.jpg?fit=609%2C457","jetpack_sharing_enabled":true,"jetpack_shortlink":"https:\/\/wp.me\/paKIfm-70f","_links":{"self":[{"href":"http:\/\/www.tvturk.com\/index.php\/wp-json\/wp\/v2\/posts\/26923","targetHints":{"allow":["GET"]}}],"collection":[{"href":"http:\/\/www.tvturk.com\/index.php\/wp-json\/wp\/v2\/posts"}],"about":[{"href":"http:\/\/www.tvturk.com\/index.php\/wp-json\/wp\/v2\/types\/post"}],"author":[{"embeddable":true,"href":"http:\/\/www.tvturk.com\/index.php\/wp-json\/wp\/v2\/users\/1"}],"replies":[{"embeddable":true,"href":"http:\/\/www.tvturk.com\/index.php\/wp-json\/wp\/v2\/comments?post=26923"}],"version-history":[{"count":1,"href":"http:\/\/www.tvturk.com\/index.php\/wp-json\/wp\/v2\/posts\/26923\/revisions"}],"predecessor-version":[{"id":26936,"href":"http:\/\/www.tvturk.com\/index.php\/wp-json\/wp\/v2\/posts\/26923\/revisions\/26936"}],"wp:featuredmedia":[{"embeddable":true,"href":"http:\/\/www.tvturk.com\/index.php\/wp-json\/wp\/v2\/media\/26924"}],"wp:attachment":[{"href":"http:\/\/www.tvturk.com\/index.php\/wp-json\/wp\/v2\/media?parent=26923"}],"wp:term":[{"taxonomy":"category","embeddable":true,"href":"http:\/\/www.tvturk.com\/index.php\/wp-json\/wp\/v2\/categories?post=26923"},{"taxonomy":"post_tag","embeddable":true,"href":"http:\/\/www.tvturk.com\/index.php\/wp-json\/wp\/v2\/tags?post=26923"}],"curies":[{"name":"wp","href":"https:\/\/api.w.org\/{rel}","templated":true}]}}