{"id":27048,"date":"2019-02-12T22:31:16","date_gmt":"2019-02-12T19:31:16","guid":{"rendered":"http:\/\/www.tvturk.com\/index.php\/istanbulun-su-alti-belgeseli-izleyiciyle-bulustu\/"},"modified":"2019-02-12T22:31:23","modified_gmt":"2019-02-12T19:31:23","slug":"istanbulun-su-alti-belgeseli-izleyiciyle-bulustu","status":"publish","type":"post","link":"http:\/\/www.tvturk.com\/index.php\/istanbulun-su-alti-belgeseli-izleyiciyle-bulustu\/","title":{"rendered":"\u0130stanbul\u2019un su alt\u0131 belgeseli izleyiciyle bulu\u015ftu"},"content":{"rendered":"<p>\u0130stanbul\u2019un sakl\u0131 kalm\u0131\u015f su alt\u0131 zenginlikleri, 52 g\u00fcn s\u00fcren 120 dal\u0131\u015f\u0131n ard\u0131ndan \u201c\u0130ki Deniz Bir \u015eehir: Su Alt\u0131ndan \u0130stanbul\u201d belgeseliyle izleyicilerle bulu\u015ftu.<\/p>\n<p>\u0130stanbul B\u00fcy\u00fck\u015fehir Belediyesi (\u0130BB) K\u00fclt\u00fcr Daire Ba\u015fkanl\u0131\u011f\u0131 Turizm M\u00fcd\u00fcrl\u00fc\u011f\u00fc taraf\u0131ndan ger\u00e7ekle\u015ftirilen \u201c\u0130ki Deniz Bir \u015eehir: Su Alt\u0131ndan \u0130stanbul\u201d belgeseli, Cemal Re\u015fit Rey (CRR) Konser Salonu\u2019nda d\u00fczenlenen \u00f6zel g\u00f6sterimle izleyici ile bulu\u015ftu. Belgeselin galas\u0131na \u0130stanbul B\u00fcy\u00fck\u015fehir Belediyesi (\u0130BB) Genel Sekreteri Hayri Bara\u00e7l\u0131, belgeselde g\u00f6rev alan ekip, akademisyenler ve \u00e7ok say\u0131da davetli kat\u0131ld\u0131. Programda ilk olarak su alt\u0131nda belgesel \u00e7ekimi s\u0131ras\u0131nda g\u00f6r\u00fcnt\u00fclenen canl\u0131lar\u0131n foto\u011fraflar\u0131ndan olu\u015fan sergi g\u00f6sterimi yap\u0131ld\u0131. Ard\u0131ndan konuklar salona davet edilerek belgesel izleyiciler ile bulu\u015fturuldu. Belgeselin sonunda yap\u0131lan konu\u015fmalar\u0131n ard\u0131ndan y\u00f6netmen Sait \u00d6zg\u00fcr Gediko\u011flu ve yap\u0131mc\u0131 Recep \u015een\u2019e plaket takdiminde bulunuldu. Belgesel ile \u0130stanbul\u2019un su alt\u0131 zenginli\u011fini tan\u0131tmak ve do\u011fan\u0131n korunmas\u0131na dair fark\u0131ndal\u0131k olu\u015fturmak hedefleniyor. Belgesel i\u00e7in 52 g\u00fcnde istanbul\u2019un 33 farkl\u0131 noktas\u0131nda 120 dal\u0131\u015f ger\u00e7ekle\u015fti.<\/p>\n<p>\u201c\u0130stanbul\u2019u yeniden ke\u015ffetmeye \u00e7al\u0131\u015f\u0131yoruz\u201d<\/p>\n<p>Belgeselin su alt\u0131nda ge\u00e7irilen b\u00fcy\u00fck gayretin neticesinde olu\u015ftu\u011funa vurgu yapan \u0130stanbul B\u00fcy\u00fck\u015fehir Belediyesi (\u0130BB) Genel Sekreteri Hayri Bara\u00e7l\u0131, \u201c\u0130stanbul 6 k\u0131y\u0131s\u0131 olan, 3 imparatorlu\u011fa ba\u015fkentlik yapm\u0131\u015f, 8 bin 500 y\u0131ll\u0131k ge\u00e7mi\u015fi olan bir \u015fehirdir. Bunlar d\u00fcnya i\u00e7in olduk\u00e7a \u00f6nemli unsurlar. Yap\u0131lan bu tarz \u00e7al\u0131\u015fmalar ile \u0130stanbul\u2019u yeniden ke\u015ffetmeye \u00e7al\u0131\u015f\u0131yoruz. Hem deniz hizmetleri m\u00fcd\u00fcrl\u00fc\u011f\u00fcm\u00fcz hem de \u00e7evre daire ba\u015fkanl\u0131\u011f\u0131m\u0131z ile beraber denizlerimizin k\u0131ymetini olduk\u00e7a iyi biliyoruz. Bizler de denizlerimizin alt\u0131n\u0131 temiz tutabilmek ad\u0131na \u0130SK\u0130 kurulu\u015fumuz ile beraber y\u00fczde y\u00fcz biyolojik ar\u0131tma ile denizi sonuna kadar temiz tutmaya \u00e7al\u0131\u015f\u0131yoruz\u201d ifadelerini kulland\u0131.<\/p>\n<p>Kapsaml\u0131 veri birikimi sa\u011fland\u0131<\/p>\n<p>\u201c\u0130ki Deniz Bir \u015eehir: Su Alt\u0131ndan \u0130stanbul\u201d belgeseli \u0130stanbul\u2019u \u00e7evreleyen bo\u011faz ve denizlerin flora, fauna ve ekosisteminin kapsaml\u0131 teknik \u00e7al\u0131\u015fmalarla ara\u015ft\u0131r\u0131l\u0131p incelenmesiyle elde edilen veriler \u0131\u015f\u0131\u011f\u0131nda haz\u0131rland\u0131. \u0130stanbul\u2019un su alt\u0131 turizmi, canl\u0131 \u00e7e\u015fitlili\u011fi ve temizlik ekseninde sahip oldu\u011fu su alt\u0131 zenginli\u011fini, d\u00fcnyaya tan\u0131tmay\u0131 hedefleyen belgesel ayn\u0131 zamanda bu zenginli\u011fin korunabilmesi i\u00e7in fark\u0131ndal\u0131k olu\u015fturmay\u0131 ama\u00e7l\u0131yor.<\/p>\n<p>33 noktada 120 dal\u0131\u015f<\/p>\n<p>U\u00e7tan uca, \u0130stanbul\u2019u \u00e7evreleyen 33 noktada, 52 g\u00fcnde yap\u0131lan 100\u2019den fazla dal\u0131\u015fta elde edilen 4K g\u00f6r\u00fcnt\u00fcler, belgeselin temelini olu\u015fturdu. Proje kapsam\u0131nda dal\u0131\u015flar; Selimpa\u015fa, Beylikd\u00fcz\u00fc, B\u00fcy\u00fck\u00e7ekmece, K\u00fc\u00e7\u00fck\u00e7ekmece, Florya, Ye\u015filk\u00f6y, Yedikule, Hali\u00e7, Sarayburnu, K\u0131z Kulesi, Dolmabah\u00e7e, Ortak\u00f6y, \u00c7engelk\u00f6y, Baltaliman\u0131, Emirgan, \u0130stinye, Tarabya, Beykoz, Rumeli Feneri, Anadolu Feneri, Kilyos, Karaburun, \u015eile, Moda, Caddebostan, Maltepe, Yelkenkaya, Madam Martha, Sivri Ada, Heybeliada, B\u00fcy\u00fckada Kur\u015funburnu, Bal\u0131k\u00e7\u0131 Adas\u0131 ve Tuzla\u2019da profesyonel su alt\u0131 g\u00f6r\u00fcnt\u00fcleme ekibi taraf\u0131ndan ger\u00e7ekle\u015ftirildi.<div class=\"tiled-gallery type-rectangular tiled-gallery-unresized\" data-original-width=\"500\" data-carousel-extra='null' itemscope itemtype=\"http:\/\/schema.org\/ImageGallery\" > <div class=\"gallery-row\" style=\"width: 500px; height: 143px;\" data-original-width=\"500\" data-original-height=\"143\" > <div class=\"gallery-group images-1\" style=\"width: 251px; height: 143px;\" data-original-width=\"251\" data-original-height=\"143\" > <div class=\"tiled-gallery-item tiled-gallery-item-small\" itemprop=\"associatedMedia\" itemscope itemtype=\"http:\/\/schema.org\/ImageObject\"> <a href=\"http:\/\/www.tvturk.com\/index.php\/istanbulun-su-alti-belgeseli-izleyiciyle-bulustu\/istanbulun-su-alti-belgeseli-izleyiciyle-bulustu-3\/\" border=\"0\" itemprop=\"url\"> <meta itemprop=\"width\" content=\"247\"> <meta itemprop=\"height\" content=\"139\"> <img decoding=\"async\" class=\"\" data-attachment-id=\"27050\" data-orig-file=\"http:\/\/www.tvturk.com\/wp-content\/uploads\/2019\/02\/istanbulun-su-alti-belgeseli-izleyiciyle-bulustu_7275be9.jpg\" data-orig-size=\"1000,562\" data-comments-opened=\"\" data-image-meta=\"{&quot;aperture&quot;:&quot;0&quot;,&quot;credit&quot;:&quot;IHA&quot;,&quot;camera&quot;:&quot;&quot;,&quot;caption&quot;:&quot;\\u0130STANBUL\\u2019UN SAKLI KALMI\\u015e SU ALTI ZENG\\u0130NL\\u0130KLER\\u0130, 52 G\\u00dcN S\\u00dcREN 120 DALI\\u015eIN ARDINDAN \\u201c\\u0130K\\u0130 DEN\\u0130Z B\\u0130R \\u015eEH\\u0130R: SU ALTINDAN \\u0130STANBUL\\u201d BELGESEL\\u0130YLE \\u0130ZLEY\\u0130C\\u0130LERLE BULU\\u015eTU. (AHMET FARUK SARIKO\\u00c7\\\/\\u0130STANBUL-\\u0130HA)&quot;,&quot;created_timestamp&quot;:&quot;0&quot;,&quot;copyright&quot;:&quot;\\u0130HLAS HABER AJANSI, www.iha.com.tr&quot;,&quot;focal_length&quot;:&quot;0&quot;,&quot;iso&quot;:&quot;0&quot;,&quot;shutter_speed&quot;:&quot;0&quot;,&quot;title&quot;:&quot;\\u0130STANBUL\\u2019UN SU ALTI BELGESEL\\u0130 \\u0130ZLEY\\u0130C\\u0130YLE BULU\\u015eTU \\u0130K\\u0130 DEN\\u0130Z B\\u0130R \\u015eEH\\u0130RDE BELGESEL OLDU&quot;,&quot;orientation&quot;:&quot;0&quot;}\" data-image-title=\"\u0130stanbul\u2019un su alt\u0131 belgeseli izleyiciyle bulu\u015ftu\" data-image-description=\"&lt;p&gt;\u0130stanbul\u2019un su alt\u0131 belgeseli izleyiciyle bulu\u015ftu&lt;\/p&gt; \" data-medium-file=\"https:\/\/i0.wp.com\/www.tvturk.com\/wp-content\/uploads\/2019\/02\/istanbulun-su-alti-belgeseli-izleyiciyle-bulustu_7275be9.jpg?fit=300%2C169\" data-large-file=\"https:\/\/i0.wp.com\/www.tvturk.com\/wp-content\/uploads\/2019\/02\/istanbulun-su-alti-belgeseli-izleyiciyle-bulustu_7275be9.jpg?fit=1000%2C562\" src=\"https:\/\/i0.wp.com\/www.tvturk.com\/wp-content\/uploads\/2019\/02\/istanbulun-su-alti-belgeseli-izleyiciyle-bulustu_7275be9.jpg?w=247&#038;h=139\" srcset=\"https:\/\/i0.wp.com\/www.tvturk.com\/wp-content\/uploads\/2019\/02\/istanbulun-su-alti-belgeseli-izleyiciyle-bulustu_7275be9.jpg?w=1000 1000w, https:\/\/i0.wp.com\/www.tvturk.com\/wp-content\/uploads\/2019\/02\/istanbulun-su-alti-belgeseli-izleyiciyle-bulustu_7275be9.jpg?resize=150%2C84 150w, https:\/\/i0.wp.com\/www.tvturk.com\/wp-content\/uploads\/2019\/02\/istanbulun-su-alti-belgeseli-izleyiciyle-bulustu_7275be9.jpg?resize=300%2C169 300w, https:\/\/i0.wp.com\/www.tvturk.com\/wp-content\/uploads\/2019\/02\/istanbulun-su-alti-belgeseli-izleyiciyle-bulustu_7275be9.jpg?resize=768%2C432 768w, https:\/\/i0.wp.com\/www.tvturk.com\/wp-content\/uploads\/2019\/02\/istanbulun-su-alti-belgeseli-izleyiciyle-bulustu_7275be9.jpg?resize=200%2C113 200w\" width=\"247\" height=\"139\" loading=\"lazy\" data-original-width=\"247\" data-original-height=\"139\" itemprop=\"http:\/\/schema.org\/image\" title=\"\u0130stanbul\u2019un su alt\u0131 belgeseli izleyiciyle bulu\u015ftu\" alt=\"\u0130stanbul\u2019un su alt\u0131 belgeseli izleyiciyle bulu\u015ftu\" style=\"width: 247px; height: 139px;\" \/> <\/a> <\/div> <\/div> <!-- close group --> <div class=\"gallery-group images-1\" style=\"width: 249px; height: 143px;\" data-original-width=\"249\" data-original-height=\"143\" > <div class=\"tiled-gallery-item tiled-gallery-item-small\" itemprop=\"associatedMedia\" itemscope itemtype=\"http:\/\/schema.org\/ImageObject\"> <a href=\"http:\/\/www.tvturk.com\/index.php\/istanbulun-su-alti-belgeseli-izleyiciyle-bulustu\/istanbulun-su-alti-belgeseli-izleyiciyle-bulustu-4\/\" border=\"0\" itemprop=\"url\"> <meta itemprop=\"width\" content=\"245\"> <meta itemprop=\"height\" content=\"139\"> <img decoding=\"async\" class=\"\" data-attachment-id=\"27051\" data-orig-file=\"http:\/\/www.tvturk.com\/wp-content\/uploads\/2019\/02\/istanbulun-su-alti-belgeseli-izleyiciyle-bulustu_0bc60ac.jpg\" data-orig-size=\"1000,565\" data-comments-opened=\"\" data-image-meta=\"{&quot;aperture&quot;:&quot;0&quot;,&quot;credit&quot;:&quot;IHA&quot;,&quot;camera&quot;:&quot;&quot;,&quot;caption&quot;:&quot;\\u0130STANBUL\\u2019UN SAKLI KALMI\\u015e SU ALTI ZENG\\u0130NL\\u0130KLER\\u0130, 52 G\\u00dcN S\\u00dcREN 120 DALI\\u015eIN ARDINDAN \\u201c\\u0130K\\u0130 DEN\\u0130Z B\\u0130R \\u015eEH\\u0130R: SU ALTINDAN \\u0130STANBUL\\u201d BELGESEL\\u0130YLE \\u0130ZLEY\\u0130C\\u0130LERLE BULU\\u015eTU. (AHMET FARUK SARIKO\\u00c7\\\/\\u0130STANBUL-\\u0130HA)&quot;,&quot;created_timestamp&quot;:&quot;0&quot;,&quot;copyright&quot;:&quot;\\u0130HLAS HABER AJANSI, www.iha.com.tr&quot;,&quot;focal_length&quot;:&quot;0&quot;,&quot;iso&quot;:&quot;0&quot;,&quot;shutter_speed&quot;:&quot;0&quot;,&quot;title&quot;:&quot;\\u0130STANBUL\\u2019UN SU ALTI BELGESEL\\u0130 \\u0130ZLEY\\u0130C\\u0130YLE BULU\\u015eTU \\u0130K\\u0130 DEN\\u0130Z B\\u0130R \\u015eEH\\u0130RDE BELGESEL OLDU&quot;,&quot;orientation&quot;:&quot;0&quot;}\" data-image-title=\"\u0130stanbul\u2019un su alt\u0131 belgeseli izleyiciyle bulu\u015ftu\" data-image-description=\"&lt;p&gt;\u0130stanbul\u2019un su alt\u0131 belgeseli izleyiciyle bulu\u015ftu&lt;\/p&gt; \" data-medium-file=\"https:\/\/i0.wp.com\/www.tvturk.com\/wp-content\/uploads\/2019\/02\/istanbulun-su-alti-belgeseli-izleyiciyle-bulustu_0bc60ac.jpg?fit=300%2C170\" data-large-file=\"https:\/\/i0.wp.com\/www.tvturk.com\/wp-content\/uploads\/2019\/02\/istanbulun-su-alti-belgeseli-izleyiciyle-bulustu_0bc60ac.jpg?fit=1000%2C565\" src=\"https:\/\/i0.wp.com\/www.tvturk.com\/wp-content\/uploads\/2019\/02\/istanbulun-su-alti-belgeseli-izleyiciyle-bulustu_0bc60ac.jpg?w=245&#038;h=139\" srcset=\"https:\/\/i0.wp.com\/www.tvturk.com\/wp-content\/uploads\/2019\/02\/istanbulun-su-alti-belgeseli-izleyiciyle-bulustu_0bc60ac.jpg?w=1000 1000w, https:\/\/i0.wp.com\/www.tvturk.com\/wp-content\/uploads\/2019\/02\/istanbulun-su-alti-belgeseli-izleyiciyle-bulustu_0bc60ac.jpg?resize=150%2C85 150w, https:\/\/i0.wp.com\/www.tvturk.com\/wp-content\/uploads\/2019\/02\/istanbulun-su-alti-belgeseli-izleyiciyle-bulustu_0bc60ac.jpg?resize=300%2C170 300w, https:\/\/i0.wp.com\/www.tvturk.com\/wp-content\/uploads\/2019\/02\/istanbulun-su-alti-belgeseli-izleyiciyle-bulustu_0bc60ac.jpg?resize=768%2C434 768w, https:\/\/i0.wp.com\/www.tvturk.com\/wp-content\/uploads\/2019\/02\/istanbulun-su-alti-belgeseli-izleyiciyle-bulustu_0bc60ac.jpg?resize=200%2C113 200w\" width=\"245\" height=\"139\" loading=\"lazy\" data-original-width=\"245\" data-original-height=\"139\" itemprop=\"http:\/\/schema.org\/image\" title=\"\u0130stanbul\u2019un su alt\u0131 belgeseli izleyiciyle bulu\u015ftu\" alt=\"\u0130stanbul\u2019un su alt\u0131 belgeseli izleyiciyle bulu\u015ftu\" style=\"width: 245px; height: 139px;\" \/> <\/a> <\/div> <\/div> <!-- close group --> <\/div> <!-- close row --> <div class=\"gallery-row\" style=\"width: 500px; height: 141px;\" data-original-width=\"500\" data-original-height=\"141\" > <div class=\"gallery-group images-1\" style=\"width: 253px; height: 141px;\" data-original-width=\"253\" data-original-height=\"141\" > <div class=\"tiled-gallery-item tiled-gallery-item-small\" itemprop=\"associatedMedia\" itemscope itemtype=\"http:\/\/schema.org\/ImageObject\"> <a href=\"http:\/\/www.tvturk.com\/index.php\/istanbulun-su-alti-belgeseli-izleyiciyle-bulustu\/istanbulun-su-alti-belgeseli-izleyiciyle-bulustu-5\/\" border=\"0\" itemprop=\"url\"> <meta itemprop=\"width\" content=\"249\"> <meta itemprop=\"height\" content=\"137\"> <img decoding=\"async\" class=\"\" data-attachment-id=\"27052\" data-orig-file=\"http:\/\/www.tvturk.com\/wp-content\/uploads\/2019\/02\/istanbulun-su-alti-belgeseli-izleyiciyle-bulustu_e45fcee.jpg\" data-orig-size=\"1000,548\" data-comments-opened=\"\" data-image-meta=\"{&quot;aperture&quot;:&quot;0&quot;,&quot;credit&quot;:&quot;IHA&quot;,&quot;camera&quot;:&quot;&quot;,&quot;caption&quot;:&quot;\\u0130STANBUL\\u2019UN SAKLI KALMI\\u015e SU ALTI ZENG\\u0130NL\\u0130KLER\\u0130, 52 G\\u00dcN S\\u00dcREN 120 DALI\\u015eIN ARDINDAN \\u201c\\u0130K\\u0130 DEN\\u0130Z B\\u0130R \\u015eEH\\u0130R: SU ALTINDAN \\u0130STANBUL\\u201d BELGESEL\\u0130YLE \\u0130ZLEY\\u0130C\\u0130LERLE BULU\\u015eTU. (AHMET FARUK SARIKO\\u00c7\\\/\\u0130STANBUL-\\u0130HA)&quot;,&quot;created_timestamp&quot;:&quot;0&quot;,&quot;copyright&quot;:&quot;\\u0130HLAS HABER AJANSI, www.iha.com.tr&quot;,&quot;focal_length&quot;:&quot;0&quot;,&quot;iso&quot;:&quot;0&quot;,&quot;shutter_speed&quot;:&quot;0&quot;,&quot;title&quot;:&quot;\\u0130STANBUL\\u2019UN SU ALTI BELGESEL\\u0130 \\u0130ZLEY\\u0130C\\u0130YLE BULU\\u015eTU \\u0130K\\u0130 DEN\\u0130Z B\\u0130R \\u015eEH\\u0130RDE BELGESEL OLDU&quot;,&quot;orientation&quot;:&quot;0&quot;}\" data-image-title=\"\u0130stanbul\u2019un su alt\u0131 belgeseli izleyiciyle bulu\u015ftu\" data-image-description=\"&lt;p&gt;\u0130stanbul\u2019un su alt\u0131 belgeseli izleyiciyle bulu\u015ftu&lt;\/p&gt; \" data-medium-file=\"https:\/\/i0.wp.com\/www.tvturk.com\/wp-content\/uploads\/2019\/02\/istanbulun-su-alti-belgeseli-izleyiciyle-bulustu_e45fcee.jpg?fit=300%2C164\" data-large-file=\"https:\/\/i0.wp.com\/www.tvturk.com\/wp-content\/uploads\/2019\/02\/istanbulun-su-alti-belgeseli-izleyiciyle-bulustu_e45fcee.jpg?fit=1000%2C548\" src=\"https:\/\/i0.wp.com\/www.tvturk.com\/wp-content\/uploads\/2019\/02\/istanbulun-su-alti-belgeseli-izleyiciyle-bulustu_e45fcee.jpg?w=249&#038;h=137\" srcset=\"https:\/\/i0.wp.com\/www.tvturk.com\/wp-content\/uploads\/2019\/02\/istanbulun-su-alti-belgeseli-izleyiciyle-bulustu_e45fcee.jpg?w=1000 1000w, https:\/\/i0.wp.com\/www.tvturk.com\/wp-content\/uploads\/2019\/02\/istanbulun-su-alti-belgeseli-izleyiciyle-bulustu_e45fcee.jpg?resize=150%2C82 150w, https:\/\/i0.wp.com\/www.tvturk.com\/wp-content\/uploads\/2019\/02\/istanbulun-su-alti-belgeseli-izleyiciyle-bulustu_e45fcee.jpg?resize=300%2C164 300w, https:\/\/i0.wp.com\/www.tvturk.com\/wp-content\/uploads\/2019\/02\/istanbulun-su-alti-belgeseli-izleyiciyle-bulustu_e45fcee.jpg?resize=768%2C421 768w\" width=\"249\" height=\"137\" loading=\"lazy\" data-original-width=\"249\" data-original-height=\"137\" itemprop=\"http:\/\/schema.org\/image\" title=\"\u0130stanbul\u2019un su alt\u0131 belgeseli izleyiciyle bulu\u015ftu\" alt=\"\u0130stanbul\u2019un su alt\u0131 belgeseli izleyiciyle bulu\u015ftu\" style=\"width: 249px; height: 137px;\" \/> <\/a> <\/div> <\/div> <!-- close group --> <div class=\"gallery-group images-1\" style=\"width: 247px; height: 141px;\" data-original-width=\"247\" data-original-height=\"141\" > <div class=\"tiled-gallery-item tiled-gallery-item-small\" itemprop=\"associatedMedia\" itemscope itemtype=\"http:\/\/schema.org\/ImageObject\"> <a href=\"http:\/\/www.tvturk.com\/index.php\/istanbulun-su-alti-belgeseli-izleyiciyle-bulustu\/istanbulun-su-alti-belgeseli-izleyiciyle-bulustu-6\/\" border=\"0\" itemprop=\"url\"> <meta itemprop=\"width\" content=\"243\"> <meta itemprop=\"height\" content=\"137\"> <img decoding=\"async\" class=\"\" data-attachment-id=\"27053\" data-orig-file=\"http:\/\/www.tvturk.com\/wp-content\/uploads\/2019\/02\/istanbulun-su-alti-belgeseli-izleyiciyle-bulustu_614226a.jpg\" data-orig-size=\"1000,562\" data-comments-opened=\"\" data-image-meta=\"{&quot;aperture&quot;:&quot;0&quot;,&quot;credit&quot;:&quot;IHA&quot;,&quot;camera&quot;:&quot;&quot;,&quot;caption&quot;:&quot;\\u0130STANBUL\\u2019UN SAKLI KALMI\\u015e SU ALTI ZENG\\u0130NL\\u0130KLER\\u0130, 52 G\\u00dcN S\\u00dcREN 120 DALI\\u015eIN ARDINDAN \\u201c\\u0130K\\u0130 DEN\\u0130Z B\\u0130R \\u015eEH\\u0130R: SU ALTINDAN \\u0130STANBUL\\u201d BELGESEL\\u0130YLE \\u0130ZLEY\\u0130C\\u0130LERLE BULU\\u015eTU. (AHMET FARUK SARIKO\\u00c7\\\/\\u0130STANBUL-\\u0130HA)&quot;,&quot;created_timestamp&quot;:&quot;0&quot;,&quot;copyright&quot;:&quot;\\u0130HLAS HABER AJANSI, www.iha.com.tr&quot;,&quot;focal_length&quot;:&quot;0&quot;,&quot;iso&quot;:&quot;0&quot;,&quot;shutter_speed&quot;:&quot;0&quot;,&quot;title&quot;:&quot;\\u0130STANBUL\\u2019UN SU ALTI BELGESEL\\u0130 \\u0130ZLEY\\u0130C\\u0130YLE BULU\\u015eTU \\u0130K\\u0130 DEN\\u0130Z B\\u0130R \\u015eEH\\u0130RDE BELGESEL OLDU&quot;,&quot;orientation&quot;:&quot;0&quot;}\" data-image-title=\"\u0130stanbul\u2019un su alt\u0131 belgeseli izleyiciyle bulu\u015ftu\" data-image-description=\"&lt;p&gt;\u0130stanbul\u2019un su alt\u0131 belgeseli izleyiciyle bulu\u015ftu&lt;\/p&gt; \" data-medium-file=\"https:\/\/i0.wp.com\/www.tvturk.com\/wp-content\/uploads\/2019\/02\/istanbulun-su-alti-belgeseli-izleyiciyle-bulustu_614226a.jpg?fit=300%2C169\" data-large-file=\"https:\/\/i0.wp.com\/www.tvturk.com\/wp-content\/uploads\/2019\/02\/istanbulun-su-alti-belgeseli-izleyiciyle-bulustu_614226a.jpg?fit=1000%2C562\" src=\"https:\/\/i0.wp.com\/www.tvturk.com\/wp-content\/uploads\/2019\/02\/istanbulun-su-alti-belgeseli-izleyiciyle-bulustu_614226a.jpg?w=243&#038;h=137\" srcset=\"https:\/\/i0.wp.com\/www.tvturk.com\/wp-content\/uploads\/2019\/02\/istanbulun-su-alti-belgeseli-izleyiciyle-bulustu_614226a.jpg?w=1000 1000w, https:\/\/i0.wp.com\/www.tvturk.com\/wp-content\/uploads\/2019\/02\/istanbulun-su-alti-belgeseli-izleyiciyle-bulustu_614226a.jpg?resize=150%2C84 150w, https:\/\/i0.wp.com\/www.tvturk.com\/wp-content\/uploads\/2019\/02\/istanbulun-su-alti-belgeseli-izleyiciyle-bulustu_614226a.jpg?resize=300%2C169 300w, https:\/\/i0.wp.com\/www.tvturk.com\/wp-content\/uploads\/2019\/02\/istanbulun-su-alti-belgeseli-izleyiciyle-bulustu_614226a.jpg?resize=768%2C432 768w, https:\/\/i0.wp.com\/www.tvturk.com\/wp-content\/uploads\/2019\/02\/istanbulun-su-alti-belgeseli-izleyiciyle-bulustu_614226a.jpg?resize=200%2C113 200w\" width=\"243\" height=\"137\" loading=\"lazy\" data-original-width=\"243\" data-original-height=\"137\" itemprop=\"http:\/\/schema.org\/image\" title=\"\u0130stanbul\u2019un su alt\u0131 belgeseli izleyiciyle bulu\u015ftu\" alt=\"\u0130stanbul\u2019un su alt\u0131 belgeseli izleyiciyle bulu\u015ftu\" style=\"width: 243px; height: 137px;\" \/> <\/a> <\/div> <\/div> <!-- close group --> <\/div> <!-- close row --> <div class=\"gallery-row\" style=\"width: 500px; height: 209px;\" data-original-width=\"500\" data-original-height=\"209\" > <div class=\"gallery-group images-2\" style=\"width: 183px; height: 209px;\" data-original-width=\"183\" data-original-height=\"209\" > <div class=\"tiled-gallery-item tiled-gallery-item-small\" itemprop=\"associatedMedia\" itemscope itemtype=\"http:\/\/schema.org\/ImageObject\"> <a href=\"http:\/\/www.tvturk.com\/index.php\/istanbulun-su-alti-belgeseli-izleyiciyle-bulustu\/istanbulun-su-alti-belgeseli-izleyiciyle-bulustu-7\/\" border=\"0\" itemprop=\"url\"> <meta itemprop=\"width\" content=\"179\"> <meta itemprop=\"height\" content=\"101\"> <img decoding=\"async\" class=\"\" data-attachment-id=\"27054\" data-orig-file=\"http:\/\/www.tvturk.com\/wp-content\/uploads\/2019\/02\/istanbulun-su-alti-belgeseli-izleyiciyle-bulustu_400ed62.jpg\" data-orig-size=\"1000,562\" data-comments-opened=\"\" data-image-meta=\"{&quot;aperture&quot;:&quot;0&quot;,&quot;credit&quot;:&quot;IHA&quot;,&quot;camera&quot;:&quot;&quot;,&quot;caption&quot;:&quot;\\u0130STANBUL\\u2019UN SAKLI KALMI\\u015e SU ALTI ZENG\\u0130NL\\u0130KLER\\u0130, 52 G\\u00dcN S\\u00dcREN 120 DALI\\u015eIN ARDINDAN \\u201c\\u0130K\\u0130 DEN\\u0130Z B\\u0130R \\u015eEH\\u0130R: SU ALTINDAN \\u0130STANBUL\\u201d BELGESEL\\u0130YLE \\u0130ZLEY\\u0130C\\u0130LERLE BULU\\u015eTU. (AHMET FARUK SARIKO\\u00c7\\\/\\u0130STANBUL-\\u0130HA)&quot;,&quot;created_timestamp&quot;:&quot;0&quot;,&quot;copyright&quot;:&quot;\\u0130HLAS HABER AJANSI, www.iha.com.tr&quot;,&quot;focal_length&quot;:&quot;0&quot;,&quot;iso&quot;:&quot;0&quot;,&quot;shutter_speed&quot;:&quot;0&quot;,&quot;title&quot;:&quot;\\u0130STANBUL\\u2019UN SU ALTI BELGESEL\\u0130 \\u0130ZLEY\\u0130C\\u0130YLE BULU\\u015eTU \\u0130K\\u0130 DEN\\u0130Z B\\u0130R \\u015eEH\\u0130RDE BELGESEL OLDU&quot;,&quot;orientation&quot;:&quot;0&quot;}\" data-image-title=\"\u0130stanbul\u2019un su alt\u0131 belgeseli izleyiciyle bulu\u015ftu\" data-image-description=\"&lt;p&gt;\u0130stanbul\u2019un su alt\u0131 belgeseli izleyiciyle bulu\u015ftu&lt;\/p&gt; \" data-medium-file=\"https:\/\/i0.wp.com\/www.tvturk.com\/wp-content\/uploads\/2019\/02\/istanbulun-su-alti-belgeseli-izleyiciyle-bulustu_400ed62.jpg?fit=300%2C169\" data-large-file=\"https:\/\/i0.wp.com\/www.tvturk.com\/wp-content\/uploads\/2019\/02\/istanbulun-su-alti-belgeseli-izleyiciyle-bulustu_400ed62.jpg?fit=1000%2C562\" src=\"https:\/\/i0.wp.com\/www.tvturk.com\/wp-content\/uploads\/2019\/02\/istanbulun-su-alti-belgeseli-izleyiciyle-bulustu_400ed62.jpg?w=179&#038;h=101\" srcset=\"https:\/\/i0.wp.com\/www.tvturk.com\/wp-content\/uploads\/2019\/02\/istanbulun-su-alti-belgeseli-izleyiciyle-bulustu_400ed62.jpg?w=1000 1000w, https:\/\/i0.wp.com\/www.tvturk.com\/wp-content\/uploads\/2019\/02\/istanbulun-su-alti-belgeseli-izleyiciyle-bulustu_400ed62.jpg?resize=150%2C84 150w, https:\/\/i0.wp.com\/www.tvturk.com\/wp-content\/uploads\/2019\/02\/istanbulun-su-alti-belgeseli-izleyiciyle-bulustu_400ed62.jpg?resize=300%2C169 300w, https:\/\/i0.wp.com\/www.tvturk.com\/wp-content\/uploads\/2019\/02\/istanbulun-su-alti-belgeseli-izleyiciyle-bulustu_400ed62.jpg?resize=768%2C432 768w, https:\/\/i0.wp.com\/www.tvturk.com\/wp-content\/uploads\/2019\/02\/istanbulun-su-alti-belgeseli-izleyiciyle-bulustu_400ed62.jpg?resize=200%2C113 200w\" width=\"179\" height=\"101\" loading=\"lazy\" data-original-width=\"179\" data-original-height=\"101\" itemprop=\"http:\/\/schema.org\/image\" title=\"\u0130stanbul\u2019un su alt\u0131 belgeseli izleyiciyle bulu\u015ftu\" alt=\"\u0130stanbul\u2019un su alt\u0131 belgeseli izleyiciyle bulu\u015ftu\" style=\"width: 179px; height: 101px;\" \/> <\/a> <\/div> <div class=\"tiled-gallery-item tiled-gallery-item-small\" itemprop=\"associatedMedia\" itemscope itemtype=\"http:\/\/schema.org\/ImageObject\"> <a href=\"http:\/\/www.tvturk.com\/index.php\/istanbulun-su-alti-belgeseli-izleyiciyle-bulustu\/istanbulun-su-alti-belgeseli-izleyiciyle-bulustu-8\/\" border=\"0\" itemprop=\"url\"> <meta itemprop=\"width\" content=\"179\"> <meta itemprop=\"height\" content=\"100\"> <img decoding=\"async\" class=\"\" data-attachment-id=\"27055\" data-orig-file=\"http:\/\/www.tvturk.com\/wp-content\/uploads\/2019\/02\/istanbulun-su-alti-belgeseli-izleyiciyle-bulustu_c6e83f0.jpg\" data-orig-size=\"1000,562\" data-comments-opened=\"\" data-image-meta=\"{&quot;aperture&quot;:&quot;0&quot;,&quot;credit&quot;:&quot;IHA&quot;,&quot;camera&quot;:&quot;&quot;,&quot;caption&quot;:&quot;\\u0130STANBUL\\u2019UN SAKLI KALMI\\u015e SU ALTI ZENG\\u0130NL\\u0130KLER\\u0130, 52 G\\u00dcN S\\u00dcREN 120 DALI\\u015eIN ARDINDAN \\u201c\\u0130K\\u0130 DEN\\u0130Z B\\u0130R \\u015eEH\\u0130R: SU ALTINDAN \\u0130STANBUL\\u201d BELGESEL\\u0130YLE \\u0130ZLEY\\u0130C\\u0130LERLE BULU\\u015eTU. (AHMET FARUK SARIKO\\u00c7\\\/\\u0130STANBUL-\\u0130HA)&quot;,&quot;created_timestamp&quot;:&quot;0&quot;,&quot;copyright&quot;:&quot;\\u0130HLAS HABER AJANSI, www.iha.com.tr&quot;,&quot;focal_length&quot;:&quot;0&quot;,&quot;iso&quot;:&quot;0&quot;,&quot;shutter_speed&quot;:&quot;0&quot;,&quot;title&quot;:&quot;\\u0130STANBUL\\u2019UN SU ALTI BELGESEL\\u0130 \\u0130ZLEY\\u0130C\\u0130YLE BULU\\u015eTU \\u0130K\\u0130 DEN\\u0130Z B\\u0130R \\u015eEH\\u0130RDE BELGESEL OLDU&quot;,&quot;orientation&quot;:&quot;0&quot;}\" data-image-title=\"\u0130stanbul\u2019un su alt\u0131 belgeseli izleyiciyle bulu\u015ftu\" data-image-description=\"&lt;p&gt;\u0130stanbul\u2019un su alt\u0131 belgeseli izleyiciyle bulu\u015ftu&lt;\/p&gt; \" data-medium-file=\"https:\/\/i0.wp.com\/www.tvturk.com\/wp-content\/uploads\/2019\/02\/istanbulun-su-alti-belgeseli-izleyiciyle-bulustu_c6e83f0.jpg?fit=300%2C169\" data-large-file=\"https:\/\/i0.wp.com\/www.tvturk.com\/wp-content\/uploads\/2019\/02\/istanbulun-su-alti-belgeseli-izleyiciyle-bulustu_c6e83f0.jpg?fit=1000%2C562\" src=\"https:\/\/i0.wp.com\/www.tvturk.com\/wp-content\/uploads\/2019\/02\/istanbulun-su-alti-belgeseli-izleyiciyle-bulustu_c6e83f0.jpg?w=179&#038;h=100\" srcset=\"https:\/\/i0.wp.com\/www.tvturk.com\/wp-content\/uploads\/2019\/02\/istanbulun-su-alti-belgeseli-izleyiciyle-bulustu_c6e83f0.jpg?w=1000 1000w, https:\/\/i0.wp.com\/www.tvturk.com\/wp-content\/uploads\/2019\/02\/istanbulun-su-alti-belgeseli-izleyiciyle-bulustu_c6e83f0.jpg?resize=150%2C84 150w, https:\/\/i0.wp.com\/www.tvturk.com\/wp-content\/uploads\/2019\/02\/istanbulun-su-alti-belgeseli-izleyiciyle-bulustu_c6e83f0.jpg?resize=300%2C169 300w, https:\/\/i0.wp.com\/www.tvturk.com\/wp-content\/uploads\/2019\/02\/istanbulun-su-alti-belgeseli-izleyiciyle-bulustu_c6e83f0.jpg?resize=768%2C432 768w, https:\/\/i0.wp.com\/www.tvturk.com\/wp-content\/uploads\/2019\/02\/istanbulun-su-alti-belgeseli-izleyiciyle-bulustu_c6e83f0.jpg?resize=200%2C113 200w\" width=\"179\" height=\"100\" loading=\"lazy\" data-original-width=\"179\" data-original-height=\"100\" itemprop=\"http:\/\/schema.org\/image\" title=\"\u0130stanbul\u2019un su alt\u0131 belgeseli izleyiciyle bulu\u015ftu\" alt=\"\u0130stanbul\u2019un su alt\u0131 belgeseli izleyiciyle bulu\u015ftu\" style=\"width: 179px; height: 100px;\" \/> <\/a> <\/div> <\/div> <!-- close group --> <div class=\"gallery-group images-1\" style=\"width: 317px; height: 209px;\" data-original-width=\"317\" data-original-height=\"209\" > <div class=\"tiled-gallery-item tiled-gallery-item-large\" itemprop=\"associatedMedia\" itemscope itemtype=\"http:\/\/schema.org\/ImageObject\"> <a href=\"http:\/\/www.tvturk.com\/index.php\/istanbulun-su-alti-belgeseli-izleyiciyle-bulustu\/istanbulun-su-alti-belgeseli-izleyiciyle-bulustu-9\/\" border=\"0\" itemprop=\"url\"> <meta itemprop=\"width\" content=\"313\"> <meta itemprop=\"height\" content=\"205\"> <img decoding=\"async\" class=\"\" data-attachment-id=\"27056\" data-orig-file=\"http:\/\/www.tvturk.com\/wp-content\/uploads\/2019\/02\/istanbulun-su-alti-belgeseli-izleyiciyle-bulustu_807e1f5.jpg\" data-orig-size=\"1000,655\" data-comments-opened=\"\" data-image-meta=\"{&quot;aperture&quot;:&quot;0&quot;,&quot;credit&quot;:&quot;IHA&quot;,&quot;camera&quot;:&quot;&quot;,&quot;caption&quot;:&quot;STANBUL B\\u00dcY\\u00dcK\\u015eEH\\u0130R BELED\\u0130YES\\u0130 (\\u0130BB) GENEL SEKRETER\\u0130 HAYR\\u0130 BARA\\u00c7LI, BELGESEL\\u0130N SU ALTINDA GE\\u00c7\\u0130R\\u0130LEN B\\u00dcY\\u00dcK GAYRET\\u0130N NET\\u0130CES\\u0130NDE OLU\\u015eTU\\u011eUNA VURGU YAPTI. (AHMET FARUK SARIKO\\u00c7\\\/\\u0130STANBUL-\\u0130HA)&quot;,&quot;created_timestamp&quot;:&quot;0&quot;,&quot;copyright&quot;:&quot;\\u0130HLAS HABER AJANSI, www.iha.com.tr&quot;,&quot;focal_length&quot;:&quot;0&quot;,&quot;iso&quot;:&quot;0&quot;,&quot;shutter_speed&quot;:&quot;0&quot;,&quot;title&quot;:&quot;\\u0130STANBUL\\u2019UN SU ALTI BELGESEL\\u0130 \\u0130ZLEY\\u0130C\\u0130YLE BULU\\u015eTU \\u0130K\\u0130 DEN\\u0130Z B\\u0130R \\u015eEH\\u0130RDE BELGESEL OLDU&quot;,&quot;orientation&quot;:&quot;0&quot;}\" data-image-title=\"\u0130stanbul\u2019un su alt\u0131 belgeseli izleyiciyle bulu\u015ftu\" data-image-description=\"&lt;p&gt;\u0130stanbul\u2019un su alt\u0131 belgeseli izleyiciyle bulu\u015ftu&lt;\/p&gt; \" data-medium-file=\"https:\/\/i0.wp.com\/www.tvturk.com\/wp-content\/uploads\/2019\/02\/istanbulun-su-alti-belgeseli-izleyiciyle-bulustu_807e1f5.jpg?fit=300%2C197\" data-large-file=\"https:\/\/i0.wp.com\/www.tvturk.com\/wp-content\/uploads\/2019\/02\/istanbulun-su-alti-belgeseli-izleyiciyle-bulustu_807e1f5.jpg?fit=1000%2C655\" src=\"https:\/\/i0.wp.com\/www.tvturk.com\/wp-content\/uploads\/2019\/02\/istanbulun-su-alti-belgeseli-izleyiciyle-bulustu_807e1f5.jpg?w=313&#038;h=205\" srcset=\"https:\/\/i0.wp.com\/www.tvturk.com\/wp-content\/uploads\/2019\/02\/istanbulun-su-alti-belgeseli-izleyiciyle-bulustu_807e1f5.jpg?w=1000 1000w, https:\/\/i0.wp.com\/www.tvturk.com\/wp-content\/uploads\/2019\/02\/istanbulun-su-alti-belgeseli-izleyiciyle-bulustu_807e1f5.jpg?resize=150%2C98 150w, https:\/\/i0.wp.com\/www.tvturk.com\/wp-content\/uploads\/2019\/02\/istanbulun-su-alti-belgeseli-izleyiciyle-bulustu_807e1f5.jpg?resize=300%2C197 300w, https:\/\/i0.wp.com\/www.tvturk.com\/wp-content\/uploads\/2019\/02\/istanbulun-su-alti-belgeseli-izleyiciyle-bulustu_807e1f5.jpg?resize=768%2C503 768w, https:\/\/i0.wp.com\/www.tvturk.com\/wp-content\/uploads\/2019\/02\/istanbulun-su-alti-belgeseli-izleyiciyle-bulustu_807e1f5.jpg?resize=120%2C80 120w\" width=\"313\" height=\"205\" loading=\"lazy\" data-original-width=\"313\" data-original-height=\"205\" itemprop=\"http:\/\/schema.org\/image\" title=\"\u0130stanbul\u2019un su alt\u0131 belgeseli izleyiciyle bulu\u015ftu\" alt=\"\u0130stanbul\u2019un su alt\u0131 belgeseli izleyiciyle bulu\u015ftu\" style=\"width: 313px; height: 205px;\" \/> <\/a> <\/div> <\/div> <!-- close group --> <\/div> <!-- close row --> <div class=\"gallery-row\" style=\"width: 500px; height: 236px;\" data-original-width=\"500\" data-original-height=\"236\" > <div class=\"gallery-group images-1\" style=\"width: 342px; height: 236px;\" data-original-width=\"342\" data-original-height=\"236\" > <div class=\"tiled-gallery-item tiled-gallery-item-large\" itemprop=\"associatedMedia\" itemscope itemtype=\"http:\/\/schema.org\/ImageObject\"> <a href=\"http:\/\/www.tvturk.com\/index.php\/istanbulun-su-alti-belgeseli-izleyiciyle-bulustu\/istanbulun-su-alti-belgeseli-izleyiciyle-bulustu-10\/\" border=\"0\" itemprop=\"url\"> <meta itemprop=\"width\" content=\"338\"> <meta itemprop=\"height\" content=\"232\"> <img decoding=\"async\" class=\"\" data-attachment-id=\"27057\" data-orig-file=\"http:\/\/www.tvturk.com\/wp-content\/uploads\/2019\/02\/istanbulun-su-alti-belgeseli-izleyiciyle-bulustu_c0f8c9d.jpg\" data-orig-size=\"1000,687\" data-comments-opened=\"\" data-image-meta=\"{&quot;aperture&quot;:&quot;0&quot;,&quot;credit&quot;:&quot;IHA&quot;,&quot;camera&quot;:&quot;&quot;,&quot;caption&quot;:&quot;\\u0130STANBUL\\u2019UN SAKLI KALMI\\u015e SU ALTI ZENG\\u0130NL\\u0130KLER\\u0130, 52 G\\u00dcN S\\u00dcREN 120 DALI\\u015eIN ARDINDAN \\u201c\\u0130K\\u0130 DEN\\u0130Z B\\u0130R \\u015eEH\\u0130R: SU ALTINDAN \\u0130STANBUL\\u201d BELGESEL\\u0130YLE \\u0130ZLEY\\u0130C\\u0130LERLE BULU\\u015eTU. (AHMET FARUK SARIKO\\u00c7\\\/\\u0130STANBUL-\\u0130HA)&quot;,&quot;created_timestamp&quot;:&quot;0&quot;,&quot;copyright&quot;:&quot;\\u0130HLAS HABER AJANSI, www.iha.com.tr&quot;,&quot;focal_length&quot;:&quot;0&quot;,&quot;iso&quot;:&quot;0&quot;,&quot;shutter_speed&quot;:&quot;0&quot;,&quot;title&quot;:&quot;\\u0130STANBUL\\u2019UN SU ALTI BELGESEL\\u0130 \\u0130ZLEY\\u0130C\\u0130YLE BULU\\u015eTU \\u0130K\\u0130 DEN\\u0130Z B\\u0130R \\u015eEH\\u0130RDE BELGESEL OLDU&quot;,&quot;orientation&quot;:&quot;0&quot;}\" data-image-title=\"\u0130stanbul\u2019un su alt\u0131 belgeseli izleyiciyle bulu\u015ftu\" data-image-description=\"&lt;p&gt;\u0130stanbul\u2019un su alt\u0131 belgeseli izleyiciyle bulu\u015ftu&lt;\/p&gt; \" data-medium-file=\"https:\/\/i0.wp.com\/www.tvturk.com\/wp-content\/uploads\/2019\/02\/istanbulun-su-alti-belgeseli-izleyiciyle-bulustu_c0f8c9d.jpg?fit=300%2C206\" data-large-file=\"https:\/\/i0.wp.com\/www.tvturk.com\/wp-content\/uploads\/2019\/02\/istanbulun-su-alti-belgeseli-izleyiciyle-bulustu_c0f8c9d.jpg?fit=1000%2C687\" src=\"https:\/\/i0.wp.com\/www.tvturk.com\/wp-content\/uploads\/2019\/02\/istanbulun-su-alti-belgeseli-izleyiciyle-bulustu_c0f8c9d.jpg?w=338&#038;h=232\" srcset=\"https:\/\/i0.wp.com\/www.tvturk.com\/wp-content\/uploads\/2019\/02\/istanbulun-su-alti-belgeseli-izleyiciyle-bulustu_c0f8c9d.jpg?w=1000 1000w, https:\/\/i0.wp.com\/www.tvturk.com\/wp-content\/uploads\/2019\/02\/istanbulun-su-alti-belgeseli-izleyiciyle-bulustu_c0f8c9d.jpg?resize=150%2C103 150w, https:\/\/i0.wp.com\/www.tvturk.com\/wp-content\/uploads\/2019\/02\/istanbulun-su-alti-belgeseli-izleyiciyle-bulustu_c0f8c9d.jpg?resize=300%2C206 300w, https:\/\/i0.wp.com\/www.tvturk.com\/wp-content\/uploads\/2019\/02\/istanbulun-su-alti-belgeseli-izleyiciyle-bulustu_c0f8c9d.jpg?resize=768%2C528 768w, https:\/\/i0.wp.com\/www.tvturk.com\/wp-content\/uploads\/2019\/02\/istanbulun-su-alti-belgeseli-izleyiciyle-bulustu_c0f8c9d.jpg?resize=80%2C55 80w\" width=\"338\" height=\"232\" loading=\"lazy\" data-original-width=\"338\" data-original-height=\"232\" itemprop=\"http:\/\/schema.org\/image\" title=\"\u0130stanbul\u2019un su alt\u0131 belgeseli izleyiciyle bulu\u015ftu\" alt=\"\u0130stanbul\u2019un su alt\u0131 belgeseli izleyiciyle bulu\u015ftu\" style=\"width: 338px; height: 232px;\" \/> <\/a> <\/div> <\/div> <!-- close group --> <div class=\"gallery-group images-1\" style=\"width: 158px; height: 236px;\" data-original-width=\"158\" data-original-height=\"236\" > <div class=\"tiled-gallery-item tiled-gallery-item-small\" itemprop=\"associatedMedia\" itemscope itemtype=\"http:\/\/schema.org\/ImageObject\"> <a href=\"http:\/\/www.tvturk.com\/index.php\/istanbulun-su-alti-belgeseli-izleyiciyle-bulustu\/istanbulun-su-alti-belgeseli-izleyiciyle-bulustu-11\/\" border=\"0\" itemprop=\"url\"> <meta itemprop=\"width\" content=\"154\"> <meta itemprop=\"height\" content=\"232\"> <img decoding=\"async\" class=\"\" data-attachment-id=\"27058\" data-orig-file=\"http:\/\/www.tvturk.com\/wp-content\/uploads\/2019\/02\/istanbulun-su-alti-belgeseli-izleyiciyle-bulustu_3e1d6a7.jpg\" data-orig-size=\"662,1000\" data-comments-opened=\"\" data-image-meta=\"{&quot;aperture&quot;:&quot;0&quot;,&quot;credit&quot;:&quot;IHA&quot;,&quot;camera&quot;:&quot;&quot;,&quot;caption&quot;:&quot;\\u0130STANBUL\\u2019UN SAKLI KALMI\\u015e SU ALTI ZENG\\u0130NL\\u0130KLER\\u0130, 52 G\\u00dcN S\\u00dcREN 120 DALI\\u015eIN ARDINDAN \\u201c\\u0130K\\u0130 DEN\\u0130Z B\\u0130R \\u015eEH\\u0130R: SU ALTINDAN \\u0130STANBUL\\u201d BELGESEL\\u0130YLE \\u0130ZLEY\\u0130C\\u0130LERLE BULU\\u015eTU. (AHMET FARUK SARIKO\\u00c7\\\/\\u0130STANBUL-\\u0130HA)&quot;,&quot;created_timestamp&quot;:&quot;0&quot;,&quot;copyright&quot;:&quot;\\u0130HLAS HABER AJANSI, www.iha.com.tr&quot;,&quot;focal_length&quot;:&quot;0&quot;,&quot;iso&quot;:&quot;0&quot;,&quot;shutter_speed&quot;:&quot;0&quot;,&quot;title&quot;:&quot;\\u0130STANBUL\\u2019UN SU ALTI BELGESEL\\u0130 \\u0130ZLEY\\u0130C\\u0130YLE BULU\\u015eTU \\u0130K\\u0130 DEN\\u0130Z B\\u0130R \\u015eEH\\u0130RDE BELGESEL OLDU&quot;,&quot;orientation&quot;:&quot;0&quot;}\" data-image-title=\"\u0130stanbul\u2019un su alt\u0131 belgeseli izleyiciyle bulu\u015ftu\" data-image-description=\"&lt;p&gt;\u0130stanbul\u2019un su alt\u0131 belgeseli izleyiciyle bulu\u015ftu&lt;\/p&gt; \" data-medium-file=\"https:\/\/i0.wp.com\/www.tvturk.com\/wp-content\/uploads\/2019\/02\/istanbulun-su-alti-belgeseli-izleyiciyle-bulustu_3e1d6a7.jpg?fit=199%2C300\" data-large-file=\"https:\/\/i0.wp.com\/www.tvturk.com\/wp-content\/uploads\/2019\/02\/istanbulun-su-alti-belgeseli-izleyiciyle-bulustu_3e1d6a7.jpg?fit=662%2C1000\" src=\"https:\/\/i0.wp.com\/www.tvturk.com\/wp-content\/uploads\/2019\/02\/istanbulun-su-alti-belgeseli-izleyiciyle-bulustu_3e1d6a7.jpg?w=154&#038;h=232\" srcset=\"https:\/\/i0.wp.com\/www.tvturk.com\/wp-content\/uploads\/2019\/02\/istanbulun-su-alti-belgeseli-izleyiciyle-bulustu_3e1d6a7.jpg?w=662 662w, https:\/\/i0.wp.com\/www.tvturk.com\/wp-content\/uploads\/2019\/02\/istanbulun-su-alti-belgeseli-izleyiciyle-bulustu_3e1d6a7.jpg?resize=99%2C150 99w, https:\/\/i0.wp.com\/www.tvturk.com\/wp-content\/uploads\/2019\/02\/istanbulun-su-alti-belgeseli-izleyiciyle-bulustu_3e1d6a7.jpg?resize=199%2C300 199w\" width=\"154\" height=\"232\" loading=\"lazy\" data-original-width=\"154\" data-original-height=\"232\" itemprop=\"http:\/\/schema.org\/image\" title=\"\u0130stanbul\u2019un su alt\u0131 belgeseli izleyiciyle bulu\u015ftu\" alt=\"\u0130stanbul\u2019un su alt\u0131 belgeseli izleyiciyle bulu\u015ftu\" style=\"width: 154px; height: 232px;\" \/> <\/a> <\/div> <\/div> <!-- close group --> <\/div> <!-- close row --> <\/div><\/p>\n","protected":false},"excerpt":{"rendered":"<p>\u0130STANBUL\u2019UN SAKLI KALMI\u015e SU ALTI ZENG\u0130NL\u0130KLER\u0130, 52 G\u00dcN S\u00dcREN 120 DALI\u015eIN ARDINDAN \u201c\u0130K\u0130 DEN\u0130Z B\u0130R \u015eEH\u0130R: SU ALTINDAN \u0130STANBUL\u201d BELGESEL\u0130YLE \u0130ZLEY\u0130C\u0130LERLE BULU\u015eTU.<\/p>\n","protected":false},"author":1,"featured_media":27049,"comment_status":"closed","ping_status":"open","sticky":false,"template":"","format":"standard","meta":{"jetpack_post_was_ever_published":false,"_jetpack_newsletter_access":"","_jetpack_dont_email_post_to_subs":false,"_jetpack_newsletter_tier_id":0,"_jetpack_memberships_contains_paywalled_content":false,"_jetpack_memberships_contains_paid_content":false,"footnotes":"","jetpack_publicize_message":"","jetpack_publicize_feature_enabled":true,"jetpack_social_post_already_shared":false,"jetpack_social_options":{"image_generator_settings":{"template":"highway","default_image_id":0,"font":"","enabled":false},"version":2}},"categories":[656],"tags":[1567,11065,389,10066,11066],"class_list":["post-27048","post","type-post","status-publish","format-standard","has-post-thumbnail","hentry","category-kultur-sanat","tag-alti","tag-belgeseli","tag-bulustu","tag-istanbulun","tag-izleyiciyle"],"jetpack_publicize_connections":[],"jetpack_featured_media_url":"https:\/\/i0.wp.com\/www.tvturk.com\/wp-content\/uploads\/2019\/02\/istanbulun-su-alti-belgeseli-izleyiciyle-bulustu_c48b743.jpg?fit=1000%2C729","jetpack_sharing_enabled":true,"jetpack_shortlink":"https:\/\/wp.me\/paKIfm-72g","_links":{"self":[{"href":"http:\/\/www.tvturk.com\/index.php\/wp-json\/wp\/v2\/posts\/27048","targetHints":{"allow":["GET"]}}],"collection":[{"href":"http:\/\/www.tvturk.com\/index.php\/wp-json\/wp\/v2\/posts"}],"about":[{"href":"http:\/\/www.tvturk.com\/index.php\/wp-json\/wp\/v2\/types\/post"}],"author":[{"embeddable":true,"href":"http:\/\/www.tvturk.com\/index.php\/wp-json\/wp\/v2\/users\/1"}],"replies":[{"embeddable":true,"href":"http:\/\/www.tvturk.com\/index.php\/wp-json\/wp\/v2\/comments?post=27048"}],"version-history":[{"count":1,"href":"http:\/\/www.tvturk.com\/index.php\/wp-json\/wp\/v2\/posts\/27048\/revisions"}],"predecessor-version":[{"id":27059,"href":"http:\/\/www.tvturk.com\/index.php\/wp-json\/wp\/v2\/posts\/27048\/revisions\/27059"}],"wp:featuredmedia":[{"embeddable":true,"href":"http:\/\/www.tvturk.com\/index.php\/wp-json\/wp\/v2\/media\/27049"}],"wp:attachment":[{"href":"http:\/\/www.tvturk.com\/index.php\/wp-json\/wp\/v2\/media?parent=27048"}],"wp:term":[{"taxonomy":"category","embeddable":true,"href":"http:\/\/www.tvturk.com\/index.php\/wp-json\/wp\/v2\/categories?post=27048"},{"taxonomy":"post_tag","embeddable":true,"href":"http:\/\/www.tvturk.com\/index.php\/wp-json\/wp\/v2\/tags?post=27048"}],"curies":[{"name":"wp","href":"https:\/\/api.w.org\/{rel}","templated":true}]}}