{"id":27240,"date":"2019-02-13T09:11:09","date_gmt":"2019-02-13T06:11:09","guid":{"rendered":"http:\/\/www.tvturk.com\/index.php\/develide-3-katta-dusen-cocuk-hayatini-kaybetti\/"},"modified":"2019-02-13T09:11:09","modified_gmt":"2019-02-13T06:11:09","slug":"develide-3-katta-dusen-cocuk-hayatini-kaybetti","status":"publish","type":"post","link":"http:\/\/www.tvturk.com\/index.php\/develide-3-katta-dusen-cocuk-hayatini-kaybetti\/","title":{"rendered":"Develi\u2019de 3. Katta D\u00fc\u015fen \u00c7ocuk Hayat\u0131n\u0131 Kaybetti"},"content":{"rendered":"<p>Kayseri\u2019nin Develi il\u00e7esinde 3. kattan d\u00fc\u015fen bir \u00e7ocuk hayat\u0131n\u0131 kaybetti.<\/p>\n<p>Edinilen bilgiye g\u00f6re Develi Cami Cedid Mahallesi Zaman Apartman\u0131\u2019nda meydana gelen olayda 4 ya\u015f\u0131ndaki Ali Be\u015fparmak 3. katta bulunan dairenin penceresinden d\u00fc\u015ft\u00fc. Ailesi taraf\u0131ndan Develi Devlet Hastanesi\u2019ne kald\u0131r\u0131lan 4 ya\u015f\u0131ndaki Ali Be\u015fparmak yap\u0131lan t\u00fcm m\u00fcdahalelere ra\u011fmen kurtar\u0131lamad\u0131.<\/p>\n<p>Yetkililer olayla ilgili olarak i\u015flem ba\u015flat\u0131ld\u0131\u011f\u0131n\u0131 bildirdi.<\/p>\n","protected":false},"excerpt":{"rendered":"<p>KAYSER\u0130&#8217;N\u0130N DEVEL\u0130 \u0130L\u00c7ES\u0130NDE 3. KATTAN D\u00dc\u015eEN B\u0130R \u00c7OCUK HAYATINI KAYBETT\u0130.<\/p>\n","protected":false},"author":1,"featured_media":27241,"comment_status":"closed","ping_status":"open","sticky":false,"template":"","format":"standard","meta":{"jetpack_post_was_ever_published":false,"_jetpack_newsletter_access":"","_jetpack_dont_email_post_to_subs":false,"_jetpack_newsletter_tier_id":0,"_jetpack_memberships_contains_paywalled_content":false,"_jetpack_memberships_contains_paid_content":false,"footnotes":"","jetpack_publicize_message":"","jetpack_publicize_feature_enabled":true,"jetpack_social_post_already_shared":false,"jetpack_social_options":{"image_generator_settings":{"template":"highway","default_image_id":0,"font":"","enabled":false},"version":2}},"categories":[655],"tags":[1008,446,762,848,11104,849],"class_list":["post-27240","post","type-post","status-publish","format-standard","has-post-thumbnail","hentry","category-son-dakika","tag-cocuk","tag-develide","tag-dusen","tag-hayatini","tag-katta","tag-kaybetti"],"jetpack_publicize_connections":[],"jetpack_featured_media_url":"https:\/\/i0.wp.com\/www.tvturk.com\/wp-content\/uploads\/2019\/02\/develide-3-katta-dusen-cocuk-hayatini-kaybetti_7062e9a.jpg?fit=800%2C1000","jetpack_sharing_enabled":true,"jetpack_shortlink":"https:\/\/wp.me\/paKIfm-75m","_links":{"self":[{"href":"http:\/\/www.tvturk.com\/index.php\/wp-json\/wp\/v2\/posts\/27240","targetHints":{"allow":["GET"]}}],"collection":[{"href":"http:\/\/www.tvturk.com\/index.php\/wp-json\/wp\/v2\/posts"}],"about":[{"href":"http:\/\/www.tvturk.com\/index.php\/wp-json\/wp\/v2\/types\/post"}],"author":[{"embeddable":true,"href":"http:\/\/www.tvturk.com\/index.php\/wp-json\/wp\/v2\/users\/1"}],"replies":[{"embeddable":true,"href":"http:\/\/www.tvturk.com\/index.php\/wp-json\/wp\/v2\/comments?post=27240"}],"version-history":[{"count":0,"href":"http:\/\/www.tvturk.com\/index.php\/wp-json\/wp\/v2\/posts\/27240\/revisions"}],"wp:featuredmedia":[{"embeddable":true,"href":"http:\/\/www.tvturk.com\/index.php\/wp-json\/wp\/v2\/media\/27241"}],"wp:attachment":[{"href":"http:\/\/www.tvturk.com\/index.php\/wp-json\/wp\/v2\/media?parent=27240"}],"wp:term":[{"taxonomy":"category","embeddable":true,"href":"http:\/\/www.tvturk.com\/index.php\/wp-json\/wp\/v2\/categories?post=27240"},{"taxonomy":"post_tag","embeddable":true,"href":"http:\/\/www.tvturk.com\/index.php\/wp-json\/wp\/v2\/tags?post=27240"}],"curies":[{"name":"wp","href":"https:\/\/api.w.org\/{rel}","templated":true}]}}