{"id":27341,"date":"2019-02-13T09:31:04","date_gmt":"2019-02-13T06:31:04","guid":{"rendered":"http:\/\/www.tvturk.com\/index.php\/traktorun-altinda-kalan-sahis-hayatini-kaybetti\/"},"modified":"2019-02-13T09:31:04","modified_gmt":"2019-02-13T06:31:04","slug":"traktorun-altinda-kalan-sahis-hayatini-kaybetti","status":"publish","type":"post","link":"http:\/\/www.tvturk.com\/index.php\/traktorun-altinda-kalan-sahis-hayatini-kaybetti\/","title":{"rendered":"Trakt\u00f6r\u00fcn alt\u0131nda kalan \u015fah\u0131s hayat\u0131n\u0131 kaybetti"},"content":{"rendered":"<p>Ayd\u0131n\u2019\u0131n Karacasu il\u00e7esinde trakt\u00f6r\u00fcn devrilmesi sonucu bir ki\u015fi hayat\u0131n\u0131 kaybetti.<\/p>\n<p>Edinilen bilgiye g\u00f6re, Bozdo\u011fan\u2019\u0131n Akyaka Mahallesi\u2019nde ikamet eden R\u0131fat \u00c7aylak (62) bir arkada\u015f\u0131n\u0131n tarlas\u0131nda \u00e7al\u0131\u015fmak i\u00e7in Karacasu\u2019ya gitti. Tarladaki e\u011fimli arazide 35 FA 3785 plakal\u0131 trakt\u00f6r\u00fc ile ilerleyen \u00c7aylak, direksiyon hakimiyetini kaybederek devrilen trakt\u00f6rden d\u00fc\u015ferek a\u011f\u0131r yaraland\u0131. Tarladaki \u00e7al\u0131\u015fanlar hemen 112 Acil Sa\u011fl\u0131k ekiplerine haber verdi. Olay yerine gelen 112 Acil Sa\u011fl\u0131k ekipleri \u00c7aylak\u2019\u0131n hayat\u0131n\u0131 kaybetti\u011fini belirledi.<\/p>\n<p>Olayla ilgili soru\u015fturma devam ediyor.<\/p>\n","protected":false},"excerpt":{"rendered":"<p>RIFAT \u00c7AYLAK<\/p>\n","protected":false},"author":1,"featured_media":27342,"comment_status":"closed","ping_status":"open","sticky":false,"template":"","format":"standard","meta":{"jetpack_post_was_ever_published":false,"_jetpack_newsletter_access":"","_jetpack_dont_email_post_to_subs":false,"_jetpack_newsletter_tier_id":0,"_jetpack_memberships_contains_paywalled_content":false,"_jetpack_memberships_contains_paid_content":false,"footnotes":"","jetpack_publicize_message":"","jetpack_publicize_feature_enabled":true,"jetpack_social_post_already_shared":false,"jetpack_social_options":{"image_generator_settings":{"template":"highway","default_image_id":0,"font":"","enabled":false},"version":2}},"categories":[655],"tags":[3114,848,1274,849,970,4105],"class_list":["post-27341","post","type-post","status-publish","format-standard","has-post-thumbnail","hentry","category-son-dakika","tag-altinda","tag-hayatini","tag-kalan","tag-kaybetti","tag-sahis","tag-traktorun"],"jetpack_publicize_connections":[],"jetpack_featured_media_url":"https:\/\/i0.wp.com\/www.tvturk.com\/wp-content\/uploads\/2019\/02\/traktorun-altinda-kalan-sahis-hayatini-kaybetti_3cfc748.jpg?fit=950%2C960","jetpack_sharing_enabled":true,"jetpack_shortlink":"https:\/\/wp.me\/paKIfm-76Z","_links":{"self":[{"href":"http:\/\/www.tvturk.com\/index.php\/wp-json\/wp\/v2\/posts\/27341","targetHints":{"allow":["GET"]}}],"collection":[{"href":"http:\/\/www.tvturk.com\/index.php\/wp-json\/wp\/v2\/posts"}],"about":[{"href":"http:\/\/www.tvturk.com\/index.php\/wp-json\/wp\/v2\/types\/post"}],"author":[{"embeddable":true,"href":"http:\/\/www.tvturk.com\/index.php\/wp-json\/wp\/v2\/users\/1"}],"replies":[{"embeddable":true,"href":"http:\/\/www.tvturk.com\/index.php\/wp-json\/wp\/v2\/comments?post=27341"}],"version-history":[{"count":0,"href":"http:\/\/www.tvturk.com\/index.php\/wp-json\/wp\/v2\/posts\/27341\/revisions"}],"wp:featuredmedia":[{"embeddable":true,"href":"http:\/\/www.tvturk.com\/index.php\/wp-json\/wp\/v2\/media\/27342"}],"wp:attachment":[{"href":"http:\/\/www.tvturk.com\/index.php\/wp-json\/wp\/v2\/media?parent=27341"}],"wp:term":[{"taxonomy":"category","embeddable":true,"href":"http:\/\/www.tvturk.com\/index.php\/wp-json\/wp\/v2\/categories?post=27341"},{"taxonomy":"post_tag","embeddable":true,"href":"http:\/\/www.tvturk.com\/index.php\/wp-json\/wp\/v2\/tags?post=27341"}],"curies":[{"name":"wp","href":"https:\/\/api.w.org\/{rel}","templated":true}]}}