{"id":27414,"date":"2019-02-13T09:41:18","date_gmt":"2019-02-13T06:41:18","guid":{"rendered":"http:\/\/www.tvturk.com\/index.php\/mum-isiginda-ders-calisan-sude-nazin-drami\/"},"modified":"2019-02-13T09:41:27","modified_gmt":"2019-02-13T06:41:27","slug":"mum-isiginda-ders-calisan-sude-nazin-drami","status":"publish","type":"post","link":"http:\/\/www.tvturk.com\/index.php\/mum-isiginda-ders-calisan-sude-nazin-drami\/","title":{"rendered":"Mum \u0131\u015f\u0131\u011f\u0131nda ders \u00e7al\u0131\u015fan Sude Naz\u2019\u0131n dram\u0131"},"content":{"rendered":"<p>Adana\u2019da annelerini 3 sene \u00f6nce kaybeden ve babalar\u0131n\u0131n da ilgilenmedi\u011fi 12 ya\u015f\u0131ndaki Sude Naz ve 16 ya\u015f\u0131ndaki Onur Kaya karde\u015flerin, elektrikleri bor\u00e7 y\u00fcz\u00fcnden kesildi. Evde elektrik olmad\u0131\u011f\u0131 i\u00e7in mum \u0131\u015f\u0131\u011f\u0131nda ders \u00e7al\u0131\u015fan ve avukat olmak isteyen Sude Naz, &#8220;Mum \u0131\u015f\u0131\u011f\u0131nda ders \u00e7al\u0131\u015f\u0131yorum. Bazen mumumuz bitiyor, \u00f6devlerimi yapam\u0131yorum. Benim tek iste\u011fim okumak&#8221; dedi.<\/p>\n<p>Merkez Seyhan il\u00e7esine ba\u011fl\u0131 Kuyumcular Mahallesi\u2019nde ya\u015fayan Sude Naz (12) ve Onur Kaya (16), 3 y\u0131l \u00f6nce annelerini kaybetti. Gizli kalp hastal\u0131\u011f\u0131 olan ve 2016 y\u0131l\u0131nda hayat\u0131n\u0131 kaybeden Sevgi Kaya\u2019n\u0131n \u00e7ocuklar\u0131 Sude Naz ile Onur\u2019un in\u015faat i\u015f\u00e7ili\u011fi yapan babalar\u0131 Yusuf Kaya da evden ayr\u0131ld\u0131. Amcalar\u0131 Y\u00fccel Kaya\u2019n\u0131n ilgilendi\u011fi Sude Naz ve Onur Kaya\u2019n\u0131n ya\u015fad\u0131\u011f\u0131 evin 3 hafta \u00f6nce elektrikleri, bor\u00e7lar\u0131ndan dolay\u0131 kesildi. Mum \u0131\u015f\u0131\u011f\u0131nda \u00f6devlerini yapmaya \u00e7al\u0131\u015fan Sude Naz, yetkililerden yard\u0131m istediklerini belirtti.<\/p>\n<p>Mahallelerinde bulunan okula giden ve 6. s\u0131n\u0131f \u00f6\u011frencisi olan Sude Naz, b\u00fcy\u00fcy\u00fcnce avukat olmak istedi\u011fini belirterek, &#8220;Okuldan geldikten sonra hava kararm\u0131\u015f oluyor. Elektriklerimiz kesik oldu\u011fu i\u00e7in mum yak\u0131yorum ve ders \u00e7al\u0131\u015fmaya \u00e7al\u0131\u015f\u0131yorum. Bazen mumumuz bitiyor, \u00f6devlerimi yapam\u0131yorum. \u00d6\u011fretmenim sordu\u011funda bazen unuttum diyorum bazen de yapamad\u0131\u011f\u0131m\u0131 s\u00f6yl\u00fcyorum. Derslerimden de geri kald\u0131m zaten&#8221; diye konu\u015ftu.<\/p>\n<p>Tek iste\u011finin okumak oldu\u011funu belirten Sude Naz, yetkililerden yard\u0131m istediklerini ifade ederek, &#8220;Ben okumak ve mutlu olmak istiyorum. Okuyamay\u0131p, bu durumda olmak istemiyorum. Sa\u011f olsun, amcam bizimle ilgileniyor. Kendi \u00e7ocuklar\u0131ndan ay\u0131rm\u0131yor. Amcam \u00e7ocuklar\u0131na ne al\u0131rsa bize de al\u0131yor. Bize yard\u0131mc\u0131 olsunlar. Ben okumaktan ba\u015fka bir \u015fey istemiyorum&#8221; dedi.<\/p>\n<p>Sude Naz\u2019\u0131n amcas\u0131 Y\u00fccel Kaya ise ellerinden geldi\u011fi kadar ye\u011fenleriyle ilgilendiklerini belirterek, &#8220;Bizden ba\u015fka ilgilenen kimse yok. Benim de 2 tane \u00e7ocu\u011fum var, i\u015fsizim ama onlar benim ye\u011fenim, soka\u011fa atamam. \u00c7ocuklara yetim maa\u015f\u0131 ba\u011flanm\u0131\u015f ancak bu paray\u0131 kimin ald\u0131\u011f\u0131n\u0131 bilmiyoruz. Maa\u015f yat\u0131yor ancak kendileri de g\u00f6rm\u00fcyor paray\u0131. \u00c7ocuklar mum \u0131\u015f\u0131\u011f\u0131nda ders yapmaya \u00e7al\u0131\u015f\u0131yor. Devlet b\u00fcy\u00fcklerimizden bu \u00e7ocuklara yard\u0131mc\u0131 olmalar\u0131n\u0131 istiyorum&#8221; dedi.<div class=\"tiled-gallery type-rectangular tiled-gallery-unresized\" data-original-width=\"500\" data-carousel-extra='null' itemscope itemtype=\"http:\/\/schema.org\/ImageGallery\" > <div class=\"gallery-row\" style=\"width: 500px; height: 224px;\" data-original-width=\"500\" data-original-height=\"224\" > <div class=\"gallery-group images-1\" style=\"width: 337px; height: 224px;\" data-original-width=\"337\" data-original-height=\"224\" > <div class=\"tiled-gallery-item tiled-gallery-item-large\" itemprop=\"associatedMedia\" itemscope itemtype=\"http:\/\/schema.org\/ImageObject\"> <a href=\"http:\/\/www.tvturk.com\/index.php\/mum-isiginda-ders-calisan-sude-nazin-drami\/mum-isiginda-ders-calisan-sude-nazin-drami-3\/\" border=\"0\" itemprop=\"url\"> <meta itemprop=\"width\" content=\"333\"> <meta itemprop=\"height\" content=\"220\"> <img decoding=\"async\" class=\"\" data-attachment-id=\"27416\" data-orig-file=\"http:\/\/www.tvturk.com\/wp-content\/uploads\/2019\/02\/mum-isiginda-ders-calisan-sude-nazin-drami_6b1f610.jpg\" data-orig-size=\"1000,662\" data-comments-opened=\"\" data-image-meta=\"{&quot;aperture&quot;:&quot;0&quot;,&quot;credit&quot;:&quot;IHA&quot;,&quot;camera&quot;:&quot;&quot;,&quot;caption&quot;:&quot;3 YIL \\u00d6NCE ANNELER\\u0130N\\u0130 KAYBEDEN VE BABALARININ DA \\u0130LG\\u0130LENMED\\u0130\\u011e\\u0130 SUDE NAZ \\u0130LE ONUR KAYA\\u0027NIN EVLER\\u0130NDE ELEKTR\\u0130KLER\\u0130 KES\\u0130LD\\u0130. MUM I\\u015eI\\u011eINDA DERS \\u00c7ALI\\u015eMAYA \\u00c7ALI\\u015eAN SUDE NAZ, YARDIM BEKL\\u0130YOR. (R\\u00dc\\u015eAN ANIL ATAR\\\/ADANA-\\u0130HA)&quot;,&quot;created_timestamp&quot;:&quot;0&quot;,&quot;copyright&quot;:&quot;\\u0130HLAS HABER AJANSI, www.iha.com.tr&quot;,&quot;focal_length&quot;:&quot;0&quot;,&quot;iso&quot;:&quot;0&quot;,&quot;shutter_speed&quot;:&quot;0&quot;,&quot;title&quot;:&quot;MUM I\\u015eI\\u011eINDA DERS \\u00c7ALI\\u015eAN SUDE NAZ\\u0027IN DRAMI ANNELER\\u0130N\\u0130 3 YIL \\u00d6NCE KAYBEDEN VE BABALARININ DA \\u0130LG\\u0130LENMED\\u0130\\u011e\\u0130 SUDE NAZ KARDE\\u015e\\u0130YLE ELEKTR\\u0130KLER\\u0130 KES\\u0130LEN EVDE AMCASININ DESTE\\u011e\\u0130YLE YA\\u015eAM M\\u00dcCADELES\\u0130 VER\\u0130YOR MUM I\\u015eI\\u011eINDA DERS \\u00c7ALI\\u015eMAK ZORUNDA KALAN SUDE NAZ: \\u0022BAZEN MUMUMUZ B\\u0130T\\u0130YOR, \\u00d6DEVLER\\u0130M\\u0130 YAPAMIYORUM. BEN\\u0130M TEK \\u0130STE\\u011e\\u0130M OKUMAK, AVUKAT OLMAK\\u0022&quot;,&quot;orientation&quot;:&quot;0&quot;}\" data-image-title=\"Mum \u0131\u015f\u0131\u011f\u0131nda ders \u00e7al\u0131\u015fan Sude Naz\u2019\u0131n dram\u0131\" data-image-description=\"&lt;p&gt;Mum \u0131\u015f\u0131\u011f\u0131nda ders \u00e7al\u0131\u015fan Sude Naz\u2019\u0131n dram\u0131&lt;\/p&gt; \" data-medium-file=\"https:\/\/i0.wp.com\/www.tvturk.com\/wp-content\/uploads\/2019\/02\/mum-isiginda-ders-calisan-sude-nazin-drami_6b1f610.jpg?fit=300%2C199\" data-large-file=\"https:\/\/i0.wp.com\/www.tvturk.com\/wp-content\/uploads\/2019\/02\/mum-isiginda-ders-calisan-sude-nazin-drami_6b1f610.jpg?fit=1000%2C662\" src=\"https:\/\/i0.wp.com\/www.tvturk.com\/wp-content\/uploads\/2019\/02\/mum-isiginda-ders-calisan-sude-nazin-drami_6b1f610.jpg?w=333&#038;h=220\" srcset=\"https:\/\/i0.wp.com\/www.tvturk.com\/wp-content\/uploads\/2019\/02\/mum-isiginda-ders-calisan-sude-nazin-drami_6b1f610.jpg?w=1000 1000w, https:\/\/i0.wp.com\/www.tvturk.com\/wp-content\/uploads\/2019\/02\/mum-isiginda-ders-calisan-sude-nazin-drami_6b1f610.jpg?resize=150%2C99 150w, https:\/\/i0.wp.com\/www.tvturk.com\/wp-content\/uploads\/2019\/02\/mum-isiginda-ders-calisan-sude-nazin-drami_6b1f610.jpg?resize=300%2C199 300w, https:\/\/i0.wp.com\/www.tvturk.com\/wp-content\/uploads\/2019\/02\/mum-isiginda-ders-calisan-sude-nazin-drami_6b1f610.jpg?resize=768%2C508 768w, https:\/\/i0.wp.com\/www.tvturk.com\/wp-content\/uploads\/2019\/02\/mum-isiginda-ders-calisan-sude-nazin-drami_6b1f610.jpg?resize=170%2C113 170w, https:\/\/i0.wp.com\/www.tvturk.com\/wp-content\/uploads\/2019\/02\/mum-isiginda-ders-calisan-sude-nazin-drami_6b1f610.jpg?resize=120%2C80 120w\" width=\"333\" height=\"220\" loading=\"lazy\" data-original-width=\"333\" data-original-height=\"220\" itemprop=\"http:\/\/schema.org\/image\" title=\"Mum \u0131\u015f\u0131\u011f\u0131nda ders \u00e7al\u0131\u015fan Sude Naz\u2019\u0131n dram\u0131\" alt=\"Mum \u0131\u015f\u0131\u011f\u0131nda ders \u00e7al\u0131\u015fan Sude Naz\u2019\u0131n dram\u0131\" style=\"width: 333px; height: 220px;\" \/> <\/a> <\/div> <\/div> <!-- close group --> <div class=\"gallery-group images-2\" style=\"width: 163px; height: 224px;\" data-original-width=\"163\" data-original-height=\"224\" > <div class=\"tiled-gallery-item tiled-gallery-item-small\" itemprop=\"associatedMedia\" itemscope itemtype=\"http:\/\/schema.org\/ImageObject\"> <a href=\"http:\/\/www.tvturk.com\/index.php\/mum-isiginda-ders-calisan-sude-nazin-drami\/mum-isiginda-ders-calisan-sude-nazin-drami-4\/\" border=\"0\" itemprop=\"url\"> <meta itemprop=\"width\" content=\"159\"> <meta itemprop=\"height\" content=\"105\"> <img decoding=\"async\" class=\"\" data-attachment-id=\"27417\" data-orig-file=\"http:\/\/www.tvturk.com\/wp-content\/uploads\/2019\/02\/mum-isiginda-ders-calisan-sude-nazin-drami_a685d1a.jpg\" data-orig-size=\"1000,662\" data-comments-opened=\"\" data-image-meta=\"{&quot;aperture&quot;:&quot;0&quot;,&quot;credit&quot;:&quot;IHA&quot;,&quot;camera&quot;:&quot;&quot;,&quot;caption&quot;:&quot;3 YIL \\u00d6NCE ANNELER\\u0130N\\u0130 KAYBEDEN VE BABALARININ DA \\u0130LG\\u0130LENMED\\u0130\\u011e\\u0130 SUDE NAZ \\u0130LE ONUR KAYA\\u0027NIN EVLER\\u0130NDE ELEKTR\\u0130KLER\\u0130 KES\\u0130LD\\u0130. MUM I\\u015eI\\u011eINDA DERS \\u00c7ALI\\u015eMAYA \\u00c7ALI\\u015eAN SUDE NAZ, YARDIM BEKL\\u0130YOR. (R\\u00dc\\u015eAN ANIL ATAR\\\/ADANA-\\u0130HA)&quot;,&quot;created_timestamp&quot;:&quot;0&quot;,&quot;copyright&quot;:&quot;\\u0130HLAS HABER AJANSI, www.iha.com.tr&quot;,&quot;focal_length&quot;:&quot;0&quot;,&quot;iso&quot;:&quot;0&quot;,&quot;shutter_speed&quot;:&quot;0&quot;,&quot;title&quot;:&quot;MUM I\\u015eI\\u011eINDA DERS \\u00c7ALI\\u015eAN SUDE NAZ\\u0027IN DRAMI ANNELER\\u0130N\\u0130 3 YIL \\u00d6NCE KAYBEDEN VE BABALARININ DA \\u0130LG\\u0130LENMED\\u0130\\u011e\\u0130 SUDE NAZ KARDE\\u015e\\u0130YLE ELEKTR\\u0130KLER\\u0130 KES\\u0130LEN EVDE AMCASININ DESTE\\u011e\\u0130YLE YA\\u015eAM M\\u00dcCADELES\\u0130 VER\\u0130YOR MUM I\\u015eI\\u011eINDA DERS \\u00c7ALI\\u015eMAK ZORUNDA KALAN SUDE NAZ: \\u0022BAZEN MUMUMUZ B\\u0130T\\u0130YOR, \\u00d6DEVLER\\u0130M\\u0130 YAPAMIYORUM. BEN\\u0130M TEK \\u0130STE\\u011e\\u0130M OKUMAK, AVUKAT OLMAK\\u0022&quot;,&quot;orientation&quot;:&quot;0&quot;}\" data-image-title=\"Mum \u0131\u015f\u0131\u011f\u0131nda ders \u00e7al\u0131\u015fan Sude Naz\u2019\u0131n dram\u0131\" data-image-description=\"&lt;p&gt;Mum \u0131\u015f\u0131\u011f\u0131nda ders \u00e7al\u0131\u015fan Sude Naz\u2019\u0131n dram\u0131&lt;\/p&gt; \" data-medium-file=\"https:\/\/i0.wp.com\/www.tvturk.com\/wp-content\/uploads\/2019\/02\/mum-isiginda-ders-calisan-sude-nazin-drami_a685d1a.jpg?fit=300%2C199\" data-large-file=\"https:\/\/i0.wp.com\/www.tvturk.com\/wp-content\/uploads\/2019\/02\/mum-isiginda-ders-calisan-sude-nazin-drami_a685d1a.jpg?fit=1000%2C662\" src=\"https:\/\/i0.wp.com\/www.tvturk.com\/wp-content\/uploads\/2019\/02\/mum-isiginda-ders-calisan-sude-nazin-drami_a685d1a.jpg?w=159&#038;h=105\" srcset=\"https:\/\/i0.wp.com\/www.tvturk.com\/wp-content\/uploads\/2019\/02\/mum-isiginda-ders-calisan-sude-nazin-drami_a685d1a.jpg?w=1000 1000w, https:\/\/i0.wp.com\/www.tvturk.com\/wp-content\/uploads\/2019\/02\/mum-isiginda-ders-calisan-sude-nazin-drami_a685d1a.jpg?resize=150%2C99 150w, https:\/\/i0.wp.com\/www.tvturk.com\/wp-content\/uploads\/2019\/02\/mum-isiginda-ders-calisan-sude-nazin-drami_a685d1a.jpg?resize=300%2C200 300w, https:\/\/i0.wp.com\/www.tvturk.com\/wp-content\/uploads\/2019\/02\/mum-isiginda-ders-calisan-sude-nazin-drami_a685d1a.jpg?resize=768%2C508 768w, https:\/\/i0.wp.com\/www.tvturk.com\/wp-content\/uploads\/2019\/02\/mum-isiginda-ders-calisan-sude-nazin-drami_a685d1a.jpg?resize=170%2C113 170w, https:\/\/i0.wp.com\/www.tvturk.com\/wp-content\/uploads\/2019\/02\/mum-isiginda-ders-calisan-sude-nazin-drami_a685d1a.jpg?resize=120%2C80 120w\" width=\"159\" height=\"105\" loading=\"lazy\" data-original-width=\"159\" data-original-height=\"105\" itemprop=\"http:\/\/schema.org\/image\" title=\"Mum \u0131\u015f\u0131\u011f\u0131nda ders \u00e7al\u0131\u015fan Sude Naz\u2019\u0131n dram\u0131\" alt=\"Mum \u0131\u015f\u0131\u011f\u0131nda ders \u00e7al\u0131\u015fan Sude Naz\u2019\u0131n dram\u0131\" style=\"width: 159px; height: 105px;\" \/> <\/a> <\/div> <div class=\"tiled-gallery-item tiled-gallery-item-small\" itemprop=\"associatedMedia\" itemscope itemtype=\"http:\/\/schema.org\/ImageObject\"> <a href=\"http:\/\/www.tvturk.com\/index.php\/mum-isiginda-ders-calisan-sude-nazin-drami\/mum-isiginda-ders-calisan-sude-nazin-drami-5\/\" border=\"0\" itemprop=\"url\"> <meta itemprop=\"width\" content=\"159\"> <meta itemprop=\"height\" content=\"111\"> <img decoding=\"async\" class=\"\" data-attachment-id=\"27418\" data-orig-file=\"http:\/\/www.tvturk.com\/wp-content\/uploads\/2019\/02\/mum-isiginda-ders-calisan-sude-nazin-drami_594975a.jpg\" data-orig-size=\"1000,696\" data-comments-opened=\"\" data-image-meta=\"{&quot;aperture&quot;:&quot;0&quot;,&quot;credit&quot;:&quot;IHA&quot;,&quot;camera&quot;:&quot;&quot;,&quot;caption&quot;:&quot;EVLER\\u0130NDE ELEKTR\\u0130KLER\\u0130 KES\\u0130LEN SUDE NAZ, \\u0022MUM I\\u015eI\\u011eINDA DERS \\u00c7ALI\\u015eMAYA \\u00c7ALI\\u015eIYORUM. BAZEN MUMUMUZ B\\u0130T\\u0130YOR, \\u00d6DEVLER\\u0130M\\u0130 YAPAMIYORUM. BEN\\u0130M TEK \\u0130STED\\u0130\\u011e\\u0130M OKUMAK\\u0022 DED\\u0130. (R\\u00dc\\u015eAN ANIL ATAR\\\/ADANA-\\u0130HA)&quot;,&quot;created_timestamp&quot;:&quot;0&quot;,&quot;copyright&quot;:&quot;\\u0130HLAS HABER AJANSI, www.iha.com.tr&quot;,&quot;focal_length&quot;:&quot;0&quot;,&quot;iso&quot;:&quot;0&quot;,&quot;shutter_speed&quot;:&quot;0&quot;,&quot;title&quot;:&quot;MUM I\\u015eI\\u011eINDA DERS \\u00c7ALI\\u015eAN SUDE NAZ\\u0027IN DRAMI ANNELER\\u0130N\\u0130 3 YIL \\u00d6NCE KAYBEDEN VE BABALARININ DA \\u0130LG\\u0130LENMED\\u0130\\u011e\\u0130 SUDE NAZ KARDE\\u015e\\u0130YLE ELEKTR\\u0130KLER\\u0130 KES\\u0130LEN EVDE AMCASININ DESTE\\u011e\\u0130YLE YA\\u015eAM M\\u00dcCADELES\\u0130 VER\\u0130YOR MUM I\\u015eI\\u011eINDA DERS \\u00c7ALI\\u015eMAK ZORUNDA KALAN SUDE NAZ: \\u0022BAZEN MUMUMUZ B\\u0130T\\u0130YOR, \\u00d6DEVLER\\u0130M\\u0130 YAPAMIYORUM. BEN\\u0130M TEK \\u0130STE\\u011e\\u0130M OKUMAK, AVUKAT OLMAK\\u0022&quot;,&quot;orientation&quot;:&quot;0&quot;}\" data-image-title=\"Mum \u0131\u015f\u0131\u011f\u0131nda ders \u00e7al\u0131\u015fan Sude Naz\u2019\u0131n dram\u0131\" data-image-description=\"&lt;p&gt;Mum \u0131\u015f\u0131\u011f\u0131nda ders \u00e7al\u0131\u015fan Sude Naz\u2019\u0131n dram\u0131&lt;\/p&gt; \" data-medium-file=\"https:\/\/i0.wp.com\/www.tvturk.com\/wp-content\/uploads\/2019\/02\/mum-isiginda-ders-calisan-sude-nazin-drami_594975a.jpg?fit=300%2C209\" data-large-file=\"https:\/\/i0.wp.com\/www.tvturk.com\/wp-content\/uploads\/2019\/02\/mum-isiginda-ders-calisan-sude-nazin-drami_594975a.jpg?fit=1000%2C696\" src=\"https:\/\/i0.wp.com\/www.tvturk.com\/wp-content\/uploads\/2019\/02\/mum-isiginda-ders-calisan-sude-nazin-drami_594975a.jpg?w=159&#038;h=111\" srcset=\"https:\/\/i0.wp.com\/www.tvturk.com\/wp-content\/uploads\/2019\/02\/mum-isiginda-ders-calisan-sude-nazin-drami_594975a.jpg?w=1000 1000w, https:\/\/i0.wp.com\/www.tvturk.com\/wp-content\/uploads\/2019\/02\/mum-isiginda-ders-calisan-sude-nazin-drami_594975a.jpg?resize=150%2C104 150w, https:\/\/i0.wp.com\/www.tvturk.com\/wp-content\/uploads\/2019\/02\/mum-isiginda-ders-calisan-sude-nazin-drami_594975a.jpg?resize=300%2C209 300w, https:\/\/i0.wp.com\/www.tvturk.com\/wp-content\/uploads\/2019\/02\/mum-isiginda-ders-calisan-sude-nazin-drami_594975a.jpg?resize=768%2C535 768w, https:\/\/i0.wp.com\/www.tvturk.com\/wp-content\/uploads\/2019\/02\/mum-isiginda-ders-calisan-sude-nazin-drami_594975a.jpg?resize=80%2C55 80w\" width=\"159\" height=\"111\" loading=\"lazy\" data-original-width=\"159\" data-original-height=\"111\" itemprop=\"http:\/\/schema.org\/image\" title=\"Mum \u0131\u015f\u0131\u011f\u0131nda ders \u00e7al\u0131\u015fan Sude Naz\u2019\u0131n dram\u0131\" alt=\"Mum \u0131\u015f\u0131\u011f\u0131nda ders \u00e7al\u0131\u015fan Sude Naz\u2019\u0131n dram\u0131\" style=\"width: 159px; height: 111px;\" \/> <\/a> <\/div> <\/div> <!-- close group --> <\/div> <!-- close row --> <div class=\"gallery-row\" style=\"width: 500px; height: 243px;\" data-original-width=\"500\" data-original-height=\"243\" > <div class=\"gallery-group images-2\" style=\"width: 170px; height: 243px;\" data-original-width=\"170\" data-original-height=\"243\" > <div class=\"tiled-gallery-item tiled-gallery-item-small\" itemprop=\"associatedMedia\" itemscope itemtype=\"http:\/\/schema.org\/ImageObject\"> <a href=\"http:\/\/www.tvturk.com\/index.php\/mum-isiginda-ders-calisan-sude-nazin-drami\/mum-isiginda-ders-calisan-sude-nazin-drami-6\/\" border=\"0\" itemprop=\"url\"> <meta itemprop=\"width\" content=\"166\"> <meta itemprop=\"height\" content=\"121\"> <img decoding=\"async\" class=\"\" data-attachment-id=\"27419\" data-orig-file=\"http:\/\/www.tvturk.com\/wp-content\/uploads\/2019\/02\/mum-isiginda-ders-calisan-sude-nazin-drami_dd2a5d9.jpg\" data-orig-size=\"1000,724\" data-comments-opened=\"\" data-image-meta=\"{&quot;aperture&quot;:&quot;0&quot;,&quot;credit&quot;:&quot;IHA&quot;,&quot;camera&quot;:&quot;&quot;,&quot;caption&quot;:&quot;EVLER\\u0130NDE ELEKTR\\u0130KLER\\u0130 KES\\u0130LEN SUDE NAZ, \\u0022MUM I\\u015eI\\u011eINDA DERS \\u00c7ALI\\u015eMAYA \\u00c7ALI\\u015eIYORUM. BAZEN MUMUMUZ B\\u0130T\\u0130YOR, \\u00d6DEVLER\\u0130M\\u0130 YAPAMIYORUM. BEN\\u0130M TEK \\u0130STED\\u0130\\u011e\\u0130M OKUMAK\\u0022 DED\\u0130. (R\\u00dc\\u015eAN ANIL ATAR\\\/ADANA-\\u0130HA)&quot;,&quot;created_timestamp&quot;:&quot;0&quot;,&quot;copyright&quot;:&quot;\\u0130HLAS HABER AJANSI, www.iha.com.tr&quot;,&quot;focal_length&quot;:&quot;0&quot;,&quot;iso&quot;:&quot;0&quot;,&quot;shutter_speed&quot;:&quot;0&quot;,&quot;title&quot;:&quot;MUM I\\u015eI\\u011eINDA DERS \\u00c7ALI\\u015eAN SUDE NAZ\\u0027IN DRAMI ANNELER\\u0130N\\u0130 3 YIL \\u00d6NCE KAYBEDEN VE BABALARININ DA \\u0130LG\\u0130LENMED\\u0130\\u011e\\u0130 SUDE NAZ KARDE\\u015e\\u0130YLE ELEKTR\\u0130KLER\\u0130 KES\\u0130LEN EVDE AMCASININ DESTE\\u011e\\u0130YLE YA\\u015eAM M\\u00dcCADELES\\u0130 VER\\u0130YOR MUM I\\u015eI\\u011eINDA DERS \\u00c7ALI\\u015eMAK ZORUNDA KALAN SUDE NAZ: \\u0022BAZEN MUMUMUZ B\\u0130T\\u0130YOR, \\u00d6DEVLER\\u0130M\\u0130 YAPAMIYORUM. BEN\\u0130M TEK \\u0130STE\\u011e\\u0130M OKUMAK, AVUKAT OLMAK\\u0022&quot;,&quot;orientation&quot;:&quot;0&quot;}\" data-image-title=\"Mum \u0131\u015f\u0131\u011f\u0131nda ders \u00e7al\u0131\u015fan Sude Naz\u2019\u0131n dram\u0131\" data-image-description=\"&lt;p&gt;Mum \u0131\u015f\u0131\u011f\u0131nda ders \u00e7al\u0131\u015fan Sude Naz\u2019\u0131n dram\u0131&lt;\/p&gt; \" data-medium-file=\"https:\/\/i0.wp.com\/www.tvturk.com\/wp-content\/uploads\/2019\/02\/mum-isiginda-ders-calisan-sude-nazin-drami_dd2a5d9.jpg?fit=300%2C217\" data-large-file=\"https:\/\/i0.wp.com\/www.tvturk.com\/wp-content\/uploads\/2019\/02\/mum-isiginda-ders-calisan-sude-nazin-drami_dd2a5d9.jpg?fit=1000%2C724\" src=\"https:\/\/i0.wp.com\/www.tvturk.com\/wp-content\/uploads\/2019\/02\/mum-isiginda-ders-calisan-sude-nazin-drami_dd2a5d9.jpg?w=166&#038;h=121\" srcset=\"https:\/\/i0.wp.com\/www.tvturk.com\/wp-content\/uploads\/2019\/02\/mum-isiginda-ders-calisan-sude-nazin-drami_dd2a5d9.jpg?w=1000 1000w, https:\/\/i0.wp.com\/www.tvturk.com\/wp-content\/uploads\/2019\/02\/mum-isiginda-ders-calisan-sude-nazin-drami_dd2a5d9.jpg?resize=150%2C109 150w, https:\/\/i0.wp.com\/www.tvturk.com\/wp-content\/uploads\/2019\/02\/mum-isiginda-ders-calisan-sude-nazin-drami_dd2a5d9.jpg?resize=300%2C217 300w, https:\/\/i0.wp.com\/www.tvturk.com\/wp-content\/uploads\/2019\/02\/mum-isiginda-ders-calisan-sude-nazin-drami_dd2a5d9.jpg?resize=768%2C556 768w\" width=\"166\" height=\"121\" loading=\"lazy\" data-original-width=\"166\" data-original-height=\"121\" itemprop=\"http:\/\/schema.org\/image\" title=\"Mum \u0131\u015f\u0131\u011f\u0131nda ders \u00e7al\u0131\u015fan Sude Naz\u2019\u0131n dram\u0131\" alt=\"Mum \u0131\u015f\u0131\u011f\u0131nda ders \u00e7al\u0131\u015fan Sude Naz\u2019\u0131n dram\u0131\" style=\"width: 166px; height: 121px;\" \/> <\/a> <\/div> <div class=\"tiled-gallery-item tiled-gallery-item-small\" itemprop=\"associatedMedia\" itemscope itemtype=\"http:\/\/schema.org\/ImageObject\"> <a href=\"http:\/\/www.tvturk.com\/index.php\/mum-isiginda-ders-calisan-sude-nazin-drami\/mum-isiginda-ders-calisan-sude-nazin-drami-7\/\" border=\"0\" itemprop=\"url\"> <meta itemprop=\"width\" content=\"166\"> <meta itemprop=\"height\" content=\"114\"> <img decoding=\"async\" class=\"\" data-attachment-id=\"27420\" data-orig-file=\"http:\/\/www.tvturk.com\/wp-content\/uploads\/2019\/02\/mum-isiginda-ders-calisan-sude-nazin-drami_ba6f3de.jpg\" data-orig-size=\"1000,687\" data-comments-opened=\"\" data-image-meta=\"{&quot;aperture&quot;:&quot;0&quot;,&quot;credit&quot;:&quot;IHA&quot;,&quot;camera&quot;:&quot;&quot;,&quot;caption&quot;:&quot;EVLER\\u0130NDE ELEKTR\\u0130KLER\\u0130 KES\\u0130LEN SUDE NAZ, \\u0022MUM I\\u015eI\\u011eINDA DERS \\u00c7ALI\\u015eMAYA \\u00c7ALI\\u015eIYORUM. BAZEN MUMUMUZ B\\u0130T\\u0130YOR, \\u00d6DEVLER\\u0130M\\u0130 YAPAMIYORUM. BEN\\u0130M TEK \\u0130STED\\u0130\\u011e\\u0130M OKUMAK\\u0022 DED\\u0130. (R\\u00dc\\u015eAN ANIL ATAR\\\/ADANA-\\u0130HA)&quot;,&quot;created_timestamp&quot;:&quot;0&quot;,&quot;copyright&quot;:&quot;\\u0130HLAS HABER AJANSI, www.iha.com.tr&quot;,&quot;focal_length&quot;:&quot;0&quot;,&quot;iso&quot;:&quot;0&quot;,&quot;shutter_speed&quot;:&quot;0&quot;,&quot;title&quot;:&quot;MUM I\\u015eI\\u011eINDA DERS \\u00c7ALI\\u015eAN SUDE NAZ\\u0027IN DRAMI ANNELER\\u0130N\\u0130 3 YIL \\u00d6NCE KAYBEDEN VE BABALARININ DA \\u0130LG\\u0130LENMED\\u0130\\u011e\\u0130 SUDE NAZ KARDE\\u015e\\u0130YLE ELEKTR\\u0130KLER\\u0130 KES\\u0130LEN EVDE AMCASININ DESTE\\u011e\\u0130YLE YA\\u015eAM M\\u00dcCADELES\\u0130 VER\\u0130YOR MUM I\\u015eI\\u011eINDA DERS \\u00c7ALI\\u015eMAK ZORUNDA KALAN SUDE NAZ: \\u0022BAZEN MUMUMUZ B\\u0130T\\u0130YOR, \\u00d6DEVLER\\u0130M\\u0130 YAPAMIYORUM. BEN\\u0130M TEK \\u0130STE\\u011e\\u0130M OKUMAK, AVUKAT OLMAK\\u0022&quot;,&quot;orientation&quot;:&quot;0&quot;}\" data-image-title=\"Mum \u0131\u015f\u0131\u011f\u0131nda ders \u00e7al\u0131\u015fan Sude Naz\u2019\u0131n dram\u0131\" data-image-description=\"&lt;p&gt;Mum \u0131\u015f\u0131\u011f\u0131nda ders \u00e7al\u0131\u015fan Sude Naz\u2019\u0131n dram\u0131&lt;\/p&gt; \" data-medium-file=\"https:\/\/i0.wp.com\/www.tvturk.com\/wp-content\/uploads\/2019\/02\/mum-isiginda-ders-calisan-sude-nazin-drami_ba6f3de.jpg?fit=300%2C206\" data-large-file=\"https:\/\/i0.wp.com\/www.tvturk.com\/wp-content\/uploads\/2019\/02\/mum-isiginda-ders-calisan-sude-nazin-drami_ba6f3de.jpg?fit=1000%2C687\" src=\"https:\/\/i0.wp.com\/www.tvturk.com\/wp-content\/uploads\/2019\/02\/mum-isiginda-ders-calisan-sude-nazin-drami_ba6f3de.jpg?w=166&#038;h=114\" srcset=\"https:\/\/i0.wp.com\/www.tvturk.com\/wp-content\/uploads\/2019\/02\/mum-isiginda-ders-calisan-sude-nazin-drami_ba6f3de.jpg?w=1000 1000w, https:\/\/i0.wp.com\/www.tvturk.com\/wp-content\/uploads\/2019\/02\/mum-isiginda-ders-calisan-sude-nazin-drami_ba6f3de.jpg?resize=150%2C103 150w, https:\/\/i0.wp.com\/www.tvturk.com\/wp-content\/uploads\/2019\/02\/mum-isiginda-ders-calisan-sude-nazin-drami_ba6f3de.jpg?resize=300%2C206 300w, https:\/\/i0.wp.com\/www.tvturk.com\/wp-content\/uploads\/2019\/02\/mum-isiginda-ders-calisan-sude-nazin-drami_ba6f3de.jpg?resize=768%2C528 768w, https:\/\/i0.wp.com\/www.tvturk.com\/wp-content\/uploads\/2019\/02\/mum-isiginda-ders-calisan-sude-nazin-drami_ba6f3de.jpg?resize=80%2C55 80w\" width=\"166\" height=\"114\" loading=\"lazy\" data-original-width=\"166\" data-original-height=\"114\" itemprop=\"http:\/\/schema.org\/image\" title=\"Mum \u0131\u015f\u0131\u011f\u0131nda ders \u00e7al\u0131\u015fan Sude Naz\u2019\u0131n dram\u0131\" alt=\"Mum \u0131\u015f\u0131\u011f\u0131nda ders \u00e7al\u0131\u015fan Sude Naz\u2019\u0131n dram\u0131\" style=\"width: 166px; height: 114px;\" \/> <\/a> <\/div> <\/div> <!-- close group --> <div class=\"gallery-group images-1\" style=\"width: 330px; height: 243px;\" data-original-width=\"330\" data-original-height=\"243\" > <div class=\"tiled-gallery-item tiled-gallery-item-large\" itemprop=\"associatedMedia\" itemscope itemtype=\"http:\/\/schema.org\/ImageObject\"> <a href=\"http:\/\/www.tvturk.com\/index.php\/mum-isiginda-ders-calisan-sude-nazin-drami\/mum-isiginda-ders-calisan-sude-nazin-drami-8\/\" border=\"0\" itemprop=\"url\"> <meta itemprop=\"width\" content=\"326\"> <meta itemprop=\"height\" content=\"239\"> <img decoding=\"async\" class=\"\" data-attachment-id=\"27421\" data-orig-file=\"http:\/\/www.tvturk.com\/wp-content\/uploads\/2019\/02\/mum-isiginda-ders-calisan-sude-nazin-drami_71a78ce.jpg\" data-orig-size=\"1000,733\" data-comments-opened=\"\" data-image-meta=\"{&quot;aperture&quot;:&quot;0&quot;,&quot;credit&quot;:&quot;IHA&quot;,&quot;camera&quot;:&quot;&quot;,&quot;caption&quot;:&quot;3 YIL \\u00d6NCE ANNELER\\u0130N\\u0130 KAYBEDEN VE BABALARININ DA \\u0130LG\\u0130LENMED\\u0130\\u011e\\u0130 SUDE NAZ \\u0130LE ONUR KAYA\\u0027NIN EVLER\\u0130NDE ELEKTR\\u0130KLER\\u0130 KES\\u0130LD\\u0130. MUM I\\u015eI\\u011eINDA DERS \\u00c7ALI\\u015eMAYA \\u00c7ALI\\u015eAN SUDE NAZ, YARDIM BEKL\\u0130YOR. (R\\u00dc\\u015eAN ANIL ATAR\\\/ADANA-\\u0130HA)&quot;,&quot;created_timestamp&quot;:&quot;0&quot;,&quot;copyright&quot;:&quot;\\u0130HLAS HABER AJANSI, www.iha.com.tr&quot;,&quot;focal_length&quot;:&quot;0&quot;,&quot;iso&quot;:&quot;0&quot;,&quot;shutter_speed&quot;:&quot;0&quot;,&quot;title&quot;:&quot;MUM I\\u015eI\\u011eINDA DERS \\u00c7ALI\\u015eAN SUDE NAZ\\u0027IN DRAMI ANNELER\\u0130N\\u0130 3 YIL \\u00d6NCE KAYBEDEN VE BABALARININ DA \\u0130LG\\u0130LENMED\\u0130\\u011e\\u0130 SUDE NAZ KARDE\\u015e\\u0130YLE ELEKTR\\u0130KLER\\u0130 KES\\u0130LEN EVDE AMCASININ DESTE\\u011e\\u0130YLE YA\\u015eAM M\\u00dcCADELES\\u0130 VER\\u0130YOR MUM I\\u015eI\\u011eINDA DERS \\u00c7ALI\\u015eMAK ZORUNDA KALAN SUDE NAZ: \\u0022BAZEN MUMUMUZ B\\u0130T\\u0130YOR, \\u00d6DEVLER\\u0130M\\u0130 YAPAMIYORUM. BEN\\u0130M TEK \\u0130STE\\u011e\\u0130M OKUMAK, AVUKAT OLMAK\\u0022&quot;,&quot;orientation&quot;:&quot;0&quot;}\" data-image-title=\"Mum \u0131\u015f\u0131\u011f\u0131nda ders \u00e7al\u0131\u015fan Sude Naz\u2019\u0131n dram\u0131\" data-image-description=\"&lt;p&gt;Mum \u0131\u015f\u0131\u011f\u0131nda ders \u00e7al\u0131\u015fan Sude Naz\u2019\u0131n dram\u0131&lt;\/p&gt; \" data-medium-file=\"https:\/\/i0.wp.com\/www.tvturk.com\/wp-content\/uploads\/2019\/02\/mum-isiginda-ders-calisan-sude-nazin-drami_71a78ce.jpg?fit=300%2C220\" data-large-file=\"https:\/\/i0.wp.com\/www.tvturk.com\/wp-content\/uploads\/2019\/02\/mum-isiginda-ders-calisan-sude-nazin-drami_71a78ce.jpg?fit=1000%2C733\" src=\"https:\/\/i0.wp.com\/www.tvturk.com\/wp-content\/uploads\/2019\/02\/mum-isiginda-ders-calisan-sude-nazin-drami_71a78ce.jpg?w=326&#038;h=239\" srcset=\"https:\/\/i0.wp.com\/www.tvturk.com\/wp-content\/uploads\/2019\/02\/mum-isiginda-ders-calisan-sude-nazin-drami_71a78ce.jpg?w=1000 1000w, https:\/\/i0.wp.com\/www.tvturk.com\/wp-content\/uploads\/2019\/02\/mum-isiginda-ders-calisan-sude-nazin-drami_71a78ce.jpg?resize=150%2C110 150w, https:\/\/i0.wp.com\/www.tvturk.com\/wp-content\/uploads\/2019\/02\/mum-isiginda-ders-calisan-sude-nazin-drami_71a78ce.jpg?resize=300%2C220 300w, https:\/\/i0.wp.com\/www.tvturk.com\/wp-content\/uploads\/2019\/02\/mum-isiginda-ders-calisan-sude-nazin-drami_71a78ce.jpg?resize=768%2C563 768w\" width=\"326\" height=\"239\" loading=\"lazy\" data-original-width=\"326\" data-original-height=\"239\" itemprop=\"http:\/\/schema.org\/image\" title=\"Mum \u0131\u015f\u0131\u011f\u0131nda ders \u00e7al\u0131\u015fan Sude Naz\u2019\u0131n dram\u0131\" alt=\"Mum \u0131\u015f\u0131\u011f\u0131nda ders \u00e7al\u0131\u015fan Sude Naz\u2019\u0131n dram\u0131\" style=\"width: 326px; height: 239px;\" \/> <\/a> <\/div> <\/div> <!-- close group --> <\/div> <!-- close row --> <div class=\"gallery-row\" style=\"width: 500px; height: 112px;\" data-original-width=\"500\" data-original-height=\"112\" > <div class=\"gallery-group images-1\" style=\"width: 167px; height: 112px;\" data-original-width=\"167\" data-original-height=\"112\" > <div class=\"tiled-gallery-item tiled-gallery-item-small\" itemprop=\"associatedMedia\" itemscope itemtype=\"http:\/\/schema.org\/ImageObject\"> <a href=\"http:\/\/www.tvturk.com\/index.php\/mum-isiginda-ders-calisan-sude-nazin-drami\/mum-isiginda-ders-calisan-sude-nazin-drami-9\/\" border=\"0\" itemprop=\"url\"> <meta itemprop=\"width\" content=\"163\"> <meta itemprop=\"height\" content=\"108\"> <img decoding=\"async\" class=\"\" data-attachment-id=\"27422\" data-orig-file=\"http:\/\/www.tvturk.com\/wp-content\/uploads\/2019\/02\/mum-isiginda-ders-calisan-sude-nazin-drami_05fc8db.jpg\" data-orig-size=\"1000,662\" data-comments-opened=\"\" data-image-meta=\"{&quot;aperture&quot;:&quot;0&quot;,&quot;credit&quot;:&quot;IHA&quot;,&quot;camera&quot;:&quot;&quot;,&quot;caption&quot;:&quot;3 YIL \\u00d6NCE ANNELER\\u0130N\\u0130 KAYBEDEN VE BABALARININ DA \\u0130LG\\u0130LENMED\\u0130\\u011e\\u0130 SUDE NAZ \\u0130LE ONUR KAYA\\u0027NIN EVLER\\u0130NDE ELEKTR\\u0130KLER\\u0130 KES\\u0130LD\\u0130. MUM I\\u015eI\\u011eINDA DERS \\u00c7ALI\\u015eMAYA \\u00c7ALI\\u015eAN SUDE NAZ, YARDIM BEKL\\u0130YOR. (R\\u00dc\\u015eAN ANIL ATAR\\\/ADANA-\\u0130HA)&quot;,&quot;created_timestamp&quot;:&quot;0&quot;,&quot;copyright&quot;:&quot;\\u0130HLAS HABER AJANSI, www.iha.com.tr&quot;,&quot;focal_length&quot;:&quot;0&quot;,&quot;iso&quot;:&quot;0&quot;,&quot;shutter_speed&quot;:&quot;0&quot;,&quot;title&quot;:&quot;MUM I\\u015eI\\u011eINDA DERS \\u00c7ALI\\u015eAN SUDE NAZ\\u0027IN DRAMI ANNELER\\u0130N\\u0130 3 YIL \\u00d6NCE KAYBEDEN VE BABALARININ DA \\u0130LG\\u0130LENMED\\u0130\\u011e\\u0130 SUDE NAZ KARDE\\u015e\\u0130YLE ELEKTR\\u0130KLER\\u0130 KES\\u0130LEN EVDE AMCASININ DESTE\\u011e\\u0130YLE YA\\u015eAM M\\u00dcCADELES\\u0130 VER\\u0130YOR MUM I\\u015eI\\u011eINDA DERS \\u00c7ALI\\u015eMAK ZORUNDA KALAN SUDE NAZ: \\u0022BAZEN MUMUMUZ B\\u0130T\\u0130YOR, \\u00d6DEVLER\\u0130M\\u0130 YAPAMIYORUM. BEN\\u0130M TEK \\u0130STE\\u011e\\u0130M OKUMAK, AVUKAT OLMAK\\u0022&quot;,&quot;orientation&quot;:&quot;0&quot;}\" data-image-title=\"Mum \u0131\u015f\u0131\u011f\u0131nda ders \u00e7al\u0131\u015fan Sude Naz\u2019\u0131n dram\u0131\" data-image-description=\"&lt;p&gt;Mum \u0131\u015f\u0131\u011f\u0131nda ders \u00e7al\u0131\u015fan Sude Naz\u2019\u0131n dram\u0131&lt;\/p&gt; \" data-medium-file=\"https:\/\/i0.wp.com\/www.tvturk.com\/wp-content\/uploads\/2019\/02\/mum-isiginda-ders-calisan-sude-nazin-drami_05fc8db.jpg?fit=300%2C199\" data-large-file=\"https:\/\/i0.wp.com\/www.tvturk.com\/wp-content\/uploads\/2019\/02\/mum-isiginda-ders-calisan-sude-nazin-drami_05fc8db.jpg?fit=1000%2C662\" src=\"https:\/\/i0.wp.com\/www.tvturk.com\/wp-content\/uploads\/2019\/02\/mum-isiginda-ders-calisan-sude-nazin-drami_05fc8db.jpg?w=163&#038;h=108\" srcset=\"https:\/\/i0.wp.com\/www.tvturk.com\/wp-content\/uploads\/2019\/02\/mum-isiginda-ders-calisan-sude-nazin-drami_05fc8db.jpg?w=1000 1000w, https:\/\/i0.wp.com\/www.tvturk.com\/wp-content\/uploads\/2019\/02\/mum-isiginda-ders-calisan-sude-nazin-drami_05fc8db.jpg?resize=150%2C99 150w, https:\/\/i0.wp.com\/www.tvturk.com\/wp-content\/uploads\/2019\/02\/mum-isiginda-ders-calisan-sude-nazin-drami_05fc8db.jpg?resize=300%2C200 300w, https:\/\/i0.wp.com\/www.tvturk.com\/wp-content\/uploads\/2019\/02\/mum-isiginda-ders-calisan-sude-nazin-drami_05fc8db.jpg?resize=768%2C508 768w, https:\/\/i0.wp.com\/www.tvturk.com\/wp-content\/uploads\/2019\/02\/mum-isiginda-ders-calisan-sude-nazin-drami_05fc8db.jpg?resize=170%2C113 170w, https:\/\/i0.wp.com\/www.tvturk.com\/wp-content\/uploads\/2019\/02\/mum-isiginda-ders-calisan-sude-nazin-drami_05fc8db.jpg?resize=120%2C80 120w\" width=\"163\" height=\"108\" loading=\"lazy\" data-original-width=\"163\" data-original-height=\"108\" itemprop=\"http:\/\/schema.org\/image\" title=\"Mum \u0131\u015f\u0131\u011f\u0131nda ders \u00e7al\u0131\u015fan Sude Naz\u2019\u0131n dram\u0131\" alt=\"Mum \u0131\u015f\u0131\u011f\u0131nda ders \u00e7al\u0131\u015fan Sude Naz\u2019\u0131n dram\u0131\" style=\"width: 163px; height: 108px;\" \/> <\/a> <\/div> <\/div> <!-- close group --> <div class=\"gallery-group images-1\" style=\"width: 167px; height: 112px;\" data-original-width=\"167\" data-original-height=\"112\" > <div class=\"tiled-gallery-item tiled-gallery-item-small\" itemprop=\"associatedMedia\" itemscope itemtype=\"http:\/\/schema.org\/ImageObject\"> <a href=\"http:\/\/www.tvturk.com\/index.php\/mum-isiginda-ders-calisan-sude-nazin-drami\/mum-isiginda-ders-calisan-sude-nazin-drami-10\/\" border=\"0\" itemprop=\"url\"> <meta itemprop=\"width\" content=\"163\"> <meta itemprop=\"height\" content=\"108\"> <img decoding=\"async\" class=\"\" data-attachment-id=\"27423\" data-orig-file=\"http:\/\/www.tvturk.com\/wp-content\/uploads\/2019\/02\/mum-isiginda-ders-calisan-sude-nazin-drami_1a19e9e.jpg\" data-orig-size=\"1000,662\" data-comments-opened=\"\" data-image-meta=\"{&quot;aperture&quot;:&quot;0&quot;,&quot;credit&quot;:&quot;IHA&quot;,&quot;camera&quot;:&quot;&quot;,&quot;caption&quot;:&quot;3 YIL \\u00d6NCE ANNELER\\u0130N\\u0130 KAYBEDEN VE BABALARININ DA \\u0130LG\\u0130LENMED\\u0130\\u011e\\u0130 SUDE NAZ \\u0130LE ONUR KAYA\\u0027NIN EVLER\\u0130NDE ELEKTR\\u0130KLER\\u0130 KES\\u0130LD\\u0130. MUM I\\u015eI\\u011eINDA DERS \\u00c7ALI\\u015eMAYA \\u00c7ALI\\u015eAN SUDE NAZ, YARDIM BEKL\\u0130YOR. (R\\u00dc\\u015eAN ANIL ATAR\\\/ADANA-\\u0130HA)&quot;,&quot;created_timestamp&quot;:&quot;0&quot;,&quot;copyright&quot;:&quot;\\u0130HLAS HABER AJANSI, www.iha.com.tr&quot;,&quot;focal_length&quot;:&quot;0&quot;,&quot;iso&quot;:&quot;0&quot;,&quot;shutter_speed&quot;:&quot;0&quot;,&quot;title&quot;:&quot;MUM I\\u015eI\\u011eINDA DERS \\u00c7ALI\\u015eAN SUDE NAZ\\u0027IN DRAMI ANNELER\\u0130N\\u0130 3 YIL \\u00d6NCE KAYBEDEN VE BABALARININ DA \\u0130LG\\u0130LENMED\\u0130\\u011e\\u0130 SUDE NAZ KARDE\\u015e\\u0130YLE ELEKTR\\u0130KLER\\u0130 KES\\u0130LEN EVDE AMCASININ DESTE\\u011e\\u0130YLE YA\\u015eAM M\\u00dcCADELES\\u0130 VER\\u0130YOR MUM I\\u015eI\\u011eINDA DERS \\u00c7ALI\\u015eMAK ZORUNDA KALAN SUDE NAZ: \\u0022BAZEN MUMUMUZ B\\u0130T\\u0130YOR, \\u00d6DEVLER\\u0130M\\u0130 YAPAMIYORUM. BEN\\u0130M TEK \\u0130STE\\u011e\\u0130M OKUMAK, AVUKAT OLMAK\\u0022&quot;,&quot;orientation&quot;:&quot;0&quot;}\" data-image-title=\"Mum \u0131\u015f\u0131\u011f\u0131nda ders \u00e7al\u0131\u015fan Sude Naz\u2019\u0131n dram\u0131\" data-image-description=\"&lt;p&gt;Mum \u0131\u015f\u0131\u011f\u0131nda ders \u00e7al\u0131\u015fan Sude Naz\u2019\u0131n dram\u0131&lt;\/p&gt; \" data-medium-file=\"https:\/\/i0.wp.com\/www.tvturk.com\/wp-content\/uploads\/2019\/02\/mum-isiginda-ders-calisan-sude-nazin-drami_1a19e9e.jpg?fit=300%2C199\" data-large-file=\"https:\/\/i0.wp.com\/www.tvturk.com\/wp-content\/uploads\/2019\/02\/mum-isiginda-ders-calisan-sude-nazin-drami_1a19e9e.jpg?fit=1000%2C662\" src=\"https:\/\/i0.wp.com\/www.tvturk.com\/wp-content\/uploads\/2019\/02\/mum-isiginda-ders-calisan-sude-nazin-drami_1a19e9e.jpg?w=163&#038;h=108\" srcset=\"https:\/\/i0.wp.com\/www.tvturk.com\/wp-content\/uploads\/2019\/02\/mum-isiginda-ders-calisan-sude-nazin-drami_1a19e9e.jpg?w=1000 1000w, https:\/\/i0.wp.com\/www.tvturk.com\/wp-content\/uploads\/2019\/02\/mum-isiginda-ders-calisan-sude-nazin-drami_1a19e9e.jpg?resize=150%2C99 150w, https:\/\/i0.wp.com\/www.tvturk.com\/wp-content\/uploads\/2019\/02\/mum-isiginda-ders-calisan-sude-nazin-drami_1a19e9e.jpg?resize=300%2C200 300w, https:\/\/i0.wp.com\/www.tvturk.com\/wp-content\/uploads\/2019\/02\/mum-isiginda-ders-calisan-sude-nazin-drami_1a19e9e.jpg?resize=768%2C508 768w, https:\/\/i0.wp.com\/www.tvturk.com\/wp-content\/uploads\/2019\/02\/mum-isiginda-ders-calisan-sude-nazin-drami_1a19e9e.jpg?resize=170%2C113 170w, https:\/\/i0.wp.com\/www.tvturk.com\/wp-content\/uploads\/2019\/02\/mum-isiginda-ders-calisan-sude-nazin-drami_1a19e9e.jpg?resize=120%2C80 120w\" width=\"163\" height=\"108\" loading=\"lazy\" data-original-width=\"163\" data-original-height=\"108\" itemprop=\"http:\/\/schema.org\/image\" title=\"Mum \u0131\u015f\u0131\u011f\u0131nda ders \u00e7al\u0131\u015fan Sude Naz\u2019\u0131n dram\u0131\" alt=\"Mum \u0131\u015f\u0131\u011f\u0131nda ders \u00e7al\u0131\u015fan Sude Naz\u2019\u0131n dram\u0131\" style=\"width: 163px; height: 108px;\" \/> <\/a> <\/div> <\/div> <!-- close group --> <div class=\"gallery-group images-1\" style=\"width: 166px; height: 112px;\" data-original-width=\"166\" data-original-height=\"112\" > <div class=\"tiled-gallery-item tiled-gallery-item-small\" itemprop=\"associatedMedia\" itemscope itemtype=\"http:\/\/schema.org\/ImageObject\"> <a href=\"http:\/\/www.tvturk.com\/index.php\/mum-isiginda-ders-calisan-sude-nazin-drami\/mum-isiginda-ders-calisan-sude-nazin-drami-11\/\" border=\"0\" itemprop=\"url\"> <meta itemprop=\"width\" content=\"162\"> <meta itemprop=\"height\" content=\"108\"> <img decoding=\"async\" class=\"\" data-attachment-id=\"27424\" data-orig-file=\"http:\/\/www.tvturk.com\/wp-content\/uploads\/2019\/02\/mum-isiginda-ders-calisan-sude-nazin-drami_6702c95.jpg\" data-orig-size=\"1000,662\" data-comments-opened=\"\" data-image-meta=\"{&quot;aperture&quot;:&quot;0&quot;,&quot;credit&quot;:&quot;IHA&quot;,&quot;camera&quot;:&quot;&quot;,&quot;caption&quot;:&quot;3 YIL \\u00d6NCE ANNELER\\u0130N\\u0130 KAYBEDEN VE BABALARININ DA \\u0130LG\\u0130LENMED\\u0130\\u011e\\u0130 SUDE NAZ \\u0130LE ONUR KAYA\\u0027NIN EVLER\\u0130NDE ELEKTR\\u0130KLER\\u0130 KES\\u0130LD\\u0130. MUM I\\u015eI\\u011eINDA DERS \\u00c7ALI\\u015eMAYA \\u00c7ALI\\u015eAN SUDE NAZ, YARDIM BEKL\\u0130YOR. (R\\u00dc\\u015eAN ANIL ATAR\\\/ADANA-\\u0130HA)&quot;,&quot;created_timestamp&quot;:&quot;0&quot;,&quot;copyright&quot;:&quot;\\u0130HLAS HABER AJANSI, www.iha.com.tr&quot;,&quot;focal_length&quot;:&quot;0&quot;,&quot;iso&quot;:&quot;0&quot;,&quot;shutter_speed&quot;:&quot;0&quot;,&quot;title&quot;:&quot;MUM I\\u015eI\\u011eINDA DERS \\u00c7ALI\\u015eAN SUDE NAZ\\u0027IN DRAMI ANNELER\\u0130N\\u0130 3 YIL \\u00d6NCE KAYBEDEN VE BABALARININ DA \\u0130LG\\u0130LENMED\\u0130\\u011e\\u0130 SUDE NAZ KARDE\\u015e\\u0130YLE ELEKTR\\u0130KLER\\u0130 KES\\u0130LEN EVDE AMCASININ DESTE\\u011e\\u0130YLE YA\\u015eAM M\\u00dcCADELES\\u0130 VER\\u0130YOR MUM I\\u015eI\\u011eINDA DERS \\u00c7ALI\\u015eMAK ZORUNDA KALAN SUDE NAZ: \\u0022BAZEN MUMUMUZ B\\u0130T\\u0130YOR, \\u00d6DEVLER\\u0130M\\u0130 YAPAMIYORUM. BEN\\u0130M TEK \\u0130STE\\u011e\\u0130M OKUMAK, AVUKAT OLMAK\\u0022&quot;,&quot;orientation&quot;:&quot;0&quot;}\" data-image-title=\"Mum \u0131\u015f\u0131\u011f\u0131nda ders \u00e7al\u0131\u015fan Sude Naz\u2019\u0131n dram\u0131\" data-image-description=\"&lt;p&gt;Mum \u0131\u015f\u0131\u011f\u0131nda ders \u00e7al\u0131\u015fan Sude Naz\u2019\u0131n dram\u0131&lt;\/p&gt; \" data-medium-file=\"https:\/\/i0.wp.com\/www.tvturk.com\/wp-content\/uploads\/2019\/02\/mum-isiginda-ders-calisan-sude-nazin-drami_6702c95.jpg?fit=300%2C199\" data-large-file=\"https:\/\/i0.wp.com\/www.tvturk.com\/wp-content\/uploads\/2019\/02\/mum-isiginda-ders-calisan-sude-nazin-drami_6702c95.jpg?fit=1000%2C662\" src=\"https:\/\/i0.wp.com\/www.tvturk.com\/wp-content\/uploads\/2019\/02\/mum-isiginda-ders-calisan-sude-nazin-drami_6702c95.jpg?w=162&#038;h=108\" srcset=\"https:\/\/i0.wp.com\/www.tvturk.com\/wp-content\/uploads\/2019\/02\/mum-isiginda-ders-calisan-sude-nazin-drami_6702c95.jpg?w=1000 1000w, https:\/\/i0.wp.com\/www.tvturk.com\/wp-content\/uploads\/2019\/02\/mum-isiginda-ders-calisan-sude-nazin-drami_6702c95.jpg?resize=150%2C99 150w, https:\/\/i0.wp.com\/www.tvturk.com\/wp-content\/uploads\/2019\/02\/mum-isiginda-ders-calisan-sude-nazin-drami_6702c95.jpg?resize=300%2C200 300w, https:\/\/i0.wp.com\/www.tvturk.com\/wp-content\/uploads\/2019\/02\/mum-isiginda-ders-calisan-sude-nazin-drami_6702c95.jpg?resize=768%2C508 768w, https:\/\/i0.wp.com\/www.tvturk.com\/wp-content\/uploads\/2019\/02\/mum-isiginda-ders-calisan-sude-nazin-drami_6702c95.jpg?resize=170%2C113 170w, https:\/\/i0.wp.com\/www.tvturk.com\/wp-content\/uploads\/2019\/02\/mum-isiginda-ders-calisan-sude-nazin-drami_6702c95.jpg?resize=120%2C80 120w\" width=\"162\" height=\"108\" loading=\"lazy\" data-original-width=\"162\" data-original-height=\"108\" itemprop=\"http:\/\/schema.org\/image\" title=\"Mum \u0131\u015f\u0131\u011f\u0131nda ders \u00e7al\u0131\u015fan Sude Naz\u2019\u0131n dram\u0131\" alt=\"Mum \u0131\u015f\u0131\u011f\u0131nda ders \u00e7al\u0131\u015fan Sude Naz\u2019\u0131n dram\u0131\" style=\"width: 162px; height: 108px;\" \/> <\/a> <\/div> <\/div> <!-- close group --> <\/div> <!-- close row --> <div class=\"gallery-row\" style=\"width: 500px; height: 230px;\" data-original-width=\"500\" data-original-height=\"230\" > <div class=\"gallery-group images-1\" style=\"width: 346px; height: 230px;\" data-original-width=\"346\" data-original-height=\"230\" > <div class=\"tiled-gallery-item tiled-gallery-item-large\" itemprop=\"associatedMedia\" itemscope itemtype=\"http:\/\/schema.org\/ImageObject\"> <a href=\"http:\/\/www.tvturk.com\/index.php\/mum-isiginda-ders-calisan-sude-nazin-drami\/mum-isiginda-ders-calisan-sude-nazin-drami-12\/\" border=\"0\" itemprop=\"url\"> <meta itemprop=\"width\" content=\"342\"> <meta itemprop=\"height\" content=\"226\"> <img decoding=\"async\" class=\"\" data-attachment-id=\"27425\" data-orig-file=\"http:\/\/www.tvturk.com\/wp-content\/uploads\/2019\/02\/mum-isiginda-ders-calisan-sude-nazin-drami_76c8e72.jpg\" data-orig-size=\"1000,662\" data-comments-opened=\"\" data-image-meta=\"{&quot;aperture&quot;:&quot;0&quot;,&quot;credit&quot;:&quot;IHA&quot;,&quot;camera&quot;:&quot;&quot;,&quot;caption&quot;:&quot;AMCA Y\\u00dcCEL KAYA, \\u0022B\\u0130ZDEN BA\\u015eKA \\u0130LG\\u0130LENEN K\\u0130MSE YOK. BEN\\u0130M DE 2 TANE \\u00c7OCU\\u011eUM VAR, \\u0130\\u015eS\\u0130Z\\u0130M AMA ONLAR BEN\\u0130M YE\\u011eEN\\u0130M, SOKA\\u011eA ATAMAM. EL\\u0130MDEN GELD\\u0130\\u011e\\u0130NCE BEN \\u0130LG\\u0130LENMEYE \\u00c7ALI\\u015eIYORUM\\u0022 DED\\u0130. (R\\u00dc\\u015eAN ANIL ATAR\\\/ADANA-\\u0130HA)&quot;,&quot;created_timestamp&quot;:&quot;0&quot;,&quot;copyright&quot;:&quot;\\u0130HLAS HABER AJANSI, www.iha.com.tr&quot;,&quot;focal_length&quot;:&quot;0&quot;,&quot;iso&quot;:&quot;0&quot;,&quot;shutter_speed&quot;:&quot;0&quot;,&quot;title&quot;:&quot;MUM I\\u015eI\\u011eINDA DERS \\u00c7ALI\\u015eAN SUDE NAZ\\u0027IN DRAMI ANNELER\\u0130N\\u0130 3 YIL \\u00d6NCE KAYBEDEN VE BABALARININ DA \\u0130LG\\u0130LENMED\\u0130\\u011e\\u0130 SUDE NAZ KARDE\\u015e\\u0130YLE ELEKTR\\u0130KLER\\u0130 KES\\u0130LEN EVDE AMCASININ DESTE\\u011e\\u0130YLE YA\\u015eAM M\\u00dcCADELES\\u0130 VER\\u0130YOR MUM I\\u015eI\\u011eINDA DERS \\u00c7ALI\\u015eMAK ZORUNDA KALAN SUDE NAZ: \\u0022BAZEN MUMUMUZ B\\u0130T\\u0130YOR, \\u00d6DEVLER\\u0130M\\u0130 YAPAMIYORUM. BEN\\u0130M TEK \\u0130STE\\u011e\\u0130M OKUMAK, AVUKAT OLMAK\\u0022&quot;,&quot;orientation&quot;:&quot;0&quot;}\" data-image-title=\"Mum \u0131\u015f\u0131\u011f\u0131nda ders \u00e7al\u0131\u015fan Sude Naz\u2019\u0131n dram\u0131\" data-image-description=\"&lt;p&gt;Mum \u0131\u015f\u0131\u011f\u0131nda ders \u00e7al\u0131\u015fan Sude Naz\u2019\u0131n dram\u0131&lt;\/p&gt; \" data-medium-file=\"https:\/\/i0.wp.com\/www.tvturk.com\/wp-content\/uploads\/2019\/02\/mum-isiginda-ders-calisan-sude-nazin-drami_76c8e72.jpg?fit=300%2C199\" data-large-file=\"https:\/\/i0.wp.com\/www.tvturk.com\/wp-content\/uploads\/2019\/02\/mum-isiginda-ders-calisan-sude-nazin-drami_76c8e72.jpg?fit=1000%2C662\" src=\"https:\/\/i0.wp.com\/www.tvturk.com\/wp-content\/uploads\/2019\/02\/mum-isiginda-ders-calisan-sude-nazin-drami_76c8e72.jpg?w=342&#038;h=226\" srcset=\"https:\/\/i0.wp.com\/www.tvturk.com\/wp-content\/uploads\/2019\/02\/mum-isiginda-ders-calisan-sude-nazin-drami_76c8e72.jpg?w=1000 1000w, https:\/\/i0.wp.com\/www.tvturk.com\/wp-content\/uploads\/2019\/02\/mum-isiginda-ders-calisan-sude-nazin-drami_76c8e72.jpg?resize=150%2C99 150w, https:\/\/i0.wp.com\/www.tvturk.com\/wp-content\/uploads\/2019\/02\/mum-isiginda-ders-calisan-sude-nazin-drami_76c8e72.jpg?resize=300%2C199 300w, https:\/\/i0.wp.com\/www.tvturk.com\/wp-content\/uploads\/2019\/02\/mum-isiginda-ders-calisan-sude-nazin-drami_76c8e72.jpg?resize=768%2C508 768w, https:\/\/i0.wp.com\/www.tvturk.com\/wp-content\/uploads\/2019\/02\/mum-isiginda-ders-calisan-sude-nazin-drami_76c8e72.jpg?resize=170%2C113 170w, https:\/\/i0.wp.com\/www.tvturk.com\/wp-content\/uploads\/2019\/02\/mum-isiginda-ders-calisan-sude-nazin-drami_76c8e72.jpg?resize=120%2C80 120w\" width=\"342\" height=\"226\" loading=\"lazy\" data-original-width=\"342\" data-original-height=\"226\" itemprop=\"http:\/\/schema.org\/image\" title=\"Mum \u0131\u015f\u0131\u011f\u0131nda ders \u00e7al\u0131\u015fan Sude Naz\u2019\u0131n dram\u0131\" alt=\"Mum \u0131\u015f\u0131\u011f\u0131nda ders \u00e7al\u0131\u015fan Sude Naz\u2019\u0131n dram\u0131\" style=\"width: 342px; height: 226px;\" \/> <\/a> <\/div> <\/div> <!-- close group --> <div class=\"gallery-group images-1\" style=\"width: 154px; height: 230px;\" data-original-width=\"154\" data-original-height=\"230\" > <div class=\"tiled-gallery-item tiled-gallery-item-small\" itemprop=\"associatedMedia\" itemscope itemtype=\"http:\/\/schema.org\/ImageObject\"> <a href=\"http:\/\/www.tvturk.com\/index.php\/mum-isiginda-ders-calisan-sude-nazin-drami\/mum-isiginda-ders-calisan-sude-nazin-drami-13\/\" border=\"0\" itemprop=\"url\"> <meta itemprop=\"width\" content=\"150\"> <meta itemprop=\"height\" content=\"226\"> <img decoding=\"async\" class=\"\" data-attachment-id=\"27426\" data-orig-file=\"http:\/\/www.tvturk.com\/wp-content\/uploads\/2019\/02\/mum-isiginda-ders-calisan-sude-nazin-drami_1bce93e.jpg\" data-orig-size=\"662,1000\" data-comments-opened=\"\" data-image-meta=\"{&quot;aperture&quot;:&quot;0&quot;,&quot;credit&quot;:&quot;IHA&quot;,&quot;camera&quot;:&quot;&quot;,&quot;caption&quot;:&quot;3 YIL \\u00d6NCE ANNELER\\u0130N\\u0130 KAYBEDEN VE BABALARININ DA \\u0130LG\\u0130LENMED\\u0130\\u011e\\u0130 SUDE NAZ \\u0130LE ONUR KAYA\\u0027NIN EVLER\\u0130NDE ELEKTR\\u0130KLER\\u0130 KES\\u0130LD\\u0130. MUM I\\u015eI\\u011eINDA DERS \\u00c7ALI\\u015eMAYA \\u00c7ALI\\u015eAN SUDE NAZ, YARDIM BEKL\\u0130YOR. (R\\u00dc\\u015eAN ANIL ATAR\\\/ADANA-\\u0130HA)&quot;,&quot;created_timestamp&quot;:&quot;0&quot;,&quot;copyright&quot;:&quot;\\u0130HLAS HABER AJANSI, www.iha.com.tr&quot;,&quot;focal_length&quot;:&quot;0&quot;,&quot;iso&quot;:&quot;0&quot;,&quot;shutter_speed&quot;:&quot;0&quot;,&quot;title&quot;:&quot;MUM I\\u015eI\\u011eINDA DERS \\u00c7ALI\\u015eAN SUDE NAZ\\u0027IN DRAMI ANNELER\\u0130N\\u0130 3 YIL \\u00d6NCE KAYBEDEN VE BABALARININ DA \\u0130LG\\u0130LENMED\\u0130\\u011e\\u0130 SUDE NAZ KARDE\\u015e\\u0130YLE ELEKTR\\u0130KLER\\u0130 KES\\u0130LEN EVDE AMCASININ DESTE\\u011e\\u0130YLE YA\\u015eAM M\\u00dcCADELES\\u0130 VER\\u0130YOR MUM I\\u015eI\\u011eINDA DERS \\u00c7ALI\\u015eMAK ZORUNDA KALAN SUDE NAZ: \\u0022BAZEN MUMUMUZ B\\u0130T\\u0130YOR, \\u00d6DEVLER\\u0130M\\u0130 YAPAMIYORUM. BEN\\u0130M TEK \\u0130STE\\u011e\\u0130M OKUMAK, AVUKAT OLMAK\\u0022&quot;,&quot;orientation&quot;:&quot;0&quot;}\" data-image-title=\"Mum \u0131\u015f\u0131\u011f\u0131nda ders \u00e7al\u0131\u015fan Sude Naz\u2019\u0131n dram\u0131\" data-image-description=\"&lt;p&gt;Mum \u0131\u015f\u0131\u011f\u0131nda ders \u00e7al\u0131\u015fan Sude Naz\u2019\u0131n dram\u0131&lt;\/p&gt; \" data-medium-file=\"https:\/\/i0.wp.com\/www.tvturk.com\/wp-content\/uploads\/2019\/02\/mum-isiginda-ders-calisan-sude-nazin-drami_1bce93e.jpg?fit=199%2C300\" data-large-file=\"https:\/\/i0.wp.com\/www.tvturk.com\/wp-content\/uploads\/2019\/02\/mum-isiginda-ders-calisan-sude-nazin-drami_1bce93e.jpg?fit=662%2C1000\" src=\"https:\/\/i0.wp.com\/www.tvturk.com\/wp-content\/uploads\/2019\/02\/mum-isiginda-ders-calisan-sude-nazin-drami_1bce93e.jpg?w=150&#038;h=226\" srcset=\"https:\/\/i0.wp.com\/www.tvturk.com\/wp-content\/uploads\/2019\/02\/mum-isiginda-ders-calisan-sude-nazin-drami_1bce93e.jpg?w=662 662w, https:\/\/i0.wp.com\/www.tvturk.com\/wp-content\/uploads\/2019\/02\/mum-isiginda-ders-calisan-sude-nazin-drami_1bce93e.jpg?resize=99%2C150 99w, https:\/\/i0.wp.com\/www.tvturk.com\/wp-content\/uploads\/2019\/02\/mum-isiginda-ders-calisan-sude-nazin-drami_1bce93e.jpg?resize=199%2C300 199w\" width=\"150\" height=\"226\" loading=\"lazy\" data-original-width=\"150\" data-original-height=\"226\" itemprop=\"http:\/\/schema.org\/image\" title=\"Mum \u0131\u015f\u0131\u011f\u0131nda ders \u00e7al\u0131\u015fan Sude Naz\u2019\u0131n dram\u0131\" alt=\"Mum \u0131\u015f\u0131\u011f\u0131nda ders \u00e7al\u0131\u015fan Sude Naz\u2019\u0131n dram\u0131\" style=\"width: 150px; height: 226px;\" \/> <\/a> <\/div> <\/div> <!-- close group --> <\/div> <!-- close row --> <\/div><\/p>\n","protected":false},"excerpt":{"rendered":"<p>3 YIL \u00d6NCE ANNELER\u0130N\u0130 KAYBEDEN VE BABALARININ DA \u0130LG\u0130LENMED\u0130\u011e\u0130 SUDE NAZ \u0130LE ONUR KAYA&#8217;NIN EVLER\u0130NDE ELEKTR\u0130KLER\u0130 KES\u0130LD\u0130. MUM I\u015eI\u011eINDA DERS \u00c7ALI\u015eMAYA \u00c7ALI\u015eAN SUDE NAZ, YARDIM BEKL\u0130YOR.<\/p>\n","protected":false},"author":1,"featured_media":27415,"comment_status":"closed","ping_status":"open","sticky":false,"template":"","format":"standard","meta":{"jetpack_post_was_ever_published":false,"_jetpack_newsletter_access":"","_jetpack_dont_email_post_to_subs":false,"_jetpack_newsletter_tier_id":0,"_jetpack_memberships_contains_paywalled_content":false,"_jetpack_memberships_contains_paid_content":false,"footnotes":"","jetpack_publicize_message":"","jetpack_publicize_feature_enabled":true,"jetpack_social_post_already_shared":false,"jetpack_social_options":{"image_generator_settings":{"template":"highway","default_image_id":0,"font":"","enabled":false},"version":2}},"categories":[655],"tags":[1050,5845,1666,11144,6735,11146,11145],"class_list":["post-27414","post","type-post","status-publish","format-standard","has-post-thumbnail","hentry","category-son-dakika","tag-calisan","tag-ders","tag-drami","tag-isiginda","tag-mum","tag-nazin","tag-sude"],"jetpack_publicize_connections":[],"jetpack_featured_media_url":"https:\/\/i0.wp.com\/www.tvturk.com\/wp-content\/uploads\/2019\/02\/mum-isiginda-ders-calisan-sude-nazin-drami_a7b5dc7.jpg?fit=1000%2C662","jetpack_sharing_enabled":true,"jetpack_shortlink":"https:\/\/wp.me\/paKIfm-78a","_links":{"self":[{"href":"http:\/\/www.tvturk.com\/index.php\/wp-json\/wp\/v2\/posts\/27414","targetHints":{"allow":["GET"]}}],"collection":[{"href":"http:\/\/www.tvturk.com\/index.php\/wp-json\/wp\/v2\/posts"}],"about":[{"href":"http:\/\/www.tvturk.com\/index.php\/wp-json\/wp\/v2\/types\/post"}],"author":[{"embeddable":true,"href":"http:\/\/www.tvturk.com\/index.php\/wp-json\/wp\/v2\/users\/1"}],"replies":[{"embeddable":true,"href":"http:\/\/www.tvturk.com\/index.php\/wp-json\/wp\/v2\/comments?post=27414"}],"version-history":[{"count":1,"href":"http:\/\/www.tvturk.com\/index.php\/wp-json\/wp\/v2\/posts\/27414\/revisions"}],"predecessor-version":[{"id":27427,"href":"http:\/\/www.tvturk.com\/index.php\/wp-json\/wp\/v2\/posts\/27414\/revisions\/27427"}],"wp:featuredmedia":[{"embeddable":true,"href":"http:\/\/www.tvturk.com\/index.php\/wp-json\/wp\/v2\/media\/27415"}],"wp:attachment":[{"href":"http:\/\/www.tvturk.com\/index.php\/wp-json\/wp\/v2\/media?parent=27414"}],"wp:term":[{"taxonomy":"category","embeddable":true,"href":"http:\/\/www.tvturk.com\/index.php\/wp-json\/wp\/v2\/categories?post=27414"},{"taxonomy":"post_tag","embeddable":true,"href":"http:\/\/www.tvturk.com\/index.php\/wp-json\/wp\/v2\/tags?post=27414"}],"curies":[{"name":"wp","href":"https:\/\/api.w.org\/{rel}","templated":true}]}}