{"id":27460,"date":"2019-02-13T09:41:46","date_gmt":"2019-02-13T06:41:46","guid":{"rendered":"http:\/\/www.tvturk.com\/index.php\/prof-dr-ugur-ozgokereonur-madalyasi\/"},"modified":"2019-02-13T09:41:47","modified_gmt":"2019-02-13T06:41:47","slug":"prof-dr-ugur-ozgokereonur-madalyasi","status":"publish","type":"post","link":"http:\/\/www.tvturk.com\/index.php\/prof-dr-ugur-ozgokereonur-madalyasi\/","title":{"rendered":"Prof. Dr. U\u011fur \u00d6zg\u00f6ker\u2019e\u201cOnur Madalyas\u0131\u201d"},"content":{"rendered":"<p>Marmara Grubu Stratejik ve Sosyal Ara\u015ft\u0131rmalar Vakf\u0131 taraf\u0131ndan 22\u2019ncisi yap\u0131lan \u201cAvrasya Ekonomi Zirvesi,\u201d bu y\u0131lda, 40 \u00fclkeden kat\u0131lan Cumhurba\u015fkanlar\u0131, Meclis Ba\u015fkanlar\u0131, Ba\u015fbakanlar, Din ve Siyaset Adamlar\u0131 ile Akademisyen ve \u0130\u015f insanlar\u0131yla ba\u015far\u0131yla ger\u00e7ekle\u015fti.<\/p>\n<p>T\u00fcrkiye\u2019nin uluslararas\u0131 arenada y\u00fcz ak\u0131 olarak kabul edilen Avrasya Ekonomi Zirvesi, uluslararas\u0131 sorunlar\u0131n ele al\u0131nd\u0131\u011f\u0131 bir platform olarak da kabul ediliyor.<\/p>\n<p>T\u00fcrkiye Cumhuriyeti Devleti Cumhurba\u015fkan\u0131 S\u00fcleyman Demirel ile Azerbaycan Cumhuriyeti Devlet Ba\u015fkan\u0131 Haydar Aliyev\u2019in b\u00fcy\u00fck destekleriyle, Marmara Grubu Stratejik ve Sosyal Ara\u015ft\u0131rmalar Vakf\u0131 taraf\u0131ndan 1997\u2019de ba\u015flat\u0131lan Avrasya Ekonomi Zirvesi, her y\u0131l k\u00fcresel sorunlar\u0131n ele al\u0131nd\u0131\u011f\u0131 Devlet veya H\u00fckumet Ba\u015fkanlar\u0131 Zirvesi\u2019ne d\u00f6n\u00fc\u015fm\u00fc\u015ft\u00fcr.<\/p>\n<p>KA\u00dc Rekt\u00f6r\u00fc \u00d6zg\u00f6ker\u2019e \u201cOnur Madalyas\u0131\u201d<\/p>\n<p>22\u2019ncisin 6-7 \u015eubat 2019\u2019da tarihlerinde Pullman Otelde ger\u00e7ekle\u015fen Avrasya Ekonomi Zirvesi\u2019nde bu y\u0131l, Uluslararas\u0131 d\u00fczeyde, \u00e7e\u015fitli alanlarda yapt\u0131\u011f\u0131 \u00f6zel \u00e7al\u0131\u015fmalar ve katk\u0131lardan dolay\u0131 \u00f6nemli ki\u015filere \u201cOnur Madalyas\u0131 Tevdi\u201d t\u00f6reni d\u00fczenlendi.<\/p>\n<p>K\u0131br\u0131s Amerikan \u00dcniversitesi Rekt\u00f6r\u00fc Prof. Dr. U\u011fur \u00d6zg\u00f6ker\u2019e uluslararas\u0131 ili\u015fkiler ve Avrupa Birli\u011fi \u00fczerine yapt\u0131\u011f\u0131 \u00e7al\u0131\u015fmalar ve akademik hizmetlerden dolay\u0131 \u201cOnur Madalyas\u0131\u201d tevdi edildi.<\/p>\n<p>Zirve\u2019nin A\u00e7\u0131l\u0131\u015f seremonisinden sonra, d\u00fczenlenen t\u00f6renle, TBMM Ba\u015fkan\u0131 Binali Y\u0131ld\u0131r\u0131m, Onur Madalyas\u0131n\u0131 Prof. Dr. U\u011fur \u00d6zg\u00f6ker\u2019e verdi.<div class=\"tiled-gallery type-rectangular tiled-gallery-unresized\" data-original-width=\"500\" data-carousel-extra='null' itemscope itemtype=\"http:\/\/schema.org\/ImageGallery\" > <div class=\"gallery-row\" style=\"width: 500px; height: 665px;\" data-original-width=\"500\" data-original-height=\"665\" > <div class=\"gallery-group images-1\" style=\"width: 500px; height: 665px;\" data-original-width=\"500\" data-original-height=\"665\" > <div class=\"tiled-gallery-item tiled-gallery-item-large\" itemprop=\"associatedMedia\" itemscope itemtype=\"http:\/\/schema.org\/ImageObject\"> <a href=\"http:\/\/www.tvturk.com\/index.php\/prof-dr-ugur-ozgokereonur-madalyasi\/prof-dr-ugur-ozgokereonur-madalyasi-3\/\" border=\"0\" itemprop=\"url\"> <meta itemprop=\"width\" content=\"496\"> <meta itemprop=\"height\" content=\"661\"> <img decoding=\"async\" class=\"\" data-attachment-id=\"27462\" data-orig-file=\"http:\/\/www.tvturk.com\/wp-content\/uploads\/2019\/02\/prof-dr-ugur-ozgokereonur-madalyasi_c61acd0.jpg\" data-orig-size=\"720,960\" data-comments-opened=\"\" data-image-meta=\"{&quot;aperture&quot;:&quot;0&quot;,&quot;credit&quot;:&quot;IHA&quot;,&quot;camera&quot;:&quot;&quot;,&quot;caption&quot;:&quot;MARMARA GRUBU STRATEJ\\u0130K VE SOSYAL ARA\\u015eTIRMALAR VAKFI TARAFINDAN 22\\u2019NC\\u0130S\\u0130 YAPILAN \\u201cAVRASYA EKONOM\\u0130 Z\\u0130RVES\\u0130,\\u201d BU YILDA, 40 \\u00dcLKEDEN KATILAN CUMHURBA\\u015eKANLARI, MECL\\u0130S BA\\u015eKANLARI, BA\\u015eBAKANLAR, D\\u0130N VE S\\u0130YASET ADAMLARI \\u0130LE AKADEM\\u0130SYEN VE \\u0130\\u015e \\u0130NSANLARIYLA BA\\u015eARIYLA GER\\u00c7EKLE\\u015eT\\u0130. (\\u0130HA\\\/\\u0130STANBUL-\\u0130HA)&quot;,&quot;created_timestamp&quot;:&quot;1550079480&quot;,&quot;copyright&quot;:&quot;\\u0130HLAS HABER AJANSI, www.iha.com.tr&quot;,&quot;focal_length&quot;:&quot;0&quot;,&quot;iso&quot;:&quot;0&quot;,&quot;shutter_speed&quot;:&quot;0&quot;,&quot;title&quot;:&quot;PROF. DR. U\\u011eUR \\u00d6ZG\\u00d6KER\\u2019E\\u201cONUR MADALYASI\\u201d&quot;,&quot;orientation&quot;:&quot;0&quot;}\" data-image-title=\"Prof. Dr. U\u011fur \u00d6zg\u00f6ker\u2019e\u201cOnur Madalyas\u0131\u201d\" data-image-description=\"&lt;p&gt;Prof. Dr. U\u011fur \u00d6zg\u00f6ker\u2019e\u201cOnur Madalyas\u0131\u201d&lt;\/p&gt; \" data-medium-file=\"https:\/\/i0.wp.com\/www.tvturk.com\/wp-content\/uploads\/2019\/02\/prof-dr-ugur-ozgokereonur-madalyasi_c61acd0.jpg?fit=225%2C300\" data-large-file=\"https:\/\/i0.wp.com\/www.tvturk.com\/wp-content\/uploads\/2019\/02\/prof-dr-ugur-ozgokereonur-madalyasi_c61acd0.jpg?fit=720%2C960\" src=\"https:\/\/i0.wp.com\/www.tvturk.com\/wp-content\/uploads\/2019\/02\/prof-dr-ugur-ozgokereonur-madalyasi_c61acd0.jpg?w=496&#038;h=661\" srcset=\"https:\/\/i0.wp.com\/www.tvturk.com\/wp-content\/uploads\/2019\/02\/prof-dr-ugur-ozgokereonur-madalyasi_c61acd0.jpg?w=720 720w, https:\/\/i0.wp.com\/www.tvturk.com\/wp-content\/uploads\/2019\/02\/prof-dr-ugur-ozgokereonur-madalyasi_c61acd0.jpg?resize=113%2C150 113w, https:\/\/i0.wp.com\/www.tvturk.com\/wp-content\/uploads\/2019\/02\/prof-dr-ugur-ozgokereonur-madalyasi_c61acd0.jpg?resize=225%2C300 225w\" width=\"496\" height=\"661\" loading=\"lazy\" data-original-width=\"496\" data-original-height=\"661\" itemprop=\"http:\/\/schema.org\/image\" title=\"Prof. Dr. U\u011fur \u00d6zg\u00f6ker\u2019e\u201cOnur Madalyas\u0131\u201d\" alt=\"Prof. Dr. U\u011fur \u00d6zg\u00f6ker\u2019e\u201cOnur Madalyas\u0131\u201d\" style=\"width: 496px; height: 661px;\" \/> <\/a> <\/div> <\/div> <!-- close group --> <\/div> <!-- close row --> <\/div><\/p>\n","protected":false},"excerpt":{"rendered":"<p>MARMARA GRUBU STRATEJ\u0130K VE SOSYAL ARA\u015eTIRMALAR VAKFI TARAFINDAN 22\u2019NC\u0130S\u0130 YAPILAN \u201cAVRASYA EKONOM\u0130 Z\u0130RVES\u0130,\u201d BU YILDA, 40 \u00dcLKEDEN KATILAN CUMHURBA\u015eKANLARI, MECL\u0130S BA\u015eKANLARI, BA\u015eBAKANLAR, D\u0130N VE S\u0130YASET ADAMLARI \u0130LE AKADEM\u0130SYEN VE \u0130\u015e \u0130NSANLARIYLA BA\u015eARIYLA GER\u00c7EKLE\u015eT\u0130.<\/p>\n","protected":false},"author":1,"featured_media":27461,"comment_status":"closed","ping_status":"open","sticky":false,"template":"","format":"standard","meta":{"jetpack_post_was_ever_published":false,"_jetpack_newsletter_access":"","_jetpack_dont_email_post_to_subs":false,"_jetpack_newsletter_tier_id":0,"_jetpack_memberships_contains_paywalled_content":false,"_jetpack_memberships_contains_paid_content":false,"footnotes":"","jetpack_publicize_message":"","jetpack_publicize_feature_enabled":true,"jetpack_social_post_already_shared":false,"jetpack_social_options":{"image_generator_settings":{"template":"highway","default_image_id":0,"font":"","enabled":false},"version":2}},"categories":[659],"tags":[279,11159,11158,2750,10733],"class_list":["post-27460","post","type-post","status-publish","format-standard","has-post-thumbnail","hentry","category-egitim","tag-dr","tag-madalyasi","tag-ozgokereonur","tag-prof","tag-ugur"],"jetpack_publicize_connections":[],"jetpack_featured_media_url":"https:\/\/i0.wp.com\/www.tvturk.com\/wp-content\/uploads\/2019\/02\/prof-dr-ugur-ozgokereonur-madalyasi_4df596d.jpg?fit=720%2C960","jetpack_sharing_enabled":true,"jetpack_shortlink":"https:\/\/wp.me\/paKIfm-78U","_links":{"self":[{"href":"http:\/\/www.tvturk.com\/index.php\/wp-json\/wp\/v2\/posts\/27460","targetHints":{"allow":["GET"]}}],"collection":[{"href":"http:\/\/www.tvturk.com\/index.php\/wp-json\/wp\/v2\/posts"}],"about":[{"href":"http:\/\/www.tvturk.com\/index.php\/wp-json\/wp\/v2\/types\/post"}],"author":[{"embeddable":true,"href":"http:\/\/www.tvturk.com\/index.php\/wp-json\/wp\/v2\/users\/1"}],"replies":[{"embeddable":true,"href":"http:\/\/www.tvturk.com\/index.php\/wp-json\/wp\/v2\/comments?post=27460"}],"version-history":[{"count":1,"href":"http:\/\/www.tvturk.com\/index.php\/wp-json\/wp\/v2\/posts\/27460\/revisions"}],"predecessor-version":[{"id":27463,"href":"http:\/\/www.tvturk.com\/index.php\/wp-json\/wp\/v2\/posts\/27460\/revisions\/27463"}],"wp:featuredmedia":[{"embeddable":true,"href":"http:\/\/www.tvturk.com\/index.php\/wp-json\/wp\/v2\/media\/27461"}],"wp:attachment":[{"href":"http:\/\/www.tvturk.com\/index.php\/wp-json\/wp\/v2\/media?parent=27460"}],"wp:term":[{"taxonomy":"category","embeddable":true,"href":"http:\/\/www.tvturk.com\/index.php\/wp-json\/wp\/v2\/categories?post=27460"},{"taxonomy":"post_tag","embeddable":true,"href":"http:\/\/www.tvturk.com\/index.php\/wp-json\/wp\/v2\/tags?post=27460"}],"curies":[{"name":"wp","href":"https:\/\/api.w.org\/{rel}","templated":true}]}}