{"id":27470,"date":"2019-02-13T09:51:07","date_gmt":"2019-02-13T06:51:07","guid":{"rendered":"http:\/\/www.tvturk.com\/index.php\/brukselde-yuzlerce-kisi-katalan-politikacilara-destek-icin-yurudu\/"},"modified":"2019-02-13T09:51:12","modified_gmt":"2019-02-13T06:51:12","slug":"brukselde-yuzlerce-kisi-katalan-politikacilara-destek-icin-yurudu","status":"publish","type":"post","link":"http:\/\/www.tvturk.com\/index.php\/brukselde-yuzlerce-kisi-katalan-politikacilara-destek-icin-yurudu\/","title":{"rendered":"Br\u00fcksel\u2019de y\u00fczlerce ki\u015fi Katalan politikac\u0131lara destek i\u00e7in y\u00fcr\u00fcd\u00fc"},"content":{"rendered":"<p>Bel\u00e7ika\u2019n\u0131n ba\u015fkenti Br\u00fcksel\u2019de y\u00fczlerce ki\u015fi Katalan politikac\u0131lara destek i\u00e7in y\u00fcr\u00fcd\u00fc.<\/p>\n<p>Katalonya\u2019n\u0131n \u0130spanya\u2019dan ayr\u0131larak ba\u011f\u0131ms\u0131zl\u0131\u011f\u0131 i\u00e7in m\u00fccadele veren 12 siyaset\u00e7inin yarg\u0131lanmas\u0131 Bel\u00e7ika\u2019n\u0131n ba\u015fkenti Br\u00fcksel\u2019de y\u00fczlerce ki\u015fi taraf\u0131ndan protesto edildi. AB binalar\u0131n\u0131n yer ald\u0131\u011f\u0131 Schuman Meydan\u0131\u2019nda toplanan g\u00f6stericiler, Katalan ayr\u0131l\u0131k\u00e7\u0131 liderlerin \u2018isyan\u2019 ve \u2018kamu kaynaklar\u0131n\u0131 k\u00f6t\u00fcye kullanmak\u2019 su\u00e7lamalar\u0131yla yarg\u0131lanmas\u0131n\u0131 ve \u0130spanyol yarg\u0131 sistemini protesto etti. Madrid\u2019deki \u0130spanya Y\u00fcksek Mahkemesi\u2019nde yarg\u0131lanmakta olan ayr\u0131l\u0131k\u00e7\u0131 Katalan politikac\u0131lara deste\u011fini dile getiren g\u00f6stericiler \u2018Ba\u011f\u0131ms\u0131z Katalan\u2019 diyerek slogan att\u0131. G\u00f6stericiler tutuklu bulanan 12 siyaset\u00e7inin derhal serbest b\u0131rak\u0131lmas\u0131n\u0131 talep etti.<\/p>\n<p>A\u015f\u0131r\u0131 milliyet\u00e7i parti temsilcileri y\u00fcr\u00fcy\u00fc\u015fe kat\u0131ld\u0131<\/p>\n<p>Ba\u011f\u0131ms\u0131zl\u0131k m\u00fccadelesi veren Katalan halk\u0131na her ortamda destek veren N-VA (Yeni Flaman \u0130ttifak) ve Vlaams Belang (Flaman \u00c7\u0131karlar\u0131) Partisi temsilcileri ve milletvekilleri de y\u00fcr\u00fcy\u00fc\u015fe kat\u0131larak Madrid h\u00fck\u00fcmetine tepki g\u00f6sterdi. A\u015f\u0131r\u0131 milliyet\u00e7i N-VA Partisi yapt\u0131\u011f\u0131 a\u00e7\u0131klamada, &#8220;Schuman Meydan\u0131\u2019nda g\u00f6stericilerin iletmek istedikleri mesaj a\u00e7\u0131kt\u0131r: \u2018\u00d6z-kararl\u0131l\u0131k bir hakt\u0131r, su\u00e7 de\u011fildir\u2019 gayet a\u00e7\u0131k ve nettir. Madrid h\u00fck\u00fcmetine tepki g\u00f6steren Katalanlar ve Katalanlara destek verenler birlikte \u015fark\u0131 s\u00f6yledi, \u2018ba\u011f\u0131ms\u0131zl\u0131k\u2019 ve \u2018Katalan politikac\u0131lara \u00f6zg\u00fcrl\u00fck\u2019 yaz\u0131l\u0131 sloganlar dikkat \u00e7ekti. Bu dava \u0130spanya ve Avrupa i\u00e7in utan\u00e7 verici \u00e7\u00fcnk\u00fc Katalan halk\u0131 masum ve bar\u0131\u015f\u00e7\u0131l bir politika izlemekte. Bir devlet 2 milyon insan\u0131n iradesini g\u00f6rmezden gelirse, o zaman sadece demokrasinin eksikli\u011fi vard\u0131r&#8221; dedi.<div class=\"tiled-gallery type-rectangular tiled-gallery-unresized\" data-original-width=\"500\" data-carousel-extra='null' itemscope itemtype=\"http:\/\/schema.org\/ImageGallery\" > <div class=\"gallery-row\" style=\"width: 500px; height: 233px;\" data-original-width=\"500\" data-original-height=\"233\" > <div class=\"gallery-group images-1\" style=\"width: 330px; height: 233px;\" data-original-width=\"330\" data-original-height=\"233\" > <div class=\"tiled-gallery-item tiled-gallery-item-large\" itemprop=\"associatedMedia\" itemscope itemtype=\"http:\/\/schema.org\/ImageObject\"> <a href=\"http:\/\/www.tvturk.com\/index.php\/brukselde-yuzlerce-kisi-katalan-politikacilara-destek-icin-yurudu\/brukselde-yuzlerce-kisi-katalan-politikacilara-destek-icin-yurudu-3\/\" border=\"0\" itemprop=\"url\"> <meta itemprop=\"width\" content=\"326\"> <meta itemprop=\"height\" content=\"229\"> <img decoding=\"async\" class=\"\" data-attachment-id=\"27472\" data-orig-file=\"http:\/\/www.tvturk.com\/wp-content\/uploads\/2019\/02\/brukselde-yuzlerce-kisi-katalan-politikacilara-destek-icin-yurudu_7d5ff90.jpg\" data-orig-size=\"1000,703\" data-comments-opened=\"\" data-image-meta=\"{&quot;aperture&quot;:&quot;0&quot;,&quot;credit&quot;:&quot;IHA&quot;,&quot;camera&quot;:&quot;&quot;,&quot;caption&quot;:&quot;BEL\\u00c7\\u0130KA\\u2019NIN BA\\u015eKENT\\u0130 BR\\u00dcKSEL\\u2019DE Y\\u00dcZLERCE K\\u0130\\u015e\\u0130 KATALAN POL\\u0130T\\u0130KACILARINA DESTEK \\u0130\\u00c7\\u0130N Y\\u00dcR\\u00dcD\\u00dc. (HAL\\u0130L UYGUN\\\/BR\\u00dcKSEL-\\u0130HA)&quot;,&quot;created_timestamp&quot;:&quot;0&quot;,&quot;copyright&quot;:&quot;\\u0130HLAS HABER AJANSI, www.iha.com.tr&quot;,&quot;focal_length&quot;:&quot;0&quot;,&quot;iso&quot;:&quot;0&quot;,&quot;shutter_speed&quot;:&quot;0&quot;,&quot;title&quot;:&quot;BR\\u00dcKSEL\\u0027DE Y\\u00dcZLERCE K\\u0130\\u015e\\u0130 KATALAN POL\\u0130T\\u0130KACILARA DESTEK \\u0130\\u00c7\\u0130N Y\\u00dcR\\u00dcD\\u00dc&quot;,&quot;orientation&quot;:&quot;0&quot;}\" data-image-title=\"Br\u00fcksel\u2019de y\u00fczlerce ki\u015fi Katalan politikac\u0131lara destek i\u00e7in y\u00fcr\u00fcd\u00fc\" data-image-description=\"&lt;p&gt;Br\u00fcksel\u2019de y\u00fczlerce ki\u015fi Katalan politikac\u0131lara destek i\u00e7in y\u00fcr\u00fcd\u00fc&lt;\/p&gt; \" data-medium-file=\"https:\/\/i0.wp.com\/www.tvturk.com\/wp-content\/uploads\/2019\/02\/brukselde-yuzlerce-kisi-katalan-politikacilara-destek-icin-yurudu_7d5ff90.jpg?fit=300%2C211\" data-large-file=\"https:\/\/i0.wp.com\/www.tvturk.com\/wp-content\/uploads\/2019\/02\/brukselde-yuzlerce-kisi-katalan-politikacilara-destek-icin-yurudu_7d5ff90.jpg?fit=1000%2C703\" src=\"https:\/\/i0.wp.com\/www.tvturk.com\/wp-content\/uploads\/2019\/02\/brukselde-yuzlerce-kisi-katalan-politikacilara-destek-icin-yurudu_7d5ff90.jpg?w=326&#038;h=229\" srcset=\"https:\/\/i0.wp.com\/www.tvturk.com\/wp-content\/uploads\/2019\/02\/brukselde-yuzlerce-kisi-katalan-politikacilara-destek-icin-yurudu_7d5ff90.jpg?w=1000 1000w, https:\/\/i0.wp.com\/www.tvturk.com\/wp-content\/uploads\/2019\/02\/brukselde-yuzlerce-kisi-katalan-politikacilara-destek-icin-yurudu_7d5ff90.jpg?resize=150%2C105 150w, https:\/\/i0.wp.com\/www.tvturk.com\/wp-content\/uploads\/2019\/02\/brukselde-yuzlerce-kisi-katalan-politikacilara-destek-icin-yurudu_7d5ff90.jpg?resize=300%2C211 300w, https:\/\/i0.wp.com\/www.tvturk.com\/wp-content\/uploads\/2019\/02\/brukselde-yuzlerce-kisi-katalan-politikacilara-destek-icin-yurudu_7d5ff90.jpg?resize=768%2C540 768w, https:\/\/i0.wp.com\/www.tvturk.com\/wp-content\/uploads\/2019\/02\/brukselde-yuzlerce-kisi-katalan-politikacilara-destek-icin-yurudu_7d5ff90.jpg?resize=80%2C55 80w\" width=\"326\" height=\"229\" loading=\"lazy\" data-original-width=\"326\" data-original-height=\"229\" itemprop=\"http:\/\/schema.org\/image\" title=\"Br\u00fcksel\u2019de y\u00fczlerce ki\u015fi Katalan politikac\u0131lara destek i\u00e7in y\u00fcr\u00fcd\u00fc\" alt=\"Br\u00fcksel\u2019de y\u00fczlerce ki\u015fi Katalan politikac\u0131lara destek i\u00e7in y\u00fcr\u00fcd\u00fc\" style=\"width: 326px; height: 229px;\" \/> <\/a> <\/div> <\/div> <!-- close group --> <div class=\"gallery-group images-2\" style=\"width: 170px; height: 233px;\" data-original-width=\"170\" data-original-height=\"233\" > <div class=\"tiled-gallery-item tiled-gallery-item-small\" itemprop=\"associatedMedia\" itemscope itemtype=\"http:\/\/schema.org\/ImageObject\"> <a href=\"http:\/\/www.tvturk.com\/index.php\/brukselde-yuzlerce-kisi-katalan-politikacilara-destek-icin-yurudu\/brukselde-yuzlerce-kisi-katalan-politikacilara-destek-icin-yurudu-4\/\" border=\"0\" itemprop=\"url\"> <meta itemprop=\"width\" content=\"166\"> <meta itemprop=\"height\" content=\"114\"> <img decoding=\"async\" class=\"\" data-attachment-id=\"27473\" data-orig-file=\"http:\/\/www.tvturk.com\/wp-content\/uploads\/2019\/02\/brukselde-yuzlerce-kisi-katalan-politikacilara-destek-icin-yurudu_a56554f.jpg\" data-orig-size=\"1000,690\" data-comments-opened=\"\" data-image-meta=\"{&quot;aperture&quot;:&quot;0&quot;,&quot;credit&quot;:&quot;IHA&quot;,&quot;camera&quot;:&quot;&quot;,&quot;caption&quot;:&quot;BEL\\u00c7\\u0130KA\\u2019NIN BA\\u015eKENT\\u0130 BR\\u00dcKSEL\\u2019DE Y\\u00dcZLERCE K\\u0130\\u015e\\u0130 KATALAN POL\\u0130T\\u0130KACILARINA DESTEK \\u0130\\u00c7\\u0130N Y\\u00dcR\\u00dcD\\u00dc. (HAL\\u0130L UYGUN\\\/BR\\u00dcKSEL-\\u0130HA)&quot;,&quot;created_timestamp&quot;:&quot;0&quot;,&quot;copyright&quot;:&quot;\\u0130HLAS HABER AJANSI, www.iha.com.tr&quot;,&quot;focal_length&quot;:&quot;0&quot;,&quot;iso&quot;:&quot;0&quot;,&quot;shutter_speed&quot;:&quot;0&quot;,&quot;title&quot;:&quot;BR\\u00dcKSEL\\u0027DE Y\\u00dcZLERCE K\\u0130\\u015e\\u0130 KATALAN POL\\u0130T\\u0130KACILARA DESTEK \\u0130\\u00c7\\u0130N Y\\u00dcR\\u00dcD\\u00dc&quot;,&quot;orientation&quot;:&quot;0&quot;}\" data-image-title=\"Br\u00fcksel\u2019de y\u00fczlerce ki\u015fi Katalan politikac\u0131lara destek i\u00e7in y\u00fcr\u00fcd\u00fc\" data-image-description=\"&lt;p&gt;Br\u00fcksel\u2019de y\u00fczlerce ki\u015fi Katalan politikac\u0131lara destek i\u00e7in y\u00fcr\u00fcd\u00fc&lt;\/p&gt; \" data-medium-file=\"https:\/\/i0.wp.com\/www.tvturk.com\/wp-content\/uploads\/2019\/02\/brukselde-yuzlerce-kisi-katalan-politikacilara-destek-icin-yurudu_a56554f.jpg?fit=300%2C207\" data-large-file=\"https:\/\/i0.wp.com\/www.tvturk.com\/wp-content\/uploads\/2019\/02\/brukselde-yuzlerce-kisi-katalan-politikacilara-destek-icin-yurudu_a56554f.jpg?fit=1000%2C690\" src=\"https:\/\/i0.wp.com\/www.tvturk.com\/wp-content\/uploads\/2019\/02\/brukselde-yuzlerce-kisi-katalan-politikacilara-destek-icin-yurudu_a56554f.jpg?w=166&#038;h=114\" srcset=\"https:\/\/i0.wp.com\/www.tvturk.com\/wp-content\/uploads\/2019\/02\/brukselde-yuzlerce-kisi-katalan-politikacilara-destek-icin-yurudu_a56554f.jpg?w=1000 1000w, https:\/\/i0.wp.com\/www.tvturk.com\/wp-content\/uploads\/2019\/02\/brukselde-yuzlerce-kisi-katalan-politikacilara-destek-icin-yurudu_a56554f.jpg?resize=150%2C104 150w, https:\/\/i0.wp.com\/www.tvturk.com\/wp-content\/uploads\/2019\/02\/brukselde-yuzlerce-kisi-katalan-politikacilara-destek-icin-yurudu_a56554f.jpg?resize=300%2C207 300w, https:\/\/i0.wp.com\/www.tvturk.com\/wp-content\/uploads\/2019\/02\/brukselde-yuzlerce-kisi-katalan-politikacilara-destek-icin-yurudu_a56554f.jpg?resize=768%2C530 768w, https:\/\/i0.wp.com\/www.tvturk.com\/wp-content\/uploads\/2019\/02\/brukselde-yuzlerce-kisi-katalan-politikacilara-destek-icin-yurudu_a56554f.jpg?resize=80%2C55 80w\" width=\"166\" height=\"114\" loading=\"lazy\" data-original-width=\"166\" data-original-height=\"114\" itemprop=\"http:\/\/schema.org\/image\" title=\"Br\u00fcksel\u2019de y\u00fczlerce ki\u015fi Katalan politikac\u0131lara destek i\u00e7in y\u00fcr\u00fcd\u00fc\" alt=\"Br\u00fcksel\u2019de y\u00fczlerce ki\u015fi Katalan politikac\u0131lara destek i\u00e7in y\u00fcr\u00fcd\u00fc\" style=\"width: 166px; height: 114px;\" \/> <\/a> <\/div> <div class=\"tiled-gallery-item tiled-gallery-item-small\" itemprop=\"associatedMedia\" itemscope itemtype=\"http:\/\/schema.org\/ImageObject\"> <a href=\"http:\/\/www.tvturk.com\/index.php\/brukselde-yuzlerce-kisi-katalan-politikacilara-destek-icin-yurudu\/brukselde-yuzlerce-kisi-katalan-politikacilara-destek-icin-yurudu-5\/\" border=\"0\" itemprop=\"url\"> <meta itemprop=\"width\" content=\"166\"> <meta itemprop=\"height\" content=\"111\"> <img decoding=\"async\" class=\"\" data-attachment-id=\"27474\" data-orig-file=\"http:\/\/www.tvturk.com\/wp-content\/uploads\/2019\/02\/brukselde-yuzlerce-kisi-katalan-politikacilara-destek-icin-yurudu_d4786c3.jpg\" data-orig-size=\"1000,666\" data-comments-opened=\"\" data-image-meta=\"{&quot;aperture&quot;:&quot;0&quot;,&quot;credit&quot;:&quot;IHA&quot;,&quot;camera&quot;:&quot;&quot;,&quot;caption&quot;:&quot;BEL\\u00c7\\u0130KA\\u2019NIN BA\\u015eKENT\\u0130 BR\\u00dcKSEL\\u2019DE Y\\u00dcZLERCE K\\u0130\\u015e\\u0130 KATALAN POL\\u0130T\\u0130KACILARINA DESTEK \\u0130\\u00c7\\u0130N Y\\u00dcR\\u00dcD\\u00dc. (HAL\\u0130L UYGUN\\\/BR\\u00dcKSEL-\\u0130HA)&quot;,&quot;created_timestamp&quot;:&quot;0&quot;,&quot;copyright&quot;:&quot;\\u0130HLAS HABER AJANSI, www.iha.com.tr&quot;,&quot;focal_length&quot;:&quot;0&quot;,&quot;iso&quot;:&quot;0&quot;,&quot;shutter_speed&quot;:&quot;0&quot;,&quot;title&quot;:&quot;BR\\u00dcKSEL\\u0027DE Y\\u00dcZLERCE K\\u0130\\u015e\\u0130 KATALAN POL\\u0130T\\u0130KACILARA DESTEK \\u0130\\u00c7\\u0130N Y\\u00dcR\\u00dcD\\u00dc&quot;,&quot;orientation&quot;:&quot;0&quot;}\" data-image-title=\"Br\u00fcksel\u2019de y\u00fczlerce ki\u015fi Katalan politikac\u0131lara destek i\u00e7in y\u00fcr\u00fcd\u00fc\" data-image-description=\"&lt;p&gt;Br\u00fcksel\u2019de y\u00fczlerce ki\u015fi Katalan politikac\u0131lara destek i\u00e7in y\u00fcr\u00fcd\u00fc&lt;\/p&gt; \" data-medium-file=\"https:\/\/i0.wp.com\/www.tvturk.com\/wp-content\/uploads\/2019\/02\/brukselde-yuzlerce-kisi-katalan-politikacilara-destek-icin-yurudu_d4786c3.jpg?fit=300%2C200\" data-large-file=\"https:\/\/i0.wp.com\/www.tvturk.com\/wp-content\/uploads\/2019\/02\/brukselde-yuzlerce-kisi-katalan-politikacilara-destek-icin-yurudu_d4786c3.jpg?fit=1000%2C666\" src=\"https:\/\/i0.wp.com\/www.tvturk.com\/wp-content\/uploads\/2019\/02\/brukselde-yuzlerce-kisi-katalan-politikacilara-destek-icin-yurudu_d4786c3.jpg?w=166&#038;h=111\" srcset=\"https:\/\/i0.wp.com\/www.tvturk.com\/wp-content\/uploads\/2019\/02\/brukselde-yuzlerce-kisi-katalan-politikacilara-destek-icin-yurudu_d4786c3.jpg?w=1000 1000w, https:\/\/i0.wp.com\/www.tvturk.com\/wp-content\/uploads\/2019\/02\/brukselde-yuzlerce-kisi-katalan-politikacilara-destek-icin-yurudu_d4786c3.jpg?resize=150%2C100 150w, https:\/\/i0.wp.com\/www.tvturk.com\/wp-content\/uploads\/2019\/02\/brukselde-yuzlerce-kisi-katalan-politikacilara-destek-icin-yurudu_d4786c3.jpg?resize=300%2C200 300w, https:\/\/i0.wp.com\/www.tvturk.com\/wp-content\/uploads\/2019\/02\/brukselde-yuzlerce-kisi-katalan-politikacilara-destek-icin-yurudu_d4786c3.jpg?resize=768%2C511 768w, https:\/\/i0.wp.com\/www.tvturk.com\/wp-content\/uploads\/2019\/02\/brukselde-yuzlerce-kisi-katalan-politikacilara-destek-icin-yurudu_d4786c3.jpg?resize=170%2C113 170w, https:\/\/i0.wp.com\/www.tvturk.com\/wp-content\/uploads\/2019\/02\/brukselde-yuzlerce-kisi-katalan-politikacilara-destek-icin-yurudu_d4786c3.jpg?resize=120%2C80 120w\" width=\"166\" height=\"111\" loading=\"lazy\" data-original-width=\"166\" data-original-height=\"111\" itemprop=\"http:\/\/schema.org\/image\" title=\"Br\u00fcksel\u2019de y\u00fczlerce ki\u015fi Katalan politikac\u0131lara destek i\u00e7in y\u00fcr\u00fcd\u00fc\" alt=\"Br\u00fcksel\u2019de y\u00fczlerce ki\u015fi Katalan politikac\u0131lara destek i\u00e7in y\u00fcr\u00fcd\u00fc\" style=\"width: 166px; height: 111px;\" \/> <\/a> <\/div> <\/div> <!-- close group --> <\/div> <!-- close row --> <div class=\"gallery-row\" style=\"width: 500px; height: 158px;\" data-original-width=\"500\" data-original-height=\"158\" > <div class=\"gallery-group images-1\" style=\"width: 264px; height: 158px;\" data-original-width=\"264\" data-original-height=\"158\" > <div class=\"tiled-gallery-item tiled-gallery-item-large\" itemprop=\"associatedMedia\" itemscope itemtype=\"http:\/\/schema.org\/ImageObject\"> <a href=\"http:\/\/www.tvturk.com\/index.php\/brukselde-yuzlerce-kisi-katalan-politikacilara-destek-icin-yurudu\/brukselde-yuzlerce-kisi-katalan-politikacilara-destek-icin-yurudu-6\/\" border=\"0\" itemprop=\"url\"> <meta itemprop=\"width\" content=\"260\"> <meta itemprop=\"height\" content=\"154\"> <img decoding=\"async\" class=\"\" data-attachment-id=\"27475\" data-orig-file=\"http:\/\/www.tvturk.com\/wp-content\/uploads\/2019\/02\/brukselde-yuzlerce-kisi-katalan-politikacilara-destek-icin-yurudu_b990c9d.jpg\" data-orig-size=\"1000,592\" data-comments-opened=\"\" data-image-meta=\"{&quot;aperture&quot;:&quot;0&quot;,&quot;credit&quot;:&quot;IHA&quot;,&quot;camera&quot;:&quot;&quot;,&quot;caption&quot;:&quot;BEL\\u00c7\\u0130KA\\u2019NIN BA\\u015eKENT\\u0130 BR\\u00dcKSEL\\u2019DE Y\\u00dcZLERCE K\\u0130\\u015e\\u0130 KATALAN POL\\u0130T\\u0130KACILARINA DESTEK \\u0130\\u00c7\\u0130N Y\\u00dcR\\u00dcD\\u00dc. (HAL\\u0130L UYGUN\\\/BR\\u00dcKSEL-\\u0130HA)&quot;,&quot;created_timestamp&quot;:&quot;0&quot;,&quot;copyright&quot;:&quot;\\u0130HLAS HABER AJANSI, www.iha.com.tr&quot;,&quot;focal_length&quot;:&quot;0&quot;,&quot;iso&quot;:&quot;0&quot;,&quot;shutter_speed&quot;:&quot;0&quot;,&quot;title&quot;:&quot;BR\\u00dcKSEL\\u0027DE Y\\u00dcZLERCE K\\u0130\\u015e\\u0130 KATALAN POL\\u0130T\\u0130KACILARA DESTEK \\u0130\\u00c7\\u0130N Y\\u00dcR\\u00dcD\\u00dc&quot;,&quot;orientation&quot;:&quot;0&quot;}\" data-image-title=\"Br\u00fcksel\u2019de y\u00fczlerce ki\u015fi Katalan politikac\u0131lara destek i\u00e7in y\u00fcr\u00fcd\u00fc\" data-image-description=\"&lt;p&gt;Br\u00fcksel\u2019de y\u00fczlerce ki\u015fi Katalan politikac\u0131lara destek i\u00e7in y\u00fcr\u00fcd\u00fc&lt;\/p&gt; \" data-medium-file=\"https:\/\/i0.wp.com\/www.tvturk.com\/wp-content\/uploads\/2019\/02\/brukselde-yuzlerce-kisi-katalan-politikacilara-destek-icin-yurudu_b990c9d.jpg?fit=300%2C178\" data-large-file=\"https:\/\/i0.wp.com\/www.tvturk.com\/wp-content\/uploads\/2019\/02\/brukselde-yuzlerce-kisi-katalan-politikacilara-destek-icin-yurudu_b990c9d.jpg?fit=1000%2C592\" src=\"https:\/\/i0.wp.com\/www.tvturk.com\/wp-content\/uploads\/2019\/02\/brukselde-yuzlerce-kisi-katalan-politikacilara-destek-icin-yurudu_b990c9d.jpg?w=260&#038;h=154\" srcset=\"https:\/\/i0.wp.com\/www.tvturk.com\/wp-content\/uploads\/2019\/02\/brukselde-yuzlerce-kisi-katalan-politikacilara-destek-icin-yurudu_b990c9d.jpg?w=1000 1000w, https:\/\/i0.wp.com\/www.tvturk.com\/wp-content\/uploads\/2019\/02\/brukselde-yuzlerce-kisi-katalan-politikacilara-destek-icin-yurudu_b990c9d.jpg?resize=150%2C89 150w, https:\/\/i0.wp.com\/www.tvturk.com\/wp-content\/uploads\/2019\/02\/brukselde-yuzlerce-kisi-katalan-politikacilara-destek-icin-yurudu_b990c9d.jpg?resize=300%2C178 300w, https:\/\/i0.wp.com\/www.tvturk.com\/wp-content\/uploads\/2019\/02\/brukselde-yuzlerce-kisi-katalan-politikacilara-destek-icin-yurudu_b990c9d.jpg?resize=768%2C455 768w\" width=\"260\" height=\"154\" loading=\"lazy\" data-original-width=\"260\" data-original-height=\"154\" itemprop=\"http:\/\/schema.org\/image\" title=\"Br\u00fcksel\u2019de y\u00fczlerce ki\u015fi Katalan politikac\u0131lara destek i\u00e7in y\u00fcr\u00fcd\u00fc\" alt=\"Br\u00fcksel\u2019de y\u00fczlerce ki\u015fi Katalan politikac\u0131lara destek i\u00e7in y\u00fcr\u00fcd\u00fc\" style=\"width: 260px; height: 154px;\" \/> <\/a> <\/div> <\/div> <!-- close group --> <div class=\"gallery-group images-1\" style=\"width: 236px; height: 158px;\" data-original-width=\"236\" data-original-height=\"158\" > <div class=\"tiled-gallery-item tiled-gallery-item-small\" itemprop=\"associatedMedia\" itemscope itemtype=\"http:\/\/schema.org\/ImageObject\"> <a href=\"http:\/\/www.tvturk.com\/index.php\/brukselde-yuzlerce-kisi-katalan-politikacilara-destek-icin-yurudu\/brukselde-yuzlerce-kisi-katalan-politikacilara-destek-icin-yurudu-7\/\" border=\"0\" itemprop=\"url\"> <meta itemprop=\"width\" content=\"232\"> <meta itemprop=\"height\" content=\"154\"> <img decoding=\"async\" class=\"\" data-attachment-id=\"27476\" data-orig-file=\"http:\/\/www.tvturk.com\/wp-content\/uploads\/2019\/02\/brukselde-yuzlerce-kisi-katalan-politikacilara-destek-icin-yurudu_d5c17d4.jpg\" data-orig-size=\"1000,666\" data-comments-opened=\"\" data-image-meta=\"{&quot;aperture&quot;:&quot;0&quot;,&quot;credit&quot;:&quot;IHA&quot;,&quot;camera&quot;:&quot;&quot;,&quot;caption&quot;:&quot;BEL\\u00c7\\u0130KA\\u2019NIN BA\\u015eKENT\\u0130 BR\\u00dcKSEL\\u2019DE Y\\u00dcZLERCE K\\u0130\\u015e\\u0130 KATALAN POL\\u0130T\\u0130KACILARINA DESTEK \\u0130\\u00c7\\u0130N Y\\u00dcR\\u00dcD\\u00dc. (HAL\\u0130L UYGUN\\\/BR\\u00dcKSEL-\\u0130HA)&quot;,&quot;created_timestamp&quot;:&quot;0&quot;,&quot;copyright&quot;:&quot;\\u0130HLAS HABER AJANSI, www.iha.com.tr&quot;,&quot;focal_length&quot;:&quot;0&quot;,&quot;iso&quot;:&quot;0&quot;,&quot;shutter_speed&quot;:&quot;0&quot;,&quot;title&quot;:&quot;BR\\u00dcKSEL\\u0027DE Y\\u00dcZLERCE K\\u0130\\u015e\\u0130 KATALAN POL\\u0130T\\u0130KACILARA DESTEK \\u0130\\u00c7\\u0130N Y\\u00dcR\\u00dcD\\u00dc&quot;,&quot;orientation&quot;:&quot;0&quot;}\" data-image-title=\"Br\u00fcksel\u2019de y\u00fczlerce ki\u015fi Katalan politikac\u0131lara destek i\u00e7in y\u00fcr\u00fcd\u00fc\" data-image-description=\"&lt;p&gt;Br\u00fcksel\u2019de y\u00fczlerce ki\u015fi Katalan politikac\u0131lara destek i\u00e7in y\u00fcr\u00fcd\u00fc&lt;\/p&gt; \" data-medium-file=\"https:\/\/i0.wp.com\/www.tvturk.com\/wp-content\/uploads\/2019\/02\/brukselde-yuzlerce-kisi-katalan-politikacilara-destek-icin-yurudu_d5c17d4.jpg?fit=300%2C200\" data-large-file=\"https:\/\/i0.wp.com\/www.tvturk.com\/wp-content\/uploads\/2019\/02\/brukselde-yuzlerce-kisi-katalan-politikacilara-destek-icin-yurudu_d5c17d4.jpg?fit=1000%2C666\" src=\"https:\/\/i0.wp.com\/www.tvturk.com\/wp-content\/uploads\/2019\/02\/brukselde-yuzlerce-kisi-katalan-politikacilara-destek-icin-yurudu_d5c17d4.jpg?w=232&#038;h=154\" srcset=\"https:\/\/i0.wp.com\/www.tvturk.com\/wp-content\/uploads\/2019\/02\/brukselde-yuzlerce-kisi-katalan-politikacilara-destek-icin-yurudu_d5c17d4.jpg?w=1000 1000w, https:\/\/i0.wp.com\/www.tvturk.com\/wp-content\/uploads\/2019\/02\/brukselde-yuzlerce-kisi-katalan-politikacilara-destek-icin-yurudu_d5c17d4.jpg?resize=150%2C100 150w, https:\/\/i0.wp.com\/www.tvturk.com\/wp-content\/uploads\/2019\/02\/brukselde-yuzlerce-kisi-katalan-politikacilara-destek-icin-yurudu_d5c17d4.jpg?resize=300%2C200 300w, https:\/\/i0.wp.com\/www.tvturk.com\/wp-content\/uploads\/2019\/02\/brukselde-yuzlerce-kisi-katalan-politikacilara-destek-icin-yurudu_d5c17d4.jpg?resize=768%2C511 768w, https:\/\/i0.wp.com\/www.tvturk.com\/wp-content\/uploads\/2019\/02\/brukselde-yuzlerce-kisi-katalan-politikacilara-destek-icin-yurudu_d5c17d4.jpg?resize=170%2C113 170w, https:\/\/i0.wp.com\/www.tvturk.com\/wp-content\/uploads\/2019\/02\/brukselde-yuzlerce-kisi-katalan-politikacilara-destek-icin-yurudu_d5c17d4.jpg?resize=120%2C80 120w\" width=\"232\" height=\"154\" loading=\"lazy\" data-original-width=\"232\" data-original-height=\"154\" itemprop=\"http:\/\/schema.org\/image\" title=\"Br\u00fcksel\u2019de y\u00fczlerce ki\u015fi Katalan politikac\u0131lara destek i\u00e7in y\u00fcr\u00fcd\u00fc\" alt=\"Br\u00fcksel\u2019de y\u00fczlerce ki\u015fi Katalan politikac\u0131lara destek i\u00e7in y\u00fcr\u00fcd\u00fc\" style=\"width: 232px; height: 154px;\" \/> <\/a> <\/div> <\/div> <!-- close group --> <\/div> <!-- close row --> <\/div><\/p>\n","protected":false},"excerpt":{"rendered":"<p>BEL\u00c7\u0130KA\u2019NIN BA\u015eKENT\u0130 BR\u00dcKSEL\u2019DE Y\u00dcZLERCE K\u0130\u015e\u0130 KATALAN POL\u0130T\u0130KACILARINA DESTEK \u0130\u00c7\u0130N Y\u00dcR\u00dcD\u00dc.<\/p>\n","protected":false},"author":1,"featured_media":27471,"comment_status":"closed","ping_status":"open","sticky":false,"template":"","format":"standard","meta":{"jetpack_post_was_ever_published":false,"_jetpack_newsletter_access":"","_jetpack_dont_email_post_to_subs":false,"_jetpack_newsletter_tier_id":0,"_jetpack_memberships_contains_paywalled_content":false,"_jetpack_memberships_contains_paid_content":false,"footnotes":"","jetpack_publicize_message":"","jetpack_publicize_feature_enabled":true,"jetpack_social_post_already_shared":false,"jetpack_social_options":{"image_generator_settings":{"template":"highway","default_image_id":0,"font":"","enabled":false},"version":2}},"categories":[655],"tags":[935,61,44,11161,1012,11162,2032,2445],"class_list":["post-27470","post","type-post","status-publish","format-standard","has-post-thumbnail","hentry","category-son-dakika","tag-brukselde","tag-destek","tag-icin","tag-katalan","tag-kisi","tag-politikacilara","tag-yurudu","tag-yuzlerce"],"jetpack_publicize_connections":[],"jetpack_featured_media_url":"https:\/\/i0.wp.com\/www.tvturk.com\/wp-content\/uploads\/2019\/02\/brukselde-yuzlerce-kisi-katalan-politikacilara-destek-icin-yurudu_41214b3.jpg?fit=1000%2C666","jetpack_sharing_enabled":true,"jetpack_shortlink":"https:\/\/wp.me\/paKIfm-794","_links":{"self":[{"href":"http:\/\/www.tvturk.com\/index.php\/wp-json\/wp\/v2\/posts\/27470","targetHints":{"allow":["GET"]}}],"collection":[{"href":"http:\/\/www.tvturk.com\/index.php\/wp-json\/wp\/v2\/posts"}],"about":[{"href":"http:\/\/www.tvturk.com\/index.php\/wp-json\/wp\/v2\/types\/post"}],"author":[{"embeddable":true,"href":"http:\/\/www.tvturk.com\/index.php\/wp-json\/wp\/v2\/users\/1"}],"replies":[{"embeddable":true,"href":"http:\/\/www.tvturk.com\/index.php\/wp-json\/wp\/v2\/comments?post=27470"}],"version-history":[{"count":1,"href":"http:\/\/www.tvturk.com\/index.php\/wp-json\/wp\/v2\/posts\/27470\/revisions"}],"predecessor-version":[{"id":27477,"href":"http:\/\/www.tvturk.com\/index.php\/wp-json\/wp\/v2\/posts\/27470\/revisions\/27477"}],"wp:featuredmedia":[{"embeddable":true,"href":"http:\/\/www.tvturk.com\/index.php\/wp-json\/wp\/v2\/media\/27471"}],"wp:attachment":[{"href":"http:\/\/www.tvturk.com\/index.php\/wp-json\/wp\/v2\/media?parent=27470"}],"wp:term":[{"taxonomy":"category","embeddable":true,"href":"http:\/\/www.tvturk.com\/index.php\/wp-json\/wp\/v2\/categories?post=27470"},{"taxonomy":"post_tag","embeddable":true,"href":"http:\/\/www.tvturk.com\/index.php\/wp-json\/wp\/v2\/tags?post=27470"}],"curies":[{"name":"wp","href":"https:\/\/api.w.org\/{rel}","templated":true}]}}