{"id":27480,"date":"2019-02-13T09:51:14","date_gmt":"2019-02-13T06:51:14","guid":{"rendered":"http:\/\/www.tvturk.com\/index.php\/nazilli-canli-hayvan-pazari-piril-piril\/"},"modified":"2019-02-13T09:51:17","modified_gmt":"2019-02-13T06:51:17","slug":"nazilli-canli-hayvan-pazari-piril-piril","status":"publish","type":"post","link":"http:\/\/www.tvturk.com\/index.php\/nazilli-canli-hayvan-pazari-piril-piril\/","title":{"rendered":"Nazilli canl\u0131 hayvan pazar\u0131 p\u0131r\u0131l p\u0131r\u0131l"},"content":{"rendered":"<p>Nazilli Belediyesi Temizlik \u0130\u015fleri M\u00fcd\u00fcrl\u00fc\u011f\u00fc\u2019ne ba\u011fl\u0131 ekipler, haftan\u0131n iki g\u00fcn\u00fc b\u00fcy\u00fck ve k\u00fc\u00e7\u00fckba\u015f hayvanlar\u0131n sat\u0131\u015f\u0131n\u0131n yap\u0131ld\u0131\u011f\u0131 canl\u0131 hayvan pazar\u0131nda genel temizlik \u00e7al\u0131\u015fmas\u0131 ger\u00e7ekle\u015ftiriyor.<\/p>\n<p>Nazilli Belediyesi meclis karar\u0131 ile Nazilli Ticaret Borsas\u0131 taraf\u0131ndan modernize edilerek i\u015fletmeye a\u00e7\u0131lan ve yakla\u015f\u0131k 7 y\u0131ld\u0131r halk\u0131n hizmetinde olan canl\u0131 hayvan pazar\u0131, her pazar sonras\u0131 d\u00fczenli olarak temizleniyor.<\/p>\n<p>Hafta i\u00e7i Sal\u0131 g\u00fcnleri b\u00fcy\u00fckba\u015f, Per\u015fembe g\u00fcnleri de k\u00fc\u00e7\u00fckba\u015f hayvan pazar\u0131n\u0131n kuruldu\u011fu bin 500 adet b\u00fcy\u00fckba\u015f ve 10 bin adet k\u00fc\u00e7\u00fckba\u015f kapasiteli padoklar g\u00fcn sonunda Nazilli Belediyesi Temizlik \u0130\u015fleri M\u00fcd\u00fcrl\u00fc\u011f\u00fc\u2019ne ba\u011fl\u0131 ekipler taraf\u0131ndan detayl\u0131 olarak temizleniyor.<\/p>\n<p>Nazilli Hayvan Pazar\u0131\u2019n\u0131n temizlik, hayvanlar\u0131n kontrol\u00fc ve verilen di\u011fer hizmetler a\u00e7\u0131s\u0131ndan T\u00fcrkiye\u2019nin say\u0131l\u0131 pazarlar\u0131ndan biri oldu\u011funu ifade eden Belediye Ba\u015fkan\u0131 Haluk Al\u0131c\u0131k, \u201c\u0130l\u00e7emizde bulunan canl\u0131 hayvan pazar\u0131m\u0131z her daim canl\u0131l\u0131\u011f\u0131n\u0131 korumaktad\u0131r ve dolay\u0131s\u0131yla sirk\u00fclasyonu hayli fazla olan bir pazara sahibiz. Vatanda\u015flar\u0131m\u0131z\u0131n daha sa\u011fl\u0131kl\u0131 bir ortamda hayvan sat\u0131\u015f\u0131 ger\u00e7ekle\u015ftirmelerini sa\u011flamak i\u00e7in temizlik ekiplerimiz rutin olarak temizliklerini ger\u00e7ekle\u015ftiriyor. Bu sayede gerek sat\u0131c\u0131lara,  gerekse vatanda\u015fa sa\u011fl\u0131kl\u0131 ve hijyenik ortamda al\u0131\u015f veri\u015f imkan\u0131 sunuluyor. Belediyemizin Temizlik \u0130\u015fleri M\u00fcd\u00fcrl\u00fc\u011f\u00fc\u2019ne ba\u011fl\u0131 ekipleri taraf\u0131ndan titiz bir \u00e7al\u0131\u015fma yap\u0131larak \u00e7evre temizli\u011fi yan\u0131 s\u0131ra k\u00fc\u00e7\u00fck ve b\u00fcy\u00fckba\u015f hayvanlar\u0131n bulundu\u011fu alanda ve sosyal tesislerin \u00e7evresinde \u00e7al\u0131\u015fmalar\u0131m\u0131z aral\u0131ks\u0131z devam ediyor. Halk\u0131m\u0131z\u0131n bu konuda endi\u015fesi olmas\u0131n\u201d diye konu\u015ftu.<div class=\"tiled-gallery type-rectangular tiled-gallery-unresized\" data-original-width=\"500\" data-carousel-extra='null' itemscope itemtype=\"http:\/\/schema.org\/ImageGallery\" > <div class=\"gallery-row\" style=\"width: 500px; height: 218px;\" data-original-width=\"500\" data-original-height=\"218\" > <div class=\"gallery-group images-1\" style=\"width: 325px; height: 218px;\" data-original-width=\"325\" data-original-height=\"218\" > <div class=\"tiled-gallery-item tiled-gallery-item-large\" itemprop=\"associatedMedia\" itemscope itemtype=\"http:\/\/schema.org\/ImageObject\"> <a href=\"http:\/\/www.tvturk.com\/index.php\/nazilli-canli-hayvan-pazari-piril-piril\/nazilli-canli-hayvan-pazari-piril-piril-3\/\" border=\"0\" itemprop=\"url\"> <meta itemprop=\"width\" content=\"321\"> <meta itemprop=\"height\" content=\"214\"> <img decoding=\"async\" class=\"\" data-attachment-id=\"27482\" data-orig-file=\"http:\/\/www.tvturk.com\/wp-content\/uploads\/2019\/02\/nazilli-canli-hayvan-pazari-piril-piril_b9f23fb.jpg\" data-orig-size=\"1000,667\" data-comments-opened=\"\" data-image-meta=\"{&quot;aperture&quot;:&quot;0&quot;,&quot;credit&quot;:&quot;IHA&quot;,&quot;camera&quot;:&quot;&quot;,&quot;caption&quot;:&quot;NAZ\\u0130LL\\u0130 BELED\\u0130YES\\u0130 TEM\\u0130ZL\\u0130K \\u0130\\u015eLER\\u0130 M\\u00dcD\\u00dcRL\\u00dc\\u011e\\u00dc\\u2019NE BA\\u011eLI EK\\u0130PLER, HAFTANIN \\u0130K\\u0130 G\\u00dcN\\u00dc B\\u00dcY\\u00dcK VE K\\u00dc\\u00c7\\u00dcKBA\\u015e HAYVANLARIN SATI\\u015eININ YAPILDI\\u011eI CANLI HAYVAN PAZARINDA GENEL TEM\\u0130ZL\\u0130K \\u00c7ALI\\u015eMASI GER\\u00c7EKLE\\u015eT\\u0130R\\u0130YOR. (MEHMET BARLAS\\\/AYDIN-\\u0130HA)&quot;,&quot;created_timestamp&quot;:&quot;0&quot;,&quot;copyright&quot;:&quot;\\u0130HLAS HABER AJANSI, www.iha.com.tr&quot;,&quot;focal_length&quot;:&quot;0&quot;,&quot;iso&quot;:&quot;0&quot;,&quot;shutter_speed&quot;:&quot;0&quot;,&quot;title&quot;:&quot;NAZ\\u0130LL\\u0130 CANLI HAYVAN PAZARI PIRIL PIRIL&quot;,&quot;orientation&quot;:&quot;0&quot;}\" data-image-title=\"Nazilli canl\u0131 hayvan pazar\u0131 p\u0131r\u0131l p\u0131r\u0131l\" data-image-description=\"&lt;p&gt;Nazilli canl\u0131 hayvan pazar\u0131 p\u0131r\u0131l p\u0131r\u0131l&lt;\/p&gt; \" data-medium-file=\"https:\/\/i0.wp.com\/www.tvturk.com\/wp-content\/uploads\/2019\/02\/nazilli-canli-hayvan-pazari-piril-piril_b9f23fb.jpg?fit=300%2C200\" data-large-file=\"https:\/\/i0.wp.com\/www.tvturk.com\/wp-content\/uploads\/2019\/02\/nazilli-canli-hayvan-pazari-piril-piril_b9f23fb.jpg?fit=1000%2C667\" src=\"https:\/\/i0.wp.com\/www.tvturk.com\/wp-content\/uploads\/2019\/02\/nazilli-canli-hayvan-pazari-piril-piril_b9f23fb.jpg?w=321&#038;h=214\" srcset=\"https:\/\/i0.wp.com\/www.tvturk.com\/wp-content\/uploads\/2019\/02\/nazilli-canli-hayvan-pazari-piril-piril_b9f23fb.jpg?w=1000 1000w, https:\/\/i0.wp.com\/www.tvturk.com\/wp-content\/uploads\/2019\/02\/nazilli-canli-hayvan-pazari-piril-piril_b9f23fb.jpg?resize=150%2C100 150w, https:\/\/i0.wp.com\/www.tvturk.com\/wp-content\/uploads\/2019\/02\/nazilli-canli-hayvan-pazari-piril-piril_b9f23fb.jpg?resize=300%2C200 300w, https:\/\/i0.wp.com\/www.tvturk.com\/wp-content\/uploads\/2019\/02\/nazilli-canli-hayvan-pazari-piril-piril_b9f23fb.jpg?resize=768%2C512 768w, https:\/\/i0.wp.com\/www.tvturk.com\/wp-content\/uploads\/2019\/02\/nazilli-canli-hayvan-pazari-piril-piril_b9f23fb.jpg?resize=170%2C113 170w, https:\/\/i0.wp.com\/www.tvturk.com\/wp-content\/uploads\/2019\/02\/nazilli-canli-hayvan-pazari-piril-piril_b9f23fb.jpg?resize=120%2C80 120w\" width=\"321\" height=\"214\" loading=\"lazy\" data-original-width=\"321\" data-original-height=\"214\" itemprop=\"http:\/\/schema.org\/image\" title=\"Nazilli canl\u0131 hayvan pazar\u0131 p\u0131r\u0131l p\u0131r\u0131l\" alt=\"Nazilli canl\u0131 hayvan pazar\u0131 p\u0131r\u0131l p\u0131r\u0131l\" style=\"width: 321px; height: 214px;\" \/> <\/a> <\/div> <\/div> <!-- close group --> <div class=\"gallery-group images-2\" style=\"width: 175px; height: 218px;\" data-original-width=\"175\" data-original-height=\"218\" > <div class=\"tiled-gallery-item tiled-gallery-item-small\" itemprop=\"associatedMedia\" itemscope itemtype=\"http:\/\/schema.org\/ImageObject\"> <a href=\"http:\/\/www.tvturk.com\/index.php\/nazilli-canli-hayvan-pazari-piril-piril\/nazilli-canli-hayvan-pazari-piril-piril-4\/\" border=\"0\" itemprop=\"url\"> <meta itemprop=\"width\" content=\"171\"> <meta itemprop=\"height\" content=\"114\"> <img decoding=\"async\" class=\"\" data-attachment-id=\"27483\" data-orig-file=\"http:\/\/www.tvturk.com\/wp-content\/uploads\/2019\/02\/nazilli-canli-hayvan-pazari-piril-piril_5bc903a.jpg\" data-orig-size=\"1000,667\" data-comments-opened=\"\" data-image-meta=\"{&quot;aperture&quot;:&quot;0&quot;,&quot;credit&quot;:&quot;IHA&quot;,&quot;camera&quot;:&quot;&quot;,&quot;caption&quot;:&quot;NAZ\\u0130LL\\u0130 BELED\\u0130YES\\u0130 TEM\\u0130ZL\\u0130K \\u0130\\u015eLER\\u0130 M\\u00dcD\\u00dcRL\\u00dc\\u011e\\u00dc\\u2019NE BA\\u011eLI EK\\u0130PLER, HAFTANIN \\u0130K\\u0130 G\\u00dcN\\u00dc B\\u00dcY\\u00dcK VE K\\u00dc\\u00c7\\u00dcKBA\\u015e HAYVANLARIN SATI\\u015eININ YAPILDI\\u011eI CANLI HAYVAN PAZARINDA GENEL TEM\\u0130ZL\\u0130K \\u00c7ALI\\u015eMASI GER\\u00c7EKLE\\u015eT\\u0130R\\u0130YOR. (MEHMET BARLAS\\\/AYDIN-\\u0130HA)&quot;,&quot;created_timestamp&quot;:&quot;0&quot;,&quot;copyright&quot;:&quot;\\u0130HLAS HABER AJANSI, www.iha.com.tr&quot;,&quot;focal_length&quot;:&quot;0&quot;,&quot;iso&quot;:&quot;0&quot;,&quot;shutter_speed&quot;:&quot;0&quot;,&quot;title&quot;:&quot;NAZ\\u0130LL\\u0130 CANLI HAYVAN PAZARI PIRIL PIRIL&quot;,&quot;orientation&quot;:&quot;0&quot;}\" data-image-title=\"Nazilli canl\u0131 hayvan pazar\u0131 p\u0131r\u0131l p\u0131r\u0131l\" data-image-description=\"&lt;p&gt;Nazilli canl\u0131 hayvan pazar\u0131 p\u0131r\u0131l p\u0131r\u0131l&lt;\/p&gt; \" data-medium-file=\"https:\/\/i0.wp.com\/www.tvturk.com\/wp-content\/uploads\/2019\/02\/nazilli-canli-hayvan-pazari-piril-piril_5bc903a.jpg?fit=300%2C200\" data-large-file=\"https:\/\/i0.wp.com\/www.tvturk.com\/wp-content\/uploads\/2019\/02\/nazilli-canli-hayvan-pazari-piril-piril_5bc903a.jpg?fit=1000%2C667\" src=\"https:\/\/i0.wp.com\/www.tvturk.com\/wp-content\/uploads\/2019\/02\/nazilli-canli-hayvan-pazari-piril-piril_5bc903a.jpg?w=171&#038;h=114\" srcset=\"https:\/\/i0.wp.com\/www.tvturk.com\/wp-content\/uploads\/2019\/02\/nazilli-canli-hayvan-pazari-piril-piril_5bc903a.jpg?w=1000 1000w, https:\/\/i0.wp.com\/www.tvturk.com\/wp-content\/uploads\/2019\/02\/nazilli-canli-hayvan-pazari-piril-piril_5bc903a.jpg?resize=150%2C100 150w, https:\/\/i0.wp.com\/www.tvturk.com\/wp-content\/uploads\/2019\/02\/nazilli-canli-hayvan-pazari-piril-piril_5bc903a.jpg?resize=300%2C200 300w, https:\/\/i0.wp.com\/www.tvturk.com\/wp-content\/uploads\/2019\/02\/nazilli-canli-hayvan-pazari-piril-piril_5bc903a.jpg?resize=768%2C512 768w, https:\/\/i0.wp.com\/www.tvturk.com\/wp-content\/uploads\/2019\/02\/nazilli-canli-hayvan-pazari-piril-piril_5bc903a.jpg?resize=170%2C113 170w, https:\/\/i0.wp.com\/www.tvturk.com\/wp-content\/uploads\/2019\/02\/nazilli-canli-hayvan-pazari-piril-piril_5bc903a.jpg?resize=120%2C80 120w\" width=\"171\" height=\"114\" loading=\"lazy\" data-original-width=\"171\" data-original-height=\"114\" itemprop=\"http:\/\/schema.org\/image\" title=\"Nazilli canl\u0131 hayvan pazar\u0131 p\u0131r\u0131l p\u0131r\u0131l\" alt=\"Nazilli canl\u0131 hayvan pazar\u0131 p\u0131r\u0131l p\u0131r\u0131l\" style=\"width: 171px; height: 114px;\" \/> <\/a> <\/div> <div class=\"tiled-gallery-item tiled-gallery-item-small\" itemprop=\"associatedMedia\" itemscope itemtype=\"http:\/\/schema.org\/ImageObject\"> <a href=\"http:\/\/www.tvturk.com\/index.php\/nazilli-canli-hayvan-pazari-piril-piril\/nazilli-canli-hayvan-pazari-piril-piril-5\/\" border=\"0\" itemprop=\"url\"> <meta itemprop=\"width\" content=\"171\"> <meta itemprop=\"height\" content=\"96\"> <img decoding=\"async\" class=\"\" data-attachment-id=\"27484\" data-orig-file=\"http:\/\/www.tvturk.com\/wp-content\/uploads\/2019\/02\/nazilli-canli-hayvan-pazari-piril-piril_8505749.jpg\" data-orig-size=\"1000,558\" data-comments-opened=\"\" data-image-meta=\"{&quot;aperture&quot;:&quot;0&quot;,&quot;credit&quot;:&quot;IHA&quot;,&quot;camera&quot;:&quot;&quot;,&quot;caption&quot;:&quot;NAZ\\u0130LL\\u0130 BELED\\u0130YES\\u0130 TEM\\u0130ZL\\u0130K \\u0130\\u015eLER\\u0130 M\\u00dcD\\u00dcRL\\u00dc\\u011e\\u00dc\\u2019NE BA\\u011eLI EK\\u0130PLER, HAFTANIN \\u0130K\\u0130 G\\u00dcN\\u00dc B\\u00dcY\\u00dcK VE K\\u00dc\\u00c7\\u00dcKBA\\u015e HAYVANLARIN SATI\\u015eININ YAPILDI\\u011eI CANLI HAYVAN PAZARINDA GENEL TEM\\u0130ZL\\u0130K \\u00c7ALI\\u015eMASI GER\\u00c7EKLE\\u015eT\\u0130R\\u0130YOR. (MEHMET BARLAS\\\/AYDIN-\\u0130HA)&quot;,&quot;created_timestamp&quot;:&quot;0&quot;,&quot;copyright&quot;:&quot;\\u0130HLAS HABER AJANSI, www.iha.com.tr&quot;,&quot;focal_length&quot;:&quot;0&quot;,&quot;iso&quot;:&quot;0&quot;,&quot;shutter_speed&quot;:&quot;0&quot;,&quot;title&quot;:&quot;NAZ\\u0130LL\\u0130 CANLI HAYVAN PAZARI PIRIL PIRIL&quot;,&quot;orientation&quot;:&quot;0&quot;}\" data-image-title=\"Nazilli canl\u0131 hayvan pazar\u0131 p\u0131r\u0131l p\u0131r\u0131l\" data-image-description=\"&lt;p&gt;Nazilli canl\u0131 hayvan pazar\u0131 p\u0131r\u0131l p\u0131r\u0131l&lt;\/p&gt; \" data-medium-file=\"https:\/\/i0.wp.com\/www.tvturk.com\/wp-content\/uploads\/2019\/02\/nazilli-canli-hayvan-pazari-piril-piril_8505749.jpg?fit=300%2C167\" data-large-file=\"https:\/\/i0.wp.com\/www.tvturk.com\/wp-content\/uploads\/2019\/02\/nazilli-canli-hayvan-pazari-piril-piril_8505749.jpg?fit=1000%2C558\" src=\"https:\/\/i0.wp.com\/www.tvturk.com\/wp-content\/uploads\/2019\/02\/nazilli-canli-hayvan-pazari-piril-piril_8505749.jpg?w=171&#038;h=96\" srcset=\"https:\/\/i0.wp.com\/www.tvturk.com\/wp-content\/uploads\/2019\/02\/nazilli-canli-hayvan-pazari-piril-piril_8505749.jpg?w=1000 1000w, https:\/\/i0.wp.com\/www.tvturk.com\/wp-content\/uploads\/2019\/02\/nazilli-canli-hayvan-pazari-piril-piril_8505749.jpg?resize=150%2C84 150w, https:\/\/i0.wp.com\/www.tvturk.com\/wp-content\/uploads\/2019\/02\/nazilli-canli-hayvan-pazari-piril-piril_8505749.jpg?resize=300%2C167 300w, https:\/\/i0.wp.com\/www.tvturk.com\/wp-content\/uploads\/2019\/02\/nazilli-canli-hayvan-pazari-piril-piril_8505749.jpg?resize=768%2C429 768w, https:\/\/i0.wp.com\/www.tvturk.com\/wp-content\/uploads\/2019\/02\/nazilli-canli-hayvan-pazari-piril-piril_8505749.jpg?resize=200%2C113 200w\" width=\"171\" height=\"96\" loading=\"lazy\" data-original-width=\"171\" data-original-height=\"96\" itemprop=\"http:\/\/schema.org\/image\" title=\"Nazilli canl\u0131 hayvan pazar\u0131 p\u0131r\u0131l p\u0131r\u0131l\" alt=\"Nazilli canl\u0131 hayvan pazar\u0131 p\u0131r\u0131l p\u0131r\u0131l\" style=\"width: 171px; height: 96px;\" \/> <\/a> <\/div> <\/div> <!-- close group --> <\/div> <!-- close row --> <\/div><\/p>\n","protected":false},"excerpt":{"rendered":"<p>NAZ\u0130LL\u0130 BELED\u0130YES\u0130 TEM\u0130ZL\u0130K \u0130\u015eLER\u0130 M\u00dcD\u00dcRL\u00dc\u011e\u00dc\u2019NE BA\u011eLI EK\u0130PLER, HAFTANIN \u0130K\u0130 G\u00dcN\u00dc B\u00dcY\u00dcK VE K\u00dc\u00c7\u00dcKBA\u015e HAYVANLARIN SATI\u015eININ YAPILDI\u011eI CANLI HAYVAN PAZARINDA GENEL TEM\u0130ZL\u0130K \u00c7ALI\u015eMASI GER\u00c7EKLE\u015eT\u0130R\u0130YOR.<\/p>\n","protected":false},"author":1,"featured_media":27481,"comment_status":"closed","ping_status":"open","sticky":false,"template":"","format":"standard","meta":{"jetpack_post_was_ever_published":false,"_jetpack_newsletter_access":"","_jetpack_dont_email_post_to_subs":false,"_jetpack_newsletter_tier_id":0,"_jetpack_memberships_contains_paywalled_content":false,"_jetpack_memberships_contains_paid_content":false,"footnotes":"","jetpack_publicize_message":"","jetpack_publicize_feature_enabled":true,"jetpack_social_post_already_shared":false,"jetpack_social_options":{"image_generator_settings":{"template":"highway","default_image_id":0,"font":"","enabled":false},"version":2}},"categories":[655],"tags":[4023,3049,3136,43,11164],"class_list":["post-27480","post","type-post","status-publish","format-standard","has-post-thumbnail","hentry","category-son-dakika","tag-canli","tag-hayvan","tag-nazilli","tag-pazari","tag-piril"],"jetpack_publicize_connections":[],"jetpack_featured_media_url":"https:\/\/i0.wp.com\/www.tvturk.com\/wp-content\/uploads\/2019\/02\/nazilli-canli-hayvan-pazari-piril-piril_a540cbc.jpg?fit=1000%2C667","jetpack_sharing_enabled":true,"jetpack_shortlink":"https:\/\/wp.me\/paKIfm-79e","_links":{"self":[{"href":"http:\/\/www.tvturk.com\/index.php\/wp-json\/wp\/v2\/posts\/27480","targetHints":{"allow":["GET"]}}],"collection":[{"href":"http:\/\/www.tvturk.com\/index.php\/wp-json\/wp\/v2\/posts"}],"about":[{"href":"http:\/\/www.tvturk.com\/index.php\/wp-json\/wp\/v2\/types\/post"}],"author":[{"embeddable":true,"href":"http:\/\/www.tvturk.com\/index.php\/wp-json\/wp\/v2\/users\/1"}],"replies":[{"embeddable":true,"href":"http:\/\/www.tvturk.com\/index.php\/wp-json\/wp\/v2\/comments?post=27480"}],"version-history":[{"count":1,"href":"http:\/\/www.tvturk.com\/index.php\/wp-json\/wp\/v2\/posts\/27480\/revisions"}],"predecessor-version":[{"id":27485,"href":"http:\/\/www.tvturk.com\/index.php\/wp-json\/wp\/v2\/posts\/27480\/revisions\/27485"}],"wp:featuredmedia":[{"embeddable":true,"href":"http:\/\/www.tvturk.com\/index.php\/wp-json\/wp\/v2\/media\/27481"}],"wp:attachment":[{"href":"http:\/\/www.tvturk.com\/index.php\/wp-json\/wp\/v2\/media?parent=27480"}],"wp:term":[{"taxonomy":"category","embeddable":true,"href":"http:\/\/www.tvturk.com\/index.php\/wp-json\/wp\/v2\/categories?post=27480"},{"taxonomy":"post_tag","embeddable":true,"href":"http:\/\/www.tvturk.com\/index.php\/wp-json\/wp\/v2\/tags?post=27480"}],"curies":[{"name":"wp","href":"https:\/\/api.w.org\/{rel}","templated":true}]}}