{"id":27531,"date":"2019-02-13T09:51:44","date_gmt":"2019-02-13T06:51:44","guid":{"rendered":"http:\/\/www.tvturk.com\/index.php\/ozel-aldigi-agri-kesici-ilactan-sonra-hayati-karardi\/"},"modified":"2019-02-13T09:51:47","modified_gmt":"2019-02-13T06:51:47","slug":"ozel-aldigi-agri-kesici-ilactan-sonra-hayati-karardi","status":"publish","type":"post","link":"http:\/\/www.tvturk.com\/index.php\/ozel-aldigi-agri-kesici-ilactan-sonra-hayati-karardi\/","title":{"rendered":"(\u00d6zel) Ald\u0131\u011f\u0131 a\u011fr\u0131 kesici ila\u00e7tan sonra hayat\u0131 karard\u0131"},"content":{"rendered":"<p>Van\u2019da ald\u0131\u011f\u0131 a\u011fr\u0131 kesici ilac\u0131n alerji yapmas\u0131yla b\u00fct\u00fcn v\u00fccudu yaralar i\u00e7inde kalan 27 ya\u015f\u0131ndaki gen\u00e7 k\u0131z, Sa\u011fl\u0131k Bilimleri \u00dcniversitesi (SB\u00dc) Van E\u011fitim ve Ara\u015ft\u0131rma Hastanesinde g\u00f6rd\u00fc\u011f\u00fc tedavi sonras\u0131 sa\u011fl\u0131\u011f\u0131na kavu\u015fuyor.<\/p>\n<p>Karayollar\u0131 11. B\u00f6lge M\u00fcd\u00fcrl\u00fc\u011f\u00fcnde \u00e7al\u0131\u015fan 27 ya\u015f\u0131ndaki Zeynep K\u0131z\u0131ldo\u011fan, ald\u0131\u011f\u0131 bir a\u011fr\u0131 kesici ila\u00e7tan sonra hayat\u0131n\u0131n \u015fokunu ya\u015fad\u0131. Ald\u0131\u011f\u0131 ila\u00e7 sonucu nadir g\u00f6r\u00fclen ve \u00f6l\u00fcmc\u00fcl olabilen \u2018Steven-Johnson\u2019 sendromu (\u0130la\u00e7 reaksiyonu) ya\u015fayan talihsiz k\u0131z\u0131n b\u00fct\u00fcn v\u00fccudunda yaralar olu\u015ftu.<\/p>\n<p>Gen\u00e7 k\u0131z, v\u00fccudunda \u00e7\u0131kan k\u00fc\u00e7\u00fck g\u00f6zeneklere bir anlam veremeyip \u00f6zel bir hastaneye ba\u015fvurdu. Gitti\u011fi hastanede ald\u0131\u011f\u0131 tedaviden sonra durumu daha da k\u00f6t\u00fcye giden ve y\u00fcz\u00fc tan\u0131nmayacak duruma gelen gen\u00e7 k\u0131z, daha sonra sevk edildi\u011fi SB\u00dc Van E\u011fitim ve Ara\u015ft\u0131rma Hastanesi Yo\u011fun Bak\u0131m \u00dcnitesinde tedavi alt\u0131na al\u0131nd\u0131. Burada yap\u0131lan tan\u0131 sonras\u0131 tedavisine ba\u015flanan gen\u00e7 k\u0131z, v\u00fccudundaki h\u0131zl\u0131 iyile\u015fme ile yeniden hayata tutundu.<\/p>\n<p>\u0130HA muhabirine konu\u015fan Yo\u011fun Bak\u0131m \u00dcnitesi Uzman\u0131 Dr. Bu\u011fra Karaka\u015f, ila\u00e7 reaksiyonlar\u0131n\u0131n hastay\u0131 \u00f6l\u00fcme g\u00f6t\u00fcrebilecek sonu\u00e7lar do\u011furdu\u011funu belirtti. Gen\u00e7 k\u0131z\u0131n v\u00fccudundaki t\u00fcm derinin yan\u0131k gibi su toplayarak yaraya d\u00f6n\u00fc\u015ft\u00fc\u011f\u00fcn\u00fc ifade eden Dr. Karaka\u015f, \u201cHastanemizde ila\u00e7 reaksiyonu \u015feklinde tabir etti\u011fimiz \u2018Stevens Johnson\u2019 sendromu tan\u0131s\u0131 koydu\u011fumuz bir hastam\u0131z\u0131n tedavisine ba\u015flad\u0131k. \u0130la\u00e7 reaksiyonu sonucunda b\u00fct\u00fcn v\u00fccudu su toplamas\u0131 ve enfeksiyona a\u00e7\u0131k cilt b\u00fct\u00fcnl\u00fc\u011f\u00fc olu\u015ftu. Hastay\u0131 yo\u011fun bak\u0131m\u0131na ald\u0131ktan sonra ba\u011f\u0131\u015f\u0131kl\u0131k sistemini destekleyecek tedavileri y\u00f6nlendirdik. Hastam\u0131z\u0131 b\u00fct\u00fcn temaslardan izole etmeye \u00e7al\u0131\u015ft\u0131k. Bunun sonucunda ise ba\u015far\u0131l\u0131 bir tedavi s\u00fcrecine girdik\u201d dedi.<\/p>\n<p>\u201cHastal\u0131k, \u00f6l\u00fcmc\u00fcll\u00fc\u011f\u00fc \u00e7ok y\u00fcksek bir orana sahip\u201d<\/p>\n<p>Enfeksiyon a\u00e7\u0131s\u0131ndan hastalar\u0131n \u00e7ok ciddi risk alt\u0131nda oldu\u011funu dile getiren Karaka\u015f, s\u00f6zlerini \u015f\u00f6yle s\u00fcrd\u00fcrd\u00fc:<\/p>\n<p>\u201cBu hastal\u0131k \u00e7ok y\u00fcksek bir seviyede seyredip \u00f6l\u00fcmc\u00fcll\u00fc\u011f\u00fc \u00e7ok y\u00fcksek bir orana sahipti. \u00d6zellikle enfeksiyon a\u00e7\u0131s\u0131ndan bu hastalar \u00e7ok ciddi risk alt\u0131ndad\u0131r. \u0130la\u00e7 reaksiyonu s\u00fcrekli devam edebiliyor. Yeni lezyonlar olu\u015fabilirdi, ancak bu konuda \u015fansl\u0131yd\u0131k ki yeni lezyonlar olu\u015fmad\u0131 ve gerilemeye devam etti. Bu t\u00fcr ila\u00e7 reaksiyonlar\u0131 hastay\u0131 \u00f6l\u00fcme g\u00f6t\u00fcrebilecek sonu\u00e7lar olu\u015fturabilir. Bu ki\u015fiden ki\u015fiye g\u00f6re de\u011fi\u015fiklik g\u00f6sterdi\u011fi gibi ne zaman olu\u015faca\u011f\u0131n\u0131 hi\u00e7birimiz kestiremeyiz.\u201d<\/p>\n<p>Daha \u00f6nce benzer zor vakalar\u0131 ba\u015fka illere sevk ettiklerini belirten Karaka\u015f, hastanenin teknik ekipman\u0131 ve yetkin personeli sayesinde hastalar\u0131 art\u0131k ba\u015fka merkezlere sevk etmeden tedavi edebildiklerini kaydetti.<\/p>\n<p>Ald\u0131\u011f\u0131 ila\u00e7tan dolay\u0131 v\u00fccudunun \u00e7e\u015fitli noktalar\u0131nda g\u00f6zeneklerin belirdi\u011fini ifade eden Zeynep K\u0131z\u0131ldo\u011fan ise daha sonra gitti\u011fi \u00f6zel hastanede alerji te\u015fhisi konularak kendisine ila\u00e7lar verildi\u011fini s\u00f6yledi. Son olarak Van E\u011fitim ve Ara\u015ft\u0131rma Hastanesine gelerek yo\u011fun bak\u0131m servisinde tedavi g\u00f6rd\u00fc\u011f\u00fcn\u00fc dile getiren K\u0131z\u0131ldo\u011fan, tedavi sonucunda bu kadar \u00e7abuk iyile\u015fti\u011fine inanamad\u0131\u011f\u0131n\u0131 belirtti. K\u0131z\u0131ldo\u011fan, sa\u011fl\u0131\u011f\u0131na kavu\u015fmas\u0131nda eme\u011fi ge\u00e7en sa\u011fl\u0131k \u00e7al\u0131\u015fanlar\u0131na te\u015fekk\u00fcr etti.<div class=\"tiled-gallery type-rectangular tiled-gallery-unresized\" data-original-width=\"500\" data-carousel-extra='null' itemscope itemtype=\"http:\/\/schema.org\/ImageGallery\" > <div class=\"gallery-row\" style=\"width: 500px; height: 224px;\" data-original-width=\"500\" data-original-height=\"224\" > <div class=\"gallery-group images-1\" style=\"width: 334px; height: 224px;\" data-original-width=\"334\" data-original-height=\"224\" > <div class=\"tiled-gallery-item tiled-gallery-item-large\" itemprop=\"associatedMedia\" itemscope itemtype=\"http:\/\/schema.org\/ImageObject\"> <a href=\"http:\/\/www.tvturk.com\/index.php\/ozel-aldigi-agri-kesici-ilactan-sonra-hayati-karardi\/ozel-aldigi-agri-kesici-ilactan-sonra-hayati-karardi-3\/\" border=\"0\" itemprop=\"url\"> <meta itemprop=\"width\" content=\"330\"> <meta itemprop=\"height\" content=\"220\"> <img decoding=\"async\" class=\"\" data-attachment-id=\"27533\" data-orig-file=\"http:\/\/www.tvturk.com\/wp-content\/uploads\/2019\/02\/ozel-aldigi-agri-kesici-ilactan-sonra-hayati-karardi_0de1de8.jpg\" data-orig-size=\"1000,666\" data-comments-opened=\"\" data-image-meta=\"{&quot;aperture&quot;:&quot;0&quot;,&quot;credit&quot;:&quot;IHA&quot;,&quot;camera&quot;:&quot;&quot;,&quot;caption&quot;:&quot;VAN\\u2019DA KARAYOLLARINDA \\u00c7ALI\\u015eAN 27 YA\\u015eINDAK\\u0130 ZEYNEP KIZILDO\\u011eAN, ALDI\\u011eI B\\u0130R A\\u011eRI KES\\u0130C\\u0130 \\u0130LA\\u00c7TAN SONRA HAYATININ \\u015eOKUNU YA\\u015eADI. ALDI\\u011eI \\u0130LA\\u00c7 SONUCU NAD\\u0130R G\\u00d6R\\u00dcLEN VE Y\\u00dcKSEK \\u00d6L\\u00dcM HIZINA SAH\\u0130P \\u2018STEVEN-JOHNSON\\u2019 SENDROMUNA (\\u0130LA\\u00c7 REAKS\\u0130YONU) D\\u00d6N\\u00dc\\u015eMES\\u0130 NEDEN\\u0130YLE TAL\\u0130HS\\u0130Z KIZIN B\\u00dcT\\u00dcN V\\u00dcCUDUNDA YARALAR OLU\\u015eTU. (YILMAZ S\\u00d6NMEZ\\\/VAN-\\u0130HA)&quot;,&quot;created_timestamp&quot;:&quot;0&quot;,&quot;copyright&quot;:&quot;\\u0130HLAS HABER AJANSI, www.iha.com.tr&quot;,&quot;focal_length&quot;:&quot;0&quot;,&quot;iso&quot;:&quot;0&quot;,&quot;shutter_speed&quot;:&quot;0&quot;,&quot;title&quot;:&quot;(\\u00d6ZEL) ALDI\\u011eI A\\u011eRI KES\\u0130C\\u0130 \\u0130LA\\u00c7TAN SONRA HAYATI KARARDI \\u0130LA\\u00c7 ALERJ\\u0130S\\u0130NDEN DOLAYI B\\u00dcT\\u00dcN V\\u00dcCUDU YARA \\u0130\\u00c7\\u0130NDE KALAN GEN\\u00c7 KIZ SA\\u011eLI\\u011eINA KAVU\\u015eUYOR \\u2018STEVENS JOHNSON\\u2019 SENDROMU YA\\u015eAYAN GEN\\u00c7 KIZ HAYATA TUTUNDU&quot;,&quot;orientation&quot;:&quot;0&quot;}\" data-image-title=\"(\u00d6zel) Ald\u0131\u011f\u0131 a\u011fr\u0131 kesici ila\u00e7tan sonra hayat\u0131 karard\u0131\" data-image-description=\"&lt;p&gt;(\u00d6zel) Ald\u0131\u011f\u0131 a\u011fr\u0131 kesici ila\u00e7tan sonra hayat\u0131 karard\u0131&lt;\/p&gt; \" data-medium-file=\"https:\/\/i0.wp.com\/www.tvturk.com\/wp-content\/uploads\/2019\/02\/ozel-aldigi-agri-kesici-ilactan-sonra-hayati-karardi_0de1de8.jpg?fit=300%2C200\" data-large-file=\"https:\/\/i0.wp.com\/www.tvturk.com\/wp-content\/uploads\/2019\/02\/ozel-aldigi-agri-kesici-ilactan-sonra-hayati-karardi_0de1de8.jpg?fit=1000%2C666\" src=\"https:\/\/i0.wp.com\/www.tvturk.com\/wp-content\/uploads\/2019\/02\/ozel-aldigi-agri-kesici-ilactan-sonra-hayati-karardi_0de1de8.jpg?w=330&#038;h=220\" srcset=\"https:\/\/i0.wp.com\/www.tvturk.com\/wp-content\/uploads\/2019\/02\/ozel-aldigi-agri-kesici-ilactan-sonra-hayati-karardi_0de1de8.jpg?w=1000 1000w, https:\/\/i0.wp.com\/www.tvturk.com\/wp-content\/uploads\/2019\/02\/ozel-aldigi-agri-kesici-ilactan-sonra-hayati-karardi_0de1de8.jpg?resize=150%2C100 150w, https:\/\/i0.wp.com\/www.tvturk.com\/wp-content\/uploads\/2019\/02\/ozel-aldigi-agri-kesici-ilactan-sonra-hayati-karardi_0de1de8.jpg?resize=300%2C200 300w, https:\/\/i0.wp.com\/www.tvturk.com\/wp-content\/uploads\/2019\/02\/ozel-aldigi-agri-kesici-ilactan-sonra-hayati-karardi_0de1de8.jpg?resize=768%2C511 768w, https:\/\/i0.wp.com\/www.tvturk.com\/wp-content\/uploads\/2019\/02\/ozel-aldigi-agri-kesici-ilactan-sonra-hayati-karardi_0de1de8.jpg?resize=170%2C113 170w, https:\/\/i0.wp.com\/www.tvturk.com\/wp-content\/uploads\/2019\/02\/ozel-aldigi-agri-kesici-ilactan-sonra-hayati-karardi_0de1de8.jpg?resize=120%2C80 120w\" width=\"330\" height=\"220\" loading=\"lazy\" data-original-width=\"330\" data-original-height=\"220\" itemprop=\"http:\/\/schema.org\/image\" title=\"(\u00d6zel) Ald\u0131\u011f\u0131 a\u011fr\u0131 kesici ila\u00e7tan sonra hayat\u0131 karard\u0131\" alt=\"(\u00d6zel) Ald\u0131\u011f\u0131 a\u011fr\u0131 kesici ila\u00e7tan sonra hayat\u0131 karard\u0131\" style=\"width: 330px; height: 220px;\" \/> <\/a> <\/div> <\/div> <!-- close group --> <div class=\"gallery-group images-2\" style=\"width: 166px; height: 224px;\" data-original-width=\"166\" data-original-height=\"224\" > <div class=\"tiled-gallery-item tiled-gallery-item-small\" itemprop=\"associatedMedia\" itemscope itemtype=\"http:\/\/schema.org\/ImageObject\"> <a href=\"http:\/\/www.tvturk.com\/index.php\/ozel-aldigi-agri-kesici-ilactan-sonra-hayati-karardi\/ozel-aldigi-agri-kesici-ilactan-sonra-hayati-karardi-4\/\" border=\"0\" itemprop=\"url\"> <meta itemprop=\"width\" content=\"162\"> <meta itemprop=\"height\" content=\"108\"> <img decoding=\"async\" class=\"\" data-attachment-id=\"27534\" data-orig-file=\"http:\/\/www.tvturk.com\/wp-content\/uploads\/2019\/02\/ozel-aldigi-agri-kesici-ilactan-sonra-hayati-karardi_f479710.jpg\" data-orig-size=\"1000,666\" data-comments-opened=\"\" data-image-meta=\"{&quot;aperture&quot;:&quot;0&quot;,&quot;credit&quot;:&quot;IHA&quot;,&quot;camera&quot;:&quot;&quot;,&quot;caption&quot;:&quot;GEN\\u00c7 KIZ, V\\u00dcCUDUNDA \\u00c7IKAN K\\u00dc\\u00c7\\u00dcK G\\u00d6ZENEKLERE B\\u0130R ANLAM VEREMEY\\u0130P \\u00d6ZEL B\\u0130R HASTANEYE BA\\u015eVURDU. G\\u0130TT\\u0130\\u011e\\u0130 HASTANEDE ALDI\\u011eI TEDAV\\u0130DEN SONRA DURUMU DAHA DA K\\u00d6T\\u00dcYE G\\u0130DEN VE Y\\u00dcZ\\u00dc TANINMAYACAK DURUMA GELEN GEN\\u00c7 KIZ, DAHA SONRA SEVK ED\\u0130LD\\u0130\\u011e\\u0130 SB\\u00dc VAN E\\u011e\\u0130T\\u0130M VE ARA\\u015eTIRMA HASTANES\\u0130 YO\\u011eUN BAKIM \\u00dcN\\u0130TES\\u0130NDE TEDAV\\u0130 ALTINA ALINDI. BURADA YAPILAN TANI SONRASI TEDAV\\u0130S\\u0130NE BA\\u015eLANAN GEN\\u00c7 KIZ, V\\u00dcCUDUNDA HIZLI \\u0130Y\\u0130LE\\u015eMELER YA\\u015eANARAK SA\\u011eLI\\u011eINA KAVU\\u015eTU. (YILMAZ S\\u00d6NMEZ\\\/VAN-\\u0130HA)&quot;,&quot;created_timestamp&quot;:&quot;0&quot;,&quot;copyright&quot;:&quot;\\u0130HLAS HABER AJANSI, www.iha.com.tr&quot;,&quot;focal_length&quot;:&quot;0&quot;,&quot;iso&quot;:&quot;0&quot;,&quot;shutter_speed&quot;:&quot;0&quot;,&quot;title&quot;:&quot;(\\u00d6ZEL) ALDI\\u011eI A\\u011eRI KES\\u0130C\\u0130 \\u0130LA\\u00c7TAN SONRA HAYATI KARARDI \\u0130LA\\u00c7 ALERJ\\u0130S\\u0130NDEN DOLAYI B\\u00dcT\\u00dcN V\\u00dcCUDU YARA \\u0130\\u00c7\\u0130NDE KALAN GEN\\u00c7 KIZ SA\\u011eLI\\u011eINA KAVU\\u015eUYOR \\u2018STEVENS JOHNSON\\u2019 SENDROMU YA\\u015eAYAN GEN\\u00c7 KIZ HAYATA TUTUNDU&quot;,&quot;orientation&quot;:&quot;0&quot;}\" data-image-title=\"(\u00d6zel) Ald\u0131\u011f\u0131 a\u011fr\u0131 kesici ila\u00e7tan sonra hayat\u0131 karard\u0131\" data-image-description=\"&lt;p&gt;(\u00d6zel) Ald\u0131\u011f\u0131 a\u011fr\u0131 kesici ila\u00e7tan sonra hayat\u0131 karard\u0131&lt;\/p&gt; \" data-medium-file=\"https:\/\/i0.wp.com\/www.tvturk.com\/wp-content\/uploads\/2019\/02\/ozel-aldigi-agri-kesici-ilactan-sonra-hayati-karardi_f479710.jpg?fit=300%2C200\" data-large-file=\"https:\/\/i0.wp.com\/www.tvturk.com\/wp-content\/uploads\/2019\/02\/ozel-aldigi-agri-kesici-ilactan-sonra-hayati-karardi_f479710.jpg?fit=1000%2C666\" src=\"https:\/\/i0.wp.com\/www.tvturk.com\/wp-content\/uploads\/2019\/02\/ozel-aldigi-agri-kesici-ilactan-sonra-hayati-karardi_f479710.jpg?w=162&#038;h=108\" srcset=\"https:\/\/i0.wp.com\/www.tvturk.com\/wp-content\/uploads\/2019\/02\/ozel-aldigi-agri-kesici-ilactan-sonra-hayati-karardi_f479710.jpg?w=1000 1000w, https:\/\/i0.wp.com\/www.tvturk.com\/wp-content\/uploads\/2019\/02\/ozel-aldigi-agri-kesici-ilactan-sonra-hayati-karardi_f479710.jpg?resize=150%2C100 150w, https:\/\/i0.wp.com\/www.tvturk.com\/wp-content\/uploads\/2019\/02\/ozel-aldigi-agri-kesici-ilactan-sonra-hayati-karardi_f479710.jpg?resize=300%2C200 300w, https:\/\/i0.wp.com\/www.tvturk.com\/wp-content\/uploads\/2019\/02\/ozel-aldigi-agri-kesici-ilactan-sonra-hayati-karardi_f479710.jpg?resize=768%2C511 768w, https:\/\/i0.wp.com\/www.tvturk.com\/wp-content\/uploads\/2019\/02\/ozel-aldigi-agri-kesici-ilactan-sonra-hayati-karardi_f479710.jpg?resize=170%2C113 170w, https:\/\/i0.wp.com\/www.tvturk.com\/wp-content\/uploads\/2019\/02\/ozel-aldigi-agri-kesici-ilactan-sonra-hayati-karardi_f479710.jpg?resize=120%2C80 120w\" width=\"162\" height=\"108\" loading=\"lazy\" data-original-width=\"162\" data-original-height=\"108\" itemprop=\"http:\/\/schema.org\/image\" title=\"(\u00d6zel) Ald\u0131\u011f\u0131 a\u011fr\u0131 kesici ila\u00e7tan sonra hayat\u0131 karard\u0131\" alt=\"(\u00d6zel) Ald\u0131\u011f\u0131 a\u011fr\u0131 kesici ila\u00e7tan sonra hayat\u0131 karard\u0131\" style=\"width: 162px; height: 108px;\" \/> <\/a> <\/div> <div class=\"tiled-gallery-item tiled-gallery-item-small\" itemprop=\"associatedMedia\" itemscope itemtype=\"http:\/\/schema.org\/ImageObject\"> <a href=\"http:\/\/www.tvturk.com\/index.php\/ozel-aldigi-agri-kesici-ilactan-sonra-hayati-karardi\/ozel-aldigi-agri-kesici-ilactan-sonra-hayati-karardi-5\/\" border=\"0\" itemprop=\"url\"> <meta itemprop=\"width\" content=\"162\"> <meta itemprop=\"height\" content=\"108\"> <img decoding=\"async\" class=\"\" data-attachment-id=\"27535\" data-orig-file=\"http:\/\/www.tvturk.com\/wp-content\/uploads\/2019\/02\/ozel-aldigi-agri-kesici-ilactan-sonra-hayati-karardi_9bbbf98.jpg\" data-orig-size=\"1000,666\" data-comments-opened=\"\" data-image-meta=\"{&quot;aperture&quot;:&quot;0&quot;,&quot;credit&quot;:&quot;IHA&quot;,&quot;camera&quot;:&quot;&quot;,&quot;caption&quot;:&quot;\\u0130HA MUHAB\\u0130R\\u0130NE KONU\\u015eAN YO\\u011eUN BAKIM \\u00dcN\\u0130TES\\u0130 UZMANI DR. BU\\u011eRA KARAKA\\u015e, \\u0130LA\\u00c7 REAKS\\u0130YONLARININ HASTAYI \\u00d6L\\u00dcME G\\u00d6T\\u00dcREB\\u0130LECEK SONU\\u00c7LAR DO\\u011eURDU\\u011eUNU BEL\\u0130RTT\\u0130. (YILMAZ S\\u00d6NMEZ\\\/VAN-\\u0130HA)&quot;,&quot;created_timestamp&quot;:&quot;0&quot;,&quot;copyright&quot;:&quot;\\u0130HLAS HABER AJANSI, www.iha.com.tr&quot;,&quot;focal_length&quot;:&quot;0&quot;,&quot;iso&quot;:&quot;0&quot;,&quot;shutter_speed&quot;:&quot;0&quot;,&quot;title&quot;:&quot;(\\u00d6ZEL) ALDI\\u011eI A\\u011eRI KES\\u0130C\\u0130 \\u0130LA\\u00c7TAN SONRA HAYATI KARARDI \\u0130LA\\u00c7 ALERJ\\u0130S\\u0130NDEN DOLAYI B\\u00dcT\\u00dcN V\\u00dcCUDU YARA \\u0130\\u00c7\\u0130NDE KALAN GEN\\u00c7 KIZ SA\\u011eLI\\u011eINA KAVU\\u015eUYOR \\u2018STEVENS JOHNSON\\u2019 SENDROMU YA\\u015eAYAN GEN\\u00c7 KIZ HAYATA TUTUNDU&quot;,&quot;orientation&quot;:&quot;0&quot;}\" data-image-title=\"(\u00d6zel) Ald\u0131\u011f\u0131 a\u011fr\u0131 kesici ila\u00e7tan sonra hayat\u0131 karard\u0131\" data-image-description=\"&lt;p&gt;(\u00d6zel) Ald\u0131\u011f\u0131 a\u011fr\u0131 kesici ila\u00e7tan sonra hayat\u0131 karard\u0131&lt;\/p&gt; \" data-medium-file=\"https:\/\/i0.wp.com\/www.tvturk.com\/wp-content\/uploads\/2019\/02\/ozel-aldigi-agri-kesici-ilactan-sonra-hayati-karardi_9bbbf98.jpg?fit=300%2C200\" data-large-file=\"https:\/\/i0.wp.com\/www.tvturk.com\/wp-content\/uploads\/2019\/02\/ozel-aldigi-agri-kesici-ilactan-sonra-hayati-karardi_9bbbf98.jpg?fit=1000%2C666\" src=\"https:\/\/i0.wp.com\/www.tvturk.com\/wp-content\/uploads\/2019\/02\/ozel-aldigi-agri-kesici-ilactan-sonra-hayati-karardi_9bbbf98.jpg?w=162&#038;h=108\" srcset=\"https:\/\/i0.wp.com\/www.tvturk.com\/wp-content\/uploads\/2019\/02\/ozel-aldigi-agri-kesici-ilactan-sonra-hayati-karardi_9bbbf98.jpg?w=1000 1000w, https:\/\/i0.wp.com\/www.tvturk.com\/wp-content\/uploads\/2019\/02\/ozel-aldigi-agri-kesici-ilactan-sonra-hayati-karardi_9bbbf98.jpg?resize=150%2C100 150w, https:\/\/i0.wp.com\/www.tvturk.com\/wp-content\/uploads\/2019\/02\/ozel-aldigi-agri-kesici-ilactan-sonra-hayati-karardi_9bbbf98.jpg?resize=300%2C200 300w, https:\/\/i0.wp.com\/www.tvturk.com\/wp-content\/uploads\/2019\/02\/ozel-aldigi-agri-kesici-ilactan-sonra-hayati-karardi_9bbbf98.jpg?resize=768%2C511 768w, https:\/\/i0.wp.com\/www.tvturk.com\/wp-content\/uploads\/2019\/02\/ozel-aldigi-agri-kesici-ilactan-sonra-hayati-karardi_9bbbf98.jpg?resize=170%2C113 170w, https:\/\/i0.wp.com\/www.tvturk.com\/wp-content\/uploads\/2019\/02\/ozel-aldigi-agri-kesici-ilactan-sonra-hayati-karardi_9bbbf98.jpg?resize=120%2C80 120w\" width=\"162\" height=\"108\" loading=\"lazy\" data-original-width=\"162\" data-original-height=\"108\" itemprop=\"http:\/\/schema.org\/image\" title=\"(\u00d6zel) Ald\u0131\u011f\u0131 a\u011fr\u0131 kesici ila\u00e7tan sonra hayat\u0131 karard\u0131\" alt=\"(\u00d6zel) Ald\u0131\u011f\u0131 a\u011fr\u0131 kesici ila\u00e7tan sonra hayat\u0131 karard\u0131\" style=\"width: 162px; height: 108px;\" \/> <\/a> <\/div> <\/div> <!-- close group --> <\/div> <!-- close row --> <\/div><\/p>\n","protected":false},"excerpt":{"rendered":"<p>VAN\u2019DA ALDI\u011eI A\u011eRI KES\u0130C\u0130 \u0130LACIN ALERJ\u0130 YAPMASIYLA B\u00dcT\u00dcN V\u00dcCUDU YARALAR \u0130\u00c7\u0130NDE KALAN 27 YA\u015eINDAK\u0130 GEN\u00c7 KIZ, SA\u011eLIK B\u0130L\u0130MLER\u0130 \u00dcN\u0130VERS\u0130TES\u0130 (SB\u00dc) VAN E\u011e\u0130T\u0130M VE ARA\u015eTIRMA HASTANES\u0130NDE ALDI\u011eI TEDAV\u0130 SONRASI SA\u011eLI\u011eINA KAVU\u015eTU.<\/p>\n","protected":false},"author":1,"featured_media":27532,"comment_status":"closed","ping_status":"open","sticky":false,"template":"","format":"standard","meta":{"jetpack_post_was_ever_published":false,"_jetpack_newsletter_access":"","_jetpack_dont_email_post_to_subs":false,"_jetpack_newsletter_tier_id":0,"_jetpack_memberships_contains_paywalled_content":false,"_jetpack_memberships_contains_paid_content":false,"footnotes":"","jetpack_publicize_message":"","jetpack_publicize_feature_enabled":true,"jetpack_social_post_already_shared":false,"jetpack_social_options":{"image_generator_settings":{"template":"highway","default_image_id":0,"font":"","enabled":false},"version":2}},"categories":[658],"tags":[1073,6259,2833,991,11181,11182,11180,2022],"class_list":["post-27531","post","type-post","status-publish","format-standard","has-post-thumbnail","hentry","category-saglik","tag-ozel","tag-agri","tag-aldigi","tag-hayati","tag-ilactan","tag-karardi","tag-kesici","tag-sonra"],"jetpack_publicize_connections":[],"jetpack_featured_media_url":"https:\/\/i0.wp.com\/www.tvturk.com\/wp-content\/uploads\/2019\/02\/ozel-aldigi-agri-kesici-ilactan-sonra-hayati-karardi_f8317fb.jpg?fit=1000%2C666","jetpack_sharing_enabled":true,"jetpack_shortlink":"https:\/\/wp.me\/paKIfm-7a3","_links":{"self":[{"href":"http:\/\/www.tvturk.com\/index.php\/wp-json\/wp\/v2\/posts\/27531","targetHints":{"allow":["GET"]}}],"collection":[{"href":"http:\/\/www.tvturk.com\/index.php\/wp-json\/wp\/v2\/posts"}],"about":[{"href":"http:\/\/www.tvturk.com\/index.php\/wp-json\/wp\/v2\/types\/post"}],"author":[{"embeddable":true,"href":"http:\/\/www.tvturk.com\/index.php\/wp-json\/wp\/v2\/users\/1"}],"replies":[{"embeddable":true,"href":"http:\/\/www.tvturk.com\/index.php\/wp-json\/wp\/v2\/comments?post=27531"}],"version-history":[{"count":1,"href":"http:\/\/www.tvturk.com\/index.php\/wp-json\/wp\/v2\/posts\/27531\/revisions"}],"predecessor-version":[{"id":27536,"href":"http:\/\/www.tvturk.com\/index.php\/wp-json\/wp\/v2\/posts\/27531\/revisions\/27536"}],"wp:featuredmedia":[{"embeddable":true,"href":"http:\/\/www.tvturk.com\/index.php\/wp-json\/wp\/v2\/media\/27532"}],"wp:attachment":[{"href":"http:\/\/www.tvturk.com\/index.php\/wp-json\/wp\/v2\/media?parent=27531"}],"wp:term":[{"taxonomy":"category","embeddable":true,"href":"http:\/\/www.tvturk.com\/index.php\/wp-json\/wp\/v2\/categories?post=27531"},{"taxonomy":"post_tag","embeddable":true,"href":"http:\/\/www.tvturk.com\/index.php\/wp-json\/wp\/v2\/tags?post=27531"}],"curies":[{"name":"wp","href":"https:\/\/api.w.org\/{rel}","templated":true}]}}