{"id":27623,"date":"2019-02-13T10:11:32","date_gmt":"2019-02-13T07:11:32","guid":{"rendered":"http:\/\/www.tvturk.com\/index.php\/izmir-ekonomili-genclerden-munazara-turnuvasi\/"},"modified":"2019-02-13T10:11:34","modified_gmt":"2019-02-13T07:11:34","slug":"izmir-ekonomili-genclerden-munazara-turnuvasi","status":"publish","type":"post","link":"http:\/\/www.tvturk.com\/index.php\/izmir-ekonomili-genclerden-munazara-turnuvasi\/","title":{"rendered":"\u0130zmir Ekonomili gen\u00e7lerden m\u00fcnazara turnuvas\u0131"},"content":{"rendered":"<p>\u0130zmir Ekonomi \u00dcniversitesi (\u0130E\u00dc) M\u00fcnazara Toplulu\u011fu, bu y\u0131l ikincisini d\u00fczenledi\u011fi \u201c\u0130E\u00dc Open M\u00fcnazara Turnuvas\u0131\u201dyla t\u00fcm T\u00fcrkiye\u2019den \u00fcniversite ve lise \u00f6\u011frencilerini bir araya getirdi. Kendilerine verilen konular\u0131 kurallara g\u00f6re tart\u0131\u015fan tak\u0131mlar iki g\u00fcn boyunca hem d\u00fc\u015f\u00fcnsel bir m\u00fccadeleye girdi hem de yeni dostlar kazand\u0131.<\/p>\n<p>\u201c2. \u0130E\u00dc Open M\u00fcnazara Turnuvas\u0131\u201d bu y\u0131l hem \u00fcniversite hem de liselerden gelen m\u00fcnazara kul\u00fcplerini bir araya getirdi. 150 \u00f6\u011frencinin kat\u0131l\u0131m\u0131yla olu\u015fturulan 60 tak\u0131m, iki g\u00fcn s\u00fcren etkinlikte kendilerine verilen konular hakk\u0131nda j\u00fcri \u00f6n\u00fcnde tart\u0131\u015ft\u0131. Tart\u0131\u015facaklar\u0131 konular\u0131 \u00f6nceden \u00e7al\u0131\u015fma f\u0131rsat\u0131 olmayan tak\u0131mlar, genel k\u00fclt\u00fcr, mant\u0131k, analiz ve hitap yetenekleriyle rakiplerinin \u00f6n\u00fcne ge\u00e7meye \u00e7al\u0131\u015ft\u0131. \u0130E\u00dc Elektrik Elektronik B\u00f6l\u00fcm\u00fc 1. s\u0131n\u0131f \u00f6\u011frencisi ve \u0130E\u00dc M\u00fcnazara Toplulu\u011fu Ba\u015fkan\u0131 Ya\u011f\u0131z Atalay, m\u00fcnazara gruplar\u0131n\u0131n insana \u00f6nemli beceriler katt\u0131\u011f\u0131n\u0131 ve network olu\u015fturmalar\u0131na yard\u0131mc\u0131 oldu\u011funu belirterek, \u201cG\u00fcncel konular\u0131n ele al\u0131nd\u0131\u011f\u0131 ve objektif bak\u0131\u015f a\u00e7\u0131lar\u0131yla irdelendi\u011fi bir ortam sa\u011fl\u0131yoruz. Her fikir dile getirilebiliyor. \u00c7e\u015fitli disiplinlerden arkada\u015flar\u0131m\u0131zla bir araya geldi\u011fimiz i\u00e7in bir konuya \u00e7ok farkl\u0131 yakla\u015f\u0131mlar ortaya \u00e7\u0131kabiliyor ve bunu tart\u0131\u015farak geli\u015ftirmek kendimize yapt\u0131\u011f\u0131m\u0131z bir yat\u0131r\u0131m oluyor\u201d dedi.<\/p>\n<p>M\u00fcnazara kar\u015f\u0131la\u015fmalar\u0131n\u0131n belirli kurallara g\u00f6re j\u00fcriler taraf\u0131ndan de\u011ferlendirildi\u011fini aktaran Atalay, \u201cG\u00fcndemi takip etmek, bilgilerimizle tart\u0131\u015fma konusunu desteklemek, empati kurmak kar\u015f\u0131la\u015fmalar\u0131n olmazsa olmaz\u0131. Zaten bunlar\u0131 yapt\u0131\u011f\u0131n\u0131zda ki\u015fisel geli\u015fiminizde \u00f6nemli ad\u0131mlar atm\u0131\u015f oluyorsunuz. En \u00f6nemlisi de tan\u0131\u015ft\u0131\u011f\u0131n\u0131z insanlar ve edindi\u011finiz arkada\u015fl\u0131klar. Bazen siz, kendi ilgi alan\u0131n\u0131zla ilgili bir ba\u015fkas\u0131yla bilgi payla\u015f\u0131rken, bazen de sizin bilmedi\u011finiz konular \u00fczerinde uzman arkada\u015flar\u0131n\u0131zdan destek al\u0131yorsunuz. G\u00fczel bir tak\u0131m \u00e7al\u0131\u015fmas\u0131 ve birlik ruhu olu\u015fuyor\u201d diye konu\u015ftu.<div class=\"tiled-gallery type-rectangular tiled-gallery-unresized\" data-original-width=\"500\" data-carousel-extra='null' itemscope itemtype=\"http:\/\/schema.org\/ImageGallery\" > <div class=\"gallery-row\" style=\"width: 500px; height: 231px;\" data-original-width=\"500\" data-original-height=\"231\" > <div class=\"gallery-group images-1\" style=\"width: 345px; height: 231px;\" data-original-width=\"345\" data-original-height=\"231\" > <div class=\"tiled-gallery-item tiled-gallery-item-large\" itemprop=\"associatedMedia\" itemscope itemtype=\"http:\/\/schema.org\/ImageObject\"> <a href=\"http:\/\/www.tvturk.com\/index.php\/izmir-ekonomili-genclerden-munazara-turnuvasi\/izmir-ekonomili-genclerden-munazara-turnuvasi-3\/\" border=\"0\" itemprop=\"url\"> <meta itemprop=\"width\" content=\"341\"> <meta itemprop=\"height\" content=\"227\"> <img decoding=\"async\" class=\"\" data-attachment-id=\"27625\" data-orig-file=\"http:\/\/www.tvturk.com\/wp-content\/uploads\/2019\/02\/izmir-ekonomili-genclerden-munazara-turnuvasi_6ecf8ca.jpg\" data-orig-size=\"1000,666\" data-comments-opened=\"\" data-image-meta=\"{&quot;aperture&quot;:&quot;0&quot;,&quot;credit&quot;:&quot;IHA&quot;,&quot;camera&quot;:&quot;&quot;,&quot;caption&quot;:&quot;\\u0130ZM\\u0130R EKONOM\\u0130 \\u00dcN\\u0130VERS\\u0130TES\\u0130 (\\u0130E\\u00dc) M\\u00dcNAZARA TOPLULU\\u011eU, BU YIL \\u0130K\\u0130NC\\u0130S\\u0130N\\u0130 D\\u00dcZENLED\\u0130\\u011e\\u0130 \\u201c\\u0130E\\u00dc OPEN M\\u00dcNAZARA TURNUVASI\\u201dYLA T\\u00dcM T\\u00dcRK\\u0130YE\\u2019DEN \\u00dcN\\u0130VERS\\u0130TE VE L\\u0130SE \\u00d6\\u011eRENC\\u0130LER\\u0130N\\u0130 B\\u0130R ARAYA GET\\u0130RD\\u0130. (\\u0130HA\\\/\\u0130ZM\\u0130R-\\u0130HA)&quot;,&quot;created_timestamp&quot;:&quot;0&quot;,&quot;copyright&quot;:&quot;\\u0130HLAS HABER AJANSI, www.iha.com.tr&quot;,&quot;focal_length&quot;:&quot;0&quot;,&quot;iso&quot;:&quot;0&quot;,&quot;shutter_speed&quot;:&quot;0&quot;,&quot;title&quot;:&quot;\\u0130ZM\\u0130R EKONOM\\u0130L\\u0130 GEN\\u00c7LERDEN M\\u00dcNAZARA TURNUVASI&quot;,&quot;orientation&quot;:&quot;0&quot;}\" data-image-title=\"\u0130zmir Ekonomili gen\u00e7lerden m\u00fcnazara turnuvas\u0131\" data-image-description=\"&lt;p&gt;\u0130zmir Ekonomili gen\u00e7lerden m\u00fcnazara turnuvas\u0131&lt;\/p&gt; \" data-medium-file=\"https:\/\/i0.wp.com\/www.tvturk.com\/wp-content\/uploads\/2019\/02\/izmir-ekonomili-genclerden-munazara-turnuvasi_6ecf8ca.jpg?fit=300%2C200\" data-large-file=\"https:\/\/i0.wp.com\/www.tvturk.com\/wp-content\/uploads\/2019\/02\/izmir-ekonomili-genclerden-munazara-turnuvasi_6ecf8ca.jpg?fit=1000%2C666\" src=\"https:\/\/i0.wp.com\/www.tvturk.com\/wp-content\/uploads\/2019\/02\/izmir-ekonomili-genclerden-munazara-turnuvasi_6ecf8ca.jpg?w=341&#038;h=227\" srcset=\"https:\/\/i0.wp.com\/www.tvturk.com\/wp-content\/uploads\/2019\/02\/izmir-ekonomili-genclerden-munazara-turnuvasi_6ecf8ca.jpg?w=1000 1000w, https:\/\/i0.wp.com\/www.tvturk.com\/wp-content\/uploads\/2019\/02\/izmir-ekonomili-genclerden-munazara-turnuvasi_6ecf8ca.jpg?resize=150%2C100 150w, https:\/\/i0.wp.com\/www.tvturk.com\/wp-content\/uploads\/2019\/02\/izmir-ekonomili-genclerden-munazara-turnuvasi_6ecf8ca.jpg?resize=300%2C200 300w, https:\/\/i0.wp.com\/www.tvturk.com\/wp-content\/uploads\/2019\/02\/izmir-ekonomili-genclerden-munazara-turnuvasi_6ecf8ca.jpg?resize=768%2C511 768w, https:\/\/i0.wp.com\/www.tvturk.com\/wp-content\/uploads\/2019\/02\/izmir-ekonomili-genclerden-munazara-turnuvasi_6ecf8ca.jpg?resize=170%2C113 170w, https:\/\/i0.wp.com\/www.tvturk.com\/wp-content\/uploads\/2019\/02\/izmir-ekonomili-genclerden-munazara-turnuvasi_6ecf8ca.jpg?resize=120%2C80 120w\" width=\"341\" height=\"227\" loading=\"lazy\" data-original-width=\"341\" data-original-height=\"227\" itemprop=\"http:\/\/schema.org\/image\" title=\"\u0130zmir Ekonomili gen\u00e7lerden m\u00fcnazara turnuvas\u0131\" alt=\"\u0130zmir Ekonomili gen\u00e7lerden m\u00fcnazara turnuvas\u0131\" style=\"width: 341px; height: 227px;\" \/> <\/a> <\/div> <\/div> <!-- close group --> <div class=\"gallery-group images-1\" style=\"width: 155px; height: 231px;\" data-original-width=\"155\" data-original-height=\"231\" > <div class=\"tiled-gallery-item tiled-gallery-item-small\" itemprop=\"associatedMedia\" itemscope itemtype=\"http:\/\/schema.org\/ImageObject\"> <a href=\"http:\/\/www.tvturk.com\/index.php\/izmir-ekonomili-genclerden-munazara-turnuvasi\/izmir-ekonomili-genclerden-munazara-turnuvasi-4\/\" border=\"0\" itemprop=\"url\"> <meta itemprop=\"width\" content=\"151\"> <meta itemprop=\"height\" content=\"227\"> <img decoding=\"async\" class=\"\" data-attachment-id=\"27626\" data-orig-file=\"http:\/\/www.tvturk.com\/wp-content\/uploads\/2019\/02\/izmir-ekonomili-genclerden-munazara-turnuvasi_59938ba.jpg\" data-orig-size=\"666,1000\" data-comments-opened=\"\" data-image-meta=\"{&quot;aperture&quot;:&quot;0&quot;,&quot;credit&quot;:&quot;IHA&quot;,&quot;camera&quot;:&quot;&quot;,&quot;caption&quot;:&quot;\\u0130ZM\\u0130R EKONOM\\u0130 \\u00dcN\\u0130VERS\\u0130TES\\u0130 (\\u0130E\\u00dc) M\\u00dcNAZARA TOPLULU\\u011eU, BU YIL \\u0130K\\u0130NC\\u0130S\\u0130N\\u0130 D\\u00dcZENLED\\u0130\\u011e\\u0130 \\u201c\\u0130E\\u00dc OPEN M\\u00dcNAZARA TURNUVASI\\u201dYLA T\\u00dcM T\\u00dcRK\\u0130YE\\u2019DEN \\u00dcN\\u0130VERS\\u0130TE VE L\\u0130SE \\u00d6\\u011eRENC\\u0130LER\\u0130N\\u0130 B\\u0130R ARAYA GET\\u0130RD\\u0130. (\\u0130HA\\\/\\u0130ZM\\u0130R-\\u0130HA)&quot;,&quot;created_timestamp&quot;:&quot;0&quot;,&quot;copyright&quot;:&quot;\\u0130HLAS HABER AJANSI, www.iha.com.tr&quot;,&quot;focal_length&quot;:&quot;0&quot;,&quot;iso&quot;:&quot;0&quot;,&quot;shutter_speed&quot;:&quot;0&quot;,&quot;title&quot;:&quot;\\u0130ZM\\u0130R EKONOM\\u0130L\\u0130 GEN\\u00c7LERDEN M\\u00dcNAZARA TURNUVASI&quot;,&quot;orientation&quot;:&quot;0&quot;}\" data-image-title=\"\u0130zmir Ekonomili gen\u00e7lerden m\u00fcnazara turnuvas\u0131\" data-image-description=\"&lt;p&gt;\u0130zmir Ekonomili gen\u00e7lerden m\u00fcnazara turnuvas\u0131&lt;\/p&gt; \" data-medium-file=\"https:\/\/i0.wp.com\/www.tvturk.com\/wp-content\/uploads\/2019\/02\/izmir-ekonomili-genclerden-munazara-turnuvasi_59938ba.jpg?fit=200%2C300\" data-large-file=\"https:\/\/i0.wp.com\/www.tvturk.com\/wp-content\/uploads\/2019\/02\/izmir-ekonomili-genclerden-munazara-turnuvasi_59938ba.jpg?fit=666%2C1000\" src=\"https:\/\/i0.wp.com\/www.tvturk.com\/wp-content\/uploads\/2019\/02\/izmir-ekonomili-genclerden-munazara-turnuvasi_59938ba.jpg?w=151&#038;h=227\" srcset=\"https:\/\/i0.wp.com\/www.tvturk.com\/wp-content\/uploads\/2019\/02\/izmir-ekonomili-genclerden-munazara-turnuvasi_59938ba.jpg?w=666 666w, https:\/\/i0.wp.com\/www.tvturk.com\/wp-content\/uploads\/2019\/02\/izmir-ekonomili-genclerden-munazara-turnuvasi_59938ba.jpg?resize=100%2C150 100w, https:\/\/i0.wp.com\/www.tvturk.com\/wp-content\/uploads\/2019\/02\/izmir-ekonomili-genclerden-munazara-turnuvasi_59938ba.jpg?resize=200%2C300 200w\" width=\"151\" height=\"227\" loading=\"lazy\" data-original-width=\"151\" data-original-height=\"227\" itemprop=\"http:\/\/schema.org\/image\" title=\"\u0130zmir Ekonomili gen\u00e7lerden m\u00fcnazara turnuvas\u0131\" alt=\"\u0130zmir Ekonomili gen\u00e7lerden m\u00fcnazara turnuvas\u0131\" style=\"width: 151px; height: 227px;\" \/> <\/a> <\/div> <\/div> <!-- close group --> <\/div> <!-- close row --> <\/div><\/p>\n","protected":false},"excerpt":{"rendered":"<p>\u0130ZM\u0130R EKONOM\u0130 \u00dcN\u0130VERS\u0130TES\u0130 (\u0130E\u00dc) M\u00dcNAZARA TOPLULU\u011eU, BU YIL \u0130K\u0130NC\u0130S\u0130N\u0130 D\u00dcZENLED\u0130\u011e\u0130 \u201c\u0130E\u00dc OPEN M\u00dcNAZARA TURNUVASI\u201dYLA T\u00dcM T\u00dcRK\u0130YE\u2019DEN \u00dcN\u0130VERS\u0130TE VE L\u0130SE \u00d6\u011eRENC\u0130LER\u0130N\u0130 B\u0130R ARAYA GET\u0130RD\u0130.<\/p>\n","protected":false},"author":1,"featured_media":27624,"comment_status":"closed","ping_status":"open","sticky":false,"template":"","format":"standard","meta":{"jetpack_post_was_ever_published":false,"_jetpack_newsletter_access":"","_jetpack_dont_email_post_to_subs":false,"_jetpack_newsletter_tier_id":0,"_jetpack_memberships_contains_paywalled_content":false,"_jetpack_memberships_contains_paid_content":false,"footnotes":"","jetpack_publicize_message":"","jetpack_publicize_feature_enabled":true,"jetpack_social_post_already_shared":false,"jetpack_social_options":{"image_generator_settings":{"template":"highway","default_image_id":0,"font":"","enabled":false},"version":2}},"categories":[659],"tags":[11221,2861,2702,11222,3880],"class_list":["post-27623","post","type-post","status-publish","format-standard","has-post-thumbnail","hentry","category-egitim","tag-ekonomili","tag-genclerden","tag-izmir","tag-munazara","tag-turnuvasi"],"jetpack_publicize_connections":[],"jetpack_featured_media_url":"https:\/\/i0.wp.com\/www.tvturk.com\/wp-content\/uploads\/2019\/02\/izmir-ekonomili-genclerden-munazara-turnuvasi_8d6a2e2.jpg?fit=1000%2C666","jetpack_sharing_enabled":true,"jetpack_shortlink":"https:\/\/wp.me\/paKIfm-7bx","_links":{"self":[{"href":"http:\/\/www.tvturk.com\/index.php\/wp-json\/wp\/v2\/posts\/27623","targetHints":{"allow":["GET"]}}],"collection":[{"href":"http:\/\/www.tvturk.com\/index.php\/wp-json\/wp\/v2\/posts"}],"about":[{"href":"http:\/\/www.tvturk.com\/index.php\/wp-json\/wp\/v2\/types\/post"}],"author":[{"embeddable":true,"href":"http:\/\/www.tvturk.com\/index.php\/wp-json\/wp\/v2\/users\/1"}],"replies":[{"embeddable":true,"href":"http:\/\/www.tvturk.com\/index.php\/wp-json\/wp\/v2\/comments?post=27623"}],"version-history":[{"count":1,"href":"http:\/\/www.tvturk.com\/index.php\/wp-json\/wp\/v2\/posts\/27623\/revisions"}],"predecessor-version":[{"id":27627,"href":"http:\/\/www.tvturk.com\/index.php\/wp-json\/wp\/v2\/posts\/27623\/revisions\/27627"}],"wp:featuredmedia":[{"embeddable":true,"href":"http:\/\/www.tvturk.com\/index.php\/wp-json\/wp\/v2\/media\/27624"}],"wp:attachment":[{"href":"http:\/\/www.tvturk.com\/index.php\/wp-json\/wp\/v2\/media?parent=27623"}],"wp:term":[{"taxonomy":"category","embeddable":true,"href":"http:\/\/www.tvturk.com\/index.php\/wp-json\/wp\/v2\/categories?post=27623"},{"taxonomy":"post_tag","embeddable":true,"href":"http:\/\/www.tvturk.com\/index.php\/wp-json\/wp\/v2\/tags?post=27623"}],"curies":[{"name":"wp","href":"https:\/\/api.w.org\/{rel}","templated":true}]}}