{"id":27636,"date":"2019-02-13T10:21:02","date_gmt":"2019-02-13T07:21:02","guid":{"rendered":"http:\/\/www.tvturk.com\/index.php\/ozel-haber-siyasi-anlasmazlik-aileyi-dagitti\/"},"modified":"2019-02-13T10:21:06","modified_gmt":"2019-02-13T07:21:06","slug":"ozel-haber-siyasi-anlasmazlik-aileyi-dagitti","status":"publish","type":"post","link":"http:\/\/www.tvturk.com\/index.php\/ozel-haber-siyasi-anlasmazlik-aileyi-dagitti\/","title":{"rendered":"(\u00d6zel Haber) Siyasi anla\u015fmazl\u0131k aileyi da\u011f\u0131tt\u0131"},"content":{"rendered":"<p>Yakla\u015f\u0131k 4 y\u0131l \u00f6nce yap\u0131lan genel se\u00e7imler \u00f6ncesindeki siyasi anla\u015fmazl\u0131k nedeniyle e\u015fiyle tart\u0131\u015fan \u0130sa Aslan, bu olay\u0131n ard\u0131ndan \u00f6nce e\u015fi ve bir \u00e7ocu\u011fundan oldu. Ard\u0131ndan evini ve arabas\u0131n\u0131 da satan baba, her ay \u00f6demek zorunda kald\u0131\u011f\u0131 800 TL\u2019lik nafaka nedeniyle \u015fimdi ise icral\u0131k oldu. Kendisiyle kalan 4 \u00e7ocu\u011funa bakmakta zorlanan baba, icralar nedeniyle evine bile gidemiyor.<\/p>\n<p>Gaziantep\u2019te ya\u015fayan \u0130sa Aslan, siyasi anla\u015fmazl\u0131klar nedeniyle bo\u015fanmak zorunda kald\u0131\u011f\u0131 e\u015fine \u00f6dedi\u011fi ayl\u0131k 800 TL nafaka nedeniyle zor g\u00fcnler ge\u00e7iriyor. Be\u015f y\u0131l \u00f6nce yap\u0131lan genel se\u00e7imlerde e\u015fiyle farkl\u0131 siyasi d\u00fc\u015f\u00fcncelere sahip olan, bu y\u00fczden e\u015finden ve e\u015finin ailesinden yo\u011fun bask\u0131 g\u00f6r\u00fcp tehdit edilen \u0130sa Aslan\u2019\u0131n s\u0131k\u0131nt\u0131lar\u0131 bo\u015fanma karar\u0131n\u0131n ard\u0131ndan tavan yapt\u0131. Mahkemenin be\u015f \u00e7ocuktan en k\u00fc\u00e7\u00fc\u011f\u00fcn\u00fc anneye, di\u011fer \u00e7ocuklar\u0131 da babaya vermesiyle ba\u015flayan s\u00fcre\u00e7, \u0130sa Aslan\u2019\u0131n ayl\u0131k 800 TL nafaka ile maddi, manevi tazminata mahkum edilmesiyle son bulunca Aslan, t\u00fcm varl\u0131\u011f\u0131n\u0131 yitirdi.<\/p>\n<p>\u00d6nce hastanelik oldu, sonra e\u015fi ve \u00e7ocu\u011funu kaybetti<\/p>\n<p>Ya\u015fanan s\u00fcre\u00e7 ve e\u015fiyle bo\u015fanma nedenleri hakk\u0131nda a\u00e7\u0131klamalarda bulunan \u0130sa Aslan, &#8220;Bundan 4 y\u0131l \u00f6nceydi. O s\u0131ralarda se\u00e7im vard\u0131. E\u015fim ve ailesi ba\u015fka bir partiyi ben ise bir ba\u015fka partiyi destekliyordum. Benden onlar\u0131n partisine destek vermemi istediler ve ben de bunu kabul etmeyince bana e\u015fim ve ailesi t\u00fcrl\u00fc zorluklar ya\u015fatt\u0131. Beni kendilerine rakip olarak g\u00f6rd\u00fcler, d\u00f6vd\u00fcler, hastanelik ettiler. Bir de benim babamdan kalan biraz miras\u0131m vard\u0131 onu almak i\u00e7in e\u015fimin karde\u015fleri bana bask\u0131 yapt\u0131lar. Bunu da kabul etmeyince beni tehdit edip ailemi da\u011f\u0131tt\u0131lar&#8221; dedi.<\/p>\n<p>Elindeki her \u015feyi bir bir kaybetti<\/p>\n<p>E\u015fiyle d\u00f6rt y\u0131l \u00f6nce bo\u015fand\u0131klar\u0131n\u0131 a\u00e7\u0131klayan Aslan, &#8220;E\u015fimle d\u00f6rt sene \u00f6nce bo\u015fanmak zorunda kald\u0131m ve d\u00f6rt y\u0131ld\u0131r da e\u015fime ayl\u0131k 800 lira nafaka \u00f6d\u00fcyorum. Art\u0131k bu paray\u0131 \u00f6deyemeyecek duruma geldim. \u00c7ok k\u00f6t\u00fc durumday\u0131m. Neyim var neyim yok satmak zorunda kald\u0131m. Evim vard\u0131, satt\u0131m. \u015euanda i\u015fsizim. Be\u015f \u00e7ocu\u011fumuz vard\u0131 mahkeme \u00e7ocuklar\u0131n d\u00f6rt tanesinin bana bir tanesini annesine verdi. En son elimde bir arabam vard\u0131 onu da icra yoluyla elimden ald\u0131lar. K\u00f6yde de biraz ke\u00e7ilerim vard\u0131 onlar\u0131 da nafaka borcu i\u00e7in satmak zorunda kald\u0131m. \u015euan benimle kalan d\u00f6rt \u00e7ocu\u011fuma ve ya\u015fl\u0131 anneme bakam\u0131yorum, bakmakta g\u00fc\u00e7l\u00fck \u00e7ekiyorum&#8221; \u015feklinde konu\u015ftu.<\/p>\n<p>&#8220;Ayl\u0131k 800 TL adil de\u011fil&#8221;<\/p>\n<p>\u0130sa Aslan, her ay 800 TL\u2019lik nafakay\u0131 \u00f6demeye g\u00fcc\u00fcn\u00fcn bulunmad\u0131\u011f\u0131n\u0131 vurgulayarak, &#8220;Art\u0131k psikolojim de bozuldu ne yapaca\u011f\u0131m\u0131 bilmiyorum. Yani i\u015fim g\u00fcc\u00fcm yok o y\u00fczden 800 lira nafaka \u00e7ok fazla ve adaletli de\u011fil. Cumhurba\u015fkan\u0131m\u0131za seslenmek istiyorum. Yani biz \u00e7ok zor durumday\u0131z, bize yard\u0131m etsin, bir el ats\u0131n. Benim \u00e7ocuklar\u0131m annem \u00e7ok ma\u011fdur. Bu ayl\u0131k 800 lira nafaka adil de\u011fil&#8221; ifadelerini kulland\u0131.<\/p>\n<p>&#8220;Annemin hatalar\u0131 y\u00fcz\u00fcnden karde\u015flerim ac\u0131 \u00e7ekiyor&#8221;<\/p>\n<p>Babas\u0131yla birlikte kalan 17 ya\u015f\u0131ndaki Esra Aslan ise annesinin hatas\u0131n\u0131 babas\u0131 ile birlikte karde\u015flerinin de \u00e7ekti\u011fini s\u00f6yledi. Esra Aslan, &#8220;Babam i\u015fsiz bu y\u00fczden zor durumday\u0131z. Yani annemin hatalar\u0131 y\u00fcz\u00fcnden karde\u015flerimin daha fazla ac\u0131 \u00e7ekmesini istemiyorum, annem psikolojisi bozuk bir insand\u0131. Biz adalet istiyoruz sadece. Babam\u0131n daha fazla ac\u0131 \u00e7ekmesini de istemiyorum. Anneminde yan\u0131nda kalan karde\u015fimin da daha fazla ac\u0131 \u00e7ekmesini istemiyorum. Biz karde\u015fimizi yan\u0131m\u0131za almak istiyoruz. Bu nafakay\u0131 \u00f6deyecek g\u00fcc\u00fcm\u00fcz de yok, karde\u015flerim okula bile gidemiyor&#8221; ifadelerine yer verdi.<\/p>\n<p>&#8220;Bundan 4 y\u0131l \u00f6nce annem babam\u0131 zehirlemeye \u00e7al\u0131\u015ft\u0131&#8221;<\/p>\n<p>Annesinin y\u0131llar \u00f6nce babas\u0131n\u0131 zehirlemeye kalkt\u0131\u011f\u0131 iddias\u0131nda da bulunan Esra Aslan, &#8220;Bundan 4 y\u0131l \u00f6nce annem babam\u0131 zehirlemeye \u00e7al\u0131\u015ft\u0131. Ben de bunu duyar duymaz gittim babama s\u00f6yledim. Bu olaydan sonra da biz babam ve di\u011fer karde\u015flerimle oradan ayr\u0131ld\u0131k. Biz annemden ne sevgi ne de ba\u015fka bir \u015fey istemiyoruz. Sadece yakam\u0131zdan d\u00fc\u015fmesini istiyoruz. Yani o yokken de ben karde\u015flerime, babama bakabiliyorum ve d\u00f6rt y\u0131ld\u0131r da yap\u0131yorum zaten bunu. Yani biz sadece nafakan\u0131n d\u00fc\u015fmesini ve di\u011fer karde\u015fimizin yan\u0131m\u0131za gelmesini istiyoruz&#8221; diye konu\u015ftu.<\/p>\n<p>Esra ve di\u011fer \u00e7ocuklar, ekonomik sebeplerden ara verdikleri okula yeniden gidebilmenin hayaliyle ya\u015fad\u0131klar\u0131n\u0131 kaydetti.<div class=\"tiled-gallery type-rectangular tiled-gallery-unresized\" data-original-width=\"500\" data-carousel-extra='null' itemscope itemtype=\"http:\/\/schema.org\/ImageGallery\" > <div class=\"gallery-row\" style=\"width: 500px; height: 224px;\" data-original-width=\"500\" data-original-height=\"224\" > <div class=\"gallery-group images-1\" style=\"width: 334px; height: 224px;\" data-original-width=\"334\" data-original-height=\"224\" > <div class=\"tiled-gallery-item tiled-gallery-item-large\" itemprop=\"associatedMedia\" itemscope itemtype=\"http:\/\/schema.org\/ImageObject\"> <a href=\"http:\/\/www.tvturk.com\/index.php\/ozel-haber-siyasi-anlasmazlik-aileyi-dagitti\/ozel-haber-siyasi-anlasmazlik-aileyi-dagitti-3\/\" border=\"0\" itemprop=\"url\"> <meta itemprop=\"width\" content=\"330\"> <meta itemprop=\"height\" content=\"220\"> <img decoding=\"async\" class=\"\" data-attachment-id=\"27638\" data-orig-file=\"http:\/\/www.tvturk.com\/wp-content\/uploads\/2019\/02\/ozel-haber-siyasi-anlasmazlik-aileyi-dagitti_e6abb3e.jpg\" data-orig-size=\"1000,666\" data-comments-opened=\"\" data-image-meta=\"{&quot;aperture&quot;:&quot;0&quot;,&quot;credit&quot;:&quot;IHA&quot;,&quot;camera&quot;:&quot;&quot;,&quot;caption&quot;:&quot;GAZ\\u0130ANTEP\\u2019TE YA\\u015eAYAN \\u0130SA ASLAN, S\\u0130YAS\\u0130 ANLA\\u015eMAZLIKLAR NEDEN\\u0130YLE BO\\u015eANMAK ZORUNDA KALDI\\u011eI E\\u015e\\u0130NE \\u00d6DED\\u0130\\u011e\\u0130 AYLIK 800 TL NAFAKA NEDEN\\u0130YLE ZOR G\\u00dcNLER GE\\u00c7\\u0130R\\u0130YOR. (SA\\u0130D VAKKAS YA\\u011eCI\\\/GAZ\\u0130ANTEP-\\u0130HA)&quot;,&quot;created_timestamp&quot;:&quot;0&quot;,&quot;copyright&quot;:&quot;\\u0130HLAS HABER AJANSI, www.iha.com.tr&quot;,&quot;focal_length&quot;:&quot;0&quot;,&quot;iso&quot;:&quot;0&quot;,&quot;shutter_speed&quot;:&quot;0&quot;,&quot;title&quot;:&quot;(\\u00d6ZEL HABER) S\\u0130YAS\\u0130 ANLA\\u015eMAZLIK A\\u0130LEY\\u0130 DA\\u011eITTI S\\u0130YAS\\u0130 TARTI\\u015eMADAN SONRA \\u00d6NCE KARISI VE B\\u0130R \\u00c7OCU\\u011eUNDAN OLAN BABA, SONRA DA ARABASINI VE EV\\u0130N\\u0130 SATTI HER AY 800 TL\\u0027L\\u0130K NAFAKAYI \\u00d6DEMEK \\u0130\\u00c7\\u0130N VARINI YO\\u011eUNU T\\u00dcKETEN BABA, \\u015e\\u0130MD\\u0130 GELEN \\u0130CRALAR NEDEN\\u0130YLE 4 \\u00c7OCU\\u011eUNA BAKMAKTA ZORLUK YA\\u015eIYOR KARI KOCA ARASINDAK\\u0130 S\\u0130YASET BO\\u015eANMAYA NEDEN OLDU, 800 L\\u0130RA AYLIK NAFAKA \\u0130\\u015eS\\u0130Z ADAMI T\\u00dcKETT\\u0130&quot;,&quot;orientation&quot;:&quot;0&quot;}\" data-image-title=\"(\u00d6zel Haber) Siyasi anla\u015fmazl\u0131k aileyi da\u011f\u0131tt\u0131\" data-image-description=\"&lt;p&gt;(\u00d6zel Haber) Siyasi anla\u015fmazl\u0131k aileyi da\u011f\u0131tt\u0131&lt;\/p&gt; \" data-medium-file=\"https:\/\/i0.wp.com\/www.tvturk.com\/wp-content\/uploads\/2019\/02\/ozel-haber-siyasi-anlasmazlik-aileyi-dagitti_e6abb3e.jpg?fit=300%2C200\" data-large-file=\"https:\/\/i0.wp.com\/www.tvturk.com\/wp-content\/uploads\/2019\/02\/ozel-haber-siyasi-anlasmazlik-aileyi-dagitti_e6abb3e.jpg?fit=1000%2C666\" src=\"https:\/\/i0.wp.com\/www.tvturk.com\/wp-content\/uploads\/2019\/02\/ozel-haber-siyasi-anlasmazlik-aileyi-dagitti_e6abb3e.jpg?w=330&#038;h=220\" srcset=\"https:\/\/i0.wp.com\/www.tvturk.com\/wp-content\/uploads\/2019\/02\/ozel-haber-siyasi-anlasmazlik-aileyi-dagitti_e6abb3e.jpg?w=1000 1000w, https:\/\/i0.wp.com\/www.tvturk.com\/wp-content\/uploads\/2019\/02\/ozel-haber-siyasi-anlasmazlik-aileyi-dagitti_e6abb3e.jpg?resize=150%2C100 150w, https:\/\/i0.wp.com\/www.tvturk.com\/wp-content\/uploads\/2019\/02\/ozel-haber-siyasi-anlasmazlik-aileyi-dagitti_e6abb3e.jpg?resize=300%2C200 300w, https:\/\/i0.wp.com\/www.tvturk.com\/wp-content\/uploads\/2019\/02\/ozel-haber-siyasi-anlasmazlik-aileyi-dagitti_e6abb3e.jpg?resize=768%2C511 768w, https:\/\/i0.wp.com\/www.tvturk.com\/wp-content\/uploads\/2019\/02\/ozel-haber-siyasi-anlasmazlik-aileyi-dagitti_e6abb3e.jpg?resize=170%2C113 170w, https:\/\/i0.wp.com\/www.tvturk.com\/wp-content\/uploads\/2019\/02\/ozel-haber-siyasi-anlasmazlik-aileyi-dagitti_e6abb3e.jpg?resize=120%2C80 120w\" width=\"330\" height=\"220\" loading=\"lazy\" data-original-width=\"330\" data-original-height=\"220\" itemprop=\"http:\/\/schema.org\/image\" title=\"(\u00d6zel Haber) Siyasi anla\u015fmazl\u0131k aileyi da\u011f\u0131tt\u0131\" alt=\"(\u00d6zel Haber) Siyasi anla\u015fmazl\u0131k aileyi da\u011f\u0131tt\u0131\" style=\"width: 330px; height: 220px;\" \/> <\/a> <\/div> <\/div> <!-- close group --> <div class=\"gallery-group images-2\" style=\"width: 166px; height: 224px;\" data-original-width=\"166\" data-original-height=\"224\" > <div class=\"tiled-gallery-item tiled-gallery-item-small\" itemprop=\"associatedMedia\" itemscope itemtype=\"http:\/\/schema.org\/ImageObject\"> <a href=\"http:\/\/www.tvturk.com\/index.php\/ozel-haber-siyasi-anlasmazlik-aileyi-dagitti\/ozel-haber-siyasi-anlasmazlik-aileyi-dagitti-4\/\" border=\"0\" itemprop=\"url\"> <meta itemprop=\"width\" content=\"162\"> <meta itemprop=\"height\" content=\"108\"> <img decoding=\"async\" class=\"\" data-attachment-id=\"27639\" data-orig-file=\"http:\/\/www.tvturk.com\/wp-content\/uploads\/2019\/02\/ozel-haber-siyasi-anlasmazlik-aileyi-dagitti_3b7fbbc.jpg\" data-orig-size=\"1000,666\" data-comments-opened=\"\" data-image-meta=\"{&quot;aperture&quot;:&quot;0&quot;,&quot;credit&quot;:&quot;IHA&quot;,&quot;camera&quot;:&quot;&quot;,&quot;caption&quot;:&quot;GAZ\\u0130ANTEP\\u2019TE YA\\u015eAYAN \\u0130SA ASLAN, S\\u0130YAS\\u0130 ANLA\\u015eMAZLIKLAR NEDEN\\u0130YLE BO\\u015eANMAK ZORUNDA KALDI\\u011eI E\\u015e\\u0130NE \\u00d6DED\\u0130\\u011e\\u0130 AYLIK 800 TL NAFAKA NEDEN\\u0130YLE ZOR G\\u00dcNLER GE\\u00c7\\u0130R\\u0130YOR. (SA\\u0130D VAKKAS YA\\u011eCI\\\/GAZ\\u0130ANTEP-\\u0130HA)&quot;,&quot;created_timestamp&quot;:&quot;0&quot;,&quot;copyright&quot;:&quot;\\u0130HLAS HABER AJANSI, www.iha.com.tr&quot;,&quot;focal_length&quot;:&quot;0&quot;,&quot;iso&quot;:&quot;0&quot;,&quot;shutter_speed&quot;:&quot;0&quot;,&quot;title&quot;:&quot;(\\u00d6ZEL HABER) S\\u0130YAS\\u0130 ANLA\\u015eMAZLIK A\\u0130LEY\\u0130 DA\\u011eITTI S\\u0130YAS\\u0130 TARTI\\u015eMADAN SONRA \\u00d6NCE KARISI VE B\\u0130R \\u00c7OCU\\u011eUNDAN OLAN BABA, SONRA DA ARABASINI VE EV\\u0130N\\u0130 SATTI HER AY 800 TL\\u0027L\\u0130K NAFAKAYI \\u00d6DEMEK \\u0130\\u00c7\\u0130N VARINI YO\\u011eUNU T\\u00dcKETEN BABA, \\u015e\\u0130MD\\u0130 GELEN \\u0130CRALAR NEDEN\\u0130YLE 4 \\u00c7OCU\\u011eUNA BAKMAKTA ZORLUK YA\\u015eIYOR KARI KOCA ARASINDAK\\u0130 S\\u0130YASET BO\\u015eANMAYA NEDEN OLDU, 800 L\\u0130RA AYLIK NAFAKA \\u0130\\u015eS\\u0130Z ADAMI T\\u00dcKETT\\u0130&quot;,&quot;orientation&quot;:&quot;0&quot;}\" data-image-title=\"(\u00d6zel Haber) Siyasi anla\u015fmazl\u0131k aileyi da\u011f\u0131tt\u0131\" data-image-description=\"&lt;p&gt;(\u00d6zel Haber) Siyasi anla\u015fmazl\u0131k aileyi da\u011f\u0131tt\u0131&lt;\/p&gt; \" data-medium-file=\"https:\/\/i0.wp.com\/www.tvturk.com\/wp-content\/uploads\/2019\/02\/ozel-haber-siyasi-anlasmazlik-aileyi-dagitti_3b7fbbc.jpg?fit=300%2C200\" data-large-file=\"https:\/\/i0.wp.com\/www.tvturk.com\/wp-content\/uploads\/2019\/02\/ozel-haber-siyasi-anlasmazlik-aileyi-dagitti_3b7fbbc.jpg?fit=1000%2C666\" src=\"https:\/\/i0.wp.com\/www.tvturk.com\/wp-content\/uploads\/2019\/02\/ozel-haber-siyasi-anlasmazlik-aileyi-dagitti_3b7fbbc.jpg?w=162&#038;h=108\" srcset=\"https:\/\/i0.wp.com\/www.tvturk.com\/wp-content\/uploads\/2019\/02\/ozel-haber-siyasi-anlasmazlik-aileyi-dagitti_3b7fbbc.jpg?w=1000 1000w, https:\/\/i0.wp.com\/www.tvturk.com\/wp-content\/uploads\/2019\/02\/ozel-haber-siyasi-anlasmazlik-aileyi-dagitti_3b7fbbc.jpg?resize=150%2C100 150w, https:\/\/i0.wp.com\/www.tvturk.com\/wp-content\/uploads\/2019\/02\/ozel-haber-siyasi-anlasmazlik-aileyi-dagitti_3b7fbbc.jpg?resize=300%2C200 300w, https:\/\/i0.wp.com\/www.tvturk.com\/wp-content\/uploads\/2019\/02\/ozel-haber-siyasi-anlasmazlik-aileyi-dagitti_3b7fbbc.jpg?resize=768%2C511 768w, https:\/\/i0.wp.com\/www.tvturk.com\/wp-content\/uploads\/2019\/02\/ozel-haber-siyasi-anlasmazlik-aileyi-dagitti_3b7fbbc.jpg?resize=170%2C113 170w, https:\/\/i0.wp.com\/www.tvturk.com\/wp-content\/uploads\/2019\/02\/ozel-haber-siyasi-anlasmazlik-aileyi-dagitti_3b7fbbc.jpg?resize=120%2C80 120w\" width=\"162\" height=\"108\" loading=\"lazy\" data-original-width=\"162\" data-original-height=\"108\" itemprop=\"http:\/\/schema.org\/image\" title=\"(\u00d6zel Haber) Siyasi anla\u015fmazl\u0131k aileyi da\u011f\u0131tt\u0131\" alt=\"(\u00d6zel Haber) Siyasi anla\u015fmazl\u0131k aileyi da\u011f\u0131tt\u0131\" style=\"width: 162px; height: 108px;\" \/> <\/a> <\/div> <div class=\"tiled-gallery-item tiled-gallery-item-small\" itemprop=\"associatedMedia\" itemscope itemtype=\"http:\/\/schema.org\/ImageObject\"> <a href=\"http:\/\/www.tvturk.com\/index.php\/ozel-haber-siyasi-anlasmazlik-aileyi-dagitti\/ozel-haber-siyasi-anlasmazlik-aileyi-dagitti-5\/\" border=\"0\" itemprop=\"url\"> <meta itemprop=\"width\" content=\"162\"> <meta itemprop=\"height\" content=\"108\"> <img decoding=\"async\" class=\"\" data-attachment-id=\"27640\" data-orig-file=\"http:\/\/www.tvturk.com\/wp-content\/uploads\/2019\/02\/ozel-haber-siyasi-anlasmazlik-aileyi-dagitti_853df76.jpg\" data-orig-size=\"1000,666\" data-comments-opened=\"\" data-image-meta=\"{&quot;aperture&quot;:&quot;0&quot;,&quot;credit&quot;:&quot;IHA&quot;,&quot;camera&quot;:&quot;&quot;,&quot;caption&quot;:&quot;GAZ\\u0130ANTEP\\u2019TE YA\\u015eAYAN \\u0130SA ASLAN, S\\u0130YAS\\u0130 ANLA\\u015eMAZLIKLAR NEDEN\\u0130YLE BO\\u015eANMAK ZORUNDA KALDI\\u011eI E\\u015e\\u0130NE \\u00d6DED\\u0130\\u011e\\u0130 AYLIK 800 TL NAFAKA NEDEN\\u0130YLE ZOR G\\u00dcNLER GE\\u00c7\\u0130R\\u0130YOR. (SA\\u0130D VAKKAS YA\\u011eCI\\\/GAZ\\u0130ANTEP-\\u0130HA)&quot;,&quot;created_timestamp&quot;:&quot;0&quot;,&quot;copyright&quot;:&quot;\\u0130HLAS HABER AJANSI, www.iha.com.tr&quot;,&quot;focal_length&quot;:&quot;0&quot;,&quot;iso&quot;:&quot;0&quot;,&quot;shutter_speed&quot;:&quot;0&quot;,&quot;title&quot;:&quot;(\\u00d6ZEL HABER) S\\u0130YAS\\u0130 ANLA\\u015eMAZLIK A\\u0130LEY\\u0130 DA\\u011eITTI S\\u0130YAS\\u0130 TARTI\\u015eMADAN SONRA \\u00d6NCE KARISI VE B\\u0130R \\u00c7OCU\\u011eUNDAN OLAN BABA, SONRA DA ARABASINI VE EV\\u0130N\\u0130 SATTI HER AY 800 TL\\u0027L\\u0130K NAFAKAYI \\u00d6DEMEK \\u0130\\u00c7\\u0130N VARINI YO\\u011eUNU T\\u00dcKETEN BABA, \\u015e\\u0130MD\\u0130 GELEN \\u0130CRALAR NEDEN\\u0130YLE 4 \\u00c7OCU\\u011eUNA BAKMAKTA ZORLUK YA\\u015eIYOR KARI KOCA ARASINDAK\\u0130 S\\u0130YASET BO\\u015eANMAYA NEDEN OLDU, 800 L\\u0130RA AYLIK NAFAKA \\u0130\\u015eS\\u0130Z ADAMI T\\u00dcKETT\\u0130&quot;,&quot;orientation&quot;:&quot;0&quot;}\" data-image-title=\"(\u00d6zel Haber) Siyasi anla\u015fmazl\u0131k aileyi da\u011f\u0131tt\u0131\" data-image-description=\"&lt;p&gt;(\u00d6zel Haber) Siyasi anla\u015fmazl\u0131k aileyi da\u011f\u0131tt\u0131&lt;\/p&gt; \" data-medium-file=\"https:\/\/i0.wp.com\/www.tvturk.com\/wp-content\/uploads\/2019\/02\/ozel-haber-siyasi-anlasmazlik-aileyi-dagitti_853df76.jpg?fit=300%2C200\" data-large-file=\"https:\/\/i0.wp.com\/www.tvturk.com\/wp-content\/uploads\/2019\/02\/ozel-haber-siyasi-anlasmazlik-aileyi-dagitti_853df76.jpg?fit=1000%2C666\" src=\"https:\/\/i0.wp.com\/www.tvturk.com\/wp-content\/uploads\/2019\/02\/ozel-haber-siyasi-anlasmazlik-aileyi-dagitti_853df76.jpg?w=162&#038;h=108\" srcset=\"https:\/\/i0.wp.com\/www.tvturk.com\/wp-content\/uploads\/2019\/02\/ozel-haber-siyasi-anlasmazlik-aileyi-dagitti_853df76.jpg?w=1000 1000w, https:\/\/i0.wp.com\/www.tvturk.com\/wp-content\/uploads\/2019\/02\/ozel-haber-siyasi-anlasmazlik-aileyi-dagitti_853df76.jpg?resize=150%2C100 150w, https:\/\/i0.wp.com\/www.tvturk.com\/wp-content\/uploads\/2019\/02\/ozel-haber-siyasi-anlasmazlik-aileyi-dagitti_853df76.jpg?resize=300%2C200 300w, https:\/\/i0.wp.com\/www.tvturk.com\/wp-content\/uploads\/2019\/02\/ozel-haber-siyasi-anlasmazlik-aileyi-dagitti_853df76.jpg?resize=768%2C511 768w, https:\/\/i0.wp.com\/www.tvturk.com\/wp-content\/uploads\/2019\/02\/ozel-haber-siyasi-anlasmazlik-aileyi-dagitti_853df76.jpg?resize=170%2C113 170w, https:\/\/i0.wp.com\/www.tvturk.com\/wp-content\/uploads\/2019\/02\/ozel-haber-siyasi-anlasmazlik-aileyi-dagitti_853df76.jpg?resize=120%2C80 120w\" width=\"162\" height=\"108\" loading=\"lazy\" data-original-width=\"162\" data-original-height=\"108\" itemprop=\"http:\/\/schema.org\/image\" title=\"(\u00d6zel Haber) Siyasi anla\u015fmazl\u0131k aileyi da\u011f\u0131tt\u0131\" alt=\"(\u00d6zel Haber) Siyasi anla\u015fmazl\u0131k aileyi da\u011f\u0131tt\u0131\" style=\"width: 162px; height: 108px;\" \/> <\/a> <\/div> <\/div> <!-- close group --> <\/div> <!-- close row --> <\/div><\/p>\n","protected":false},"excerpt":{"rendered":"<p>GAZ\u0130ANTEP\u2019TE YA\u015eAYAN \u0130SA ASLAN, S\u0130YAS\u0130 ANLA\u015eMAZLIKLAR NEDEN\u0130YLE BO\u015eANMAK ZORUNDA KALDI\u011eI E\u015e\u0130NE \u00d6DED\u0130\u011e\u0130 AYLIK 800 TL NAFAKA NEDEN\u0130YLE ZOR G\u00dcNLER GE\u00c7\u0130R\u0130YOR.<\/p>\n","protected":false},"author":1,"featured_media":27637,"comment_status":"closed","ping_status":"open","sticky":false,"template":"","format":"standard","meta":{"jetpack_post_was_ever_published":false,"_jetpack_newsletter_access":"","_jetpack_dont_email_post_to_subs":false,"_jetpack_newsletter_tier_id":0,"_jetpack_memberships_contains_paywalled_content":false,"_jetpack_memberships_contains_paid_content":false,"footnotes":"","jetpack_publicize_message":"","jetpack_publicize_feature_enabled":true,"jetpack_social_post_already_shared":false,"jetpack_social_options":{"image_generator_settings":{"template":"highway","default_image_id":0,"font":"","enabled":false},"version":2}},"categories":[655],"tags":[1073,4372,11223,230,1545,2698],"class_list":["post-27636","post","type-post","status-publish","format-standard","has-post-thumbnail","hentry","category-son-dakika","tag-ozel","tag-aileyi","tag-anlasmazlik","tag-dagitti","tag-haber","tag-siyasi"],"jetpack_publicize_connections":[],"jetpack_featured_media_url":"https:\/\/i0.wp.com\/www.tvturk.com\/wp-content\/uploads\/2019\/02\/ozel-haber-siyasi-anlasmazlik-aileyi-dagitti_340bcb6.jpg?fit=1000%2C666","jetpack_sharing_enabled":true,"jetpack_shortlink":"https:\/\/wp.me\/paKIfm-7bK","_links":{"self":[{"href":"http:\/\/www.tvturk.com\/index.php\/wp-json\/wp\/v2\/posts\/27636","targetHints":{"allow":["GET"]}}],"collection":[{"href":"http:\/\/www.tvturk.com\/index.php\/wp-json\/wp\/v2\/posts"}],"about":[{"href":"http:\/\/www.tvturk.com\/index.php\/wp-json\/wp\/v2\/types\/post"}],"author":[{"embeddable":true,"href":"http:\/\/www.tvturk.com\/index.php\/wp-json\/wp\/v2\/users\/1"}],"replies":[{"embeddable":true,"href":"http:\/\/www.tvturk.com\/index.php\/wp-json\/wp\/v2\/comments?post=27636"}],"version-history":[{"count":1,"href":"http:\/\/www.tvturk.com\/index.php\/wp-json\/wp\/v2\/posts\/27636\/revisions"}],"predecessor-version":[{"id":27641,"href":"http:\/\/www.tvturk.com\/index.php\/wp-json\/wp\/v2\/posts\/27636\/revisions\/27641"}],"wp:featuredmedia":[{"embeddable":true,"href":"http:\/\/www.tvturk.com\/index.php\/wp-json\/wp\/v2\/media\/27637"}],"wp:attachment":[{"href":"http:\/\/www.tvturk.com\/index.php\/wp-json\/wp\/v2\/media?parent=27636"}],"wp:term":[{"taxonomy":"category","embeddable":true,"href":"http:\/\/www.tvturk.com\/index.php\/wp-json\/wp\/v2\/categories?post=27636"},{"taxonomy":"post_tag","embeddable":true,"href":"http:\/\/www.tvturk.com\/index.php\/wp-json\/wp\/v2\/tags?post=27636"}],"curies":[{"name":"wp","href":"https:\/\/api.w.org\/{rel}","templated":true}]}}