{"id":27656,"date":"2019-02-13T10:21:13","date_gmt":"2019-02-13T07:21:13","guid":{"rendered":"http:\/\/www.tvturk.com\/index.php\/marmariste-yunus-terapi-merkezi-kapatilsin-tartismasi\/"},"modified":"2019-02-13T10:21:14","modified_gmt":"2019-02-13T07:21:14","slug":"marmariste-yunus-terapi-merkezi-kapatilsin-tartismasi","status":"publish","type":"post","link":"http:\/\/www.tvturk.com\/index.php\/marmariste-yunus-terapi-merkezi-kapatilsin-tartismasi\/","title":{"rendered":"Marmaris\u2019te \u2019Yunus Terapi Merkezi kapat\u0131ls\u0131n\u2019 tart\u0131\u015fmas\u0131"},"content":{"rendered":"<p>Marmaris\u2019te Yunus Terapi Merkezi\u2019nin kapat\u0131lmas\u0131 tart\u0131\u015fmas\u0131 ya\u015fan\u0131yor. Merkezin kapat\u0131lmas\u0131 i\u00e7in \u00c7evre ve \u015eehircilik Bakanl\u0131\u011f\u0131\u2019na ba\u015fvurduklar\u0131n\u0131 belirten Marmaris \u00c7evrecileri Derne\u011fi Ba\u015fkan\u0131 Ahmet Kutengin, \u201c\u00c7evreye zarar veriyor. Bu park\u0131n kapat\u0131lmas\u0131n\u0131 istiyoruz.\u201d dedi. \u00c7evreye zarar vermediklerini belirten i\u015fletme sahibi Elena Gerasimova ise, \u201cE\u011fer hayvan sever arkada\u015flar ger\u00e7ekten hayvanlar i\u00e7in bir \u015feyler yapmak istiyorlarsa kendi do\u011fal ortamlar\u0131nda de\u011fil de hayvanat bah\u00e7elerinde ve dev akvaryumlarda s\u0131rf insanlar\u0131n seyir zevki i\u00e7in tutsak edilen hayvanlar i\u00e7in bir \u015feyler yapmaya \u00e7al\u0131\u015fs\u0131nlar.\u201d<\/p>\n<p>Marmaris\u2019te bulunan Yunus Terapi Merkezi\u2019nin kapat\u0131lmas\u0131 i\u00e7in ba\u015fvuru yap\u0131ld\u0131. Marmaris \u00c7evrecileri Derne\u011fi, merkezle ilgili haz\u0131rlad\u0131klar\u0131 belgeleri, bilim adamlar\u0131n\u0131n te\u015fhislerini ve yunus park\u0131n\u0131n b\u00fct\u00fcn dip \u00e7ekimlerini \u00c7evre ve \u015eehircilik Bakanl\u0131\u011f\u0131\u2019na g\u00f6nderdi. Konuyla ilgili a\u00e7\u0131klama yapan Marmaris \u00c7evrecileri Derne\u011fi Ba\u015fkan\u0131 Ahmet Kutengin, \u201cYunus parklar\u0131 bilim adamlar\u0131n\u0131n kabul etmedi\u011fi bir konu. Biz de \u00fc\u00e7 y\u0131ld\u0131r Marmaris\u2019te yunus park\u0131n\u0131n kald\u0131r\u0131lmas\u0131 i\u00e7in u\u011fra\u015f veriyoruz. Biz bu park\u0131n dip \u00e7ekimini yapt\u0131k. \u00c7evresini de temizledik. \u00c7ekimlerde yunuslar\u0131n peri\u015fan durumlar\u0131n\u0131 g\u00f6rd\u00fck. Yunuslar\u0131n d\u0131\u015fk\u0131lar\u0131 \u00e7evrelerindeki tellere yap\u0131\u015fm\u0131\u015f vaziyette. Marmaris\u2019te iki otel de bundan zarar g\u00f6r\u00fcyor kirlilik a\u00e7\u0131s\u0131ndan. Bunun dibinde turistlerimiz denize girmeye \u00e7al\u0131\u015f\u0131yor. Biz bunun kald\u0131r\u0131lmas\u0131 i\u00e7in \u00c7evre ve \u015eehircilik Bakanl\u0131\u011f\u0131\u2019na ba\u015fvurduk. B\u00fct\u00fcn belgeleri, bilim adamlar\u0131n\u0131n te\u015fhislerini ve yunus park\u0131n\u0131n b\u00fct\u00fcn dip \u00e7ekimlerini Bakanl\u0131\u011fa g\u00f6nderdik. Tam bu s\u0131rada da ihaleye \u00e7\u0131k\u0131ld\u0131. \u015eimdi o da iptal edildi. Bizim i\u00e7in sevindirici bir olay. S\u00fcreci takip etmeye devam ediyoruz.  Biz sadece Marmaris\u2019te de\u011fil yunus parklar\u0131n\u0131n her yerde kald\u0131r\u0131lmas\u0131n\u0131 istiyoruz. Yoksa buradan kald\u0131r\u0131l\u0131p ba\u015fka bir yere konulmas\u0131 bizim i\u00e7in onaylanacak bir durum de\u011fil.\u201d dedi.<\/p>\n<p>\u201c\u00c7evreye duyarl\u0131y\u0131z ve yunuslar\u0131 \u00e7ok seviyoruz\u201d<\/p>\n<p>Yunus Terapi Merkezi sahibi Elena Gerasimova konuyla ilgili \u0130HA\u2019ya yaz\u0131l\u0131 a\u00e7\u0131klama yapt\u0131. \u00c7evreye duyarl\u0131 bir i\u015fletme olduklar\u0131n\u0131 belirten Gerasimova a\u00e7\u0131klamas\u0131nda, \u201cBiz 11 y\u0131ld\u0131r yunus terapi merkezi olarak faaliyet g\u00f6steriyoruz. Bizim tesisimiz herkese a\u00e7\u0131k bir tesis. Yunuslar zeki hayvanlard\u0131r hepimiz biliyoruz, insanlara faydal\u0131 olduklar\u0131n\u0131 biliyorlar ve bundan mutlular. Yunuslar\u0131n antren\u00f6rlere her g\u00fcn g\u00f6rd\u00fc\u011f\u00fcm\u00fcz derin ba\u011flant\u0131s\u0131 vard\u0131r. \u00d6zellikle terapi merkezimizi ele\u015ftirirken Bern S\u00f6zle\u015fmesi\u2019ne at\u0131fta bulunuyorlar. Bizim yunuslar\u0131m\u0131z yabani yunuslar de\u011filler ve yabani ortamda ya\u015fam\u0131yorlar. Dolays\u0131 ile mevzu olarak Bern S\u00f6zle\u015fmenin kapsam\u0131nda de\u011filler. Onlar 12 y\u0131ld\u0131r insan\u0131n himayesindedirler. Bern s\u00f6zle\u015fmesi \u00e7ok \u00f6nemli bir s\u00f6zle\u015fme. Do\u011fadaki bitkileri, hayvanlar\u0131 koruyor. \u00c7evreci arkada\u015flar havuzda ya\u015fad\u0131klar\u0131 i\u00e7in kaslar\u0131n\u0131n geli\u015fmedi\u011fini ve do\u011fum yapmad\u0131klar\u0131n\u0131 iddia ediyorlar ama bizim 1,5 y\u0131l \u00f6nce burada do\u011fmu\u015f bebek yunusumuz var. Yunuslar\u0131n terapi a\u00e7\u0131s\u0131ndan faydal\u0131 olmad\u0131\u011f\u0131n\u0131 iddia ediyorlar ama bu konuda faydal\u0131 oldu\u011funa dair yaz\u0131lm\u0131\u015f bir \u00e7ok bilimsel makaleler var.<\/p>\n<p>\u00c7evreyi kirletti\u011fimizi iddia ediyorlar. 2018 y\u0131l\u0131 \u015fubat ay\u0131nda resmi kurumlarca yap\u0131lan kontrollerde \u00e7evreyi kirletmedi\u011fimiz ile ilgili rapor d\u00fczenlenmi\u015ftir. Kald\u0131 ki kirletiyor olsak buras\u0131 mavi bayrakl\u0131 plaj kalamazd\u0131. Daha \u00f6ncede belirtti\u011fim gibi biz 11 y\u0131ld\u0131r ayn\u0131 yerde faaliyet g\u00f6steriyoruz. Etraf\u0131ndaki oteller y\u0131llar boyunca her y\u0131l Mavi Bayrak Plaketi resmi kurumdan al\u0131yorlar.<\/p>\n<p>Cumhurba\u015fkan\u0131m\u0131z\u0131n talimatlar\u0131 do\u011frultusunda \u00f6zellikle yurt d\u0131\u015f\u0131ndan gelen misafirlerimizi a\u011f\u0131rlayarak \u00fclke ekonomimize do\u011frudan veya dolayl\u0131 ciddi manada d\u00f6viz girdisi sa\u011fl\u0131yoruz. Firma olarak istihdam sa\u011fl\u0131yor, kiram\u0131z\u0131 ve vergimizi \u00f6d\u00fcyoruz. E\u011fer hayvan sever arkada\u015flar ger\u00e7ekten hayvanlar i\u00e7in bir \u015feyler yapmak istiyorlarsa kendi do\u011fal ortamlar\u0131nda de\u011fil de hayvanat bah\u00e7elerinde ve dev akvaryumlarda s\u0131rf insanlar\u0131n seyir zevki i\u00e7in tutsak edilen hayvanlar i\u00e7in bir \u015feyler yapmaya \u00e7al\u0131\u015fs\u0131nlar. Deniz kirlili\u011fi azalt\u0131ls\u0131n diye bir s\u00fcr\u00fc giri\u015fimlerde bulunabilirler, yunuslar a\u011flarda bo\u011fulmas\u0131n diye teknik \u00e7al\u0131\u015fmalar\u0131 yaps\u0131nlar. Plastik vs. yutmas\u0131nlar da, \u00f6lmesinler kendi do\u011faL ortam\u0131nda. Sonu\u00e7 olarak \u00e7evreye duyarl\u0131y\u0131z, yunuslar\u0131m\u0131z\u0131 \u00e7ok seviyoruz.\u201d dedi<div class=\"tiled-gallery type-rectangular tiled-gallery-unresized\" data-original-width=\"500\" data-carousel-extra='null' itemscope itemtype=\"http:\/\/schema.org\/ImageGallery\" > <div class=\"gallery-row\" style=\"width: 500px; height: 376px;\" data-original-width=\"500\" data-original-height=\"376\" > <div class=\"gallery-group images-1\" style=\"width: 500px; height: 376px;\" data-original-width=\"500\" data-original-height=\"376\" > <div class=\"tiled-gallery-item tiled-gallery-item-large\" itemprop=\"associatedMedia\" itemscope itemtype=\"http:\/\/schema.org\/ImageObject\"> <a href=\"http:\/\/www.tvturk.com\/index.php\/marmariste-yunus-terapi-merkezi-kapatilsin-tartismasi\/marmariste-yunus-terapi-merkezi-kapatilsin-tartismasi-3\/\" border=\"0\" itemprop=\"url\"> <meta itemprop=\"width\" content=\"496\"> <meta itemprop=\"height\" content=\"372\"> <img decoding=\"async\" class=\"\" data-attachment-id=\"27658\" data-orig-file=\"http:\/\/www.tvturk.com\/wp-content\/uploads\/2019\/02\/marmariste-yunus-terapi-merkezi-kapatilsin-tartismasi_28ac89c.jpg\" data-orig-size=\"576,432\" data-comments-opened=\"\" data-image-meta=\"{&quot;aperture&quot;:&quot;0&quot;,&quot;credit&quot;:&quot;IHA&quot;,&quot;camera&quot;:&quot;&quot;,&quot;caption&quot;:&quot;MARMAR\\u0130S\\u2019TE BULUNAN YUNUS TERAP\\u0130 MERKEZ\\u0130\\u0027N\\u0130N KAPATILMASI \\u0130\\u00c7\\u0130N BA\\u015eVURU YAPILDI. MARMAR\\u0130S \\u00c7EVREC\\u0130LER\\u0130 DERNE\\u011e\\u0130, MERKEZLE \\u0130LG\\u0130L\\u0130 HAZIRLADIKLARI BELGELER\\u0130, B\\u0130L\\u0130M ADAMLARININ TE\\u015eH\\u0130SLER\\u0130N\\u0130 VE YUNUS PARKININ B\\u00dcT\\u00dcN D\\u0130P \\u00c7EK\\u0130MLER\\u0130N\\u0130 \\u00c7EVRE VE \\u015eEH\\u0130RC\\u0130L\\u0130K BAKANLI\\u011eI\\u2019NA G\\u00d6NDERD\\u0130. (RAMAZAN TERKOS\\\/MU\\u011eLA-\\u0130HA)&quot;,&quot;created_timestamp&quot;:&quot;0&quot;,&quot;copyright&quot;:&quot;\\u0130HLAS HABER AJANSI, www.iha.com.tr&quot;,&quot;focal_length&quot;:&quot;0&quot;,&quot;iso&quot;:&quot;0&quot;,&quot;shutter_speed&quot;:&quot;0&quot;,&quot;title&quot;:&quot;MARMAR\\u0130S\\u2019TE \\u0027YUNUS TERAP\\u0130 MERKEZ\\u0130 KAPATILSIN\\u0027 TARTI\\u015eMASI&quot;,&quot;orientation&quot;:&quot;0&quot;}\" data-image-title=\"Marmaris\u2019te \u2019Yunus Terapi Merkezi kapat\u0131ls\u0131n\u2019 tart\u0131\u015fmas\u0131\" data-image-description=\"&lt;p&gt;Marmaris\u2019te \u2019Yunus Terapi Merkezi kapat\u0131ls\u0131n\u2019 tart\u0131\u015fmas\u0131&lt;\/p&gt; \" data-medium-file=\"https:\/\/i0.wp.com\/www.tvturk.com\/wp-content\/uploads\/2019\/02\/marmariste-yunus-terapi-merkezi-kapatilsin-tartismasi_28ac89c.jpg?fit=300%2C225\" data-large-file=\"https:\/\/i0.wp.com\/www.tvturk.com\/wp-content\/uploads\/2019\/02\/marmariste-yunus-terapi-merkezi-kapatilsin-tartismasi_28ac89c.jpg?fit=576%2C432\" src=\"https:\/\/i0.wp.com\/www.tvturk.com\/wp-content\/uploads\/2019\/02\/marmariste-yunus-terapi-merkezi-kapatilsin-tartismasi_28ac89c.jpg?w=496&#038;h=372\" srcset=\"https:\/\/i0.wp.com\/www.tvturk.com\/wp-content\/uploads\/2019\/02\/marmariste-yunus-terapi-merkezi-kapatilsin-tartismasi_28ac89c.jpg?w=576 576w, https:\/\/i0.wp.com\/www.tvturk.com\/wp-content\/uploads\/2019\/02\/marmariste-yunus-terapi-merkezi-kapatilsin-tartismasi_28ac89c.jpg?resize=150%2C113 150w, https:\/\/i0.wp.com\/www.tvturk.com\/wp-content\/uploads\/2019\/02\/marmariste-yunus-terapi-merkezi-kapatilsin-tartismasi_28ac89c.jpg?resize=300%2C225 300w\" width=\"496\" height=\"372\" loading=\"lazy\" data-original-width=\"496\" data-original-height=\"372\" itemprop=\"http:\/\/schema.org\/image\" title=\"Marmaris\u2019te \u2019Yunus Terapi Merkezi kapat\u0131ls\u0131n\u2019 tart\u0131\u015fmas\u0131\" alt=\"Marmaris\u2019te \u2019Yunus Terapi Merkezi kapat\u0131ls\u0131n\u2019 tart\u0131\u015fmas\u0131\" style=\"width: 496px; height: 372px;\" \/> <\/a> <\/div> <\/div> <!-- close group --> <\/div> <!-- close row --> <\/div><\/p>\n","protected":false},"excerpt":{"rendered":"<p>MARMAR\u0130S\u2019TE BULUNAN YUNUS TERAP\u0130 MERKEZ\u0130&#8217;N\u0130N KAPATILMASI \u0130\u00c7\u0130N BA\u015eVURU YAPILDI. MARMAR\u0130S \u00c7EVREC\u0130LER\u0130 DERNE\u011e\u0130, MERKEZLE \u0130LG\u0130L\u0130 HAZIRLADIKLARI BELGELER\u0130, B\u0130L\u0130M ADAMLARININ TE\u015eH\u0130SLER\u0130N\u0130 VE YUNUS PARKININ B\u00dcT\u00dcN D\u0130P \u00c7EK\u0130MLER\u0130N\u0130 \u00c7EVRE VE \u015eEH\u0130RC\u0130L\u0130K BAKANLI\u011eI\u2019NA G\u00d6NDERD\u0130.<\/p>\n","protected":false},"author":1,"featured_media":27657,"comment_status":"closed","ping_status":"open","sticky":false,"template":"","format":"standard","meta":{"jetpack_post_was_ever_published":false,"_jetpack_newsletter_access":"","_jetpack_dont_email_post_to_subs":false,"_jetpack_newsletter_tier_id":0,"_jetpack_memberships_contains_paywalled_content":false,"_jetpack_memberships_contains_paid_content":false,"footnotes":"","jetpack_publicize_message":"","jetpack_publicize_feature_enabled":true,"jetpack_social_post_already_shared":false,"jetpack_social_options":{"image_generator_settings":{"template":"highway","default_image_id":0,"font":"","enabled":false},"version":2}},"categories":[5],"tags":[11230,8996,295,11231,11229,858],"class_list":["post-27656","post","type-post","status-publish","format-standard","has-post-thumbnail","hentry","category-gundem","tag-kapatilsin","tag-marmariste","tag-merkezi","tag-tartismasi","tag-terapi","tag-yunus"],"jetpack_publicize_connections":[],"jetpack_featured_media_url":"https:\/\/i0.wp.com\/www.tvturk.com\/wp-content\/uploads\/2019\/02\/marmariste-yunus-terapi-merkezi-kapatilsin-tartismasi_e29e6da.jpg?fit=720%2C480","jetpack_sharing_enabled":true,"jetpack_shortlink":"https:\/\/wp.me\/paKIfm-7c4","_links":{"self":[{"href":"http:\/\/www.tvturk.com\/index.php\/wp-json\/wp\/v2\/posts\/27656","targetHints":{"allow":["GET"]}}],"collection":[{"href":"http:\/\/www.tvturk.com\/index.php\/wp-json\/wp\/v2\/posts"}],"about":[{"href":"http:\/\/www.tvturk.com\/index.php\/wp-json\/wp\/v2\/types\/post"}],"author":[{"embeddable":true,"href":"http:\/\/www.tvturk.com\/index.php\/wp-json\/wp\/v2\/users\/1"}],"replies":[{"embeddable":true,"href":"http:\/\/www.tvturk.com\/index.php\/wp-json\/wp\/v2\/comments?post=27656"}],"version-history":[{"count":1,"href":"http:\/\/www.tvturk.com\/index.php\/wp-json\/wp\/v2\/posts\/27656\/revisions"}],"predecessor-version":[{"id":27659,"href":"http:\/\/www.tvturk.com\/index.php\/wp-json\/wp\/v2\/posts\/27656\/revisions\/27659"}],"wp:featuredmedia":[{"embeddable":true,"href":"http:\/\/www.tvturk.com\/index.php\/wp-json\/wp\/v2\/media\/27657"}],"wp:attachment":[{"href":"http:\/\/www.tvturk.com\/index.php\/wp-json\/wp\/v2\/media?parent=27656"}],"wp:term":[{"taxonomy":"category","embeddable":true,"href":"http:\/\/www.tvturk.com\/index.php\/wp-json\/wp\/v2\/categories?post=27656"},{"taxonomy":"post_tag","embeddable":true,"href":"http:\/\/www.tvturk.com\/index.php\/wp-json\/wp\/v2\/tags?post=27656"}],"curies":[{"name":"wp","href":"https:\/\/api.w.org\/{rel}","templated":true}]}}