{"id":27816,"date":"2019-02-13T11:01:05","date_gmt":"2019-02-13T08:01:05","guid":{"rendered":"http:\/\/www.tvturk.com\/index.php\/sanliurfada-otomobil-tir-dorsesinin-altina-girdi-8-yarali\/"},"modified":"2019-02-13T11:01:05","modified_gmt":"2019-02-13T08:01:05","slug":"sanliurfada-otomobil-tir-dorsesinin-altina-girdi-8-yarali","status":"publish","type":"post","link":"http:\/\/www.tvturk.com\/index.php\/sanliurfada-otomobil-tir-dorsesinin-altina-girdi-8-yarali\/","title":{"rendered":"\u015eanl\u0131urfa\u2019da otomobil t\u0131r dorsesinin alt\u0131na girdi: 8 yaral\u0131"},"content":{"rendered":"<p>\u015eanl\u0131urfa\u2019n\u0131n Siverek il\u00e7esinde otomobil, t\u0131r\u0131n dorsesine arkadan \u00e7arpt\u0131. Kazada 2\u2019si a\u011f\u0131r 8 ki\u015fi yaraland\u0131.<\/p>\n<p>Kaza, sabah saatlerinde Siverek-Diyarbak\u0131r karayolunun 25\u2019inci kilometresinde meydana geldi. Edinilen bilgilere g\u00f6re, Ercan \u00d6. hakimiyetindeki 06 KUU 72 plakal\u0131 otomobil, Bedir Kaplan idaresindeki 21 FP 221 plakal\u0131 t\u0131ra arkadan \u00e7arpt\u0131. \u00c7arpman\u0131n etkisiyle otomobilin \u00f6n k\u0131sm\u0131 dorsenin alt\u0131na girdi. Meydana gelen kazada ara\u00e7 s\u00fcr\u00fcc\u00fcs\u00fc Ercan \u00d6. ile birlikte ara\u00e7ta bulunan Yunus, Taner, Aysima, Abdullah, Beytullah, Feleknaz ve Nursima \u00d6. yaraland\u0131. Yaral\u0131lar olay yerine \u00e7a\u011fr\u0131lan ambulanslarla Siverek Devlet Hastanesine kald\u0131r\u0131larak tedavi alt\u0131na al\u0131nd\u0131. Yaral\u0131lardan Yunus ile Feleknaz \u00d6.\u2019n\u00fcn durumunun a\u011f\u0131r oldu\u011fu \u00f6\u011frenildi.<\/p>\n<p>Kaza ile ilgili soru\u015fturma ba\u015flat\u0131ld\u0131.<\/p>\n","protected":false},"excerpt":{"rendered":"<p>\u015eANLIURFA\u2019NIN S\u0130VEREK \u0130L\u00c7ES\u0130NDE OTOMOB\u0130L, TIRIN DORSES\u0130NE ARKADAN \u00c7ARPTI. KAZADA 2&#8217;S\u0130 A\u011eIR 8 K\u0130\u015e\u0130 YARALANDI.<\/p>\n","protected":false},"author":1,"featured_media":27817,"comment_status":"closed","ping_status":"open","sticky":false,"template":"","format":"standard","meta":{"jetpack_post_was_ever_published":false,"_jetpack_newsletter_access":"","_jetpack_dont_email_post_to_subs":false,"_jetpack_newsletter_tier_id":0,"_jetpack_memberships_contains_paywalled_content":false,"_jetpack_memberships_contains_paid_content":false,"footnotes":"","jetpack_publicize_message":"","jetpack_publicize_feature_enabled":true,"jetpack_social_post_already_shared":false,"jetpack_social_options":{"image_generator_settings":{"template":"highway","default_image_id":0,"font":"","enabled":false},"version":2}},"categories":[655],"tags":[1186,11282,3896,2873,1294,2708,774],"class_list":["post-27816","post","type-post","status-publish","format-standard","has-post-thumbnail","hentry","category-son-dakika","tag-altina","tag-dorsesinin","tag-girdi","tag-otomobil","tag-sanliurfada","tag-tir","tag-yarali"],"jetpack_publicize_connections":[],"jetpack_featured_media_url":"https:\/\/i0.wp.com\/www.tvturk.com\/wp-content\/uploads\/2019\/02\/sanliurfada-otomobil-tir-dorsesinin-altina-girdi-8-yarali_995358e.jpg?fit=750%2C1000","jetpack_sharing_enabled":true,"jetpack_shortlink":"https:\/\/wp.me\/paKIfm-7eE","_links":{"self":[{"href":"http:\/\/www.tvturk.com\/index.php\/wp-json\/wp\/v2\/posts\/27816","targetHints":{"allow":["GET"]}}],"collection":[{"href":"http:\/\/www.tvturk.com\/index.php\/wp-json\/wp\/v2\/posts"}],"about":[{"href":"http:\/\/www.tvturk.com\/index.php\/wp-json\/wp\/v2\/types\/post"}],"author":[{"embeddable":true,"href":"http:\/\/www.tvturk.com\/index.php\/wp-json\/wp\/v2\/users\/1"}],"replies":[{"embeddable":true,"href":"http:\/\/www.tvturk.com\/index.php\/wp-json\/wp\/v2\/comments?post=27816"}],"version-history":[{"count":0,"href":"http:\/\/www.tvturk.com\/index.php\/wp-json\/wp\/v2\/posts\/27816\/revisions"}],"wp:featuredmedia":[{"embeddable":true,"href":"http:\/\/www.tvturk.com\/index.php\/wp-json\/wp\/v2\/media\/27817"}],"wp:attachment":[{"href":"http:\/\/www.tvturk.com\/index.php\/wp-json\/wp\/v2\/media?parent=27816"}],"wp:term":[{"taxonomy":"category","embeddable":true,"href":"http:\/\/www.tvturk.com\/index.php\/wp-json\/wp\/v2\/categories?post=27816"},{"taxonomy":"post_tag","embeddable":true,"href":"http:\/\/www.tvturk.com\/index.php\/wp-json\/wp\/v2\/tags?post=27816"}],"curies":[{"name":"wp","href":"https:\/\/api.w.org\/{rel}","templated":true}]}}