{"id":27931,"date":"2019-02-13T11:21:11","date_gmt":"2019-02-13T08:21:11","guid":{"rendered":"http:\/\/www.tvturk.com\/index.php\/nizipli-sehid-icin-mevlit-okutuldu\/"},"modified":"2019-02-13T11:21:12","modified_gmt":"2019-02-13T08:21:12","slug":"nizipli-sehid-icin-mevlit-okutuldu","status":"publish","type":"post","link":"http:\/\/www.tvturk.com\/index.php\/nizipli-sehid-icin-mevlit-okutuldu\/","title":{"rendered":"Nizipli \u015fehid i\u00e7in mevlit okutuldu"},"content":{"rendered":"<p>I\u011fd\u0131r\u2019da B\u00f6l\u00fcc\u00fc Ter\u00f6r \u00d6rg\u00fct\u00fc (BT\u00d6) mensuplar\u0131yla girilen \u00e7at\u0131\u015fma neticesinde \u015fehit d\u00fc\u015fen Onba\u015f\u0131 Ahmet Furkan K\u00f6se i\u00e7in Aral\u0131k \u015eehit Er Ali Tekin K\u0131\u015flas\u0131nda mevlit okutuldu.<\/p>\n<p>T\u00f6rene, I\u011fd\u0131r Valisi Enver \u00dcnl\u00fc, Garnizon ve 5. Hudut Alay Komutan\u0131 P. Albay Hakk\u0131 Bahad\u0131r \u00d6zt\u00fcrk, Aral\u0131k Kaymakam\u0131 Sercan G\u00f6kdemir, I\u011fd\u0131r \u00dcniversitesi Rekt\u00f6r\u00fc Prof. Dr. Mehmet Hakk\u0131 Alma, \u0130l Jandarma Komutan\u0131 Hakan Ba\u015fak\u00e7\u0131, \u0130l M\u00fcft\u00fcs\u00fc Mustafa Tekin, \u0130l Emniyet M\u00fcd\u00fcr Yard\u0131mc\u0131s\u0131 Mesut Sinirli, il\u00e7e kurum amirleri, \u015fehit aileleri ve \u015fehidin silah arkada\u015flar\u0131 kat\u0131ld\u0131.<\/p>\n<p>Sayg\u0131 duru\u015fu ve \u0130stiklal Mar\u015f\u0131\u2019n\u0131n okunmas\u0131 ile ba\u015flayan mevlit program\u0131nda konu\u015fan I\u011fd\u0131r Valisi Enver \u00dcnl\u00fc, \u201ckahraman \u015fehidimizi rahmetle an\u0131yoruz. \u015eair s\u00f6yl\u00fcyor ya, \u201cBu vatan topra\u011f\u0131n kara ba\u011fr\u0131nda s\u0131ra da\u011flar gibi duranlar\u0131nd\u0131r\u201d bu topraklar\u0131 aziz kanlar\u0131yla sulay\u0131p vatan yapan ve bug\u00fcn 82 milyon vatanda\u015f\u0131m\u0131z\u0131n bar\u0131\u015f ve huzur i\u00e7erisinde ya\u015famas\u0131n\u0131 temin eden \u015fehitlerimize ne kadar minnet duysak azd\u0131r. Bug\u00fcn Ahmet Furkan K\u00f6se \u015fehidimizin \u015fahs\u0131nda b\u00fct\u00fcn \u015fehitlerimizi rahmetle anaca\u011f\u0131z. Onlar Peygamber Efendimize kom\u015fu oldular. D\u00fcnya \u00fczerinde sevgili peygamberimizin \u00f6vg\u00fcs\u00fcne mazhar olan tek ordu bu ordudur. Al sanca\u011f\u0131m\u0131z\u0131 hudut boylar\u0131nda gurur ve \u015ferefle dalgaland\u0131rarak vatan\u0131n\u0131, milletini, bayra\u011f\u0131n\u0131 ve ezan\u0131n\u0131 koruyup, kollamay\u0131 namus bilen ve i\u015fte k\u0131\u015fla kap\u0131s\u0131nda yazd\u0131\u011f\u0131 gibi orduya sadakat \u015ferefimizdir diyerek her ko\u015fulda g\u00f6rev yapmaya haz\u0131r askerlerimizden Allah raz\u0131 olsun. Bu kutsal vatan topraklar\u0131 kolay kazan\u0131lmad\u0131. Bug\u00fcn \u015fehitlerimiz sayesinde \u00e7ok \u015f\u00fck\u00fcr h\u00fcr bir \u015fekilde ya\u015f\u0131yoruz. Bizde aziz \u015fehitlerimizin hat\u0131ralar\u0131na sahip \u00e7\u0131kmakla m\u00fckellefiz. 82 milyon, hepimiz bir aileyiz. Hi\u00e7bir ayr\u0131m g\u00f6zetmeksizin hepimiz bu \u00fclkenin birinci s\u0131n\u0131f vatanda\u015f\u0131y\u0131z. Kimse bizim birli\u011fimizi bozamaz. Buna yeltenenler T\u00fcrk Ordusunun \u00e7elik yumru\u011fuyla kar\u015f\u0131la\u015facaklard\u0131r. Bug\u00fcne kadar oldu\u011fu gibi bundan sonra da cennet vatan\u0131m\u0131zda al sanca\u011f\u0131m\u0131z nazl\u0131 nazl\u0131 dalgalanacak ve ezanlar\u0131m\u0131z be\u015f vakit okunmaya devam edecektir\u201d dedi.<\/p>\n<p>\u015eehidin \u00f6zge\u00e7mi\u015finin okunmas\u0131, konu\u015fmalar\u0131n yap\u0131lmas\u0131 ve Kur\u2019an-\u0131 Kerim tilaveti ile devam eden program, ikramlar\u0131n ard\u0131ndan dualarla sona erdi.<div class=\"tiled-gallery type-rectangular tiled-gallery-unresized\" data-original-width=\"500\" data-carousel-extra='null' itemscope itemtype=\"http:\/\/schema.org\/ImageGallery\" > <div class=\"gallery-row\" style=\"width: 500px; height: 330px;\" data-original-width=\"500\" data-original-height=\"330\" > <div class=\"gallery-group images-1\" style=\"width: 500px; height: 330px;\" data-original-width=\"500\" data-original-height=\"330\" > <div class=\"tiled-gallery-item tiled-gallery-item-large\" itemprop=\"associatedMedia\" itemscope itemtype=\"http:\/\/schema.org\/ImageObject\"> <a href=\"http:\/\/www.tvturk.com\/index.php\/nizipli-sehid-icin-mevlit-okutuldu\/nizipli-sehid-icin-mevlit-okutuldu-3\/\" border=\"0\" itemprop=\"url\"> <meta itemprop=\"width\" content=\"496\"> <meta itemprop=\"height\" content=\"326\"> <img decoding=\"async\" class=\"\" data-attachment-id=\"27933\" data-orig-file=\"http:\/\/www.tvturk.com\/wp-content\/uploads\/2019\/02\/nizipli-sehid-icin-mevlit-okutuldu_8bc5af6.jpg\" data-orig-size=\"1000,657\" data-comments-opened=\"\" data-image-meta=\"{&quot;aperture&quot;:&quot;0&quot;,&quot;credit&quot;:&quot;IHA&quot;,&quot;camera&quot;:&quot;&quot;,&quot;caption&quot;:&quot;N\\u0130Z\\u0130PL\\u0130 \\u015eEH\\u0130D \\u0130\\u00c7\\u0130N MEVL\\u0130T OKUTULDU (\\u0130HA\\\/I\\u011eDIR-\\u0130HA)&quot;,&quot;created_timestamp&quot;:&quot;0&quot;,&quot;copyright&quot;:&quot;\\u0130HLAS HABER AJANSI, www.iha.com.tr&quot;,&quot;focal_length&quot;:&quot;0&quot;,&quot;iso&quot;:&quot;0&quot;,&quot;shutter_speed&quot;:&quot;0&quot;,&quot;title&quot;:&quot;N\\u0130Z\\u0130PL\\u0130 \\u015eEH\\u0130D \\u0130\\u00c7\\u0130N MEVL\\u0130T OKUTULDU&quot;,&quot;orientation&quot;:&quot;0&quot;}\" data-image-title=\"Nizipli \u015fehid i\u00e7in mevlit okutuldu\" data-image-description=\"&lt;p&gt;Nizipli \u015fehid i\u00e7in mevlit okutuldu&lt;\/p&gt; \" data-medium-file=\"https:\/\/i0.wp.com\/www.tvturk.com\/wp-content\/uploads\/2019\/02\/nizipli-sehid-icin-mevlit-okutuldu_8bc5af6.jpg?fit=300%2C197\" data-large-file=\"https:\/\/i0.wp.com\/www.tvturk.com\/wp-content\/uploads\/2019\/02\/nizipli-sehid-icin-mevlit-okutuldu_8bc5af6.jpg?fit=1000%2C657\" src=\"https:\/\/i0.wp.com\/www.tvturk.com\/wp-content\/uploads\/2019\/02\/nizipli-sehid-icin-mevlit-okutuldu_8bc5af6.jpg?w=496&#038;h=326\" srcset=\"https:\/\/i0.wp.com\/www.tvturk.com\/wp-content\/uploads\/2019\/02\/nizipli-sehid-icin-mevlit-okutuldu_8bc5af6.jpg?w=1000 1000w, https:\/\/i0.wp.com\/www.tvturk.com\/wp-content\/uploads\/2019\/02\/nizipli-sehid-icin-mevlit-okutuldu_8bc5af6.jpg?resize=150%2C99 150w, https:\/\/i0.wp.com\/www.tvturk.com\/wp-content\/uploads\/2019\/02\/nizipli-sehid-icin-mevlit-okutuldu_8bc5af6.jpg?resize=300%2C197 300w, https:\/\/i0.wp.com\/www.tvturk.com\/wp-content\/uploads\/2019\/02\/nizipli-sehid-icin-mevlit-okutuldu_8bc5af6.jpg?resize=768%2C505 768w, https:\/\/i0.wp.com\/www.tvturk.com\/wp-content\/uploads\/2019\/02\/nizipli-sehid-icin-mevlit-okutuldu_8bc5af6.jpg?resize=170%2C113 170w, https:\/\/i0.wp.com\/www.tvturk.com\/wp-content\/uploads\/2019\/02\/nizipli-sehid-icin-mevlit-okutuldu_8bc5af6.jpg?resize=120%2C80 120w\" width=\"496\" height=\"326\" loading=\"lazy\" data-original-width=\"496\" data-original-height=\"326\" itemprop=\"http:\/\/schema.org\/image\" title=\"Nizipli \u015fehid i\u00e7in mevlit okutuldu\" alt=\"Nizipli \u015fehid i\u00e7in mevlit okutuldu\" style=\"width: 496px; height: 326px;\" \/> <\/a> <\/div> <\/div> <!-- close group --> <\/div> <!-- close row --> <\/div><\/p>\n","protected":false},"excerpt":{"rendered":"<p>N\u0130Z\u0130PL\u0130 \u015eEH\u0130D \u0130\u00c7\u0130N MEVL\u0130T OKUTULDU<\/p>\n","protected":false},"author":1,"featured_media":27932,"comment_status":"closed","ping_status":"open","sticky":false,"template":"","format":"standard","meta":{"jetpack_post_was_ever_published":false,"_jetpack_newsletter_access":"","_jetpack_dont_email_post_to_subs":false,"_jetpack_newsletter_tier_id":0,"_jetpack_memberships_contains_paywalled_content":false,"_jetpack_memberships_contains_paid_content":false,"footnotes":"","jetpack_publicize_message":"","jetpack_publicize_feature_enabled":true,"jetpack_social_post_already_shared":false,"jetpack_social_options":{"image_generator_settings":{"template":"highway","default_image_id":0,"font":"","enabled":false},"version":2}},"categories":[655],"tags":[44,6651,11320,6652,11321],"class_list":["post-27931","post","type-post","status-publish","format-standard","has-post-thumbnail","hentry","category-son-dakika","tag-icin","tag-mevlit","tag-nizipli","tag-okutuldu","tag-sehid"],"jetpack_publicize_connections":[],"jetpack_featured_media_url":"https:\/\/i0.wp.com\/www.tvturk.com\/wp-content\/uploads\/2019\/02\/nizipli-sehid-icin-mevlit-okutuldu_e4a3297.jpg?fit=1000%2C666","jetpack_sharing_enabled":true,"jetpack_shortlink":"https:\/\/wp.me\/paKIfm-7gv","_links":{"self":[{"href":"http:\/\/www.tvturk.com\/index.php\/wp-json\/wp\/v2\/posts\/27931","targetHints":{"allow":["GET"]}}],"collection":[{"href":"http:\/\/www.tvturk.com\/index.php\/wp-json\/wp\/v2\/posts"}],"about":[{"href":"http:\/\/www.tvturk.com\/index.php\/wp-json\/wp\/v2\/types\/post"}],"author":[{"embeddable":true,"href":"http:\/\/www.tvturk.com\/index.php\/wp-json\/wp\/v2\/users\/1"}],"replies":[{"embeddable":true,"href":"http:\/\/www.tvturk.com\/index.php\/wp-json\/wp\/v2\/comments?post=27931"}],"version-history":[{"count":1,"href":"http:\/\/www.tvturk.com\/index.php\/wp-json\/wp\/v2\/posts\/27931\/revisions"}],"predecessor-version":[{"id":27934,"href":"http:\/\/www.tvturk.com\/index.php\/wp-json\/wp\/v2\/posts\/27931\/revisions\/27934"}],"wp:featuredmedia":[{"embeddable":true,"href":"http:\/\/www.tvturk.com\/index.php\/wp-json\/wp\/v2\/media\/27932"}],"wp:attachment":[{"href":"http:\/\/www.tvturk.com\/index.php\/wp-json\/wp\/v2\/media?parent=27931"}],"wp:term":[{"taxonomy":"category","embeddable":true,"href":"http:\/\/www.tvturk.com\/index.php\/wp-json\/wp\/v2\/categories?post=27931"},{"taxonomy":"post_tag","embeddable":true,"href":"http:\/\/www.tvturk.com\/index.php\/wp-json\/wp\/v2\/tags?post=27931"}],"curies":[{"name":"wp","href":"https:\/\/api.w.org\/{rel}","templated":true}]}}