{"id":28119,"date":"2019-02-13T11:51:19","date_gmt":"2019-02-13T08:51:19","guid":{"rendered":"http:\/\/www.tvturk.com\/index.php\/konya-smmm-odasinda-mezuniyet-toreni\/"},"modified":"2019-02-13T11:51:21","modified_gmt":"2019-02-13T08:51:21","slug":"konya-smmm-odasinda-mezuniyet-toreni","status":"publish","type":"post","link":"http:\/\/www.tvturk.com\/index.php\/konya-smmm-odasinda-mezuniyet-toreni\/","title":{"rendered":"Konya SMMM Odas\u0131nda mezuniyet t\u00f6reni"},"content":{"rendered":"<p>Konya Serbest Muhasebeci Mali M\u00fc\u015favirler (SMMM) Odas\u0131 ile Sel\u00e7uk \u00dcniversitesi (S\u00dc) Sosyal Bilimler Enstit\u00fcs\u00fc i\u015fbirli\u011finde d\u00fczenlenen muhasebe ve denetim bilim dal\u0131nda tezsiz y\u00fcksek lisans e\u011fitimini tamamlayan \u00f6\u011frencilere mezuniyet ve kep atma t\u00f6reni d\u00fczenlendi.<\/p>\n<p>T\u00f6rende konu\u015fan Konya SMMM Odas\u0131 Ba\u015fkan\u0131 Seyit Faruk \u00d6zselek, e\u011fitim ve seminer programlar\u0131na \u00f6nem vererek bir\u00e7ok alanda program d\u00fczenlediklerini s\u00f6yledi. \u00d6zselek, \u201cOdam\u0131z ve Sel\u00e7uk \u00dcniversitesi i\u015fbirli\u011fi ile uzun zamand\u0131r muhasebe ve denetim bilim dal\u0131nda tezsiz y\u00fcksek lisans program\u0131m\u0131z devam etmekte olup, bir\u00e7ok meslekta\u015f\u0131m\u0131z, stajyerimiz, di\u011fer kat\u0131l\u0131mc\u0131lar ve bunun yan\u0131nda Konya d\u0131\u015f\u0131ndan bir\u00e7ok meslekta\u015f\u0131m\u0131z mezun oldu. S\u00dc ile i\u015fbirli\u011fimiz sadece y\u00fcksek lisansta de\u011fil uzla\u015ft\u0131rmac\u0131l\u0131k, ba\u011f\u0131ms\u0131z denet\u00e7ilik s\u00fcrekli e\u011fitimleri ve benzeri bir\u00e7ok e\u011fitimde devam etmektedir. Bu s\u00fcre\u00e7te eme\u011fi ge\u00e7en ba\u015fta Rekt\u00f6r\u00fcm\u00fcz olmak \u00fczere, m\u00fcd\u00fcrlerimize, tez dan\u0131\u015fmanlar\u0131na ve \u00f6\u011fretim \u00fcyelerine te\u015fekk\u00fcr ederim\u201d dedi.<\/p>\n<p>S\u00dc Rekt\u00f6r\u00fc Prof. Dr. Mustafa \u015eahin\u2019in konu\u015fmas\u0131n\u0131n ard\u0131ndan \u00f6\u011frencilere diplomalar\u0131 verildi. Mezuniyet heyecan\u0131 ya\u015fayanlar aras\u0131nda Konya Esnaf ve Sanatkarlar Odalar\u0131 Birli\u011fi (KONESOB) Ba\u015fkan\u0131 Muharrem Karabacak, KONESOB Genel Sekreteri Harun G\u00fcn ile Bilecik SMMM Odas\u0131 Ba\u015fkan\u0131 S\u00fcleyman K\u0131ral\u2019 da vard\u0131. Diplomalar\u0131n\u0131 S\u00dc Rekt\u00f6r\u00fc Prof. Dr. Mustafa \u015eahin ve Konya SMMM Odas\u0131 Ba\u015fkan\u0131 Seyit Faruk \u00d6zselek\u2019in elinden alan \u00f6\u011frenciler kep atarak foto\u011fraf \u00e7ektirdi.<div class=\"tiled-gallery type-rectangular tiled-gallery-unresized\" data-original-width=\"500\" data-carousel-extra='null' itemscope itemtype=\"http:\/\/schema.org\/ImageGallery\" > <div class=\"gallery-row\" style=\"width: 500px; height: 231px;\" data-original-width=\"500\" data-original-height=\"231\" > <div class=\"gallery-group images-1\" style=\"width: 345px; height: 231px;\" data-original-width=\"345\" data-original-height=\"231\" > <div class=\"tiled-gallery-item tiled-gallery-item-large\" itemprop=\"associatedMedia\" itemscope itemtype=\"http:\/\/schema.org\/ImageObject\"> <a href=\"http:\/\/www.tvturk.com\/index.php\/konya-smmm-odasinda-mezuniyet-toreni\/konya-smmm-odasinda-mezuniyet-toreni-3\/\" border=\"0\" itemprop=\"url\"> <meta itemprop=\"width\" content=\"341\"> <meta itemprop=\"height\" content=\"227\"> <img decoding=\"async\" class=\"\" data-attachment-id=\"28121\" data-orig-file=\"http:\/\/www.tvturk.com\/wp-content\/uploads\/2019\/02\/konya-smmm-odasinda-mezuniyet-toreni_e0c5cdc.jpg\" data-orig-size=\"1000,666\" data-comments-opened=\"\" data-image-meta=\"{&quot;aperture&quot;:&quot;0&quot;,&quot;credit&quot;:&quot;IHA&quot;,&quot;camera&quot;:&quot;&quot;,&quot;caption&quot;:&quot;MEZUN\\u0130YET T\\u00d6REN\\u0130NDE KONU\\u015eAN KONYA SMMM ODASI BA\\u015eKANI SEY\\u0130T FARUK \\u00d6ZSELEK, E\\u011e\\u0130T\\u0130M VE SEM\\u0130NER PROGRAMLARINA \\u00d6NEM VEREREK B\\u0130R\\u00c7OK ALANDA PROGRAM D\\u00dcZENLED\\u0130KLER\\u0130N\\u0130 S\\u00d6YLED\\u0130. (\\u0130HA\\\/KONYA-\\u0130HA)&quot;,&quot;created_timestamp&quot;:&quot;0&quot;,&quot;copyright&quot;:&quot;\\u0130HLAS HABER AJANSI, www.iha.com.tr&quot;,&quot;focal_length&quot;:&quot;0&quot;,&quot;iso&quot;:&quot;0&quot;,&quot;shutter_speed&quot;:&quot;0&quot;,&quot;title&quot;:&quot;KONYA SMMM ODASINDA MEZUN\\u0130YET T\\u00d6REN\\u0130&quot;,&quot;orientation&quot;:&quot;0&quot;}\" data-image-title=\"Konya SMMM Odas\u0131nda mezuniyet t\u00f6reni\" data-image-description=\"&lt;p&gt;Konya SMMM Odas\u0131nda mezuniyet t\u00f6reni&lt;\/p&gt; \" data-medium-file=\"https:\/\/i0.wp.com\/www.tvturk.com\/wp-content\/uploads\/2019\/02\/konya-smmm-odasinda-mezuniyet-toreni_e0c5cdc.jpg?fit=300%2C200\" data-large-file=\"https:\/\/i0.wp.com\/www.tvturk.com\/wp-content\/uploads\/2019\/02\/konya-smmm-odasinda-mezuniyet-toreni_e0c5cdc.jpg?fit=1000%2C666\" src=\"https:\/\/i0.wp.com\/www.tvturk.com\/wp-content\/uploads\/2019\/02\/konya-smmm-odasinda-mezuniyet-toreni_e0c5cdc.jpg?w=341&#038;h=227\" srcset=\"https:\/\/i0.wp.com\/www.tvturk.com\/wp-content\/uploads\/2019\/02\/konya-smmm-odasinda-mezuniyet-toreni_e0c5cdc.jpg?w=1000 1000w, https:\/\/i0.wp.com\/www.tvturk.com\/wp-content\/uploads\/2019\/02\/konya-smmm-odasinda-mezuniyet-toreni_e0c5cdc.jpg?resize=150%2C100 150w, https:\/\/i0.wp.com\/www.tvturk.com\/wp-content\/uploads\/2019\/02\/konya-smmm-odasinda-mezuniyet-toreni_e0c5cdc.jpg?resize=300%2C200 300w, https:\/\/i0.wp.com\/www.tvturk.com\/wp-content\/uploads\/2019\/02\/konya-smmm-odasinda-mezuniyet-toreni_e0c5cdc.jpg?resize=768%2C511 768w, https:\/\/i0.wp.com\/www.tvturk.com\/wp-content\/uploads\/2019\/02\/konya-smmm-odasinda-mezuniyet-toreni_e0c5cdc.jpg?resize=170%2C113 170w, https:\/\/i0.wp.com\/www.tvturk.com\/wp-content\/uploads\/2019\/02\/konya-smmm-odasinda-mezuniyet-toreni_e0c5cdc.jpg?resize=120%2C80 120w\" width=\"341\" height=\"227\" loading=\"lazy\" data-original-width=\"341\" data-original-height=\"227\" itemprop=\"http:\/\/schema.org\/image\" title=\"Konya SMMM Odas\u0131nda mezuniyet t\u00f6reni\" alt=\"Konya SMMM Odas\u0131nda mezuniyet t\u00f6reni\" style=\"width: 341px; height: 227px;\" \/> <\/a> <\/div> <\/div> <!-- close group --> <div class=\"gallery-group images-1\" style=\"width: 155px; height: 231px;\" data-original-width=\"155\" data-original-height=\"231\" > <div class=\"tiled-gallery-item tiled-gallery-item-small\" itemprop=\"associatedMedia\" itemscope itemtype=\"http:\/\/schema.org\/ImageObject\"> <a href=\"http:\/\/www.tvturk.com\/index.php\/konya-smmm-odasinda-mezuniyet-toreni\/konya-smmm-odasinda-mezuniyet-toreni-4\/\" border=\"0\" itemprop=\"url\"> <meta itemprop=\"width\" content=\"151\"> <meta itemprop=\"height\" content=\"227\"> <img decoding=\"async\" class=\"\" data-attachment-id=\"28122\" data-orig-file=\"http:\/\/www.tvturk.com\/wp-content\/uploads\/2019\/02\/konya-smmm-odasinda-mezuniyet-toreni_ed9fc22.jpg\" data-orig-size=\"666,1000\" data-comments-opened=\"\" data-image-meta=\"{&quot;aperture&quot;:&quot;0&quot;,&quot;credit&quot;:&quot;IHA&quot;,&quot;camera&quot;:&quot;&quot;,&quot;caption&quot;:&quot;KONYA SERBEST MUHASEBEC\\u0130 MAL\\u0130 M\\u00dc\\u015eAV\\u0130RLER (SMMM) ODASI \\u0130LE SEL\\u00c7UK \\u00dcN\\u0130VERS\\u0130TES\\u0130 (S\\u00dc) SOSYAL B\\u0130L\\u0130MLER ENST\\u0130T\\u00dcS\\u00dc \\u0130\\u015eB\\u0130RL\\u0130\\u011e\\u0130NDE D\\u00dcZENLENEN MUHASEBE VE DENET\\u0130M B\\u0130L\\u0130M DALINDA TEZS\\u0130Z Y\\u00dcKSEK L\\u0130SANS E\\u011e\\u0130T\\u0130M\\u0130N\\u0130 TAMAMLAYAN \\u00d6\\u011eRENC\\u0130LERE MEZUN\\u0130YET VE KEP ATMA T\\u00d6REN\\u0130 D\\u00dcZENLEND\\u0130. MEZUN\\u0130YET HEYECANI YA\\u015eAYANLAR ARASINDA KONYA ESNAF VE SANATKARLAR ODALARI B\\u0130RL\\u0130\\u011e\\u0130 (KONESOB) BA\\u015eKANI MUHARREM KARABACAK\\u0027TA VARDI. (\\u0130HA\\\/KONYA-\\u0130HA)&quot;,&quot;created_timestamp&quot;:&quot;0&quot;,&quot;copyright&quot;:&quot;\\u0130HLAS HABER AJANSI, www.iha.com.tr&quot;,&quot;focal_length&quot;:&quot;0&quot;,&quot;iso&quot;:&quot;0&quot;,&quot;shutter_speed&quot;:&quot;0&quot;,&quot;title&quot;:&quot;KONYA SMMM ODASINDA MEZUN\\u0130YET T\\u00d6REN\\u0130&quot;,&quot;orientation&quot;:&quot;0&quot;}\" data-image-title=\"Konya SMMM Odas\u0131nda mezuniyet t\u00f6reni\" data-image-description=\"&lt;p&gt;Konya SMMM Odas\u0131nda mezuniyet t\u00f6reni&lt;\/p&gt; \" data-medium-file=\"https:\/\/i0.wp.com\/www.tvturk.com\/wp-content\/uploads\/2019\/02\/konya-smmm-odasinda-mezuniyet-toreni_ed9fc22.jpg?fit=200%2C300\" data-large-file=\"https:\/\/i0.wp.com\/www.tvturk.com\/wp-content\/uploads\/2019\/02\/konya-smmm-odasinda-mezuniyet-toreni_ed9fc22.jpg?fit=666%2C1000\" src=\"https:\/\/i0.wp.com\/www.tvturk.com\/wp-content\/uploads\/2019\/02\/konya-smmm-odasinda-mezuniyet-toreni_ed9fc22.jpg?w=151&#038;h=227\" srcset=\"https:\/\/i0.wp.com\/www.tvturk.com\/wp-content\/uploads\/2019\/02\/konya-smmm-odasinda-mezuniyet-toreni_ed9fc22.jpg?w=666 666w, https:\/\/i0.wp.com\/www.tvturk.com\/wp-content\/uploads\/2019\/02\/konya-smmm-odasinda-mezuniyet-toreni_ed9fc22.jpg?resize=100%2C150 100w, https:\/\/i0.wp.com\/www.tvturk.com\/wp-content\/uploads\/2019\/02\/konya-smmm-odasinda-mezuniyet-toreni_ed9fc22.jpg?resize=200%2C300 200w\" width=\"151\" height=\"227\" loading=\"lazy\" data-original-width=\"151\" data-original-height=\"227\" itemprop=\"http:\/\/schema.org\/image\" title=\"Konya SMMM Odas\u0131nda mezuniyet t\u00f6reni\" alt=\"Konya SMMM Odas\u0131nda mezuniyet t\u00f6reni\" style=\"width: 151px; height: 227px;\" \/> <\/a> <\/div> <\/div> <!-- close group --> <\/div> <!-- close row --> <\/div><\/p>\n","protected":false},"excerpt":{"rendered":"<p>KONYA SERBEST MUHASEBEC\u0130 MAL\u0130 M\u00dc\u015eAV\u0130RLER (SMMM) ODASI \u0130LE SEL\u00c7UK \u00dcN\u0130VERS\u0130TES\u0130 (S\u00dc) SOSYAL B\u0130L\u0130MLER ENST\u0130T\u00dcS\u00dc \u0130\u015eB\u0130RL\u0130\u011e\u0130NDE D\u00dcZENLENEN MUHASEBE VE DENET\u0130M B\u0130L\u0130M DALINDA TEZS\u0130Z Y\u00dcKSEK L\u0130SANS E\u011e\u0130T\u0130M\u0130N\u0130 TAMAMLAYAN \u00d6\u011eRENC\u0130LERE MEZUN\u0130YET VE KEP ATMA T\u00d6REN\u0130 D\u00dcZENLEND\u0130.<\/p>\n","protected":false},"author":1,"featured_media":28120,"comment_status":"closed","ping_status":"open","sticky":false,"template":"","format":"standard","meta":{"jetpack_post_was_ever_published":false,"_jetpack_newsletter_access":"","_jetpack_dont_email_post_to_subs":false,"_jetpack_newsletter_tier_id":0,"_jetpack_memberships_contains_paywalled_content":false,"_jetpack_memberships_contains_paid_content":false,"footnotes":"","jetpack_publicize_message":"","jetpack_publicize_feature_enabled":true,"jetpack_social_post_already_shared":false,"jetpack_social_options":{"image_generator_settings":{"template":"highway","default_image_id":0,"font":"","enabled":false},"version":2}},"categories":[659],"tags":[3696,820,167,3697,187],"class_list":["post-28119","post","type-post","status-publish","format-standard","has-post-thumbnail","hentry","category-egitim","tag-konya","tag-mezuniyet","tag-odasinda","tag-smmm","tag-toreni"],"jetpack_publicize_connections":[],"jetpack_featured_media_url":"https:\/\/i0.wp.com\/www.tvturk.com\/wp-content\/uploads\/2019\/02\/konya-smmm-odasinda-mezuniyet-toreni_4c5173c.jpg?fit=1000%2C666","jetpack_sharing_enabled":true,"jetpack_shortlink":"https:\/\/wp.me\/paKIfm-7jx","_links":{"self":[{"href":"http:\/\/www.tvturk.com\/index.php\/wp-json\/wp\/v2\/posts\/28119","targetHints":{"allow":["GET"]}}],"collection":[{"href":"http:\/\/www.tvturk.com\/index.php\/wp-json\/wp\/v2\/posts"}],"about":[{"href":"http:\/\/www.tvturk.com\/index.php\/wp-json\/wp\/v2\/types\/post"}],"author":[{"embeddable":true,"href":"http:\/\/www.tvturk.com\/index.php\/wp-json\/wp\/v2\/users\/1"}],"replies":[{"embeddable":true,"href":"http:\/\/www.tvturk.com\/index.php\/wp-json\/wp\/v2\/comments?post=28119"}],"version-history":[{"count":1,"href":"http:\/\/www.tvturk.com\/index.php\/wp-json\/wp\/v2\/posts\/28119\/revisions"}],"predecessor-version":[{"id":28123,"href":"http:\/\/www.tvturk.com\/index.php\/wp-json\/wp\/v2\/posts\/28119\/revisions\/28123"}],"wp:featuredmedia":[{"embeddable":true,"href":"http:\/\/www.tvturk.com\/index.php\/wp-json\/wp\/v2\/media\/28120"}],"wp:attachment":[{"href":"http:\/\/www.tvturk.com\/index.php\/wp-json\/wp\/v2\/media?parent=28119"}],"wp:term":[{"taxonomy":"category","embeddable":true,"href":"http:\/\/www.tvturk.com\/index.php\/wp-json\/wp\/v2\/categories?post=28119"},{"taxonomy":"post_tag","embeddable":true,"href":"http:\/\/www.tvturk.com\/index.php\/wp-json\/wp\/v2\/tags?post=28119"}],"curies":[{"name":"wp","href":"https:\/\/api.w.org\/{rel}","templated":true}]}}