{"id":28497,"date":"2019-02-13T13:01:19","date_gmt":"2019-02-13T10:01:19","guid":{"rendered":"http:\/\/www.tvturk.com\/index.php\/kuflu-peynirdeki-tehlike\/"},"modified":"2019-02-13T13:01:21","modified_gmt":"2019-02-13T10:01:21","slug":"kuflu-peynirdeki-tehlike","status":"publish","type":"post","link":"http:\/\/www.tvturk.com\/index.php\/kuflu-peynirdeki-tehlike\/","title":{"rendered":"K\u00fcfl\u00fc peynirdeki tehlike"},"content":{"rendered":"<p>S\u0130VAS (\u0130HA) \u2013 Diyetisyen Cansu Arslan, k\u0131rm\u0131z\u0131, siyah ve bej renkli k\u00fcf bar\u0131nd\u0131ran peynirlerin insan sa\u011fl\u0131\u011f\u0131n\u0131 olumsuz y\u00f6nde etkileyebilece\u011fini, hatta mikotoksin\/aflatoksin varl\u0131\u011f\u0131yla kansere sebep olabilece\u011fini bu nedenle t\u00fcketilmemeleri gerekti\u011fini belirtti.<\/p>\n<p>Medicana Sivas Hastanesi diyetisyeni Cansu Arslan, yapt\u0131\u011f\u0131 a\u00e7\u0131klama ile k\u00fcfl\u00fc peynir t\u00fcketiminde dikkat edilmesi gereken hususlara de\u011findi. \u00dczerinde k\u0131rm\u0131z\u0131, siyah ve bej renkli k\u00fcfler bar\u0131nd\u0131ran peynirlerin kesinlikle t\u00fcketilmemesi gerekti\u011fini belirten Arslan, \u201cPenisiline kar\u015f\u0131 alerjisi olanlar, tansiyon hastalar\u0131, b\u00f6brek hastalar\u0131, gebeler, migren ata\u011f\u0131 d\u00f6neminde olan hastalar\u0131m\u0131z ve \u00f6zellikle kemoterapi alan hastalar\u0131m\u0131z bu peyniri kesinlikle t\u00fcketmemelidir&#8221; dedi.<\/p>\n<p>K\u00fcfl\u00fc peynirler sa\u011fl\u0131\u011fa yarar\u0131 oldu\u011fu kadar zarar\u0131 da bulunabilece\u011fine dikkat \u00e7eken Cansu Arslan, &#8220;Peynir k\u00fclt\u00fcr\u00fcm\u00fczde \u00e7ok fazla yer edinmi\u015f protein-ya\u011f de\u011feri y\u00fcksek bir besindir. Di\u011fer \u00fclkelerde oldu\u011fu gibi \u00fclkemizde de \u00e7ok fazla \u00e7e\u015fidi mevcuttur. K\u00fcfl\u00fc peynirler bu noktada dikkatimizi \u00e7ekiyor \u00e7\u00fcnk\u00fc biz k\u00fclt\u00fcr olarak sonbahar\u0131n sonlar\u0131nda ba\u015flay\u0131p bahar\u0131n ba\u015flang\u0131c\u0131na kadar bu peyniri t\u00fcketiyoruz. D\u00fcnyada Frans\u0131zlar\u0131n \u00fcnl\u00fc Rokfor Peyniri, \u0130ngilizlerin Blue Cheese peyniri, Italyanlar\u0131n Gorgonzola peyniri besleyici k\u00fcfl\u00fc peynirlerdir. \u00dclkemizde de \u00f6zellikle Erzurum, Sivas, Kars, Ardahan, Erzincan ve Konya k\u00fcfl\u00fc peynir \u00fcretiminin ve t\u00fcketiminin yap\u0131ld\u0131\u011f\u0131 en yayg\u0131n yerlerdir ve daha \u00e7ok k\u00fcfl\u00fc lor peynir \u00e7e\u015fitleri, g\u00f6\u011fermi\u015f civil peynirler dedi\u011fimiz peynirlerimiz besleyicilik \u00f6zelli\u011fi y\u00fcksek iyi ko\u015fullarda \u00fcretildi\u011fi s\u00fcrece t\u00fcketiminde s\u0131k\u0131nt\u0131 olmayan besinlerimiz aras\u0131ndad\u0131r. Bakt\u0131\u011f\u0131m\u0131zda peynirlerin yap\u0131m\u0131nda \u00f6zellikle az ya\u011fl\u0131 ya da ya\u011fs\u0131z s\u00fctler tercih ediliyor. Bu bizim peynirlerimizdeki protein oran\u0131n\u0131 art\u0131r\u0131yor. Ve besleyicilik \u00f6zelli\u011finin artmas\u0131na vesile oluyor. Kalsiyumdan zengin olan bu peynirlerimiz, kemik ve di\u015f hastal\u0131\u011f\u0131 i\u00e7in koruyucudur. Bununla birlikte kalp damar sa\u011fl\u0131\u011f\u0131n\u0131 koruyucu ve \u00f6zellikle iyi kolesterol dedi\u011fimiz HDL seviyesi y\u00fckseltici etkisi oldu\u011funa dair de \u00e7al\u0131\u015fmalar var. \u015eunu da belirtmekte fayda var; bu peynirler kemik direncini artt\u0131r\u0131yor&#8221; dedi.<\/p>\n<p>G\u00fcnde 30 gram t\u00fcketilebilir<\/p>\n<p>G\u00fcnl\u00fck beslenmede bir yumurta kadar yani 30 gram kadar k\u00fcfl\u00fc peynirleri t\u00fcketme de bir sak\u0131nca olmad\u0131\u011f\u0131n\u0131 ifade eden Arslan,&#8221;Bu peynirlerimizi yaparken en ba\u015fta hijyenik s\u00fctler se\u00e7ilmeli. Onun devam\u0131nda ise  olgunla\u015fma d\u00f6neminde s\u0131cakl\u0131k ve nem ayar\u0131n\u0131n iyi yap\u0131lmas\u0131n\u0131 istiyoruz. Olgunla\u015fma evresinde bu peynirlerimiz ya mahzenlerde ya ma\u011faralarda ya da toprak k\u00fcplere bas\u0131lm\u0131\u015f bir \u015fekilde k\u00fclde yada toprakta bekletiyorlar. Olgunla\u015fma d\u00f6nemi en az 3 ay olan bu peynirlerde g\u00fczel bir g\u00f6\u011fermi\u015f k\u0131s\u0131m g\u00f6r\u00fcyoruz. K\u00fcf\u00fcnde mavimsi, ye\u015filimsi  tonlar elde ediliyor. Burada Penicillium cinsi i\u00e7inde en etkin olan Penicilliun Roquefort\u0131 ile do\u011fru bir k\u00fcfl\u00fc peynir elde ediyoruz.  \u015eu noktaya dikkat etmemiz gerekiyor ki peynirler de \u00f6zellikle k\u00fcf i\u00e7erisinde k\u0131rm\u0131z\u0131, siyah ve bej renkli k\u00fcfler varsa e\u011fer bu k\u00fcfl\u00fc peynirlerimiz kesinlikle t\u00fcketilmemeli.&#8221; diye konu\u015ftu.<\/p>\n<p>Bu hastal\u0131klar\u0131 olanlar dikkat etsin<\/p>\n<p>K\u00fcfl\u00fc peynirleri t\u00fcketmemesi gereken hasta gruplar\u0131n\u0131n oldu\u011fu aktaran Arslan, &#8220;\u00d6zellikle penisiline kar\u015f\u0131 alerjisi olanlar,  tansiyon hastalar\u0131, b\u00f6brek hastalar\u0131, gebeler, migren ata\u011f\u0131 d\u00f6neminde olan hastalar ve kemotarapi alan hastalar\u0131m\u0131z bu peyniri kesinlikle t\u00fcketmemelidir. Bir de halk aras\u0131nda yayg\u0131n bir inan\u0131\u015f\u0131m\u0131z var. K\u00fcfl\u00fc peynirlerin antibiyotik etkisi olu\u011funu d\u00fc\u015f\u00fcn\u00fcyoruz. Bu ancak laboratuvar ortam\u0131nda belli olabilecek bir durumdur. Her k\u00fcfl\u00fc peynir antibiyotik \u00f6zellikli diyemiyoruz. Bu da unutulmamal\u0131d\u0131r&#8221; \u015feklinde konu\u015ftu.<div class=\"tiled-gallery type-rectangular tiled-gallery-unresized\" data-original-width=\"500\" data-carousel-extra='null' itemscope itemtype=\"http:\/\/schema.org\/ImageGallery\" > <div class=\"gallery-row\" style=\"width: 500px; height: 123px;\" data-original-width=\"500\" data-original-height=\"123\" > <div class=\"gallery-group images-1\" style=\"width: 250px; height: 123px;\" data-original-width=\"250\" data-original-height=\"123\" > <div class=\"tiled-gallery-item tiled-gallery-item-small\" itemprop=\"associatedMedia\" itemscope itemtype=\"http:\/\/schema.org\/ImageObject\"> <a href=\"http:\/\/www.tvturk.com\/index.php\/kuflu-peynirdeki-tehlike\/kuflu-peynirdeki-tehlike-3\/\" border=\"0\" itemprop=\"url\"> <meta itemprop=\"width\" content=\"246\"> <meta itemprop=\"height\" content=\"119\"> <img decoding=\"async\" class=\"\" data-attachment-id=\"28499\" data-orig-file=\"http:\/\/www.tvturk.com\/wp-content\/uploads\/2019\/02\/kuflu-peynirdeki-tehlike_ff4ce4a.jpg\" data-orig-size=\"1000,485\" data-comments-opened=\"\" data-image-meta=\"{&quot;aperture&quot;:&quot;0&quot;,&quot;credit&quot;:&quot;IHA&quot;,&quot;camera&quot;:&quot;&quot;,&quot;caption&quot;:&quot;MED\\u0130CANA S\\u0130VAS HASTANES\\u0130 D\\u0130YET\\u0130SYENLER\\u0130NDEN CANSU ARSLAN,\\u0022K\\u00dcFL\\u00dc PEYN\\u0130R\\u0130N \\u0130\\u00c7ER\\u0130S\\u0130NDE KIRMIZI, S\\u0130YAH VE BEJ RENKL\\u0130 K\\u00dcFLER VARSA E\\u011eER BU K\\u00dcFL\\u00dc PEYN\\u0130RLER KES\\u0130NL\\u0130KLE YENMEMEL\\u0130. PEN\\u0130S\\u0130L\\u0130NE KAR\\u015eI ALERJ\\u0130S\\u0130 OLANLAR, BUNUN YANINDA H\\u0130PERTANS\\u0130YON TANS\\u0130YON HASTALARI, B\\u00d6BREK HASTALARI, GEBELER\\u0130M\\u0130Z, M\\u0130GREN ATA\\u011eI D\\u00d6NEM\\u0130NDE OLAN HASTALARIMIZIN VE \\u00d6ZELL\\u0130KLE KEMOTARAP\\u0130 ALAN HASTALARIMIZ BU PEYN\\u0130R\\u0130 KES\\u0130NL\\u0130KLE T\\u00dcKETMEMEL\\u0130D\\u0130R.\\u0022 DED\\u0130. (ONUR ERDEN - U\\u011eUR Y\\u0130\\u011e\\u0130T\\\/S\\u0130VAS-\\u0130HA)&quot;,&quot;created_timestamp&quot;:&quot;0&quot;,&quot;copyright&quot;:&quot;\\u0130HLAS HABER AJANSI, www.iha.com.tr&quot;,&quot;focal_length&quot;:&quot;0&quot;,&quot;iso&quot;:&quot;0&quot;,&quot;shutter_speed&quot;:&quot;0&quot;,&quot;title&quot;:&quot;K\\u00dcFL\\u00dc PEYN\\u0130RDEK\\u0130 TEHL\\u0130KE D\\u0130YET\\u0130SYEN CANSU ARSLAN, KIRMIZI, S\\u0130YAH VE BEJ RENKL\\u0130 K\\u00dcF BARINDIRAN PEYN\\u0130RLER\\u0130N \\u0130NSAN SA\\u011eLI\\u011eINI OLUMSUZ Y\\u00d6NDE ETK\\u0130LEYEB\\u0130LECE\\u011e\\u0130N\\u0130 HATTA KANSERE SEBEP OLAB\\u0130LECE\\u011e\\u0130N\\u0130 BU NEDENLE T\\u00dcKET\\u0130LMEMELER\\u0130 GEREKT\\u0130\\u011e\\u0130N\\u0130 BEL\\u0130RTT\\u0130&quot;,&quot;orientation&quot;:&quot;0&quot;}\" data-image-title=\"K\u00fcfl\u00fc peynirdeki tehlike\" data-image-description=\"&lt;p&gt;K\u00fcfl\u00fc peynirdeki tehlike&lt;\/p&gt; \" data-medium-file=\"https:\/\/i0.wp.com\/www.tvturk.com\/wp-content\/uploads\/2019\/02\/kuflu-peynirdeki-tehlike_ff4ce4a.jpg?fit=300%2C146\" data-large-file=\"https:\/\/i0.wp.com\/www.tvturk.com\/wp-content\/uploads\/2019\/02\/kuflu-peynirdeki-tehlike_ff4ce4a.jpg?fit=1000%2C485\" src=\"https:\/\/i0.wp.com\/www.tvturk.com\/wp-content\/uploads\/2019\/02\/kuflu-peynirdeki-tehlike_ff4ce4a.jpg?w=246&#038;h=119\" srcset=\"https:\/\/i0.wp.com\/www.tvturk.com\/wp-content\/uploads\/2019\/02\/kuflu-peynirdeki-tehlike_ff4ce4a.jpg?w=1000 1000w, https:\/\/i0.wp.com\/www.tvturk.com\/wp-content\/uploads\/2019\/02\/kuflu-peynirdeki-tehlike_ff4ce4a.jpg?resize=150%2C73 150w, https:\/\/i0.wp.com\/www.tvturk.com\/wp-content\/uploads\/2019\/02\/kuflu-peynirdeki-tehlike_ff4ce4a.jpg?resize=300%2C146 300w, https:\/\/i0.wp.com\/www.tvturk.com\/wp-content\/uploads\/2019\/02\/kuflu-peynirdeki-tehlike_ff4ce4a.jpg?resize=768%2C372 768w\" width=\"246\" height=\"119\" loading=\"lazy\" data-original-width=\"246\" data-original-height=\"119\" itemprop=\"http:\/\/schema.org\/image\" title=\"K\u00fcfl\u00fc peynirdeki tehlike\" alt=\"K\u00fcfl\u00fc peynirdeki tehlike\" style=\"width: 246px; height: 119px;\" \/> <\/a> <\/div> <\/div> <!-- close group --> <div class=\"gallery-group images-1\" style=\"width: 250px; height: 123px;\" data-original-width=\"250\" data-original-height=\"123\" > <div class=\"tiled-gallery-item tiled-gallery-item-small\" itemprop=\"associatedMedia\" itemscope itemtype=\"http:\/\/schema.org\/ImageObject\"> <a href=\"http:\/\/www.tvturk.com\/index.php\/kuflu-peynirdeki-tehlike\/kuflu-peynirdeki-tehlike-4\/\" border=\"0\" itemprop=\"url\"> <meta itemprop=\"width\" content=\"246\"> <meta itemprop=\"height\" content=\"119\"> <img decoding=\"async\" class=\"\" data-attachment-id=\"28500\" data-orig-file=\"http:\/\/www.tvturk.com\/wp-content\/uploads\/2019\/02\/kuflu-peynirdeki-tehlike_1843ad7.jpg\" data-orig-size=\"1000,485\" data-comments-opened=\"\" data-image-meta=\"{&quot;aperture&quot;:&quot;0&quot;,&quot;credit&quot;:&quot;IHA&quot;,&quot;camera&quot;:&quot;&quot;,&quot;caption&quot;:&quot;D\\u0130YET\\u0130SYEN CANSU ARSLAN, KIRMIZI, S\\u0130YAH VE BEJ RENKL\\u0130 K\\u00dcF BARINDIRAN PEYN\\u0130RLER\\u0130N \\u0130NSAN SA\\u011eLI\\u011eINI OLUMSUZ Y\\u00d6NDE ETK\\u0130LEYEB\\u0130LECE\\u011e\\u0130N\\u0130, HATTA M\\u0130KOTOKS\\u0130N\\\/AFLATOKS\\u0130N VARLI\\u011eIYLA KANSERE SEBEP OLAB\\u0130LECE\\u011e\\u0130N\\u0130 BU NEDENLE T\\u00dcKET\\u0130LMEMELER\\u0130 GEREKT\\u0130\\u011e\\u0130N\\u0130 BEL\\u0130RTT\\u0130. (ONUR ERDEN - U\\u011eUR Y\\u0130\\u011e\\u0130T\\\/S\\u0130VAS-\\u0130HA)&quot;,&quot;created_timestamp&quot;:&quot;0&quot;,&quot;copyright&quot;:&quot;\\u0130HLAS HABER AJANSI, www.iha.com.tr&quot;,&quot;focal_length&quot;:&quot;0&quot;,&quot;iso&quot;:&quot;0&quot;,&quot;shutter_speed&quot;:&quot;0&quot;,&quot;title&quot;:&quot;K\\u00dcFL\\u00dc PEYN\\u0130RDEK\\u0130 TEHL\\u0130KE D\\u0130YET\\u0130SYEN CANSU ARSLAN, KIRMIZI, S\\u0130YAH VE BEJ RENKL\\u0130 K\\u00dcF BARINDIRAN PEYN\\u0130RLER\\u0130N \\u0130NSAN SA\\u011eLI\\u011eINI OLUMSUZ Y\\u00d6NDE ETK\\u0130LEYEB\\u0130LECE\\u011e\\u0130N\\u0130 HATTA KANSERE SEBEP OLAB\\u0130LECE\\u011e\\u0130N\\u0130 BU NEDENLE T\\u00dcKET\\u0130LMEMELER\\u0130 GEREKT\\u0130\\u011e\\u0130N\\u0130 BEL\\u0130RTT\\u0130&quot;,&quot;orientation&quot;:&quot;0&quot;}\" data-image-title=\"K\u00fcfl\u00fc peynirdeki tehlike\" data-image-description=\"&lt;p&gt;K\u00fcfl\u00fc peynirdeki tehlike&lt;\/p&gt; \" data-medium-file=\"https:\/\/i0.wp.com\/www.tvturk.com\/wp-content\/uploads\/2019\/02\/kuflu-peynirdeki-tehlike_1843ad7.jpg?fit=300%2C146\" data-large-file=\"https:\/\/i0.wp.com\/www.tvturk.com\/wp-content\/uploads\/2019\/02\/kuflu-peynirdeki-tehlike_1843ad7.jpg?fit=1000%2C485\" src=\"https:\/\/i0.wp.com\/www.tvturk.com\/wp-content\/uploads\/2019\/02\/kuflu-peynirdeki-tehlike_1843ad7.jpg?w=246&#038;h=119\" srcset=\"https:\/\/i0.wp.com\/www.tvturk.com\/wp-content\/uploads\/2019\/02\/kuflu-peynirdeki-tehlike_1843ad7.jpg?w=1000 1000w, https:\/\/i0.wp.com\/www.tvturk.com\/wp-content\/uploads\/2019\/02\/kuflu-peynirdeki-tehlike_1843ad7.jpg?resize=150%2C73 150w, https:\/\/i0.wp.com\/www.tvturk.com\/wp-content\/uploads\/2019\/02\/kuflu-peynirdeki-tehlike_1843ad7.jpg?resize=300%2C146 300w, https:\/\/i0.wp.com\/www.tvturk.com\/wp-content\/uploads\/2019\/02\/kuflu-peynirdeki-tehlike_1843ad7.jpg?resize=768%2C372 768w\" width=\"246\" height=\"119\" loading=\"lazy\" data-original-width=\"246\" data-original-height=\"119\" itemprop=\"http:\/\/schema.org\/image\" title=\"K\u00fcfl\u00fc peynirdeki tehlike\" alt=\"K\u00fcfl\u00fc peynirdeki tehlike\" style=\"width: 246px; height: 119px;\" \/> <\/a> <\/div> <\/div> <!-- close group --> <\/div> <!-- close row --> <\/div><\/p>\n","protected":false},"excerpt":{"rendered":"<p>D\u0130YET\u0130SYEN CANSU ARSLAN, KIRMIZI, S\u0130YAH VE BEJ RENKL\u0130 K\u00dcF BARINDIRAN PEYN\u0130RLER\u0130N \u0130NSAN SA\u011eLI\u011eINI OLUMSUZ Y\u00d6NDE ETK\u0130LEYEB\u0130LECE\u011e\u0130N\u0130, HATTA M\u0130KOTOKS\u0130N\/AFLATOKS\u0130N VARLI\u011eIYLA KANSERE SEBEP OLAB\u0130LECE\u011e\u0130N\u0130 BU NEDENLE T\u00dcKET\u0130LMEMELER\u0130 GEREKT\u0130\u011e\u0130N\u0130 BEL\u0130RTT\u0130.<\/p>\n","protected":false},"author":1,"featured_media":28498,"comment_status":"closed","ping_status":"open","sticky":false,"template":"","format":"standard","meta":{"jetpack_post_was_ever_published":false,"_jetpack_newsletter_access":"","_jetpack_dont_email_post_to_subs":false,"_jetpack_newsletter_tier_id":0,"_jetpack_memberships_contains_paywalled_content":false,"_jetpack_memberships_contains_paid_content":false,"footnotes":"","jetpack_publicize_message":"","jetpack_publicize_feature_enabled":true,"jetpack_social_post_already_shared":false,"jetpack_social_options":{"image_generator_settings":{"template":"highway","default_image_id":0,"font":"","enabled":false},"version":2}},"categories":[658],"tags":[11506,11507,8131],"class_list":["post-28497","post","type-post","status-publish","format-standard","has-post-thumbnail","hentry","category-saglik","tag-kuflu","tag-peynirdeki","tag-tehlike"],"jetpack_publicize_connections":[],"jetpack_featured_media_url":"https:\/\/i0.wp.com\/www.tvturk.com\/wp-content\/uploads\/2019\/02\/kuflu-peynirdeki-tehlike_15fed5f.jpg?fit=1000%2C485","jetpack_sharing_enabled":true,"jetpack_shortlink":"https:\/\/wp.me\/paKIfm-7pD","_links":{"self":[{"href":"http:\/\/www.tvturk.com\/index.php\/wp-json\/wp\/v2\/posts\/28497","targetHints":{"allow":["GET"]}}],"collection":[{"href":"http:\/\/www.tvturk.com\/index.php\/wp-json\/wp\/v2\/posts"}],"about":[{"href":"http:\/\/www.tvturk.com\/index.php\/wp-json\/wp\/v2\/types\/post"}],"author":[{"embeddable":true,"href":"http:\/\/www.tvturk.com\/index.php\/wp-json\/wp\/v2\/users\/1"}],"replies":[{"embeddable":true,"href":"http:\/\/www.tvturk.com\/index.php\/wp-json\/wp\/v2\/comments?post=28497"}],"version-history":[{"count":1,"href":"http:\/\/www.tvturk.com\/index.php\/wp-json\/wp\/v2\/posts\/28497\/revisions"}],"predecessor-version":[{"id":28501,"href":"http:\/\/www.tvturk.com\/index.php\/wp-json\/wp\/v2\/posts\/28497\/revisions\/28501"}],"wp:featuredmedia":[{"embeddable":true,"href":"http:\/\/www.tvturk.com\/index.php\/wp-json\/wp\/v2\/media\/28498"}],"wp:attachment":[{"href":"http:\/\/www.tvturk.com\/index.php\/wp-json\/wp\/v2\/media?parent=28497"}],"wp:term":[{"taxonomy":"category","embeddable":true,"href":"http:\/\/www.tvturk.com\/index.php\/wp-json\/wp\/v2\/categories?post=28497"},{"taxonomy":"post_tag","embeddable":true,"href":"http:\/\/www.tvturk.com\/index.php\/wp-json\/wp\/v2\/tags?post=28497"}],"curies":[{"name":"wp","href":"https:\/\/api.w.org\/{rel}","templated":true}]}}