{"id":28563,"date":"2019-02-13T13:21:07","date_gmt":"2019-02-13T10:21:07","guid":{"rendered":"http:\/\/www.tvturk.com\/index.php\/karabigada-belediye-halk-ekmek-firini-acilisi-yapildi\/"},"modified":"2019-02-13T13:21:09","modified_gmt":"2019-02-13T10:21:09","slug":"karabigada-belediye-halk-ekmek-firini-acilisi-yapildi","status":"publish","type":"post","link":"http:\/\/www.tvturk.com\/index.php\/karabigada-belediye-halk-ekmek-firini-acilisi-yapildi\/","title":{"rendered":"Karabiga\u2019da Belediye Halk Ekmek F\u0131r\u0131n\u0131 a\u00e7\u0131l\u0131\u015f\u0131 yap\u0131ld\u0131"},"content":{"rendered":"<p>\u00c7anakkale\u2019nin Biga il\u00e7esine ba\u011fl\u0131 Karabiga beldesinde, Belediye Halk Ekmek F\u0131r\u0131n\u0131 a\u00e7\u0131l\u0131\u015f\u0131 ger\u00e7ekle\u015fti.<\/p>\n<p>A\u00e7\u0131l\u0131\u015fa Biga Belediye Ba\u015fkan\u0131 \u0130smail I\u015f\u0131k,  Karabiga Belediye Ba\u015fkan\u0131 Muzaffer Karata\u015f, CHP \u00c7anakkale \u0130l Ba\u015fkan\u0131 \u0130smet G\u00fcne\u015fhan, CHP Biga \u0130l\u00e7e Ba\u015fkan\u0131 Atilla Diren, AK Parti Karabiga Belediye Ba\u015fkan Aday\u0131 Ahmet Elbi ve vatanda\u015flar kat\u0131ld\u0131.<\/p>\n<p>A\u00e7\u0131l\u0131\u015fta konu\u015fan Karabiga Belediye Ba\u015fkan\u0131 Muzaffer Karata\u015f, \u201cKarabiga\u2019m\u0131z geli\u015firken bizimde halk\u0131m\u0131z i\u00e7in hizmetlerimiz \u00e7o\u011fal\u0131yor. Karabiga Belediyesi Halk Ekmek F\u0131r\u0131n\u0131m\u0131z\u0131 a\u00e7\u0131yoruz. Burada \u015fu anda g\u00fcnl\u00fck kapasitemiz 1500 iken ileriki g\u00fcnlerde g\u00fcnde 3000 ve 4000 ekmek \u00e7\u0131karabilece\u011fiz. Ekme\u011fimizin 220 gram 75 kuru\u015ftan  sat\u0131lacak. Karabiga\u2019m\u0131za hay\u0131rl\u0131 olsun\u201d dedi.<\/p>\n<p>A\u00e7\u0131l\u0131\u015f verilen ikramlarla son buldu.<div class=\"tiled-gallery type-rectangular tiled-gallery-unresized\" data-original-width=\"500\" data-carousel-extra='null' itemscope itemtype=\"http:\/\/schema.org\/ImageGallery\" > <div class=\"gallery-row\" style=\"width: 500px; height: 142px;\" data-original-width=\"500\" data-original-height=\"142\" > <div class=\"gallery-group images-1\" style=\"width: 250px; height: 142px;\" data-original-width=\"250\" data-original-height=\"142\" > <div class=\"tiled-gallery-item tiled-gallery-item-small\" itemprop=\"associatedMedia\" itemscope itemtype=\"http:\/\/schema.org\/ImageObject\"> <a href=\"http:\/\/www.tvturk.com\/index.php\/karabigada-belediye-halk-ekmek-firini-acilisi-yapildi\/karabigada-belediye-halk-ekmek-firini-acilisi-yapildi-3\/\" border=\"0\" itemprop=\"url\"> <meta itemprop=\"width\" content=\"246\"> <meta itemprop=\"height\" content=\"138\"> <img decoding=\"async\" class=\"\" data-attachment-id=\"28565\" data-orig-file=\"http:\/\/www.tvturk.com\/wp-content\/uploads\/2019\/02\/karabigada-belediye-halk-ekmek-firini-acilisi-yapildi_58154df.jpg\" data-orig-size=\"960,540\" data-comments-opened=\"\" data-image-meta=\"{&quot;aperture&quot;:&quot;0&quot;,&quot;credit&quot;:&quot;IHA&quot;,&quot;camera&quot;:&quot;&quot;,&quot;caption&quot;:&quot;\\u00c7ANAKKALE\\u2019N\\u0130N B\\u0130GA \\u0130L\\u00c7ES\\u0130NE BA\\u011eLI KARAB\\u0130GA BELDES\\u0130NDE, BELED\\u0130YE HALK EKMEK FIRINI A\\u00c7ILI\\u015eI GER\\u00c7EKLE\\u015eT\\u0130. (SAF\\u0130YE TARI\\\/\\u00c7ANAKKALE-\\u0130HA)&quot;,&quot;created_timestamp&quot;:&quot;0&quot;,&quot;copyright&quot;:&quot;\\u0130HLAS HABER AJANSI, www.iha.com.tr&quot;,&quot;focal_length&quot;:&quot;0&quot;,&quot;iso&quot;:&quot;0&quot;,&quot;shutter_speed&quot;:&quot;0&quot;,&quot;title&quot;:&quot;KARAB\\u0130GA\\u2019DA BELED\\u0130YE HALK EKMEK FIRINI A\\u00c7ILI\\u015eI YAPILDI&quot;,&quot;orientation&quot;:&quot;0&quot;}\" data-image-title=\"Karabiga\u2019da Belediye Halk Ekmek F\u0131r\u0131n\u0131 a\u00e7\u0131l\u0131\u015f\u0131 yap\u0131ld\u0131\" data-image-description=\"&lt;p&gt;Karabiga\u2019da Belediye Halk Ekmek F\u0131r\u0131n\u0131 a\u00e7\u0131l\u0131\u015f\u0131 yap\u0131ld\u0131&lt;\/p&gt; \" data-medium-file=\"https:\/\/i0.wp.com\/www.tvturk.com\/wp-content\/uploads\/2019\/02\/karabigada-belediye-halk-ekmek-firini-acilisi-yapildi_58154df.jpg?fit=300%2C169\" data-large-file=\"https:\/\/i0.wp.com\/www.tvturk.com\/wp-content\/uploads\/2019\/02\/karabigada-belediye-halk-ekmek-firini-acilisi-yapildi_58154df.jpg?fit=960%2C540\" src=\"https:\/\/i0.wp.com\/www.tvturk.com\/wp-content\/uploads\/2019\/02\/karabigada-belediye-halk-ekmek-firini-acilisi-yapildi_58154df.jpg?w=246&#038;h=138\" srcset=\"https:\/\/i0.wp.com\/www.tvturk.com\/wp-content\/uploads\/2019\/02\/karabigada-belediye-halk-ekmek-firini-acilisi-yapildi_58154df.jpg?w=960 960w, https:\/\/i0.wp.com\/www.tvturk.com\/wp-content\/uploads\/2019\/02\/karabigada-belediye-halk-ekmek-firini-acilisi-yapildi_58154df.jpg?resize=150%2C84 150w, https:\/\/i0.wp.com\/www.tvturk.com\/wp-content\/uploads\/2019\/02\/karabigada-belediye-halk-ekmek-firini-acilisi-yapildi_58154df.jpg?resize=300%2C169 300w, https:\/\/i0.wp.com\/www.tvturk.com\/wp-content\/uploads\/2019\/02\/karabigada-belediye-halk-ekmek-firini-acilisi-yapildi_58154df.jpg?resize=768%2C432 768w, https:\/\/i0.wp.com\/www.tvturk.com\/wp-content\/uploads\/2019\/02\/karabigada-belediye-halk-ekmek-firini-acilisi-yapildi_58154df.jpg?resize=200%2C113 200w\" width=\"246\" height=\"138\" loading=\"lazy\" data-original-width=\"246\" data-original-height=\"138\" itemprop=\"http:\/\/schema.org\/image\" title=\"Karabiga\u2019da Belediye Halk Ekmek F\u0131r\u0131n\u0131 a\u00e7\u0131l\u0131\u015f\u0131 yap\u0131ld\u0131\" alt=\"Karabiga\u2019da Belediye Halk Ekmek F\u0131r\u0131n\u0131 a\u00e7\u0131l\u0131\u015f\u0131 yap\u0131ld\u0131\" style=\"width: 246px; height: 138px;\" \/> <\/a> <\/div> <\/div> <!-- close group --> <div class=\"gallery-group images-1\" style=\"width: 250px; height: 142px;\" data-original-width=\"250\" data-original-height=\"142\" > <div class=\"tiled-gallery-item tiled-gallery-item-small\" itemprop=\"associatedMedia\" itemscope itemtype=\"http:\/\/schema.org\/ImageObject\"> <a href=\"http:\/\/www.tvturk.com\/index.php\/karabigada-belediye-halk-ekmek-firini-acilisi-yapildi\/karabigada-belediye-halk-ekmek-firini-acilisi-yapildi-4\/\" border=\"0\" itemprop=\"url\"> <meta itemprop=\"width\" content=\"246\"> <meta itemprop=\"height\" content=\"138\"> <img decoding=\"async\" class=\"\" data-attachment-id=\"28566\" data-orig-file=\"http:\/\/www.tvturk.com\/wp-content\/uploads\/2019\/02\/karabigada-belediye-halk-ekmek-firini-acilisi-yapildi_2be1c60.jpg\" data-orig-size=\"960,540\" data-comments-opened=\"\" data-image-meta=\"{&quot;aperture&quot;:&quot;0&quot;,&quot;credit&quot;:&quot;IHA&quot;,&quot;camera&quot;:&quot;&quot;,&quot;caption&quot;:&quot;\\u00c7ANAKKALE\\u2019N\\u0130N B\\u0130GA \\u0130L\\u00c7ES\\u0130NE BA\\u011eLI KARAB\\u0130GA BELDES\\u0130NDE, BELED\\u0130YE HALK EKMEK FIRINI A\\u00c7ILI\\u015eI GER\\u00c7EKLE\\u015eT\\u0130. (SAF\\u0130YE TARI\\\/\\u00c7ANAKKALE-\\u0130HA)&quot;,&quot;created_timestamp&quot;:&quot;0&quot;,&quot;copyright&quot;:&quot;\\u0130HLAS HABER AJANSI, www.iha.com.tr&quot;,&quot;focal_length&quot;:&quot;0&quot;,&quot;iso&quot;:&quot;0&quot;,&quot;shutter_speed&quot;:&quot;0&quot;,&quot;title&quot;:&quot;KARAB\\u0130GA\\u2019DA BELED\\u0130YE HALK EKMEK FIRINI A\\u00c7ILI\\u015eI YAPILDI&quot;,&quot;orientation&quot;:&quot;0&quot;}\" data-image-title=\"Karabiga\u2019da Belediye Halk Ekmek F\u0131r\u0131n\u0131 a\u00e7\u0131l\u0131\u015f\u0131 yap\u0131ld\u0131\" data-image-description=\"&lt;p&gt;Karabiga\u2019da Belediye Halk Ekmek F\u0131r\u0131n\u0131 a\u00e7\u0131l\u0131\u015f\u0131 yap\u0131ld\u0131&lt;\/p&gt; \" data-medium-file=\"https:\/\/i0.wp.com\/www.tvturk.com\/wp-content\/uploads\/2019\/02\/karabigada-belediye-halk-ekmek-firini-acilisi-yapildi_2be1c60.jpg?fit=300%2C169\" data-large-file=\"https:\/\/i0.wp.com\/www.tvturk.com\/wp-content\/uploads\/2019\/02\/karabigada-belediye-halk-ekmek-firini-acilisi-yapildi_2be1c60.jpg?fit=960%2C540\" src=\"https:\/\/i0.wp.com\/www.tvturk.com\/wp-content\/uploads\/2019\/02\/karabigada-belediye-halk-ekmek-firini-acilisi-yapildi_2be1c60.jpg?w=246&#038;h=138\" srcset=\"https:\/\/i0.wp.com\/www.tvturk.com\/wp-content\/uploads\/2019\/02\/karabigada-belediye-halk-ekmek-firini-acilisi-yapildi_2be1c60.jpg?w=960 960w, https:\/\/i0.wp.com\/www.tvturk.com\/wp-content\/uploads\/2019\/02\/karabigada-belediye-halk-ekmek-firini-acilisi-yapildi_2be1c60.jpg?resize=150%2C84 150w, https:\/\/i0.wp.com\/www.tvturk.com\/wp-content\/uploads\/2019\/02\/karabigada-belediye-halk-ekmek-firini-acilisi-yapildi_2be1c60.jpg?resize=300%2C169 300w, https:\/\/i0.wp.com\/www.tvturk.com\/wp-content\/uploads\/2019\/02\/karabigada-belediye-halk-ekmek-firini-acilisi-yapildi_2be1c60.jpg?resize=768%2C432 768w, https:\/\/i0.wp.com\/www.tvturk.com\/wp-content\/uploads\/2019\/02\/karabigada-belediye-halk-ekmek-firini-acilisi-yapildi_2be1c60.jpg?resize=200%2C113 200w\" width=\"246\" height=\"138\" loading=\"lazy\" data-original-width=\"246\" data-original-height=\"138\" itemprop=\"http:\/\/schema.org\/image\" title=\"Karabiga\u2019da Belediye Halk Ekmek F\u0131r\u0131n\u0131 a\u00e7\u0131l\u0131\u015f\u0131 yap\u0131ld\u0131\" alt=\"Karabiga\u2019da Belediye Halk Ekmek F\u0131r\u0131n\u0131 a\u00e7\u0131l\u0131\u015f\u0131 yap\u0131ld\u0131\" style=\"width: 246px; height: 138px;\" \/> <\/a> <\/div> <\/div> <!-- close group --> <\/div> <!-- close row --> <\/div><\/p>\n","protected":false},"excerpt":{"rendered":"<p>\u00c7ANAKKALE\u2019N\u0130N B\u0130GA \u0130L\u00c7ES\u0130NE BA\u011eLI KARAB\u0130GA BELDES\u0130NDE, BELED\u0130YE HALK EKMEK FIRINI A\u00c7ILI\u015eI GER\u00c7EKLE\u015eT\u0130.<\/p>\n","protected":false},"author":1,"featured_media":28564,"comment_status":"closed","ping_status":"open","sticky":false,"template":"","format":"standard","meta":{"jetpack_post_was_ever_published":false,"_jetpack_newsletter_access":"","_jetpack_dont_email_post_to_subs":false,"_jetpack_newsletter_tier_id":0,"_jetpack_memberships_contains_paywalled_content":false,"_jetpack_memberships_contains_paid_content":false,"footnotes":"","jetpack_publicize_message":"","jetpack_publicize_feature_enabled":true,"jetpack_social_post_already_shared":false,"jetpack_social_options":{"image_generator_settings":{"template":"highway","default_image_id":0,"font":"","enabled":false},"version":2}},"categories":[655],"tags":[674,134,4635,11525,1933,11524,117],"class_list":["post-28563","post","type-post","status-publish","format-standard","has-post-thumbnail","hentry","category-son-dakika","tag-acilisi","tag-belediye","tag-ekmek","tag-firini","tag-halk","tag-karabigada","tag-yapildi"],"jetpack_publicize_connections":[],"jetpack_featured_media_url":"https:\/\/i0.wp.com\/www.tvturk.com\/wp-content\/uploads\/2019\/02\/karabigada-belediye-halk-ekmek-firini-acilisi-yapildi_1df2166.jpg?fit=960%2C720","jetpack_sharing_enabled":true,"jetpack_shortlink":"https:\/\/wp.me\/paKIfm-7qH","_links":{"self":[{"href":"http:\/\/www.tvturk.com\/index.php\/wp-json\/wp\/v2\/posts\/28563","targetHints":{"allow":["GET"]}}],"collection":[{"href":"http:\/\/www.tvturk.com\/index.php\/wp-json\/wp\/v2\/posts"}],"about":[{"href":"http:\/\/www.tvturk.com\/index.php\/wp-json\/wp\/v2\/types\/post"}],"author":[{"embeddable":true,"href":"http:\/\/www.tvturk.com\/index.php\/wp-json\/wp\/v2\/users\/1"}],"replies":[{"embeddable":true,"href":"http:\/\/www.tvturk.com\/index.php\/wp-json\/wp\/v2\/comments?post=28563"}],"version-history":[{"count":1,"href":"http:\/\/www.tvturk.com\/index.php\/wp-json\/wp\/v2\/posts\/28563\/revisions"}],"predecessor-version":[{"id":28567,"href":"http:\/\/www.tvturk.com\/index.php\/wp-json\/wp\/v2\/posts\/28563\/revisions\/28567"}],"wp:featuredmedia":[{"embeddable":true,"href":"http:\/\/www.tvturk.com\/index.php\/wp-json\/wp\/v2\/media\/28564"}],"wp:attachment":[{"href":"http:\/\/www.tvturk.com\/index.php\/wp-json\/wp\/v2\/media?parent=28563"}],"wp:term":[{"taxonomy":"category","embeddable":true,"href":"http:\/\/www.tvturk.com\/index.php\/wp-json\/wp\/v2\/categories?post=28563"},{"taxonomy":"post_tag","embeddable":true,"href":"http:\/\/www.tvturk.com\/index.php\/wp-json\/wp\/v2\/tags?post=28563"}],"curies":[{"name":"wp","href":"https:\/\/api.w.org\/{rel}","templated":true}]}}