{"id":28586,"date":"2019-02-13T13:31:10","date_gmt":"2019-02-13T10:31:10","guid":{"rendered":"http:\/\/www.tvturk.com\/index.php\/bulanikta-isverenlere-istihdam-tesvikleri-anlatildi\/"},"modified":"2019-02-13T13:31:12","modified_gmt":"2019-02-13T10:31:12","slug":"bulanikta-isverenlere-istihdam-tesvikleri-anlatildi","status":"publish","type":"post","link":"http:\/\/www.tvturk.com\/index.php\/bulanikta-isverenlere-istihdam-tesvikleri-anlatildi\/","title":{"rendered":"Bulan\u0131k\u2019ta i\u015fverenlere \u2018\u0130stihdam Te\u015fvikleri\u2019 anlat\u0131ld\u0131"},"content":{"rendered":"<p>Mu\u015f \u00c7al\u0131\u015fma ve \u0130\u015f Kurumu \u0130l M\u00fcd\u00fcrl\u00fc\u011f\u00fc (\u0130\u015f-Kur) taraf\u0131ndan i\u015fverenlere y\u00f6nelik istihdam te\u015fviklerinin anlat\u0131ld\u0131\u011f\u0131 bilgilendirme toplant\u0131s\u0131 yap\u0131ld\u0131.<\/p>\n<p>Yasal mevzuat\u0131n ve uygulama esaslar\u0131n\u0131n anlat\u0131ld\u0131\u011f\u0131 Bulan\u0131k Belediyesindeki toplant\u0131ya; \u0130\u015f-Kur \u0130l M\u00fcd\u00fcr\u00fc Mehmet Emin Taylan, \u0130\u015f ve Meslek Dan\u0131\u015fman\u0131 Deniz Bostanc\u0131, Sedat Tok, Ziraat Odas\u0131 Ba\u015fkan\u0131 Nevzat Ta\u015fdemir, \u015eof\u00f6rler Odas\u0131 Ba\u015fkan\u0131 Bahattin Ta\u015fk\u0131ran, muhasebeciler, sanayi esnaf\u0131 ve vatanda\u015flar kat\u0131ld\u0131. Toplant\u0131da konu\u015fan Mu\u015f \u0130l M\u00fcd\u00fcr\u00fc Mehmet Emin Taylan, nitelikli i\u015f g\u00fcc\u00fcn\u00fcn yeti\u015ftirilmesine y\u00f6nelik faaliyetlerden aktif i\u015f g\u00fcc\u00fc programlar\u0131 ve istihdam\u0131n korunmas\u0131na y\u00f6nelik desteklerden detayl\u0131 bilgi verdi. \u00d6zellikle i\u015fba\u015f\u0131 e\u011fitim programlar\u0131n\u0131n i\u015fverenler a\u00e7\u0131s\u0131ndan personel maliyetinin azalt\u0131lmas\u0131nda ve istenilen nitelikte i\u015f g\u00fcc\u00fcn\u00fcn yeti\u015ftirilmesinde bulunmaz bir nimet oldu\u011funu aktaran Taylan, &#8220;\u0130l\u00e7emiz i\u015fverenlerinin bu programdan maksimum seviyede yararlanmas\u0131 ad\u0131na t\u00fcm imkanlar\u0131 seferber etmeye haz\u0131r\u0131z&#8221; ifadelerini kulland\u0131.<\/p>\n<p>Daha sonra kat\u0131l\u0131mc\u0131lara Sedat Tok ve taraf\u0131ndan i\u015fverenlere y\u00f6nelik bilgiler verildi.<div class=\"tiled-gallery type-rectangular tiled-gallery-unresized\" data-original-width=\"500\" data-carousel-extra='null' itemscope itemtype=\"http:\/\/schema.org\/ImageGallery\" > <div class=\"gallery-row\" style=\"width: 500px; height: 167px;\" data-original-width=\"500\" data-original-height=\"167\" > <div class=\"gallery-group images-1\" style=\"width: 250px; height: 167px;\" data-original-width=\"250\" data-original-height=\"167\" > <div class=\"tiled-gallery-item tiled-gallery-item-small\" itemprop=\"associatedMedia\" itemscope itemtype=\"http:\/\/schema.org\/ImageObject\"> <a href=\"http:\/\/www.tvturk.com\/index.php\/bulanikta-isverenlere-istihdam-tesvikleri-anlatildi\/bulanikta-isverenlere-istihdam-tesvikleri-anlatildi-3\/\" border=\"0\" itemprop=\"url\"> <meta itemprop=\"width\" content=\"246\"> <meta itemprop=\"height\" content=\"163\"> <img decoding=\"async\" class=\"\" data-attachment-id=\"28588\" data-orig-file=\"http:\/\/www.tvturk.com\/wp-content\/uploads\/2019\/02\/bulanikta-isverenlere-istihdam-tesvikleri-anlatildi_2f10e08.jpg\" data-orig-size=\"1000,664\" data-comments-opened=\"\" data-image-meta=\"{&quot;aperture&quot;:&quot;0&quot;,&quot;credit&quot;:&quot;IHA&quot;,&quot;camera&quot;:&quot;&quot;,&quot;caption&quot;:&quot;MU\\u015e \\u00c7ALI\\u015eMA VE \\u0130\\u015e KURUMU \\u0130L M\\u00dcD\\u00dcRL\\u00dc\\u011e\\u00dc (\\u0130\\u015e-KUR) TARAFINDAN \\u0130\\u015eVERENLERE Y\\u00d6NEL\\u0130K \\u0130ST\\u0130HDAM TE\\u015eV\\u0130KLER\\u0130N\\u0130N ANLATILDI\\u011eI B\\u0130LG\\u0130LEND\\u0130RME TOPLANTISI YAPILDI. (FARUK G\\u00dcNE\\u015e\\\/MU\\u015e-\\u0130HA)&quot;,&quot;created_timestamp&quot;:&quot;0&quot;,&quot;copyright&quot;:&quot;\\u0130HLAS HABER AJANSI, www.iha.com.tr&quot;,&quot;focal_length&quot;:&quot;0&quot;,&quot;iso&quot;:&quot;0&quot;,&quot;shutter_speed&quot;:&quot;0&quot;,&quot;title&quot;:&quot;BULANIK\\u0027TA \\u0130\\u015eVERENLERE \\u2018\\u0130ST\\u0130HDAM TE\\u015eV\\u0130KLER\\u0130\\u2019 ANLATILDI&quot;,&quot;orientation&quot;:&quot;0&quot;}\" data-image-title=\"Bulan\u0131k\u2019ta i\u015fverenlere \u2018\u0130stihdam Te\u015fvikleri\u2019 anlat\u0131ld\u0131\" data-image-description=\"&lt;p&gt;Bulan\u0131k\u2019ta i\u015fverenlere \u2018\u0130stihdam Te\u015fvikleri\u2019 anlat\u0131ld\u0131&lt;\/p&gt; \" data-medium-file=\"https:\/\/i0.wp.com\/www.tvturk.com\/wp-content\/uploads\/2019\/02\/bulanikta-isverenlere-istihdam-tesvikleri-anlatildi_2f10e08.jpg?fit=300%2C199\" data-large-file=\"https:\/\/i0.wp.com\/www.tvturk.com\/wp-content\/uploads\/2019\/02\/bulanikta-isverenlere-istihdam-tesvikleri-anlatildi_2f10e08.jpg?fit=1000%2C664\" src=\"https:\/\/i0.wp.com\/www.tvturk.com\/wp-content\/uploads\/2019\/02\/bulanikta-isverenlere-istihdam-tesvikleri-anlatildi_2f10e08.jpg?w=246&#038;h=163\" srcset=\"https:\/\/i0.wp.com\/www.tvturk.com\/wp-content\/uploads\/2019\/02\/bulanikta-isverenlere-istihdam-tesvikleri-anlatildi_2f10e08.jpg?w=1000 1000w, https:\/\/i0.wp.com\/www.tvturk.com\/wp-content\/uploads\/2019\/02\/bulanikta-isverenlere-istihdam-tesvikleri-anlatildi_2f10e08.jpg?resize=150%2C100 150w, https:\/\/i0.wp.com\/www.tvturk.com\/wp-content\/uploads\/2019\/02\/bulanikta-isverenlere-istihdam-tesvikleri-anlatildi_2f10e08.jpg?resize=300%2C200 300w, https:\/\/i0.wp.com\/www.tvturk.com\/wp-content\/uploads\/2019\/02\/bulanikta-isverenlere-istihdam-tesvikleri-anlatildi_2f10e08.jpg?resize=768%2C510 768w, https:\/\/i0.wp.com\/www.tvturk.com\/wp-content\/uploads\/2019\/02\/bulanikta-isverenlere-istihdam-tesvikleri-anlatildi_2f10e08.jpg?resize=170%2C113 170w, https:\/\/i0.wp.com\/www.tvturk.com\/wp-content\/uploads\/2019\/02\/bulanikta-isverenlere-istihdam-tesvikleri-anlatildi_2f10e08.jpg?resize=120%2C80 120w\" width=\"246\" height=\"163\" loading=\"lazy\" data-original-width=\"246\" data-original-height=\"163\" itemprop=\"http:\/\/schema.org\/image\" title=\"Bulan\u0131k\u2019ta i\u015fverenlere \u2018\u0130stihdam Te\u015fvikleri\u2019 anlat\u0131ld\u0131\" alt=\"Bulan\u0131k\u2019ta i\u015fverenlere \u2018\u0130stihdam Te\u015fvikleri\u2019 anlat\u0131ld\u0131\" style=\"width: 246px; height: 163px;\" \/> <\/a> <\/div> <\/div> <!-- close group --> <div class=\"gallery-group images-1\" style=\"width: 250px; height: 167px;\" data-original-width=\"250\" data-original-height=\"167\" > <div class=\"tiled-gallery-item tiled-gallery-item-small\" itemprop=\"associatedMedia\" itemscope itemtype=\"http:\/\/schema.org\/ImageObject\"> <a href=\"http:\/\/www.tvturk.com\/index.php\/bulanikta-isverenlere-istihdam-tesvikleri-anlatildi\/bulanikta-isverenlere-istihdam-tesvikleri-anlatildi-4\/\" border=\"0\" itemprop=\"url\"> <meta itemprop=\"width\" content=\"246\"> <meta itemprop=\"height\" content=\"163\"> <img decoding=\"async\" class=\"\" data-attachment-id=\"28589\" data-orig-file=\"http:\/\/www.tvturk.com\/wp-content\/uploads\/2019\/02\/bulanikta-isverenlere-istihdam-tesvikleri-anlatildi_21ef080.jpg\" data-orig-size=\"1000,664\" data-comments-opened=\"\" data-image-meta=\"{&quot;aperture&quot;:&quot;0&quot;,&quot;credit&quot;:&quot;IHA&quot;,&quot;camera&quot;:&quot;&quot;,&quot;caption&quot;:&quot;MU\\u015e \\u00c7ALI\\u015eMA VE \\u0130\\u015e KURUMU \\u0130L M\\u00dcD\\u00dcRL\\u00dc\\u011e\\u00dc (\\u0130\\u015e-KUR) TARAFINDAN \\u0130\\u015eVERENLERE Y\\u00d6NEL\\u0130K \\u0130ST\\u0130HDAM TE\\u015eV\\u0130KLER\\u0130N\\u0130N ANLATILDI\\u011eI B\\u0130LG\\u0130LEND\\u0130RME TOPLANTISI YAPILDI. (FARUK G\\u00dcNE\\u015e\\\/MU\\u015e-\\u0130HA)&quot;,&quot;created_timestamp&quot;:&quot;0&quot;,&quot;copyright&quot;:&quot;\\u0130HLAS HABER AJANSI, www.iha.com.tr&quot;,&quot;focal_length&quot;:&quot;0&quot;,&quot;iso&quot;:&quot;0&quot;,&quot;shutter_speed&quot;:&quot;0&quot;,&quot;title&quot;:&quot;BULANIK\\u0027TA \\u0130\\u015eVERENLERE \\u2018\\u0130ST\\u0130HDAM TE\\u015eV\\u0130KLER\\u0130\\u2019 ANLATILDI&quot;,&quot;orientation&quot;:&quot;0&quot;}\" data-image-title=\"Bulan\u0131k\u2019ta i\u015fverenlere \u2018\u0130stihdam Te\u015fvikleri\u2019 anlat\u0131ld\u0131\" data-image-description=\"&lt;p&gt;Bulan\u0131k\u2019ta i\u015fverenlere \u2018\u0130stihdam Te\u015fvikleri\u2019 anlat\u0131ld\u0131&lt;\/p&gt; \" data-medium-file=\"https:\/\/i0.wp.com\/www.tvturk.com\/wp-content\/uploads\/2019\/02\/bulanikta-isverenlere-istihdam-tesvikleri-anlatildi_21ef080.jpg?fit=300%2C199\" data-large-file=\"https:\/\/i0.wp.com\/www.tvturk.com\/wp-content\/uploads\/2019\/02\/bulanikta-isverenlere-istihdam-tesvikleri-anlatildi_21ef080.jpg?fit=1000%2C664\" src=\"https:\/\/i0.wp.com\/www.tvturk.com\/wp-content\/uploads\/2019\/02\/bulanikta-isverenlere-istihdam-tesvikleri-anlatildi_21ef080.jpg?w=246&#038;h=163\" srcset=\"https:\/\/i0.wp.com\/www.tvturk.com\/wp-content\/uploads\/2019\/02\/bulanikta-isverenlere-istihdam-tesvikleri-anlatildi_21ef080.jpg?w=1000 1000w, https:\/\/i0.wp.com\/www.tvturk.com\/wp-content\/uploads\/2019\/02\/bulanikta-isverenlere-istihdam-tesvikleri-anlatildi_21ef080.jpg?resize=150%2C100 150w, https:\/\/i0.wp.com\/www.tvturk.com\/wp-content\/uploads\/2019\/02\/bulanikta-isverenlere-istihdam-tesvikleri-anlatildi_21ef080.jpg?resize=300%2C200 300w, https:\/\/i0.wp.com\/www.tvturk.com\/wp-content\/uploads\/2019\/02\/bulanikta-isverenlere-istihdam-tesvikleri-anlatildi_21ef080.jpg?resize=768%2C510 768w, https:\/\/i0.wp.com\/www.tvturk.com\/wp-content\/uploads\/2019\/02\/bulanikta-isverenlere-istihdam-tesvikleri-anlatildi_21ef080.jpg?resize=170%2C113 170w, https:\/\/i0.wp.com\/www.tvturk.com\/wp-content\/uploads\/2019\/02\/bulanikta-isverenlere-istihdam-tesvikleri-anlatildi_21ef080.jpg?resize=120%2C80 120w\" width=\"246\" height=\"163\" loading=\"lazy\" data-original-width=\"246\" data-original-height=\"163\" itemprop=\"http:\/\/schema.org\/image\" title=\"Bulan\u0131k\u2019ta i\u015fverenlere \u2018\u0130stihdam Te\u015fvikleri\u2019 anlat\u0131ld\u0131\" alt=\"Bulan\u0131k\u2019ta i\u015fverenlere \u2018\u0130stihdam Te\u015fvikleri\u2019 anlat\u0131ld\u0131\" style=\"width: 246px; height: 163px;\" \/> <\/a> <\/div> <\/div> <!-- close group --> <\/div> <!-- close row --> <\/div><\/p>\n","protected":false},"excerpt":{"rendered":"<p>MU\u015e \u00c7ALI\u015eMA VE \u0130\u015e KURUMU \u0130L M\u00dcD\u00dcRL\u00dc\u011e\u00dc (\u0130\u015e-KUR) TARAFINDAN \u0130\u015eVERENLERE Y\u00d6NEL\u0130K \u0130ST\u0130HDAM TE\u015eV\u0130KLER\u0130N\u0130N ANLATILDI\u011eI B\u0130LG\u0130LEND\u0130RME TOPLANTISI YAPILDI.<\/p>\n","protected":false},"author":1,"featured_media":28587,"comment_status":"closed","ping_status":"open","sticky":false,"template":"","format":"standard","meta":{"jetpack_post_was_ever_published":false,"_jetpack_newsletter_access":"","_jetpack_dont_email_post_to_subs":false,"_jetpack_newsletter_tier_id":0,"_jetpack_memberships_contains_paywalled_content":false,"_jetpack_memberships_contains_paid_content":false,"footnotes":"","jetpack_publicize_message":"","jetpack_publicize_feature_enabled":true,"jetpack_social_post_already_shared":false,"jetpack_social_options":{"image_generator_settings":{"template":"highway","default_image_id":0,"font":"","enabled":false},"version":2}},"categories":[655],"tags":[3722,2817,2034,7460,11533],"class_list":["post-28586","post","type-post","status-publish","format-standard","has-post-thumbnail","hentry","category-son-dakika","tag-anlatildi","tag-bulanikta","tag-istihdam","tag-isverenlere","tag-tesvikleri"],"jetpack_publicize_connections":[],"jetpack_featured_media_url":"https:\/\/i0.wp.com\/www.tvturk.com\/wp-content\/uploads\/2019\/02\/bulanikta-isverenlere-istihdam-tesvikleri-anlatildi_1c4a186.jpg?fit=1000%2C664","jetpack_sharing_enabled":true,"jetpack_shortlink":"https:\/\/wp.me\/paKIfm-7r4","_links":{"self":[{"href":"http:\/\/www.tvturk.com\/index.php\/wp-json\/wp\/v2\/posts\/28586","targetHints":{"allow":["GET"]}}],"collection":[{"href":"http:\/\/www.tvturk.com\/index.php\/wp-json\/wp\/v2\/posts"}],"about":[{"href":"http:\/\/www.tvturk.com\/index.php\/wp-json\/wp\/v2\/types\/post"}],"author":[{"embeddable":true,"href":"http:\/\/www.tvturk.com\/index.php\/wp-json\/wp\/v2\/users\/1"}],"replies":[{"embeddable":true,"href":"http:\/\/www.tvturk.com\/index.php\/wp-json\/wp\/v2\/comments?post=28586"}],"version-history":[{"count":1,"href":"http:\/\/www.tvturk.com\/index.php\/wp-json\/wp\/v2\/posts\/28586\/revisions"}],"predecessor-version":[{"id":28590,"href":"http:\/\/www.tvturk.com\/index.php\/wp-json\/wp\/v2\/posts\/28586\/revisions\/28590"}],"wp:featuredmedia":[{"embeddable":true,"href":"http:\/\/www.tvturk.com\/index.php\/wp-json\/wp\/v2\/media\/28587"}],"wp:attachment":[{"href":"http:\/\/www.tvturk.com\/index.php\/wp-json\/wp\/v2\/media?parent=28586"}],"wp:term":[{"taxonomy":"category","embeddable":true,"href":"http:\/\/www.tvturk.com\/index.php\/wp-json\/wp\/v2\/categories?post=28586"},{"taxonomy":"post_tag","embeddable":true,"href":"http:\/\/www.tvturk.com\/index.php\/wp-json\/wp\/v2\/tags?post=28586"}],"curies":[{"name":"wp","href":"https:\/\/api.w.org\/{rel}","templated":true}]}}