{"id":28698,"date":"2019-02-13T13:51:39","date_gmt":"2019-02-13T10:51:39","guid":{"rendered":"http:\/\/www.tvturk.com\/index.php\/turkiyeden-gurcistana-100-bin-doz-asi\/"},"modified":"2019-02-13T13:51:45","modified_gmt":"2019-02-13T10:51:45","slug":"turkiyeden-gurcistana-100-bin-doz-asi","status":"publish","type":"post","link":"http:\/\/www.tvturk.com\/index.php\/turkiyeden-gurcistana-100-bin-doz-asi\/","title":{"rendered":"T\u00fcrkiye\u2019den G\u00fcrcistan\u2019a 100 bin doz a\u015f\u0131"},"content":{"rendered":"<p>T\u00fcrkiye, G\u00fcrcistan\u2019a 100 bin doz k\u0131zam\u0131k-k\u0131zam\u0131k\u00e7\u0131k-kabakulak (KKK) a\u015f\u0131s\u0131 g\u00f6nderecek. Sa\u011fl\u0131k Bakan Yard\u0131mc\u0131s\u0131 Emine Alp Me\u015fe, \u2019\u2019Son y\u0131llarda ila\u00e7 ve t\u0131bbi cihaz alan\u0131nda b\u00fcy\u00fck ilerleme kaydeden yerli sanayimizle G\u00fcrc\u00fc muhataplar\u0131m\u0131zla ticari faaliyetlerin geli\u015ftirilmesi iki \u00fclke a\u00e7\u0131s\u0131ndan yararl\u0131 olacakt\u0131r\u2019\u2019 dedi.<\/p>\n<p>Sa\u011fl\u0131k Bakan Yard\u0131mc\u0131s\u0131 Emine Alp Me\u015fe, \u0130stanbul\u2019da D\u00fcnya Sa\u011fl\u0131k \u00d6rg\u00fct\u00fc (DS\u00d6) Avrupa B\u00f6lge Ofisinin d\u00fczenledi\u011fi \u2019\u2019Halk Sa\u011fl\u0131\u011f\u0131 Acil Durumlar\u0131na Haz\u0131rl\u0131kl\u0131l\u0131k ve Yan\u0131t B\u00f6lgesel Eylem Plan\u0131 Bakanlar Toplant\u0131s\u0131\u2019\u2019 kapsam\u0131nda G\u00fcrcistan Sa\u011fl\u0131k Bakan Yard\u0131mc\u0131s\u0131 Zaza Bokhua ile bir araya geldi. Yap\u0131lan ikili g\u00f6r\u00fc\u015fmenin ard\u0131ndan T\u00fcrkiye ile G\u00fcrcistan aras\u0131nda \u2019Bula\u015f\u0131c\u0131 Hastal\u0131klarla M\u00fccadele Alan\u0131nda \u0130\u015fbirli\u011fi Anla\u015fmas\u0131\u2019 imzaland\u0131. Anla\u015fmaya g\u00f6re T\u00fcrkiye, G\u00fcrcistan\u2019na 100 bin doz a\u015f\u0131 verecek. A\u015f\u0131lar 15 g\u00fcn i\u00e7erisinde teslim edilecek.<\/p>\n<p>\u0130mza t\u00f6reninde konu\u015fan Sa\u011fl\u0131k Bakan Yard\u0131mc\u0131s\u0131 Me\u015fe, anla\u015fman\u0131n \u0130stanbul\u2019da ger\u00e7ekle\u015ftirile DS\u00d6 organizasyonunun temel ama\u00e7lar\u0131ndan biri olan bula\u015f\u0131c\u0131 hastal\u0131klarla m\u00fccadele konusunda k\u00fcresel ve b\u00f6lgesel i\u015fbirli\u011finin g\u00fczel bir \u00f6rne\u011fini te\u015fkil etti\u011fini s\u00f6yledi. Me\u015fe, Cumhurba\u015fkanl\u0131\u011f\u0131 taraf\u0131ndan olu\u015fturulan Y\u00fcksek D\u00fczeyli Stratejik \u0130\u015fbirli\u011fi Konseyinin \u00f6nemine dikkat \u00e7ekerek, \u2019\u2019Son y\u0131llarda ila\u00e7 ve t\u0131bbi cihaz alan\u0131nda b\u00fcy\u00fck ilerleme kaydeden yerli sanayimizle G\u00fcrc\u00fc muhataplar\u0131m\u0131zla ticari faaliyetlerin geli\u015ftirilmesi iki \u00fclke a\u00e7\u0131s\u0131ndan yararl\u0131 olacakt\u0131r. G\u00fcrcistan ile ila\u00e7, t\u0131bbi cihaz ve a\u015f\u0131 gibi konularda i\u015f birli\u011fimizi daha da geli\u015ftirebiliriz. G\u00fcrcistanl\u0131 hastalar\u0131n tedavilerini kamu, \u00f6zel ve \u00fcniversite hastanelerimizde kaliteli hizmetle sa\u011flayabiliriz. \u00d6\u011frencilere T\u00fcrkiye\u2019de t\u0131p, hem\u015firelik gibi alanlarda lisans ve uzmanl\u0131k e\u011fitimleri verebiliriz. T\u00fcm bunlar\u0131 T\u00fcrkiye\u2019de Sa\u011fl\u0131k Bakanl\u0131\u011f\u0131 b\u00fcnyesinde kanunla kurulmu\u015f olan Sa\u011fl\u0131kl\u0131 Hizmetleri Anonim \u015eirketi (UHSA\u015e) vas\u0131tas\u0131yla ger\u00e7ekle\u015ftirebiliriz\u2019\u2019 ifadelerini kuland\u0131.<div class=\"tiled-gallery type-rectangular tiled-gallery-unresized\" data-original-width=\"500\" data-carousel-extra='null' itemscope itemtype=\"http:\/\/schema.org\/ImageGallery\" > <div class=\"gallery-row\" style=\"width: 500px; height: 224px;\" data-original-width=\"500\" data-original-height=\"224\" > <div class=\"gallery-group images-1\" style=\"width: 334px; height: 224px;\" data-original-width=\"334\" data-original-height=\"224\" > <div class=\"tiled-gallery-item tiled-gallery-item-large\" itemprop=\"associatedMedia\" itemscope itemtype=\"http:\/\/schema.org\/ImageObject\"> <a href=\"http:\/\/www.tvturk.com\/index.php\/turkiyeden-gurcistana-100-bin-doz-asi\/turkiyeden-gurcistana-100-bin-doz-asi-3\/\" border=\"0\" itemprop=\"url\"> <meta itemprop=\"width\" content=\"330\"> <meta itemprop=\"height\" content=\"220\"> <img decoding=\"async\" class=\"\" data-attachment-id=\"28700\" data-orig-file=\"http:\/\/www.tvturk.com\/wp-content\/uploads\/2019\/02\/turkiyeden-gurcistana-100-bin-doz-asi_19251a1.jpg\" data-orig-size=\"1000,667\" data-comments-opened=\"\" data-image-meta=\"{&quot;aperture&quot;:&quot;0&quot;,&quot;credit&quot;:&quot;IHA&quot;,&quot;camera&quot;:&quot;&quot;,&quot;caption&quot;:&quot;T\\u00dcRK\\u0130YE, G\\u00dcRC\\u0130STAN\\u2019A 100 B\\u0130N DOZ KIZAMIK-KIZAMIK\\u00c7IK-KABAKULAK (KKK) A\\u015eISI G\\u00d6NDERECEK. SA\\u011eLIK BAKAN YARDIMCISI EM\\u0130NE ALP ME\\u015eE, \\u0027\\u0027SON YILLARDA \\u0130LA\\u00c7 VE TIBB\\u0130 C\\u0130HAZ ALANINDA B\\u00dcY\\u00dcK \\u0130LERLEME KAYDEDEN YERL\\u0130 SANAY\\u0130M\\u0130ZLE G\\u00dcRC\\u00dc MUHATAPLARIMIZLA T\\u0130CAR\\u0130 FAAL\\u0130YETLER\\u0130N GEL\\u0130\\u015eT\\u0130R\\u0130LMES\\u0130 \\u0130K\\u0130 \\u00dcLKE A\\u00c7ISINDAN YARARLI OLACAKTIR\\u0027\\u0027 DED\\u0130. (\\u0130HA\\\/ANKARA-\\u0130HA)&quot;,&quot;created_timestamp&quot;:&quot;0&quot;,&quot;copyright&quot;:&quot;\\u0130HLAS HABER AJANSI, www.iha.com.tr&quot;,&quot;focal_length&quot;:&quot;0&quot;,&quot;iso&quot;:&quot;0&quot;,&quot;shutter_speed&quot;:&quot;0&quot;,&quot;title&quot;:&quot;T\\u00dcRK\\u0130YE\\u2019DEN G\\u00dcRC\\u0130STAN\\u2019A 100 B\\u0130N DOZ A\\u015eI SA\\u011eLIK BAKAN YARDIMCISI EM\\u0130NE ALP ME\\u015eE: \\u0027\\u0027SON YILLARDA \\u0130LA\\u00c7 VE TIBB\\u0130 C\\u0130HAZ ALANINDA B\\u00dcY\\u00dcK \\u0130LERLEME KAYDEDEN YERL\\u0130 SANAY\\u0130M\\u0130ZLE G\\u00dcRC\\u00dc MUHATAPLARIMIZLA T\\u0130CAR\\u0130 FAAL\\u0130YETLER\\u0130N GEL\\u0130\\u015eT\\u0130R\\u0130LMES\\u0130 \\u0130K\\u0130 \\u00dcLKE A\\u00c7ISINDAN YARARLI OLACAKTIR\\u0027\\u0027&quot;,&quot;orientation&quot;:&quot;0&quot;}\" data-image-title=\"T\u00fcrkiye\u2019den G\u00fcrcistan\u2019a 100 bin doz a\u015f\u0131\" data-image-description=\"&lt;p&gt;T\u00fcrkiye\u2019den G\u00fcrcistan\u2019a 100 bin doz a\u015f\u0131&lt;\/p&gt; \" data-medium-file=\"https:\/\/i0.wp.com\/www.tvturk.com\/wp-content\/uploads\/2019\/02\/turkiyeden-gurcistana-100-bin-doz-asi_19251a1.jpg?fit=300%2C200\" data-large-file=\"https:\/\/i0.wp.com\/www.tvturk.com\/wp-content\/uploads\/2019\/02\/turkiyeden-gurcistana-100-bin-doz-asi_19251a1.jpg?fit=1000%2C667\" src=\"https:\/\/i0.wp.com\/www.tvturk.com\/wp-content\/uploads\/2019\/02\/turkiyeden-gurcistana-100-bin-doz-asi_19251a1.jpg?w=330&#038;h=220\" srcset=\"https:\/\/i0.wp.com\/www.tvturk.com\/wp-content\/uploads\/2019\/02\/turkiyeden-gurcistana-100-bin-doz-asi_19251a1.jpg?w=1000 1000w, https:\/\/i0.wp.com\/www.tvturk.com\/wp-content\/uploads\/2019\/02\/turkiyeden-gurcistana-100-bin-doz-asi_19251a1.jpg?resize=150%2C100 150w, https:\/\/i0.wp.com\/www.tvturk.com\/wp-content\/uploads\/2019\/02\/turkiyeden-gurcistana-100-bin-doz-asi_19251a1.jpg?resize=300%2C200 300w, https:\/\/i0.wp.com\/www.tvturk.com\/wp-content\/uploads\/2019\/02\/turkiyeden-gurcistana-100-bin-doz-asi_19251a1.jpg?resize=768%2C512 768w, https:\/\/i0.wp.com\/www.tvturk.com\/wp-content\/uploads\/2019\/02\/turkiyeden-gurcistana-100-bin-doz-asi_19251a1.jpg?resize=170%2C113 170w, https:\/\/i0.wp.com\/www.tvturk.com\/wp-content\/uploads\/2019\/02\/turkiyeden-gurcistana-100-bin-doz-asi_19251a1.jpg?resize=120%2C80 120w\" width=\"330\" height=\"220\" loading=\"lazy\" data-original-width=\"330\" data-original-height=\"220\" itemprop=\"http:\/\/schema.org\/image\" title=\"T\u00fcrkiye\u2019den G\u00fcrcistan\u2019a 100 bin doz a\u015f\u0131\" alt=\"T\u00fcrkiye\u2019den G\u00fcrcistan\u2019a 100 bin doz a\u015f\u0131\" style=\"width: 330px; height: 220px;\" \/> <\/a> <\/div> <\/div> <!-- close group --> <div class=\"gallery-group images-2\" style=\"width: 166px; height: 224px;\" data-original-width=\"166\" data-original-height=\"224\" > <div class=\"tiled-gallery-item tiled-gallery-item-small\" itemprop=\"associatedMedia\" itemscope itemtype=\"http:\/\/schema.org\/ImageObject\"> <a href=\"http:\/\/www.tvturk.com\/index.php\/turkiyeden-gurcistana-100-bin-doz-asi\/turkiyeden-gurcistana-100-bin-doz-asi-4\/\" border=\"0\" itemprop=\"url\"> <meta itemprop=\"width\" content=\"162\"> <meta itemprop=\"height\" content=\"108\"> <img decoding=\"async\" class=\"\" data-attachment-id=\"28701\" data-orig-file=\"http:\/\/www.tvturk.com\/wp-content\/uploads\/2019\/02\/turkiyeden-gurcistana-100-bin-doz-asi_050c92a.jpg\" data-orig-size=\"1000,667\" data-comments-opened=\"\" data-image-meta=\"{&quot;aperture&quot;:&quot;0&quot;,&quot;credit&quot;:&quot;IHA&quot;,&quot;camera&quot;:&quot;&quot;,&quot;caption&quot;:&quot;T\\u00dcRK\\u0130YE, G\\u00dcRC\\u0130STAN\\u2019A 100 B\\u0130N DOZ KIZAMIK-KIZAMIK\\u00c7IK-KABAKULAK (KKK) A\\u015eISI G\\u00d6NDERECEK. SA\\u011eLIK BAKAN YARDIMCISI EM\\u0130NE ALP ME\\u015eE, \\u0027\\u0027SON YILLARDA \\u0130LA\\u00c7 VE TIBB\\u0130 C\\u0130HAZ ALANINDA B\\u00dcY\\u00dcK \\u0130LERLEME KAYDEDEN YERL\\u0130 SANAY\\u0130M\\u0130ZLE G\\u00dcRC\\u00dc MUHATAPLARIMIZLA T\\u0130CAR\\u0130 FAAL\\u0130YETLER\\u0130N GEL\\u0130\\u015eT\\u0130R\\u0130LMES\\u0130 \\u0130K\\u0130 \\u00dcLKE A\\u00c7ISINDAN YARARLI OLACAKTIR\\u0027\\u0027 DED\\u0130. (\\u0130HA\\\/ANKARA-\\u0130HA)&quot;,&quot;created_timestamp&quot;:&quot;0&quot;,&quot;copyright&quot;:&quot;\\u0130HLAS HABER AJANSI, www.iha.com.tr&quot;,&quot;focal_length&quot;:&quot;0&quot;,&quot;iso&quot;:&quot;0&quot;,&quot;shutter_speed&quot;:&quot;0&quot;,&quot;title&quot;:&quot;T\\u00dcRK\\u0130YE\\u2019DEN G\\u00dcRC\\u0130STAN\\u2019A 100 B\\u0130N DOZ A\\u015eI SA\\u011eLIK BAKAN YARDIMCISI EM\\u0130NE ALP ME\\u015eE: \\u0027\\u0027SON YILLARDA \\u0130LA\\u00c7 VE TIBB\\u0130 C\\u0130HAZ ALANINDA B\\u00dcY\\u00dcK \\u0130LERLEME KAYDEDEN YERL\\u0130 SANAY\\u0130M\\u0130ZLE G\\u00dcRC\\u00dc MUHATAPLARIMIZLA T\\u0130CAR\\u0130 FAAL\\u0130YETLER\\u0130N GEL\\u0130\\u015eT\\u0130R\\u0130LMES\\u0130 \\u0130K\\u0130 \\u00dcLKE A\\u00c7ISINDAN YARARLI OLACAKTIR\\u0027\\u0027&quot;,&quot;orientation&quot;:&quot;0&quot;}\" data-image-title=\"T\u00fcrkiye\u2019den G\u00fcrcistan\u2019a 100 bin doz a\u015f\u0131\" data-image-description=\"&lt;p&gt;T\u00fcrkiye\u2019den G\u00fcrcistan\u2019a 100 bin doz a\u015f\u0131&lt;\/p&gt; \" data-medium-file=\"https:\/\/i0.wp.com\/www.tvturk.com\/wp-content\/uploads\/2019\/02\/turkiyeden-gurcistana-100-bin-doz-asi_050c92a.jpg?fit=300%2C200\" data-large-file=\"https:\/\/i0.wp.com\/www.tvturk.com\/wp-content\/uploads\/2019\/02\/turkiyeden-gurcistana-100-bin-doz-asi_050c92a.jpg?fit=1000%2C667\" src=\"https:\/\/i0.wp.com\/www.tvturk.com\/wp-content\/uploads\/2019\/02\/turkiyeden-gurcistana-100-bin-doz-asi_050c92a.jpg?w=162&#038;h=108\" srcset=\"https:\/\/i0.wp.com\/www.tvturk.com\/wp-content\/uploads\/2019\/02\/turkiyeden-gurcistana-100-bin-doz-asi_050c92a.jpg?w=1000 1000w, https:\/\/i0.wp.com\/www.tvturk.com\/wp-content\/uploads\/2019\/02\/turkiyeden-gurcistana-100-bin-doz-asi_050c92a.jpg?resize=150%2C100 150w, https:\/\/i0.wp.com\/www.tvturk.com\/wp-content\/uploads\/2019\/02\/turkiyeden-gurcistana-100-bin-doz-asi_050c92a.jpg?resize=300%2C200 300w, https:\/\/i0.wp.com\/www.tvturk.com\/wp-content\/uploads\/2019\/02\/turkiyeden-gurcistana-100-bin-doz-asi_050c92a.jpg?resize=768%2C512 768w, https:\/\/i0.wp.com\/www.tvturk.com\/wp-content\/uploads\/2019\/02\/turkiyeden-gurcistana-100-bin-doz-asi_050c92a.jpg?resize=170%2C113 170w, https:\/\/i0.wp.com\/www.tvturk.com\/wp-content\/uploads\/2019\/02\/turkiyeden-gurcistana-100-bin-doz-asi_050c92a.jpg?resize=120%2C80 120w\" width=\"162\" height=\"108\" loading=\"lazy\" data-original-width=\"162\" data-original-height=\"108\" itemprop=\"http:\/\/schema.org\/image\" title=\"T\u00fcrkiye\u2019den G\u00fcrcistan\u2019a 100 bin doz a\u015f\u0131\" alt=\"T\u00fcrkiye\u2019den G\u00fcrcistan\u2019a 100 bin doz a\u015f\u0131\" style=\"width: 162px; height: 108px;\" \/> <\/a> <\/div> <div class=\"tiled-gallery-item tiled-gallery-item-small\" itemprop=\"associatedMedia\" itemscope itemtype=\"http:\/\/schema.org\/ImageObject\"> <a href=\"http:\/\/www.tvturk.com\/index.php\/turkiyeden-gurcistana-100-bin-doz-asi\/turkiyeden-gurcistana-100-bin-doz-asi-5\/\" border=\"0\" itemprop=\"url\"> <meta itemprop=\"width\" content=\"162\"> <meta itemprop=\"height\" content=\"108\"> <img decoding=\"async\" class=\"\" data-attachment-id=\"28702\" data-orig-file=\"http:\/\/www.tvturk.com\/wp-content\/uploads\/2019\/02\/turkiyeden-gurcistana-100-bin-doz-asi_5f58e35.jpg\" data-orig-size=\"1000,667\" data-comments-opened=\"\" data-image-meta=\"{&quot;aperture&quot;:&quot;0&quot;,&quot;credit&quot;:&quot;IHA&quot;,&quot;camera&quot;:&quot;&quot;,&quot;caption&quot;:&quot;T\\u00dcRK\\u0130YE, G\\u00dcRC\\u0130STAN\\u2019A 100 B\\u0130N DOZ KIZAMIK-KIZAMIK\\u00c7IK-KABAKULAK (KKK) A\\u015eISI G\\u00d6NDERECEK. SA\\u011eLIK BAKAN YARDIMCISI EM\\u0130NE ALP ME\\u015eE (SA\\u011eDA), \\u0027\\u0027SON YILLARDA \\u0130LA\\u00c7 VE TIBB\\u0130 C\\u0130HAZ ALANINDA B\\u00dcY\\u00dcK \\u0130LERLEME KAYDEDEN YERL\\u0130 SANAY\\u0130M\\u0130ZLE G\\u00dcRC\\u00dc MUHATAPLARIMIZLA T\\u0130CAR\\u0130 FAAL\\u0130YETLER\\u0130N GEL\\u0130\\u015eT\\u0130R\\u0130LMES\\u0130 \\u0130K\\u0130 \\u00dcLKE A\\u00c7ISINDAN YARARLI OLACAKTIR\\u0027\\u0027 DED\\u0130. (\\u0130HA\\\/ANKARA-\\u0130HA)&quot;,&quot;created_timestamp&quot;:&quot;0&quot;,&quot;copyright&quot;:&quot;\\u0130HLAS HABER AJANSI, www.iha.com.tr&quot;,&quot;focal_length&quot;:&quot;0&quot;,&quot;iso&quot;:&quot;0&quot;,&quot;shutter_speed&quot;:&quot;0&quot;,&quot;title&quot;:&quot;T\\u00dcRK\\u0130YE\\u2019DEN G\\u00dcRC\\u0130STAN\\u2019A 100 B\\u0130N DOZ A\\u015eI SA\\u011eLIK BAKAN YARDIMCISI EM\\u0130NE ALP ME\\u015eE: \\u0027\\u0027SON YILLARDA \\u0130LA\\u00c7 VE TIBB\\u0130 C\\u0130HAZ ALANINDA B\\u00dcY\\u00dcK \\u0130LERLEME KAYDEDEN YERL\\u0130 SANAY\\u0130M\\u0130ZLE G\\u00dcRC\\u00dc MUHATAPLARIMIZLA T\\u0130CAR\\u0130 FAAL\\u0130YETLER\\u0130N GEL\\u0130\\u015eT\\u0130R\\u0130LMES\\u0130 \\u0130K\\u0130 \\u00dcLKE A\\u00c7ISINDAN YARARLI OLACAKTIR\\u0027\\u0027&quot;,&quot;orientation&quot;:&quot;0&quot;}\" data-image-title=\"T\u00fcrkiye\u2019den G\u00fcrcistan\u2019a 100 bin doz a\u015f\u0131\" data-image-description=\"&lt;p&gt;T\u00fcrkiye\u2019den G\u00fcrcistan\u2019a 100 bin doz a\u015f\u0131&lt;\/p&gt; \" data-medium-file=\"https:\/\/i0.wp.com\/www.tvturk.com\/wp-content\/uploads\/2019\/02\/turkiyeden-gurcistana-100-bin-doz-asi_5f58e35.jpg?fit=300%2C200\" data-large-file=\"https:\/\/i0.wp.com\/www.tvturk.com\/wp-content\/uploads\/2019\/02\/turkiyeden-gurcistana-100-bin-doz-asi_5f58e35.jpg?fit=1000%2C667\" src=\"https:\/\/i0.wp.com\/www.tvturk.com\/wp-content\/uploads\/2019\/02\/turkiyeden-gurcistana-100-bin-doz-asi_5f58e35.jpg?w=162&#038;h=108\" srcset=\"https:\/\/i0.wp.com\/www.tvturk.com\/wp-content\/uploads\/2019\/02\/turkiyeden-gurcistana-100-bin-doz-asi_5f58e35.jpg?w=1000 1000w, https:\/\/i0.wp.com\/www.tvturk.com\/wp-content\/uploads\/2019\/02\/turkiyeden-gurcistana-100-bin-doz-asi_5f58e35.jpg?resize=150%2C100 150w, https:\/\/i0.wp.com\/www.tvturk.com\/wp-content\/uploads\/2019\/02\/turkiyeden-gurcistana-100-bin-doz-asi_5f58e35.jpg?resize=300%2C200 300w, https:\/\/i0.wp.com\/www.tvturk.com\/wp-content\/uploads\/2019\/02\/turkiyeden-gurcistana-100-bin-doz-asi_5f58e35.jpg?resize=768%2C512 768w, https:\/\/i0.wp.com\/www.tvturk.com\/wp-content\/uploads\/2019\/02\/turkiyeden-gurcistana-100-bin-doz-asi_5f58e35.jpg?resize=170%2C113 170w, https:\/\/i0.wp.com\/www.tvturk.com\/wp-content\/uploads\/2019\/02\/turkiyeden-gurcistana-100-bin-doz-asi_5f58e35.jpg?resize=120%2C80 120w\" width=\"162\" height=\"108\" loading=\"lazy\" data-original-width=\"162\" data-original-height=\"108\" itemprop=\"http:\/\/schema.org\/image\" title=\"T\u00fcrkiye\u2019den G\u00fcrcistan\u2019a 100 bin doz a\u015f\u0131\" alt=\"T\u00fcrkiye\u2019den G\u00fcrcistan\u2019a 100 bin doz a\u015f\u0131\" style=\"width: 162px; height: 108px;\" \/> <\/a> <\/div> <\/div> <!-- close group --> <\/div> <!-- close row --> <div class=\"gallery-row\" style=\"width: 500px; height: 226px;\" data-original-width=\"500\" data-original-height=\"226\" > <div class=\"gallery-group images-2\" style=\"width: 164px; height: 226px;\" data-original-width=\"164\" data-original-height=\"226\" > <div class=\"tiled-gallery-item tiled-gallery-item-small\" itemprop=\"associatedMedia\" itemscope itemtype=\"http:\/\/schema.org\/ImageObject\"> <a href=\"http:\/\/www.tvturk.com\/index.php\/turkiyeden-gurcistana-100-bin-doz-asi\/turkiyeden-gurcistana-100-bin-doz-asi-6\/\" border=\"0\" itemprop=\"url\"> <meta itemprop=\"width\" content=\"160\"> <meta itemprop=\"height\" content=\"111\"> <img decoding=\"async\" class=\"\" data-attachment-id=\"28703\" data-orig-file=\"http:\/\/www.tvturk.com\/wp-content\/uploads\/2019\/02\/turkiyeden-gurcistana-100-bin-doz-asi_0de1de8.jpg\" data-orig-size=\"1000,695\" data-comments-opened=\"\" data-image-meta=\"{&quot;aperture&quot;:&quot;0&quot;,&quot;credit&quot;:&quot;IHA&quot;,&quot;camera&quot;:&quot;&quot;,&quot;caption&quot;:&quot;SA\\u011eLIK BAKAN YARDIMCISI EM\\u0130NE ALP ME\\u015eE, \\u0130STANBUL\\u2019DA D\\u00dcNYA SA\\u011eLIK \\u00d6RG\\u00dcT\\u00dc (DS\\u00d6) AVRUPA B\\u00d6LGE OF\\u0130S\\u0130N\\u0130N D\\u00dcZENLED\\u0130\\u011e\\u0130 \\u0027\\u0027HALK SA\\u011eLI\\u011eI AC\\u0130L DURUMLARINA HAZIRLIKLILIK VE YANIT B\\u00d6LGESEL EYLEM PLANI BAKANLAR TOPLANTISI\\u0027\\u0027 KAPSAMINDA G\\u00dcRC\\u0130STAN SA\\u011eLIK BAKAN YARDIMCISI ZAZA BOKHUA \\u0130LE B\\u0130R ARAYA GELD\\u0130. YAPILAN \\u0130K\\u0130L\\u0130 G\\u00d6R\\u00dc\\u015eMEN\\u0130N ARDINDAN T\\u00dcRK\\u0130YE \\u0130LE G\\u00dcRC\\u0130STAN ARASINDA \\u0027BULA\\u015eICI HASTALIKLARLA M\\u00dcCADELE ALANINDA \\u0130\\u015eB\\u0130RL\\u0130\\u011e\\u0130 ANLA\\u015eMASI\\u0027 \\u0130MZALANDI. (\\u0130HA\\\/ANKARA-\\u0130HA)&quot;,&quot;created_timestamp&quot;:&quot;0&quot;,&quot;copyright&quot;:&quot;\\u0130HLAS HABER AJANSI, www.iha.com.tr&quot;,&quot;focal_length&quot;:&quot;0&quot;,&quot;iso&quot;:&quot;0&quot;,&quot;shutter_speed&quot;:&quot;0&quot;,&quot;title&quot;:&quot;T\\u00dcRK\\u0130YE\\u2019DEN G\\u00dcRC\\u0130STAN\\u2019A 100 B\\u0130N DOZ A\\u015eI SA\\u011eLIK BAKAN YARDIMCISI EM\\u0130NE ALP ME\\u015eE: \\u0027\\u0027SON YILLARDA \\u0130LA\\u00c7 VE TIBB\\u0130 C\\u0130HAZ ALANINDA B\\u00dcY\\u00dcK \\u0130LERLEME KAYDEDEN YERL\\u0130 SANAY\\u0130M\\u0130ZLE G\\u00dcRC\\u00dc MUHATAPLARIMIZLA T\\u0130CAR\\u0130 FAAL\\u0130YETLER\\u0130N GEL\\u0130\\u015eT\\u0130R\\u0130LMES\\u0130 \\u0130K\\u0130 \\u00dcLKE A\\u00c7ISINDAN YARARLI OLACAKTIR\\u0027\\u0027&quot;,&quot;orientation&quot;:&quot;0&quot;}\" data-image-title=\"T\u00fcrkiye\u2019den G\u00fcrcistan\u2019a 100 bin doz a\u015f\u0131\" data-image-description=\"&lt;p&gt;T\u00fcrkiye\u2019den G\u00fcrcistan\u2019a 100 bin doz a\u015f\u0131&lt;\/p&gt; \" data-medium-file=\"https:\/\/i0.wp.com\/www.tvturk.com\/wp-content\/uploads\/2019\/02\/turkiyeden-gurcistana-100-bin-doz-asi_0de1de8.jpg?fit=300%2C209\" data-large-file=\"https:\/\/i0.wp.com\/www.tvturk.com\/wp-content\/uploads\/2019\/02\/turkiyeden-gurcistana-100-bin-doz-asi_0de1de8.jpg?fit=1000%2C695\" src=\"https:\/\/i0.wp.com\/www.tvturk.com\/wp-content\/uploads\/2019\/02\/turkiyeden-gurcistana-100-bin-doz-asi_0de1de8.jpg?w=160&#038;h=111\" srcset=\"https:\/\/i0.wp.com\/www.tvturk.com\/wp-content\/uploads\/2019\/02\/turkiyeden-gurcistana-100-bin-doz-asi_0de1de8.jpg?w=1000 1000w, https:\/\/i0.wp.com\/www.tvturk.com\/wp-content\/uploads\/2019\/02\/turkiyeden-gurcistana-100-bin-doz-asi_0de1de8.jpg?resize=150%2C104 150w, https:\/\/i0.wp.com\/www.tvturk.com\/wp-content\/uploads\/2019\/02\/turkiyeden-gurcistana-100-bin-doz-asi_0de1de8.jpg?resize=300%2C209 300w, https:\/\/i0.wp.com\/www.tvturk.com\/wp-content\/uploads\/2019\/02\/turkiyeden-gurcistana-100-bin-doz-asi_0de1de8.jpg?resize=768%2C534 768w, https:\/\/i0.wp.com\/www.tvturk.com\/wp-content\/uploads\/2019\/02\/turkiyeden-gurcistana-100-bin-doz-asi_0de1de8.jpg?resize=80%2C55 80w\" width=\"160\" height=\"111\" loading=\"lazy\" data-original-width=\"160\" data-original-height=\"111\" itemprop=\"http:\/\/schema.org\/image\" title=\"T\u00fcrkiye\u2019den G\u00fcrcistan\u2019a 100 bin doz a\u015f\u0131\" alt=\"T\u00fcrkiye\u2019den G\u00fcrcistan\u2019a 100 bin doz a\u015f\u0131\" style=\"width: 160px; height: 111px;\" \/> <\/a> <\/div> <div class=\"tiled-gallery-item tiled-gallery-item-small\" itemprop=\"associatedMedia\" itemscope itemtype=\"http:\/\/schema.org\/ImageObject\"> <a href=\"http:\/\/www.tvturk.com\/index.php\/turkiyeden-gurcistana-100-bin-doz-asi\/turkiyeden-gurcistana-100-bin-doz-asi-7\/\" border=\"0\" itemprop=\"url\"> <meta itemprop=\"width\" content=\"160\"> <meta itemprop=\"height\" content=\"107\"> <img decoding=\"async\" class=\"\" data-attachment-id=\"28704\" data-orig-file=\"http:\/\/www.tvturk.com\/wp-content\/uploads\/2019\/02\/turkiyeden-gurcistana-100-bin-doz-asi_8e0962a.jpg\" data-orig-size=\"1000,667\" data-comments-opened=\"\" data-image-meta=\"{&quot;aperture&quot;:&quot;0&quot;,&quot;credit&quot;:&quot;IHA&quot;,&quot;camera&quot;:&quot;&quot;,&quot;caption&quot;:&quot;SA\\u011eLIK BAKAN YARDIMCISI EM\\u0130NE ALP ME\\u015eE, \\u0130STANBUL\\u2019DA D\\u00dcNYA SA\\u011eLIK \\u00d6RG\\u00dcT\\u00dc (DS\\u00d6) AVRUPA B\\u00d6LGE OF\\u0130S\\u0130N\\u0130N D\\u00dcZENLED\\u0130\\u011e\\u0130 \\u0027\\u0027HALK SA\\u011eLI\\u011eI AC\\u0130L DURUMLARINA HAZIRLIKLILIK VE YANIT B\\u00d6LGESEL EYLEM PLANI BAKANLAR TOPLANTISI\\u0027\\u0027 KAPSAMINDA G\\u00dcRC\\u0130STAN SA\\u011eLIK BAKAN YARDIMCISI ZAZA BOKHUA \\u0130LE B\\u0130R ARAYA GELD\\u0130. YAPILAN \\u0130K\\u0130L\\u0130 G\\u00d6R\\u00dc\\u015eMEN\\u0130N ARDINDAN T\\u00dcRK\\u0130YE \\u0130LE G\\u00dcRC\\u0130STAN ARASINDA \\u0027BULA\\u015eICI HASTALIKLARLA M\\u00dcCADELE ALANINDA \\u0130\\u015eB\\u0130RL\\u0130\\u011e\\u0130 ANLA\\u015eMASI\\u0027 \\u0130MZALANDI. (\\u0130HA\\\/ANKARA-\\u0130HA)&quot;,&quot;created_timestamp&quot;:&quot;0&quot;,&quot;copyright&quot;:&quot;\\u0130HLAS HABER AJANSI, www.iha.com.tr&quot;,&quot;focal_length&quot;:&quot;0&quot;,&quot;iso&quot;:&quot;0&quot;,&quot;shutter_speed&quot;:&quot;0&quot;,&quot;title&quot;:&quot;T\\u00dcRK\\u0130YE\\u2019DEN G\\u00dcRC\\u0130STAN\\u2019A 100 B\\u0130N DOZ A\\u015eI SA\\u011eLIK BAKAN YARDIMCISI EM\\u0130NE ALP ME\\u015eE: \\u0027\\u0027SON YILLARDA \\u0130LA\\u00c7 VE TIBB\\u0130 C\\u0130HAZ ALANINDA B\\u00dcY\\u00dcK \\u0130LERLEME KAYDEDEN YERL\\u0130 SANAY\\u0130M\\u0130ZLE G\\u00dcRC\\u00dc MUHATAPLARIMIZLA T\\u0130CAR\\u0130 FAAL\\u0130YETLER\\u0130N GEL\\u0130\\u015eT\\u0130R\\u0130LMES\\u0130 \\u0130K\\u0130 \\u00dcLKE A\\u00c7ISINDAN YARARLI OLACAKTIR\\u0027\\u0027&quot;,&quot;orientation&quot;:&quot;0&quot;}\" data-image-title=\"T\u00fcrkiye\u2019den G\u00fcrcistan\u2019a 100 bin doz a\u015f\u0131\" data-image-description=\"&lt;p&gt;T\u00fcrkiye\u2019den G\u00fcrcistan\u2019a 100 bin doz a\u015f\u0131&lt;\/p&gt; \" data-medium-file=\"https:\/\/i0.wp.com\/www.tvturk.com\/wp-content\/uploads\/2019\/02\/turkiyeden-gurcistana-100-bin-doz-asi_8e0962a.jpg?fit=300%2C200\" data-large-file=\"https:\/\/i0.wp.com\/www.tvturk.com\/wp-content\/uploads\/2019\/02\/turkiyeden-gurcistana-100-bin-doz-asi_8e0962a.jpg?fit=1000%2C667\" src=\"https:\/\/i0.wp.com\/www.tvturk.com\/wp-content\/uploads\/2019\/02\/turkiyeden-gurcistana-100-bin-doz-asi_8e0962a.jpg?w=160&#038;h=107\" srcset=\"https:\/\/i0.wp.com\/www.tvturk.com\/wp-content\/uploads\/2019\/02\/turkiyeden-gurcistana-100-bin-doz-asi_8e0962a.jpg?w=1000 1000w, https:\/\/i0.wp.com\/www.tvturk.com\/wp-content\/uploads\/2019\/02\/turkiyeden-gurcistana-100-bin-doz-asi_8e0962a.jpg?resize=150%2C100 150w, https:\/\/i0.wp.com\/www.tvturk.com\/wp-content\/uploads\/2019\/02\/turkiyeden-gurcistana-100-bin-doz-asi_8e0962a.jpg?resize=300%2C200 300w, https:\/\/i0.wp.com\/www.tvturk.com\/wp-content\/uploads\/2019\/02\/turkiyeden-gurcistana-100-bin-doz-asi_8e0962a.jpg?resize=768%2C512 768w, https:\/\/i0.wp.com\/www.tvturk.com\/wp-content\/uploads\/2019\/02\/turkiyeden-gurcistana-100-bin-doz-asi_8e0962a.jpg?resize=170%2C113 170w, https:\/\/i0.wp.com\/www.tvturk.com\/wp-content\/uploads\/2019\/02\/turkiyeden-gurcistana-100-bin-doz-asi_8e0962a.jpg?resize=120%2C80 120w, https:\/\/i0.wp.com\/www.tvturk.com\/wp-content\/uploads\/2019\/02\/turkiyeden-gurcistana-100-bin-doz-asi_8e0962a.jpg?resize=80%2C55 80w\" width=\"160\" height=\"107\" loading=\"lazy\" data-original-width=\"160\" data-original-height=\"107\" itemprop=\"http:\/\/schema.org\/image\" title=\"T\u00fcrkiye\u2019den G\u00fcrcistan\u2019a 100 bin doz a\u015f\u0131\" alt=\"T\u00fcrkiye\u2019den G\u00fcrcistan\u2019a 100 bin doz a\u015f\u0131\" style=\"width: 160px; height: 107px;\" \/> <\/a> <\/div> <\/div> <!-- close group --> <div class=\"gallery-group images-1\" style=\"width: 336px; height: 226px;\" data-original-width=\"336\" data-original-height=\"226\" > <div class=\"tiled-gallery-item tiled-gallery-item-large\" itemprop=\"associatedMedia\" itemscope itemtype=\"http:\/\/schema.org\/ImageObject\"> <a href=\"http:\/\/www.tvturk.com\/index.php\/turkiyeden-gurcistana-100-bin-doz-asi\/turkiyeden-gurcistana-100-bin-doz-asi-8\/\" border=\"0\" itemprop=\"url\"> <meta itemprop=\"width\" content=\"332\"> <meta itemprop=\"height\" content=\"222\"> <img decoding=\"async\" class=\"\" data-attachment-id=\"28705\" data-orig-file=\"http:\/\/www.tvturk.com\/wp-content\/uploads\/2019\/02\/turkiyeden-gurcistana-100-bin-doz-asi_49d808e.jpg\" data-orig-size=\"1000,667\" data-comments-opened=\"\" data-image-meta=\"{&quot;aperture&quot;:&quot;0&quot;,&quot;credit&quot;:&quot;IHA&quot;,&quot;camera&quot;:&quot;&quot;,&quot;caption&quot;:&quot;SA\\u011eLIK BAKAN YARDIMCISI EM\\u0130NE ALP ME\\u015eE, \\u0130STANBUL\\u2019DA D\\u00dcNYA SA\\u011eLIK \\u00d6RG\\u00dcT\\u00dc (DS\\u00d6) AVRUPA B\\u00d6LGE OF\\u0130S\\u0130N\\u0130N D\\u00dcZENLED\\u0130\\u011e\\u0130 \\u0027\\u0027HALK SA\\u011eLI\\u011eI AC\\u0130L DURUMLARINA HAZIRLIKLILIK VE YANIT B\\u00d6LGESEL EYLEM PLANI BAKANLAR TOPLANTISI\\u0027\\u0027 KAPSAMINDA G\\u00dcRC\\u0130STAN SA\\u011eLIK BAKAN YARDIMCISI ZAZA BOKHUA \\u0130LE B\\u0130R ARAYA GELD\\u0130. YAPILAN \\u0130K\\u0130L\\u0130 G\\u00d6R\\u00dc\\u015eMEN\\u0130N ARDINDAN T\\u00dcRK\\u0130YE \\u0130LE G\\u00dcRC\\u0130STAN ARASINDA \\u0027BULA\\u015eICI HASTALIKLARLA M\\u00dcCADELE ALANINDA \\u0130\\u015eB\\u0130RL\\u0130\\u011e\\u0130 ANLA\\u015eMASI\\u0027 \\u0130MZALANDI. (\\u0130HA\\\/ANKARA-\\u0130HA)&quot;,&quot;created_timestamp&quot;:&quot;0&quot;,&quot;copyright&quot;:&quot;\\u0130HLAS HABER AJANSI, www.iha.com.tr&quot;,&quot;focal_length&quot;:&quot;0&quot;,&quot;iso&quot;:&quot;0&quot;,&quot;shutter_speed&quot;:&quot;0&quot;,&quot;title&quot;:&quot;T\\u00dcRK\\u0130YE\\u2019DEN G\\u00dcRC\\u0130STAN\\u2019A 100 B\\u0130N DOZ A\\u015eI SA\\u011eLIK BAKAN YARDIMCISI EM\\u0130NE ALP ME\\u015eE: \\u0027\\u0027SON YILLARDA \\u0130LA\\u00c7 VE TIBB\\u0130 C\\u0130HAZ ALANINDA B\\u00dcY\\u00dcK \\u0130LERLEME KAYDEDEN YERL\\u0130 SANAY\\u0130M\\u0130ZLE G\\u00dcRC\\u00dc MUHATAPLARIMIZLA T\\u0130CAR\\u0130 FAAL\\u0130YETLER\\u0130N GEL\\u0130\\u015eT\\u0130R\\u0130LMES\\u0130 \\u0130K\\u0130 \\u00dcLKE A\\u00c7ISINDAN YARARLI OLACAKTIR\\u0027\\u0027&quot;,&quot;orientation&quot;:&quot;0&quot;}\" data-image-title=\"T\u00fcrkiye\u2019den G\u00fcrcistan\u2019a 100 bin doz a\u015f\u0131\" data-image-description=\"&lt;p&gt;T\u00fcrkiye\u2019den G\u00fcrcistan\u2019a 100 bin doz a\u015f\u0131&lt;\/p&gt; \" data-medium-file=\"https:\/\/i0.wp.com\/www.tvturk.com\/wp-content\/uploads\/2019\/02\/turkiyeden-gurcistana-100-bin-doz-asi_49d808e.jpg?fit=300%2C200\" data-large-file=\"https:\/\/i0.wp.com\/www.tvturk.com\/wp-content\/uploads\/2019\/02\/turkiyeden-gurcistana-100-bin-doz-asi_49d808e.jpg?fit=1000%2C667\" src=\"https:\/\/i0.wp.com\/www.tvturk.com\/wp-content\/uploads\/2019\/02\/turkiyeden-gurcistana-100-bin-doz-asi_49d808e.jpg?w=332&#038;h=222\" srcset=\"https:\/\/i0.wp.com\/www.tvturk.com\/wp-content\/uploads\/2019\/02\/turkiyeden-gurcistana-100-bin-doz-asi_49d808e.jpg?w=1000 1000w, https:\/\/i0.wp.com\/www.tvturk.com\/wp-content\/uploads\/2019\/02\/turkiyeden-gurcistana-100-bin-doz-asi_49d808e.jpg?resize=150%2C100 150w, https:\/\/i0.wp.com\/www.tvturk.com\/wp-content\/uploads\/2019\/02\/turkiyeden-gurcistana-100-bin-doz-asi_49d808e.jpg?resize=300%2C200 300w, https:\/\/i0.wp.com\/www.tvturk.com\/wp-content\/uploads\/2019\/02\/turkiyeden-gurcistana-100-bin-doz-asi_49d808e.jpg?resize=768%2C512 768w, https:\/\/i0.wp.com\/www.tvturk.com\/wp-content\/uploads\/2019\/02\/turkiyeden-gurcistana-100-bin-doz-asi_49d808e.jpg?resize=170%2C113 170w, https:\/\/i0.wp.com\/www.tvturk.com\/wp-content\/uploads\/2019\/02\/turkiyeden-gurcistana-100-bin-doz-asi_49d808e.jpg?resize=120%2C80 120w\" width=\"332\" height=\"222\" loading=\"lazy\" data-original-width=\"332\" data-original-height=\"222\" itemprop=\"http:\/\/schema.org\/image\" title=\"T\u00fcrkiye\u2019den G\u00fcrcistan\u2019a 100 bin doz a\u015f\u0131\" alt=\"T\u00fcrkiye\u2019den G\u00fcrcistan\u2019a 100 bin doz a\u015f\u0131\" style=\"width: 332px; height: 222px;\" \/> <\/a> <\/div> <\/div> <!-- close group --> <\/div> <!-- close row --> <\/div><\/p>\n","protected":false},"excerpt":{"rendered":"<p>T\u00dcRK\u0130YE, G\u00dcRC\u0130STAN\u2019A 100 B\u0130N DOZ KIZAMIK-KIZAMIK\u00c7IK-KABAKULAK (KKK) A\u015eISI G\u00d6NDERECEK. SA\u011eLIK BAKAN YARDIMCISI EM\u0130NE ALP ME\u015eE, &#8221;SON YILLARDA \u0130LA\u00c7 VE TIBB\u0130 C\u0130HAZ ALANINDA B\u00dcY\u00dcK \u0130LERLEME KAYDEDEN YERL\u0130 SANAY\u0130M\u0130ZLE G\u00dcRC\u00dc MUHATAPLARIMIZLA T\u0130CAR\u0130 FAAL\u0130YETLER\u0130N GEL\u0130\u015eT\u0130R\u0130LMES\u0130 \u0130K\u0130 \u00dcLKE A\u00c7ISINDAN YARARLI OLACAKTIR&#8221; DED\u0130.<\/p>\n","protected":false},"author":1,"featured_media":28699,"comment_status":"closed","ping_status":"open","sticky":false,"template":"","format":"standard","meta":{"jetpack_post_was_ever_published":false,"_jetpack_newsletter_access":"","_jetpack_dont_email_post_to_subs":false,"_jetpack_newsletter_tier_id":0,"_jetpack_memberships_contains_paywalled_content":false,"_jetpack_memberships_contains_paid_content":false,"footnotes":"","jetpack_publicize_message":"","jetpack_publicize_feature_enabled":true,"jetpack_social_post_already_shared":false,"jetpack_social_options":{"image_generator_settings":{"template":"highway","default_image_id":0,"font":"","enabled":false},"version":2}},"categories":[658],"tags":[2127,11567,213,11566,4906,11565],"class_list":["post-28698","post","type-post","status-publish","format-standard","has-post-thumbnail","hentry","category-saglik","tag-2127","tag-asi","tag-bin","tag-doz","tag-gurcistana","tag-turkiyeden"],"jetpack_publicize_connections":[],"jetpack_featured_media_url":"https:\/\/i0.wp.com\/www.tvturk.com\/wp-content\/uploads\/2019\/02\/turkiyeden-gurcistana-100-bin-doz-asi_6969d52.jpg?fit=1000%2C667","jetpack_sharing_enabled":true,"jetpack_shortlink":"https:\/\/wp.me\/paKIfm-7sS","_links":{"self":[{"href":"http:\/\/www.tvturk.com\/index.php\/wp-json\/wp\/v2\/posts\/28698","targetHints":{"allow":["GET"]}}],"collection":[{"href":"http:\/\/www.tvturk.com\/index.php\/wp-json\/wp\/v2\/posts"}],"about":[{"href":"http:\/\/www.tvturk.com\/index.php\/wp-json\/wp\/v2\/types\/post"}],"author":[{"embeddable":true,"href":"http:\/\/www.tvturk.com\/index.php\/wp-json\/wp\/v2\/users\/1"}],"replies":[{"embeddable":true,"href":"http:\/\/www.tvturk.com\/index.php\/wp-json\/wp\/v2\/comments?post=28698"}],"version-history":[{"count":1,"href":"http:\/\/www.tvturk.com\/index.php\/wp-json\/wp\/v2\/posts\/28698\/revisions"}],"predecessor-version":[{"id":28706,"href":"http:\/\/www.tvturk.com\/index.php\/wp-json\/wp\/v2\/posts\/28698\/revisions\/28706"}],"wp:featuredmedia":[{"embeddable":true,"href":"http:\/\/www.tvturk.com\/index.php\/wp-json\/wp\/v2\/media\/28699"}],"wp:attachment":[{"href":"http:\/\/www.tvturk.com\/index.php\/wp-json\/wp\/v2\/media?parent=28698"}],"wp:term":[{"taxonomy":"category","embeddable":true,"href":"http:\/\/www.tvturk.com\/index.php\/wp-json\/wp\/v2\/categories?post=28698"},{"taxonomy":"post_tag","embeddable":true,"href":"http:\/\/www.tvturk.com\/index.php\/wp-json\/wp\/v2\/tags?post=28698"}],"curies":[{"name":"wp","href":"https:\/\/api.w.org\/{rel}","templated":true}]}}