{"id":28719,"date":"2019-02-13T14:01:14","date_gmt":"2019-02-13T11:01:14","guid":{"rendered":"http:\/\/www.tvturk.com\/index.php\/ogrenciler-yeteneklerini-sahnede-sergiledi\/"},"modified":"2019-02-13T14:01:17","modified_gmt":"2019-02-13T11:01:17","slug":"ogrenciler-yeteneklerini-sahnede-sergiledi","status":"publish","type":"post","link":"http:\/\/www.tvturk.com\/index.php\/ogrenciler-yeteneklerini-sahnede-sergiledi\/","title":{"rendered":"\u00d6\u011frenciler yeteneklerini sahnede sergiledi"},"content":{"rendered":"<p>Milli E\u011fitim Bakanl\u0131\u011f\u0131 ile Gen\u00e7lik ve Spor Bakanl\u0131\u011f\u0131 aras\u0131nda imzalanan protokol okullar aras\u0131 tiyatro yar\u0131\u015fmas\u0131 K\u00fctahya\u2019da ger\u00e7ekle\u015ftirildi. Yar\u0131\u015fmada \u00f6\u011frenciler performanslar\u0131 ve yetenekleri ile g\u00f6z doldurdu.<\/p>\n<p>Milli E\u011fitim Bakanl\u0131\u011f\u0131 ile Gen\u00e7lik ve Spor Bakanl\u0131\u011f\u0131 aras\u0131nda imzalanan protokol okullar aras\u0131 tiyatro yar\u0131\u015fmas\u0131 K\u00fctahya\u2019da ger\u00e7ekle\u015ftirildi. \u2019Yar\u0131\u015f\u0131yorum\u2019 adl\u0131 tiyatro yar\u0131\u015fmas\u0131na orta okul ve lise kategorilerinde \u00f6\u011frenciler tiyatro performanslar\u0131n\u0131 sergileyen \u00f6\u011frenciler yetenekleri ile g\u00f6z doldurdu.<\/p>\n<p>\u0130mzalanan protokollerin hayat bulmaya ba\u015flad\u0131\u011f\u0131n\u0131 dile getiren K\u00fctahya Gen\u00e7lik Merkezi M\u00fcd\u00fcr\u00fc Ercan \u015eirin, &#8220;Milli E\u011fitim Bakanl\u0131\u011f\u0131 ile Gen\u00e7lik ve Spor Bakanl\u0131\u011f\u0131 aras\u0131nda imzalanan protokol \u00e7er\u00e7evesinde bug\u00fcn \u2019Yar\u0131\u015f\u0131yorum\u2019 adl\u0131 tiyatro yar\u0131\u015fmas\u0131n\u0131 ger\u00e7ekle\u015ftirdik. Orta okul ve lise olmak \u00fczere 2 kategoride ger\u00e7ekle\u015ftirilecek yar\u0131\u015fmalar\u0131n sonucunda ilde birinci olan okullar ilk \u00f6nce b\u00f6lge yar\u0131\u015fmas\u0131na ard\u0131nda da T\u00fcrkiye finallerine gidecek. Yo\u011fun bir kat\u0131l\u0131m ile ger\u00e7ekle\u015ftirilen yar\u0131\u015fmalar sonras\u0131 bizde y\u0131l i\u00e7erisinde gen\u00e7lik merkezimiz b\u00fcnyesinde tiyatro e\u011fitimleri verece\u011fiz&#8221; diye konu\u015ftu.<div class=\"tiled-gallery type-rectangular tiled-gallery-unresized\" data-original-width=\"500\" data-carousel-extra='null' itemscope itemtype=\"http:\/\/schema.org\/ImageGallery\" > <div class=\"gallery-row\" style=\"width: 500px; height: 126px;\" data-original-width=\"500\" data-original-height=\"126\" > <div class=\"gallery-group images-1\" style=\"width: 279px; height: 126px;\" data-original-width=\"279\" data-original-height=\"126\" > <div class=\"tiled-gallery-item tiled-gallery-item-large\" itemprop=\"associatedMedia\" itemscope itemtype=\"http:\/\/schema.org\/ImageObject\"> <a href=\"http:\/\/www.tvturk.com\/index.php\/ogrenciler-yeteneklerini-sahnede-sergiledi\/ogrenciler-yeteneklerini-sahnede-sergiledi-3\/\" border=\"0\" itemprop=\"url\"> <meta itemprop=\"width\" content=\"275\"> <meta itemprop=\"height\" content=\"122\"> <img decoding=\"async\" class=\"\" data-attachment-id=\"28721\" data-orig-file=\"http:\/\/www.tvturk.com\/wp-content\/uploads\/2019\/02\/ogrenciler-yeteneklerini-sahnede-sergiledi_0680a69.jpg\" data-orig-size=\"750,332\" data-comments-opened=\"\" data-image-meta=\"{&quot;aperture&quot;:&quot;0&quot;,&quot;credit&quot;:&quot;IHA&quot;,&quot;camera&quot;:&quot;&quot;,&quot;caption&quot;:&quot;M\\u0130LL\\u0130 E\\u011e\\u0130T\\u0130M BAKANLI\\u011eI \\u0130LE GEN\\u00c7L\\u0130K VE SPOR BAKANLI\\u011eI ARASINDA \\u0130MZALANAN PROTOKOL OKULLAR ARASI T\\u0130YATRO YARI\\u015eMASI K\\u00dcTAHYA\\u0027DA GER\\u00c7EKLE\\u015eT\\u0130R\\u0130LD\\u0130. YARI\\u015eMADA \\u00d6\\u011eRENC\\u0130LER YETENEKLER\\u0130N\\u0130 SAHNE SERG\\u0130LED\\u0130LER. (H\\u00dcSEY\\u0130N CAN AKSU\\\/K\\u00dcTAHYA-\\u0130HA)&quot;,&quot;created_timestamp&quot;:&quot;1550065527&quot;,&quot;copyright&quot;:&quot;\\u0130HLAS HABER AJANSI, www.iha.com.tr&quot;,&quot;focal_length&quot;:&quot;0&quot;,&quot;iso&quot;:&quot;0&quot;,&quot;shutter_speed&quot;:&quot;0&quot;,&quot;title&quot;:&quot;\\u00d6\\u011eRENC\\u0130LER YETENEKLER\\u0130N\\u0130 SAHNEDE SERG\\u0130LED\\u0130&quot;,&quot;orientation&quot;:&quot;1&quot;}\" data-image-title=\"\u00d6\u011frenciler yeteneklerini sahnede sergiledi\" data-image-description=\"&lt;p&gt;\u00d6\u011frenciler yeteneklerini sahnede sergiledi&lt;\/p&gt; \" data-medium-file=\"https:\/\/i0.wp.com\/www.tvturk.com\/wp-content\/uploads\/2019\/02\/ogrenciler-yeteneklerini-sahnede-sergiledi_0680a69.jpg?fit=300%2C133\" data-large-file=\"https:\/\/i0.wp.com\/www.tvturk.com\/wp-content\/uploads\/2019\/02\/ogrenciler-yeteneklerini-sahnede-sergiledi_0680a69.jpg?fit=750%2C332\" src=\"https:\/\/i0.wp.com\/www.tvturk.com\/wp-content\/uploads\/2019\/02\/ogrenciler-yeteneklerini-sahnede-sergiledi_0680a69.jpg?w=275&#038;h=122\" srcset=\"https:\/\/i0.wp.com\/www.tvturk.com\/wp-content\/uploads\/2019\/02\/ogrenciler-yeteneklerini-sahnede-sergiledi_0680a69.jpg?w=750 750w, https:\/\/i0.wp.com\/www.tvturk.com\/wp-content\/uploads\/2019\/02\/ogrenciler-yeteneklerini-sahnede-sergiledi_0680a69.jpg?resize=150%2C66 150w, https:\/\/i0.wp.com\/www.tvturk.com\/wp-content\/uploads\/2019\/02\/ogrenciler-yeteneklerini-sahnede-sergiledi_0680a69.jpg?resize=300%2C133 300w\" width=\"275\" height=\"122\" loading=\"lazy\" data-original-width=\"275\" data-original-height=\"122\" itemprop=\"http:\/\/schema.org\/image\" title=\"\u00d6\u011frenciler yeteneklerini sahnede sergiledi\" alt=\"\u00d6\u011frenciler yeteneklerini sahnede sergiledi\" style=\"width: 275px; height: 122px;\" \/> <\/a> <\/div> <\/div> <!-- close group --> <div class=\"gallery-group images-1\" style=\"width: 221px; height: 126px;\" data-original-width=\"221\" data-original-height=\"126\" > <div class=\"tiled-gallery-item tiled-gallery-item-small\" itemprop=\"associatedMedia\" itemscope itemtype=\"http:\/\/schema.org\/ImageObject\"> <a href=\"http:\/\/www.tvturk.com\/index.php\/ogrenciler-yeteneklerini-sahnede-sergiledi\/ogrenciler-yeteneklerini-sahnede-sergiledi-4\/\" border=\"0\" itemprop=\"url\"> <meta itemprop=\"width\" content=\"217\"> <meta itemprop=\"height\" content=\"122\"> <img decoding=\"async\" class=\"\" data-attachment-id=\"28722\" data-orig-file=\"http:\/\/www.tvturk.com\/wp-content\/uploads\/2019\/02\/ogrenciler-yeteneklerini-sahnede-sergiledi_b169b70.jpg\" data-orig-size=\"1000,562\" data-comments-opened=\"\" data-image-meta=\"{&quot;aperture&quot;:&quot;0&quot;,&quot;credit&quot;:&quot;IHA&quot;,&quot;camera&quot;:&quot;&quot;,&quot;caption&quot;:&quot;M\\u0130LL\\u0130 E\\u011e\\u0130T\\u0130M BAKANLI\\u011eI \\u0130LE GEN\\u00c7L\\u0130K VE SPOR BAKANLI\\u011eI ARASINDA \\u0130MZALANAN PROTOKOL OKULLAR ARASI T\\u0130YATRO YARI\\u015eMASI K\\u00dcTAHYA\\u0027DA GER\\u00c7EKLE\\u015eT\\u0130R\\u0130LD\\u0130. YARI\\u015eMADA \\u00d6\\u011eRENC\\u0130LER YETENEKLER\\u0130N\\u0130 SAHNE SERG\\u0130LED\\u0130LER. (H\\u00dcSEY\\u0130N CAN AKSU\\\/K\\u00dcTAHYA-\\u0130HA)&quot;,&quot;created_timestamp&quot;:&quot;0&quot;,&quot;copyright&quot;:&quot;\\u0130HLAS HABER AJANSI, www.iha.com.tr&quot;,&quot;focal_length&quot;:&quot;0&quot;,&quot;iso&quot;:&quot;0&quot;,&quot;shutter_speed&quot;:&quot;0&quot;,&quot;title&quot;:&quot;\\u00d6\\u011eRENC\\u0130LER YETENEKLER\\u0130N\\u0130 SAHNEDE SERG\\u0130LED\\u0130&quot;,&quot;orientation&quot;:&quot;0&quot;}\" data-image-title=\"\u00d6\u011frenciler yeteneklerini sahnede sergiledi\" data-image-description=\"&lt;p&gt;\u00d6\u011frenciler yeteneklerini sahnede sergiledi&lt;\/p&gt; \" data-medium-file=\"https:\/\/i0.wp.com\/www.tvturk.com\/wp-content\/uploads\/2019\/02\/ogrenciler-yeteneklerini-sahnede-sergiledi_b169b70.jpg?fit=300%2C169\" data-large-file=\"https:\/\/i0.wp.com\/www.tvturk.com\/wp-content\/uploads\/2019\/02\/ogrenciler-yeteneklerini-sahnede-sergiledi_b169b70.jpg?fit=1000%2C562\" src=\"https:\/\/i0.wp.com\/www.tvturk.com\/wp-content\/uploads\/2019\/02\/ogrenciler-yeteneklerini-sahnede-sergiledi_b169b70.jpg?w=217&#038;h=122\" srcset=\"https:\/\/i0.wp.com\/www.tvturk.com\/wp-content\/uploads\/2019\/02\/ogrenciler-yeteneklerini-sahnede-sergiledi_b169b70.jpg?w=1000 1000w, https:\/\/i0.wp.com\/www.tvturk.com\/wp-content\/uploads\/2019\/02\/ogrenciler-yeteneklerini-sahnede-sergiledi_b169b70.jpg?resize=150%2C84 150w, https:\/\/i0.wp.com\/www.tvturk.com\/wp-content\/uploads\/2019\/02\/ogrenciler-yeteneklerini-sahnede-sergiledi_b169b70.jpg?resize=300%2C169 300w, https:\/\/i0.wp.com\/www.tvturk.com\/wp-content\/uploads\/2019\/02\/ogrenciler-yeteneklerini-sahnede-sergiledi_b169b70.jpg?resize=768%2C432 768w, https:\/\/i0.wp.com\/www.tvturk.com\/wp-content\/uploads\/2019\/02\/ogrenciler-yeteneklerini-sahnede-sergiledi_b169b70.jpg?resize=200%2C113 200w\" width=\"217\" height=\"122\" loading=\"lazy\" data-original-width=\"217\" data-original-height=\"122\" itemprop=\"http:\/\/schema.org\/image\" title=\"\u00d6\u011frenciler yeteneklerini sahnede sergiledi\" alt=\"\u00d6\u011frenciler yeteneklerini sahnede sergiledi\" style=\"width: 217px; height: 122px;\" \/> <\/a> <\/div> <\/div> <!-- close group --> <\/div> <!-- close row --> <\/div><\/p>\n","protected":false},"excerpt":{"rendered":"<p>M\u0130LL\u0130 E\u011e\u0130T\u0130M BAKANLI\u011eI \u0130LE GEN\u00c7L\u0130K VE SPOR BAKANLI\u011eI ARASINDA \u0130MZALANAN PROTOKOL OKULLAR ARASI T\u0130YATRO YARI\u015eMASI K\u00dcTAHYA&#8217;DA GER\u00c7EKLE\u015eT\u0130R\u0130LD\u0130. YARI\u015eMADA \u00d6\u011eRENC\u0130LER YETENEKLER\u0130N\u0130 SAHNE SERG\u0130LED\u0130LER.<\/p>\n","protected":false},"author":1,"featured_media":28720,"comment_status":"closed","ping_status":"open","sticky":false,"template":"","format":"standard","meta":{"jetpack_post_was_ever_published":false,"_jetpack_newsletter_access":"","_jetpack_dont_email_post_to_subs":false,"_jetpack_newsletter_tier_id":0,"_jetpack_memberships_contains_paywalled_content":false,"_jetpack_memberships_contains_paid_content":false,"footnotes":"","jetpack_publicize_message":"","jetpack_publicize_feature_enabled":true,"jetpack_social_post_already_shared":false,"jetpack_social_options":{"image_generator_settings":{"template":"highway","default_image_id":0,"font":"","enabled":false},"version":2}},"categories":[655],"tags":[1293,1667,5057,11568],"class_list":["post-28719","post","type-post","status-publish","format-standard","has-post-thumbnail","hentry","category-son-dakika","tag-ogrenciler","tag-sahnede","tag-sergiledi","tag-yeteneklerini"],"jetpack_publicize_connections":[],"jetpack_featured_media_url":"https:\/\/i0.wp.com\/www.tvturk.com\/wp-content\/uploads\/2019\/02\/ogrenciler-yeteneklerini-sahnede-sergiledi_2ad2669.jpg?fit=856%2C481","jetpack_sharing_enabled":true,"jetpack_shortlink":"https:\/\/wp.me\/paKIfm-7td","_links":{"self":[{"href":"http:\/\/www.tvturk.com\/index.php\/wp-json\/wp\/v2\/posts\/28719","targetHints":{"allow":["GET"]}}],"collection":[{"href":"http:\/\/www.tvturk.com\/index.php\/wp-json\/wp\/v2\/posts"}],"about":[{"href":"http:\/\/www.tvturk.com\/index.php\/wp-json\/wp\/v2\/types\/post"}],"author":[{"embeddable":true,"href":"http:\/\/www.tvturk.com\/index.php\/wp-json\/wp\/v2\/users\/1"}],"replies":[{"embeddable":true,"href":"http:\/\/www.tvturk.com\/index.php\/wp-json\/wp\/v2\/comments?post=28719"}],"version-history":[{"count":1,"href":"http:\/\/www.tvturk.com\/index.php\/wp-json\/wp\/v2\/posts\/28719\/revisions"}],"predecessor-version":[{"id":28723,"href":"http:\/\/www.tvturk.com\/index.php\/wp-json\/wp\/v2\/posts\/28719\/revisions\/28723"}],"wp:featuredmedia":[{"embeddable":true,"href":"http:\/\/www.tvturk.com\/index.php\/wp-json\/wp\/v2\/media\/28720"}],"wp:attachment":[{"href":"http:\/\/www.tvturk.com\/index.php\/wp-json\/wp\/v2\/media?parent=28719"}],"wp:term":[{"taxonomy":"category","embeddable":true,"href":"http:\/\/www.tvturk.com\/index.php\/wp-json\/wp\/v2\/categories?post=28719"},{"taxonomy":"post_tag","embeddable":true,"href":"http:\/\/www.tvturk.com\/index.php\/wp-json\/wp\/v2\/tags?post=28719"}],"curies":[{"name":"wp","href":"https:\/\/api.w.org\/{rel}","templated":true}]}}