{"id":28796,"date":"2019-02-13T14:11:20","date_gmt":"2019-02-13T11:11:20","guid":{"rendered":"http:\/\/www.tvturk.com\/index.php\/erzincanda-gencler-kan-bagisiyla-kizilaya-destek-oldu\/"},"modified":"2019-02-13T14:11:23","modified_gmt":"2019-02-13T11:11:23","slug":"erzincanda-gencler-kan-bagisiyla-kizilaya-destek-oldu","status":"publish","type":"post","link":"http:\/\/www.tvturk.com\/index.php\/erzincanda-gencler-kan-bagisiyla-kizilaya-destek-oldu\/","title":{"rendered":"Erzincan\u2019da gen\u00e7ler kan ba\u011f\u0131\u015f\u0131yla K\u0131z\u0131lay\u2019a destek oldu"},"content":{"rendered":"<p>Erzincan Gen\u00e7lik Merkezi \u00fcyesi gen\u00e7ler T\u00fcrk K\u0131z\u0131lay\u0131\u2019na kan ba\u011f\u0131\u015f\u0131nda bulundular.<\/p>\n<p>Erzincan Gen\u00e7lik Merkezi taraf\u0131ndan &#8220;Biz Bitti Demeden Bitmez&#8221; slogan\u0131yla kan ba\u011f\u0131\u015f kampanyas\u0131 d\u00fczenlendi. Kampanya ya gen\u00e7lerin yo\u011fun ilgisi oldu. T\u00fcrk K\u0131z\u0131lay\u0131 Genel Ba\u015fkan\u0131 Kerem K\u0131n\u0131k\u2019\u0131n, k\u0131\u015f ko\u015fullar\u0131 nedeniyle kan ba\u011f\u0131\u015f\u0131n\u0131n azald\u0131\u011f\u0131n\u0131 belirterek sosyal medya hesaplar\u0131ndan yapt\u0131\u011f\u0131 acil \u00e7a\u011fr\u0131n\u0131n ard\u0131ndan Erzincan Gen\u00e7lik Merkezi bu \u00e7a\u011fr\u0131ya destek verdi.<\/p>\n<p>&#8220;Biz Bitti Demeden Bitmez&#8221; slogan\u0131yla ba\u015flat\u0131lan kampanya kapsam\u0131nda Erzincan Gen\u00e7lik Merkezi \u00e7al\u0131\u015fanlar\u0131 ve gen\u00e7ler kan ba\u011f\u0131\u015f\u0131nda bulunarak, kampanyaya destek verdi.<\/p>\n<p>K\u0131z\u0131lay\u2019a destek olmak i\u00e7in kan ba\u011f\u0131\u015f\u0131nda bulunduklar\u0131n\u0131 belirten gen\u00e7lerden Enes Da\u011fdelen ,&#8221;Erzincan Gen\u00e7lik Merkezi taraf\u0131ndan ba\u015flat\u0131lan kan ba\u011f\u0131\u015f kampanyas\u0131na destek olmak amac\u0131yla ben de kan ba\u011f\u0131\u015f\u0131nda bulundum. T\u00fcm gen\u00e7 arkada\u015flar\u0131 T\u00fcrk K\u0131z\u0131lay\u0131na deste olmak olmaya davet ediyorum&#8221;dedi.<\/p>\n<p>Gen\u00e7lerden Rana Nur Kavuk\u00e7u ise &#8221; Erzincan Gen\u00e7lik Merkezinin Kan ba\u011f\u0131\u015f kampanyas\u0131n\u0131 duydum. Bende destek olmak istedim. Kan ba\u011f\u0131\u015f\u0131 konusunda herkesin duyarl\u0131 olmas\u0131n\u0131 istiyorum&#8221; dedi.<\/p>\n<p>K\u0131z\u0131lay Kan Ba\u011f\u0131\u015f Merkezi Doktoru Ertu\u011frul Erdemir kan\u0131n s\u00fcrekli bir ihtiya\u00e7 oldu\u011funu belirterek, &#8220;K\u0131\u015f aylar\u0131yla birlikte kan ba\u011f\u0131\u015f\u0131na olan ilgi biraz daha azald\u0131. Bu ilginin azalmas\u0131ndan dolay\u0131 ya\u015fan\u0131lan s\u0131k\u0131nt\u0131y\u0131 g\u00f6ren Erzincan Gen\u00e7lik Merkezi \u00e7al\u0131\u015fanlar\u0131 ve g\u00f6n\u00fcll\u00fc gen\u00e7ler bizleri yaln\u0131z b\u0131rakmay\u0131p kan ba\u011f\u0131\u015f\u0131nda bulundular. Umar\u0131m bundan sonra da s\u0131k\u0131\u015ft\u0131\u011f\u0131m\u0131z veya dara d\u00fc\u015ft\u00fc\u011f\u00fcm\u00fcz zaman de\u011fil her zaman gen\u00e7lerimiz yan\u0131m\u0131zda olacaklar. Bilindi\u011fi gibi kan ba\u011f\u0131\u015f\u0131n\u0131n faydalar\u0131 \u00e7ok b\u00fcy\u00fckt\u00fcr. Kan ba\u011f\u0131\u015f\u0131 ile kandaki ya\u011f oran\u0131 y\u00fczde elli oran\u0131nda d\u00fc\u015fmektedir. Kan ba\u011f\u0131\u015f\u0131nda bulunun don\u00f6rler d\u00fczenli kan ba\u011f\u0131\u015f\u0131nda bulunmalar\u0131 halinde gen\u00e7 bir insan\u0131n 20-25 ya\u015f\u0131ndaki insan\u0131n kemik ili\u011fi gibi gen\u00e7 kalabilmektedir. Yap\u0131lan bilimsel ara\u015ft\u0131rmalar sonucunda y\u0131lda en az bir kez kan ba\u011f\u0131\u015f\u0131nda bulunan insanlar\u0131n kalp ve damar hastal\u0131klar\u0131na yakalanma oranlar\u0131n\u0131n b\u00fcy\u00fck \u00f6l\u00e7\u00fcde en aza indi\u011fini g\u00f6stermektedir. Bu y\u00fczden hem kendi sa\u011fl\u0131\u011f\u0131m\u0131z hem de ba\u015fka tan\u0131mad\u0131\u011f\u0131m\u0131z insanlar\u0131n sa\u011fl\u0131\u011f\u0131na kavu\u015fmalar\u0131 i\u00e7in kan ba\u011f\u0131\u015f\u0131nda bulunmal\u0131y\u0131z &#8221; ifadelerini kulland\u0131.<div class=\"tiled-gallery type-rectangular tiled-gallery-unresized\" data-original-width=\"500\" data-carousel-extra='null' itemscope itemtype=\"http:\/\/schema.org\/ImageGallery\" > <div class=\"gallery-row\" style=\"width: 500px; height: 224px;\" data-original-width=\"500\" data-original-height=\"224\" > <div class=\"gallery-group images-1\" style=\"width: 334px; height: 224px;\" data-original-width=\"334\" data-original-height=\"224\" > <div class=\"tiled-gallery-item tiled-gallery-item-large\" itemprop=\"associatedMedia\" itemscope itemtype=\"http:\/\/schema.org\/ImageObject\"> <a href=\"http:\/\/www.tvturk.com\/index.php\/erzincanda-gencler-kan-bagisiyla-kizilaya-destek-oldu\/erzincanda-gencler-kan-bagisiyla-kizilaya-destek-oldu-3\/\" border=\"0\" itemprop=\"url\"> <meta itemprop=\"width\" content=\"330\"> <meta itemprop=\"height\" content=\"220\"> <img decoding=\"async\" class=\"\" data-attachment-id=\"28798\" data-orig-file=\"http:\/\/www.tvturk.com\/wp-content\/uploads\/2019\/02\/erzincanda-gencler-kan-bagisiyla-kizilaya-destek-oldu_d7152ba.jpg\" data-orig-size=\"1000,666\" data-comments-opened=\"\" data-image-meta=\"{&quot;aperture&quot;:&quot;0&quot;,&quot;credit&quot;:&quot;IHA&quot;,&quot;camera&quot;:&quot;&quot;,&quot;caption&quot;:&quot;ERZ\\u0130NCAN\\u0027DA GEN\\u00c7LER KAN BA\\u011eI\\u015eI \\u0130LE KIZILAY\\u0027A DESTEK OLDULAR (FAT\\u0130H G\\u00dcLNAHAR\\\/ERZ\\u0130NCAN-\\u0130HA)&quot;,&quot;created_timestamp&quot;:&quot;0&quot;,&quot;copyright&quot;:&quot;\\u0130HLAS HABER AJANSI, www.iha.com.tr&quot;,&quot;focal_length&quot;:&quot;0&quot;,&quot;iso&quot;:&quot;0&quot;,&quot;shutter_speed&quot;:&quot;0&quot;,&quot;title&quot;:&quot;ERZ\\u0130NCAN\\u0027DA GEN\\u00c7LER KAN BA\\u011eI\\u015eIYLA KIZILAY\\u0027A DESTEK OLDU&quot;,&quot;orientation&quot;:&quot;0&quot;}\" data-image-title=\"Erzincan\u2019da gen\u00e7ler kan ba\u011f\u0131\u015f\u0131yla K\u0131z\u0131lay\u2019a destek oldu\" data-image-description=\"&lt;p&gt;Erzincan\u2019da gen\u00e7ler kan ba\u011f\u0131\u015f\u0131yla K\u0131z\u0131lay\u2019a destek oldu&lt;\/p&gt; \" data-medium-file=\"https:\/\/i0.wp.com\/www.tvturk.com\/wp-content\/uploads\/2019\/02\/erzincanda-gencler-kan-bagisiyla-kizilaya-destek-oldu_d7152ba.jpg?fit=300%2C200\" data-large-file=\"https:\/\/i0.wp.com\/www.tvturk.com\/wp-content\/uploads\/2019\/02\/erzincanda-gencler-kan-bagisiyla-kizilaya-destek-oldu_d7152ba.jpg?fit=1000%2C666\" src=\"https:\/\/i0.wp.com\/www.tvturk.com\/wp-content\/uploads\/2019\/02\/erzincanda-gencler-kan-bagisiyla-kizilaya-destek-oldu_d7152ba.jpg?w=330&#038;h=220\" srcset=\"https:\/\/i0.wp.com\/www.tvturk.com\/wp-content\/uploads\/2019\/02\/erzincanda-gencler-kan-bagisiyla-kizilaya-destek-oldu_d7152ba.jpg?w=1000 1000w, https:\/\/i0.wp.com\/www.tvturk.com\/wp-content\/uploads\/2019\/02\/erzincanda-gencler-kan-bagisiyla-kizilaya-destek-oldu_d7152ba.jpg?resize=150%2C100 150w, https:\/\/i0.wp.com\/www.tvturk.com\/wp-content\/uploads\/2019\/02\/erzincanda-gencler-kan-bagisiyla-kizilaya-destek-oldu_d7152ba.jpg?resize=300%2C200 300w, https:\/\/i0.wp.com\/www.tvturk.com\/wp-content\/uploads\/2019\/02\/erzincanda-gencler-kan-bagisiyla-kizilaya-destek-oldu_d7152ba.jpg?resize=768%2C511 768w, https:\/\/i0.wp.com\/www.tvturk.com\/wp-content\/uploads\/2019\/02\/erzincanda-gencler-kan-bagisiyla-kizilaya-destek-oldu_d7152ba.jpg?resize=170%2C113 170w, https:\/\/i0.wp.com\/www.tvturk.com\/wp-content\/uploads\/2019\/02\/erzincanda-gencler-kan-bagisiyla-kizilaya-destek-oldu_d7152ba.jpg?resize=120%2C80 120w\" width=\"330\" height=\"220\" loading=\"lazy\" data-original-width=\"330\" data-original-height=\"220\" itemprop=\"http:\/\/schema.org\/image\" title=\"Erzincan\u2019da gen\u00e7ler kan ba\u011f\u0131\u015f\u0131yla K\u0131z\u0131lay\u2019a destek oldu\" alt=\"Erzincan\u2019da gen\u00e7ler kan ba\u011f\u0131\u015f\u0131yla K\u0131z\u0131lay\u2019a destek oldu\" style=\"width: 330px; height: 220px;\" \/> <\/a> <\/div> <\/div> <!-- close group --> <div class=\"gallery-group images-2\" style=\"width: 166px; height: 224px;\" data-original-width=\"166\" data-original-height=\"224\" > <div class=\"tiled-gallery-item tiled-gallery-item-small\" itemprop=\"associatedMedia\" itemscope itemtype=\"http:\/\/schema.org\/ImageObject\"> <a href=\"http:\/\/www.tvturk.com\/index.php\/erzincanda-gencler-kan-bagisiyla-kizilaya-destek-oldu\/erzincanda-gencler-kan-bagisiyla-kizilaya-destek-oldu-4\/\" border=\"0\" itemprop=\"url\"> <meta itemprop=\"width\" content=\"162\"> <meta itemprop=\"height\" content=\"108\"> <img decoding=\"async\" class=\"\" data-attachment-id=\"28799\" data-orig-file=\"http:\/\/www.tvturk.com\/wp-content\/uploads\/2019\/02\/erzincanda-gencler-kan-bagisiyla-kizilaya-destek-oldu_d152845.jpg\" data-orig-size=\"1000,666\" data-comments-opened=\"\" data-image-meta=\"{&quot;aperture&quot;:&quot;0&quot;,&quot;credit&quot;:&quot;IHA&quot;,&quot;camera&quot;:&quot;&quot;,&quot;caption&quot;:&quot;ERZ\\u0130NCAN\\u0027DA GEN\\u00c7LER KAN BA\\u011eI\\u015eI \\u0130LE KIZILAY\\u0027A DESTEK OLDULAR (FAT\\u0130H G\\u00dcLNAHAR\\\/ERZ\\u0130NCAN-\\u0130HA)&quot;,&quot;created_timestamp&quot;:&quot;0&quot;,&quot;copyright&quot;:&quot;\\u0130HLAS HABER AJANSI, www.iha.com.tr&quot;,&quot;focal_length&quot;:&quot;0&quot;,&quot;iso&quot;:&quot;0&quot;,&quot;shutter_speed&quot;:&quot;0&quot;,&quot;title&quot;:&quot;ERZ\\u0130NCAN\\u0027DA GEN\\u00c7LER KAN BA\\u011eI\\u015eIYLA KIZILAY\\u0027A DESTEK OLDU&quot;,&quot;orientation&quot;:&quot;0&quot;}\" data-image-title=\"Erzincan\u2019da gen\u00e7ler kan ba\u011f\u0131\u015f\u0131yla K\u0131z\u0131lay\u2019a destek oldu\" data-image-description=\"&lt;p&gt;Erzincan\u2019da gen\u00e7ler kan ba\u011f\u0131\u015f\u0131yla K\u0131z\u0131lay\u2019a destek oldu&lt;\/p&gt; \" data-medium-file=\"https:\/\/i0.wp.com\/www.tvturk.com\/wp-content\/uploads\/2019\/02\/erzincanda-gencler-kan-bagisiyla-kizilaya-destek-oldu_d152845.jpg?fit=300%2C200\" data-large-file=\"https:\/\/i0.wp.com\/www.tvturk.com\/wp-content\/uploads\/2019\/02\/erzincanda-gencler-kan-bagisiyla-kizilaya-destek-oldu_d152845.jpg?fit=1000%2C666\" src=\"https:\/\/i0.wp.com\/www.tvturk.com\/wp-content\/uploads\/2019\/02\/erzincanda-gencler-kan-bagisiyla-kizilaya-destek-oldu_d152845.jpg?w=162&#038;h=108\" srcset=\"https:\/\/i0.wp.com\/www.tvturk.com\/wp-content\/uploads\/2019\/02\/erzincanda-gencler-kan-bagisiyla-kizilaya-destek-oldu_d152845.jpg?w=1000 1000w, https:\/\/i0.wp.com\/www.tvturk.com\/wp-content\/uploads\/2019\/02\/erzincanda-gencler-kan-bagisiyla-kizilaya-destek-oldu_d152845.jpg?resize=150%2C100 150w, https:\/\/i0.wp.com\/www.tvturk.com\/wp-content\/uploads\/2019\/02\/erzincanda-gencler-kan-bagisiyla-kizilaya-destek-oldu_d152845.jpg?resize=300%2C200 300w, https:\/\/i0.wp.com\/www.tvturk.com\/wp-content\/uploads\/2019\/02\/erzincanda-gencler-kan-bagisiyla-kizilaya-destek-oldu_d152845.jpg?resize=768%2C511 768w, https:\/\/i0.wp.com\/www.tvturk.com\/wp-content\/uploads\/2019\/02\/erzincanda-gencler-kan-bagisiyla-kizilaya-destek-oldu_d152845.jpg?resize=170%2C113 170w, https:\/\/i0.wp.com\/www.tvturk.com\/wp-content\/uploads\/2019\/02\/erzincanda-gencler-kan-bagisiyla-kizilaya-destek-oldu_d152845.jpg?resize=120%2C80 120w\" width=\"162\" height=\"108\" loading=\"lazy\" data-original-width=\"162\" data-original-height=\"108\" itemprop=\"http:\/\/schema.org\/image\" title=\"Erzincan\u2019da gen\u00e7ler kan ba\u011f\u0131\u015f\u0131yla K\u0131z\u0131lay\u2019a destek oldu\" alt=\"Erzincan\u2019da gen\u00e7ler kan ba\u011f\u0131\u015f\u0131yla K\u0131z\u0131lay\u2019a destek oldu\" style=\"width: 162px; height: 108px;\" \/> <\/a> <\/div> <div class=\"tiled-gallery-item tiled-gallery-item-small\" itemprop=\"associatedMedia\" itemscope itemtype=\"http:\/\/schema.org\/ImageObject\"> <a href=\"http:\/\/www.tvturk.com\/index.php\/erzincanda-gencler-kan-bagisiyla-kizilaya-destek-oldu\/erzincanda-gencler-kan-bagisiyla-kizilaya-destek-oldu-5\/\" border=\"0\" itemprop=\"url\"> <meta itemprop=\"width\" content=\"162\"> <meta itemprop=\"height\" content=\"108\"> <img decoding=\"async\" class=\"\" data-attachment-id=\"28800\" data-orig-file=\"http:\/\/www.tvturk.com\/wp-content\/uploads\/2019\/02\/erzincanda-gencler-kan-bagisiyla-kizilaya-destek-oldu_505cfd3.jpg\" data-orig-size=\"1000,666\" data-comments-opened=\"\" data-image-meta=\"{&quot;aperture&quot;:&quot;0&quot;,&quot;credit&quot;:&quot;IHA&quot;,&quot;camera&quot;:&quot;&quot;,&quot;caption&quot;:&quot;ERZ\\u0130NCAN\\u0027DA GEN\\u00c7LER KAN BA\\u011eI\\u015eI \\u0130LE KIZILAY\\u0027A DESTEK OLDULAR (FAT\\u0130H G\\u00dcLNAHAR\\\/ERZ\\u0130NCAN-\\u0130HA)&quot;,&quot;created_timestamp&quot;:&quot;0&quot;,&quot;copyright&quot;:&quot;\\u0130HLAS HABER AJANSI, www.iha.com.tr&quot;,&quot;focal_length&quot;:&quot;0&quot;,&quot;iso&quot;:&quot;0&quot;,&quot;shutter_speed&quot;:&quot;0&quot;,&quot;title&quot;:&quot;ERZ\\u0130NCAN\\u0027DA GEN\\u00c7LER KAN BA\\u011eI\\u015eIYLA KIZILAY\\u0027A DESTEK OLDU&quot;,&quot;orientation&quot;:&quot;0&quot;}\" data-image-title=\"Erzincan\u2019da gen\u00e7ler kan ba\u011f\u0131\u015f\u0131yla K\u0131z\u0131lay\u2019a destek oldu\" data-image-description=\"&lt;p&gt;Erzincan\u2019da gen\u00e7ler kan ba\u011f\u0131\u015f\u0131yla K\u0131z\u0131lay\u2019a destek oldu&lt;\/p&gt; \" data-medium-file=\"https:\/\/i0.wp.com\/www.tvturk.com\/wp-content\/uploads\/2019\/02\/erzincanda-gencler-kan-bagisiyla-kizilaya-destek-oldu_505cfd3.jpg?fit=300%2C200\" data-large-file=\"https:\/\/i0.wp.com\/www.tvturk.com\/wp-content\/uploads\/2019\/02\/erzincanda-gencler-kan-bagisiyla-kizilaya-destek-oldu_505cfd3.jpg?fit=1000%2C666\" src=\"https:\/\/i0.wp.com\/www.tvturk.com\/wp-content\/uploads\/2019\/02\/erzincanda-gencler-kan-bagisiyla-kizilaya-destek-oldu_505cfd3.jpg?w=162&#038;h=108\" srcset=\"https:\/\/i0.wp.com\/www.tvturk.com\/wp-content\/uploads\/2019\/02\/erzincanda-gencler-kan-bagisiyla-kizilaya-destek-oldu_505cfd3.jpg?w=1000 1000w, https:\/\/i0.wp.com\/www.tvturk.com\/wp-content\/uploads\/2019\/02\/erzincanda-gencler-kan-bagisiyla-kizilaya-destek-oldu_505cfd3.jpg?resize=150%2C100 150w, https:\/\/i0.wp.com\/www.tvturk.com\/wp-content\/uploads\/2019\/02\/erzincanda-gencler-kan-bagisiyla-kizilaya-destek-oldu_505cfd3.jpg?resize=300%2C200 300w, https:\/\/i0.wp.com\/www.tvturk.com\/wp-content\/uploads\/2019\/02\/erzincanda-gencler-kan-bagisiyla-kizilaya-destek-oldu_505cfd3.jpg?resize=768%2C511 768w, https:\/\/i0.wp.com\/www.tvturk.com\/wp-content\/uploads\/2019\/02\/erzincanda-gencler-kan-bagisiyla-kizilaya-destek-oldu_505cfd3.jpg?resize=170%2C113 170w, https:\/\/i0.wp.com\/www.tvturk.com\/wp-content\/uploads\/2019\/02\/erzincanda-gencler-kan-bagisiyla-kizilaya-destek-oldu_505cfd3.jpg?resize=120%2C80 120w\" width=\"162\" height=\"108\" loading=\"lazy\" data-original-width=\"162\" data-original-height=\"108\" itemprop=\"http:\/\/schema.org\/image\" title=\"Erzincan\u2019da gen\u00e7ler kan ba\u011f\u0131\u015f\u0131yla K\u0131z\u0131lay\u2019a destek oldu\" alt=\"Erzincan\u2019da gen\u00e7ler kan ba\u011f\u0131\u015f\u0131yla K\u0131z\u0131lay\u2019a destek oldu\" style=\"width: 162px; height: 108px;\" \/> <\/a> <\/div> <\/div> <!-- close group --> <\/div> <!-- close row --> <\/div><\/p>\n","protected":false},"excerpt":{"rendered":"<p>ERZ\u0130NCAN&#8217;DA GEN\u00c7LER KAN BA\u011eI\u015eI \u0130LE KIZILAY&#8217;A DESTEK OLDULAR<\/p>\n","protected":false},"author":1,"featured_media":28797,"comment_status":"closed","ping_status":"open","sticky":false,"template":"","format":"standard","meta":{"jetpack_post_was_ever_published":false,"_jetpack_newsletter_access":"","_jetpack_dont_email_post_to_subs":false,"_jetpack_newsletter_tier_id":0,"_jetpack_memberships_contains_paywalled_content":false,"_jetpack_memberships_contains_paid_content":false,"footnotes":"","jetpack_publicize_message":"","jetpack_publicize_feature_enabled":true,"jetpack_social_post_already_shared":false,"jetpack_social_options":{"image_generator_settings":{"template":"highway","default_image_id":0,"font":"","enabled":false},"version":2}},"categories":[655],"tags":[11590,61,3732,1622,202,3646,77],"class_list":["post-28796","post","type-post","status-publish","format-standard","has-post-thumbnail","hentry","category-son-dakika","tag-bagisiyla","tag-destek","tag-erzincanda","tag-gencler","tag-kan","tag-kizilaya","tag-oldu"],"jetpack_publicize_connections":[],"jetpack_featured_media_url":"https:\/\/i0.wp.com\/www.tvturk.com\/wp-content\/uploads\/2019\/02\/erzincanda-gencler-kan-bagisiyla-kizilaya-destek-oldu_7c9349c.jpg?fit=1000%2C666","jetpack_sharing_enabled":true,"jetpack_shortlink":"https:\/\/wp.me\/paKIfm-7us","_links":{"self":[{"href":"http:\/\/www.tvturk.com\/index.php\/wp-json\/wp\/v2\/posts\/28796","targetHints":{"allow":["GET"]}}],"collection":[{"href":"http:\/\/www.tvturk.com\/index.php\/wp-json\/wp\/v2\/posts"}],"about":[{"href":"http:\/\/www.tvturk.com\/index.php\/wp-json\/wp\/v2\/types\/post"}],"author":[{"embeddable":true,"href":"http:\/\/www.tvturk.com\/index.php\/wp-json\/wp\/v2\/users\/1"}],"replies":[{"embeddable":true,"href":"http:\/\/www.tvturk.com\/index.php\/wp-json\/wp\/v2\/comments?post=28796"}],"version-history":[{"count":1,"href":"http:\/\/www.tvturk.com\/index.php\/wp-json\/wp\/v2\/posts\/28796\/revisions"}],"predecessor-version":[{"id":28801,"href":"http:\/\/www.tvturk.com\/index.php\/wp-json\/wp\/v2\/posts\/28796\/revisions\/28801"}],"wp:featuredmedia":[{"embeddable":true,"href":"http:\/\/www.tvturk.com\/index.php\/wp-json\/wp\/v2\/media\/28797"}],"wp:attachment":[{"href":"http:\/\/www.tvturk.com\/index.php\/wp-json\/wp\/v2\/media?parent=28796"}],"wp:term":[{"taxonomy":"category","embeddable":true,"href":"http:\/\/www.tvturk.com\/index.php\/wp-json\/wp\/v2\/categories?post=28796"},{"taxonomy":"post_tag","embeddable":true,"href":"http:\/\/www.tvturk.com\/index.php\/wp-json\/wp\/v2\/tags?post=28796"}],"curies":[{"name":"wp","href":"https:\/\/api.w.org\/{rel}","templated":true}]}}