{"id":28825,"date":"2019-02-13T14:11:39","date_gmt":"2019-02-13T11:11:39","guid":{"rendered":"http:\/\/www.tvturk.com\/index.php\/kadin-guresciler-dereceyle-dondu\/"},"modified":"2019-02-13T14:11:45","modified_gmt":"2019-02-13T11:11:45","slug":"kadin-guresciler-dereceyle-dondu","status":"publish","type":"post","link":"http:\/\/www.tvturk.com\/index.php\/kadin-guresciler-dereceyle-dondu\/","title":{"rendered":"Kad\u0131n g\u00fcre\u015f\u00e7iler dereceyle d\u00f6nd\u00fc"},"content":{"rendered":"<p>B\u00fcy\u00fck Bayanlar G\u00fcre\u015f T\u00fcrkiye \u015eampiyonas\u0131nda Erzincanl\u0131 sporcular derece ile d\u00f6nd\u00fc.<\/p>\n<p>Bursa Mudanya\u2019da U23 B\u00fcy\u00fck Bayanlar T\u00fcrkiye \u015fampiyonas\u0131nda ya\u015flar\u0131 k\u00fc\u00e7\u00fck olmas\u0131na ra\u011fmen doktor raporuyla g\u00fcre\u015fmeye hak kazanan sporculardan Elvira Kamalo\u011flu 55kg da T\u00fcrkiye ikincisi, yine 53 kg da Almira Kahramano\u011flu 55 kg da T\u00fcrkiye be\u015fincisi oldu. \u0130lk kez kat\u0131ld\u0131klar\u0131 U23 B\u00fcy\u00fck Bayanlar T\u00fcrkiye \u015eampiyonas\u0131nda 2\u2019ncilik ve T\u00fcrkiye 5\u2019ncisi olan sporcular\u0131n hedefi bir sonraki \u015fampiyonada birincilik. Mudanya\u2019da ilk defa d\u00fczenlenen U23 Bayanlar Serbest G\u00fcre\u015f T\u00fcrkiye \u015eampiyonas\u0131 Mudanya Spor Salonunda d\u00fczenlendi. D\u00fczenlenen \u015fampiyonda ya\u015flar\u0131 k\u00fc\u00e7\u00fck olmas\u0131na ra\u011fmen doktor raporuyla g\u00fcre\u015fmeye hak kazanan sporculardan Elvira Kamalo\u011flu 55kg da T\u00fcrkiye ikincisi, yine 53 kg da Almira Kahramano\u011flu 55 kg da T\u00fcrkiye be\u015fincisi oldu. M\u00fcsabakalara 21 ilden 31 kul\u00fcp ve 121 sporcu kat\u0131l\u0131m g\u00f6sterdi. Ger\u00e7ekle\u015fen g\u00fcre\u015f m\u00fcsabakalar\u0131nda Sporcular g\u00f6sterdikleri ba\u015far\u0131l\u0131 performanslar\u0131 seyirciler taraf\u0131ndan alk\u0131\u015flarla takdir g\u00f6rd\u00fc. Genel klasmanda dereceye giren tak\u0131m ve sporculara madalya ve kuplar\u0131n\u0131 G\u00fcre\u015f Federasyonu Genel Sekreteri Tahir Y\u0131lmaz, Emekli Mudanya Milli E\u011fitim M\u00fcd\u00fcr\u00fc Osman \u015eeker, \u0130l\u00e7e Spor M\u00fcd\u00fcr\u00fc Sevgin G\u00fcne\u015f, Emniyet M\u00fcd\u00fcr\u00fc Serdar Makineci, Jandarma Komutan\u0131 Binba\u015f\u0131 Samet Ali K\u0131l\u0131\u00e7o\u011flu takdim etti.<div class=\"tiled-gallery type-rectangular tiled-gallery-unresized\" data-original-width=\"500\" data-carousel-extra='null' itemscope itemtype=\"http:\/\/schema.org\/ImageGallery\" > <div class=\"gallery-row\" style=\"width: 500px; height: 241px;\" data-original-width=\"500\" data-original-height=\"241\" > <div class=\"gallery-group images-1\" style=\"width: 317px; height: 241px;\" data-original-width=\"317\" data-original-height=\"241\" > <div class=\"tiled-gallery-item tiled-gallery-item-large\" itemprop=\"associatedMedia\" itemscope itemtype=\"http:\/\/schema.org\/ImageObject\"> <a href=\"http:\/\/www.tvturk.com\/index.php\/kadin-guresciler-dereceyle-dondu\/kadin-guresciler-dereceyle-dondu-3\/\" border=\"0\" itemprop=\"url\"> <meta itemprop=\"width\" content=\"313\"> <meta itemprop=\"height\" content=\"237\"> <img decoding=\"async\" class=\"\" data-attachment-id=\"28827\" data-orig-file=\"http:\/\/www.tvturk.com\/wp-content\/uploads\/2019\/02\/kadin-guresciler-dereceyle-dondu_e45fcee.jpg\" data-orig-size=\"948,719\" data-comments-opened=\"\" data-image-meta=\"{&quot;aperture&quot;:&quot;0&quot;,&quot;credit&quot;:&quot;IHA&quot;,&quot;camera&quot;:&quot;&quot;,&quot;caption&quot;:&quot;BAYAN G\\u00dcRE\\u015e\\u00c7\\u0130LER DERECE \\u0130L D\\u00d6ND\\u00dc (FAT\\u0130H G\\u00dcLNAHAR\\\/ERZ\\u0130NCAN-\\u0130HA)&quot;,&quot;created_timestamp&quot;:&quot;1550095080&quot;,&quot;copyright&quot;:&quot;\\u0130HLAS HABER AJANSI, www.iha.com.tr&quot;,&quot;focal_length&quot;:&quot;0&quot;,&quot;iso&quot;:&quot;0&quot;,&quot;shutter_speed&quot;:&quot;0&quot;,&quot;title&quot;:&quot;KADIN G\\u00dcRE\\u015e\\u00c7\\u0130LER DERECEYLE D\\u00d6ND\\u00dc&quot;,&quot;orientation&quot;:&quot;0&quot;}\" data-image-title=\"Kad\u0131n g\u00fcre\u015f\u00e7iler dereceyle d\u00f6nd\u00fc\" data-image-description=\"&lt;p&gt;Kad\u0131n g\u00fcre\u015f\u00e7iler dereceyle d\u00f6nd\u00fc&lt;\/p&gt; \" data-medium-file=\"https:\/\/i0.wp.com\/www.tvturk.com\/wp-content\/uploads\/2019\/02\/kadin-guresciler-dereceyle-dondu_e45fcee.jpg?fit=300%2C228\" data-large-file=\"https:\/\/i0.wp.com\/www.tvturk.com\/wp-content\/uploads\/2019\/02\/kadin-guresciler-dereceyle-dondu_e45fcee.jpg?fit=948%2C719\" src=\"https:\/\/i0.wp.com\/www.tvturk.com\/wp-content\/uploads\/2019\/02\/kadin-guresciler-dereceyle-dondu_e45fcee.jpg?w=313&#038;h=237\" srcset=\"https:\/\/i0.wp.com\/www.tvturk.com\/wp-content\/uploads\/2019\/02\/kadin-guresciler-dereceyle-dondu_e45fcee.jpg?w=948 948w, https:\/\/i0.wp.com\/www.tvturk.com\/wp-content\/uploads\/2019\/02\/kadin-guresciler-dereceyle-dondu_e45fcee.jpg?resize=150%2C114 150w, https:\/\/i0.wp.com\/www.tvturk.com\/wp-content\/uploads\/2019\/02\/kadin-guresciler-dereceyle-dondu_e45fcee.jpg?resize=300%2C228 300w, https:\/\/i0.wp.com\/www.tvturk.com\/wp-content\/uploads\/2019\/02\/kadin-guresciler-dereceyle-dondu_e45fcee.jpg?resize=768%2C582 768w\" width=\"313\" height=\"237\" loading=\"lazy\" data-original-width=\"313\" data-original-height=\"237\" itemprop=\"http:\/\/schema.org\/image\" title=\"Kad\u0131n g\u00fcre\u015f\u00e7iler dereceyle d\u00f6nd\u00fc\" alt=\"Kad\u0131n g\u00fcre\u015f\u00e7iler dereceyle d\u00f6nd\u00fc\" style=\"width: 313px; height: 237px;\" \/> <\/a> <\/div> <\/div> <!-- close group --> <div class=\"gallery-group images-1\" style=\"width: 183px; height: 241px;\" data-original-width=\"183\" data-original-height=\"241\" > <div class=\"tiled-gallery-item tiled-gallery-item-small\" itemprop=\"associatedMedia\" itemscope itemtype=\"http:\/\/schema.org\/ImageObject\"> <a href=\"http:\/\/www.tvturk.com\/index.php\/kadin-guresciler-dereceyle-dondu\/kadin-guresciler-dereceyle-dondu-4\/\" border=\"0\" itemprop=\"url\"> <meta itemprop=\"width\" content=\"179\"> <meta itemprop=\"height\" content=\"237\"> <img decoding=\"async\" class=\"\" data-attachment-id=\"28828\" data-orig-file=\"http:\/\/www.tvturk.com\/wp-content\/uploads\/2019\/02\/kadin-guresciler-dereceyle-dondu_208495d.jpg\" data-orig-size=\"586,777\" data-comments-opened=\"\" data-image-meta=\"{&quot;aperture&quot;:&quot;0&quot;,&quot;credit&quot;:&quot;IHA&quot;,&quot;camera&quot;:&quot;&quot;,&quot;caption&quot;:&quot;BAYAN G\\u00dcRE\\u015e\\u00c7\\u0130LER DERECE \\u0130L D\\u00d6ND\\u00dc (FAT\\u0130H G\\u00dcLNAHAR\\\/ERZ\\u0130NCAN-\\u0130HA)&quot;,&quot;created_timestamp&quot;:&quot;1550095080&quot;,&quot;copyright&quot;:&quot;\\u0130HLAS HABER AJANSI, www.iha.com.tr&quot;,&quot;focal_length&quot;:&quot;0&quot;,&quot;iso&quot;:&quot;0&quot;,&quot;shutter_speed&quot;:&quot;0&quot;,&quot;title&quot;:&quot;KADIN G\\u00dcRE\\u015e\\u00c7\\u0130LER DERECEYLE D\\u00d6ND\\u00dc&quot;,&quot;orientation&quot;:&quot;0&quot;}\" data-image-title=\"Kad\u0131n g\u00fcre\u015f\u00e7iler dereceyle d\u00f6nd\u00fc\" data-image-description=\"&lt;p&gt;Kad\u0131n g\u00fcre\u015f\u00e7iler dereceyle d\u00f6nd\u00fc&lt;\/p&gt; \" data-medium-file=\"https:\/\/i0.wp.com\/www.tvturk.com\/wp-content\/uploads\/2019\/02\/kadin-guresciler-dereceyle-dondu_208495d.jpg?fit=226%2C300\" data-large-file=\"https:\/\/i0.wp.com\/www.tvturk.com\/wp-content\/uploads\/2019\/02\/kadin-guresciler-dereceyle-dondu_208495d.jpg?fit=586%2C777\" src=\"https:\/\/i0.wp.com\/www.tvturk.com\/wp-content\/uploads\/2019\/02\/kadin-guresciler-dereceyle-dondu_208495d.jpg?w=179&#038;h=237\" srcset=\"https:\/\/i0.wp.com\/www.tvturk.com\/wp-content\/uploads\/2019\/02\/kadin-guresciler-dereceyle-dondu_208495d.jpg?w=586 586w, https:\/\/i0.wp.com\/www.tvturk.com\/wp-content\/uploads\/2019\/02\/kadin-guresciler-dereceyle-dondu_208495d.jpg?resize=113%2C150 113w, https:\/\/i0.wp.com\/www.tvturk.com\/wp-content\/uploads\/2019\/02\/kadin-guresciler-dereceyle-dondu_208495d.jpg?resize=226%2C300 226w\" width=\"179\" height=\"237\" loading=\"lazy\" data-original-width=\"179\" data-original-height=\"237\" itemprop=\"http:\/\/schema.org\/image\" title=\"Kad\u0131n g\u00fcre\u015f\u00e7iler dereceyle d\u00f6nd\u00fc\" alt=\"Kad\u0131n g\u00fcre\u015f\u00e7iler dereceyle d\u00f6nd\u00fc\" style=\"width: 179px; height: 237px;\" \/> <\/a> <\/div> <\/div> <!-- close group --> <\/div> <!-- close row --> <\/div><\/p>\n","protected":false},"excerpt":{"rendered":"<p>BAYAN G\u00dcRE\u015e\u00c7\u0130LER DERECE \u0130L D\u00d6ND\u00dc<\/p>\n","protected":false},"author":1,"featured_media":28826,"comment_status":"closed","ping_status":"open","sticky":false,"template":"","format":"standard","meta":{"jetpack_post_was_ever_published":false,"_jetpack_newsletter_access":"","_jetpack_dont_email_post_to_subs":false,"_jetpack_newsletter_tier_id":0,"_jetpack_memberships_contains_paywalled_content":false,"_jetpack_memberships_contains_paid_content":false,"footnotes":"","jetpack_publicize_message":"","jetpack_publicize_feature_enabled":true,"jetpack_social_post_already_shared":false,"jetpack_social_options":{"image_generator_settings":{"template":"highway","default_image_id":0,"font":"","enabled":false},"version":2}},"categories":[657],"tags":[11605,990,11604,108],"class_list":["post-28825","post","type-post","status-publish","format-standard","has-post-thumbnail","hentry","category-spor","tag-dereceyle","tag-dondu","tag-guresciler","tag-kadin"],"jetpack_publicize_connections":[],"jetpack_featured_media_url":"https:\/\/i0.wp.com\/www.tvturk.com\/wp-content\/uploads\/2019\/02\/kadin-guresciler-dereceyle-dondu_1af0cb3.jpg?fit=956%2C718","jetpack_sharing_enabled":true,"jetpack_shortlink":"https:\/\/wp.me\/paKIfm-7uV","_links":{"self":[{"href":"http:\/\/www.tvturk.com\/index.php\/wp-json\/wp\/v2\/posts\/28825","targetHints":{"allow":["GET"]}}],"collection":[{"href":"http:\/\/www.tvturk.com\/index.php\/wp-json\/wp\/v2\/posts"}],"about":[{"href":"http:\/\/www.tvturk.com\/index.php\/wp-json\/wp\/v2\/types\/post"}],"author":[{"embeddable":true,"href":"http:\/\/www.tvturk.com\/index.php\/wp-json\/wp\/v2\/users\/1"}],"replies":[{"embeddable":true,"href":"http:\/\/www.tvturk.com\/index.php\/wp-json\/wp\/v2\/comments?post=28825"}],"version-history":[{"count":1,"href":"http:\/\/www.tvturk.com\/index.php\/wp-json\/wp\/v2\/posts\/28825\/revisions"}],"predecessor-version":[{"id":28829,"href":"http:\/\/www.tvturk.com\/index.php\/wp-json\/wp\/v2\/posts\/28825\/revisions\/28829"}],"wp:featuredmedia":[{"embeddable":true,"href":"http:\/\/www.tvturk.com\/index.php\/wp-json\/wp\/v2\/media\/28826"}],"wp:attachment":[{"href":"http:\/\/www.tvturk.com\/index.php\/wp-json\/wp\/v2\/media?parent=28825"}],"wp:term":[{"taxonomy":"category","embeddable":true,"href":"http:\/\/www.tvturk.com\/index.php\/wp-json\/wp\/v2\/categories?post=28825"},{"taxonomy":"post_tag","embeddable":true,"href":"http:\/\/www.tvturk.com\/index.php\/wp-json\/wp\/v2\/tags?post=28825"}],"curies":[{"name":"wp","href":"https:\/\/api.w.org\/{rel}","templated":true}]}}