{"id":28897,"date":"2019-02-13T14:21:23","date_gmt":"2019-02-13T11:21:23","guid":{"rendered":"http:\/\/www.tvturk.com\/index.php\/din-ogretimi-calistayi-emette-gerceklestirildi\/"},"modified":"2019-02-13T14:21:26","modified_gmt":"2019-02-13T11:21:26","slug":"din-ogretimi-calistayi-emette-gerceklestirildi","status":"publish","type":"post","link":"http:\/\/www.tvturk.com\/index.php\/din-ogretimi-calistayi-emette-gerceklestirildi\/","title":{"rendered":"\u2019Din \u00f6\u011fretimi \u00c7al\u0131\u015ftay\u2019\u0131 Emet\u2019te ger\u00e7ekle\u015ftirildi"},"content":{"rendered":"<p>K\u00fctahya\u2019n\u0131n Emet il\u00e7esinde \u2019\u20192023 E\u011fitim Vizyonu ve K\u00fctahya\u2019da Din \u00d6\u011fretimi \u00c7al\u0131\u015ftay\u0131\u2019\u2019 ger\u00e7ekle\u015ftirildi.<\/p>\n<p>K\u00fctahya e\u011fitim vizyonu alt ba\u015fl\u0131klar\u0131ndan olan din \u00f6\u011fretimi kapsam\u0131nda planlanan \u201c2023 E\u011fitim Vizyonu ve K\u00fctahya\u2019da Din \u00d6\u011fretimi \u00c7al\u0131\u015ftay\u0131\u201d 2 g\u00fcn boyunca  Emet Termal Otel Konferans Salonunda ger\u00e7ekle\u015ftirildi.<\/p>\n<p>Kur\u2019an-\u0131 Kerim tilaveti ile ba\u015flayan program\u0131n a\u00e7\u0131l\u0131\u015f konu\u015fmas\u0131n\u0131 \u0130l Milli E\u011fitim M\u00fcd\u00fcr\u00fc Hasan Ba\u015fyi\u011fit yapt\u0131.<\/p>\n<p>\u00c7al\u0131\u015ftayda Prof. Dr. Halit \u00c7al\u0131\u015f, Prof. Dr. Bilal Kemikli, Dr. Selami Erdo\u011fan, Dr. Faruk S\u00f6ylev \u0130l Milli E\u011fitim \u015eube M\u00fcd\u00fcrleri \u0130brahim Sak ve \u0130smail G\u00fcven, Emet Milli E\u011fitim M\u00fcd\u00fcr\u00fc Mustafa C\u00f6re, Okul M\u00fcd\u00fcrleri Ali Menek\u015fe ve emekli Anadolu \u0130mam Hatip Lisesi M\u00fcd\u00fcr\u00fc M\u00fccahit K\u00f6ksal konu\u015fmac\u0131 olarak kat\u0131ld\u0131.<\/p>\n<p>3 tema ve 8 alt ba\u015fl\u0131kta planlanan \u00e7al\u0131\u015ftayda K\u00fctahya genelinde din \u00f6\u011fretiminde neredeyiz, nereye ula\u015fmay\u0131 hedefliyoruz ve kalitemizi nas\u0131l art\u0131rabiliriz sorular\u0131na cevap arand\u0131. \u00c7al\u0131\u015ftay da imam hatip okullar\u0131nda var olan sorunlar ve bunlara \u00e7\u00f6z\u00fcm \u00f6nerileri de dile getirildi.<div class=\"tiled-gallery type-rectangular tiled-gallery-unresized\" data-original-width=\"500\" data-carousel-extra='null' itemscope itemtype=\"http:\/\/schema.org\/ImageGallery\" > <div class=\"gallery-row\" style=\"width: 500px; height: 223px;\" data-original-width=\"500\" data-original-height=\"223\" > <div class=\"gallery-group images-1\" style=\"width: 334px; height: 223px;\" data-original-width=\"334\" data-original-height=\"223\" > <div class=\"tiled-gallery-item tiled-gallery-item-large\" itemprop=\"associatedMedia\" itemscope itemtype=\"http:\/\/schema.org\/ImageObject\"> <a href=\"http:\/\/www.tvturk.com\/index.php\/din-ogretimi-calistayi-emette-gerceklestirildi\/din-ogretimi-calistayi-emette-gerceklestirildi-3\/\" border=\"0\" itemprop=\"url\"> <meta itemprop=\"width\" content=\"330\"> <meta itemprop=\"height\" content=\"219\"> <img decoding=\"async\" class=\"\" data-attachment-id=\"28899\" data-orig-file=\"http:\/\/www.tvturk.com\/wp-content\/uploads\/2019\/02\/din-ogretimi-calistayi-emette-gerceklestirildi_58ac2e4.jpg\" data-orig-size=\"1000,665\" data-comments-opened=\"\" data-image-meta=\"{&quot;aperture&quot;:&quot;0&quot;,&quot;credit&quot;:&quot;IHA&quot;,&quot;camera&quot;:&quot;&quot;,&quot;caption&quot;:&quot;D\\u0130N \\u00d6\\u011eRET\\u0130M\\u0130 \\u00c7ALI\\u015eTAYI EMET\\u0027TE GER\\u00c7EKLE\\u015eT\\u0130R\\u0130LD\\u0130 (YUNUS DA\\u015eDEM\\u0130R\\\/K\\u00dcTAHYA-\\u0130HA)&quot;,&quot;created_timestamp&quot;:&quot;0&quot;,&quot;copyright&quot;:&quot;\\u0130HLAS HABER AJANSI, www.iha.com.tr&quot;,&quot;focal_length&quot;:&quot;0&quot;,&quot;iso&quot;:&quot;0&quot;,&quot;shutter_speed&quot;:&quot;0&quot;,&quot;title&quot;:&quot;\\u0027D\\u0130N \\u00d6\\u011eRET\\u0130M\\u0130 \\u00c7ALI\\u015eTAY\\u0027I EMET\\u0027TE GER\\u00c7EKLE\\u015eT\\u0130R\\u0130LD\\u0130&quot;,&quot;orientation&quot;:&quot;0&quot;}\" data-image-title=\"\u2019Din \u00f6\u011fretimi \u00c7al\u0131\u015ftay\u2019\u0131 Emet\u2019te ger\u00e7ekle\u015ftirildi\" data-image-description=\"&lt;p&gt;\u2019Din \u00f6\u011fretimi \u00c7al\u0131\u015ftay\u2019\u0131 Emet\u2019te ger\u00e7ekle\u015ftirildi&lt;\/p&gt; \" data-medium-file=\"https:\/\/i0.wp.com\/www.tvturk.com\/wp-content\/uploads\/2019\/02\/din-ogretimi-calistayi-emette-gerceklestirildi_58ac2e4.jpg?fit=300%2C200\" data-large-file=\"https:\/\/i0.wp.com\/www.tvturk.com\/wp-content\/uploads\/2019\/02\/din-ogretimi-calistayi-emette-gerceklestirildi_58ac2e4.jpg?fit=1000%2C665\" src=\"https:\/\/i0.wp.com\/www.tvturk.com\/wp-content\/uploads\/2019\/02\/din-ogretimi-calistayi-emette-gerceklestirildi_58ac2e4.jpg?w=330&#038;h=219\" srcset=\"https:\/\/i0.wp.com\/www.tvturk.com\/wp-content\/uploads\/2019\/02\/din-ogretimi-calistayi-emette-gerceklestirildi_58ac2e4.jpg?w=1000 1000w, https:\/\/i0.wp.com\/www.tvturk.com\/wp-content\/uploads\/2019\/02\/din-ogretimi-calistayi-emette-gerceklestirildi_58ac2e4.jpg?resize=150%2C100 150w, https:\/\/i0.wp.com\/www.tvturk.com\/wp-content\/uploads\/2019\/02\/din-ogretimi-calistayi-emette-gerceklestirildi_58ac2e4.jpg?resize=300%2C200 300w, https:\/\/i0.wp.com\/www.tvturk.com\/wp-content\/uploads\/2019\/02\/din-ogretimi-calistayi-emette-gerceklestirildi_58ac2e4.jpg?resize=768%2C511 768w, https:\/\/i0.wp.com\/www.tvturk.com\/wp-content\/uploads\/2019\/02\/din-ogretimi-calistayi-emette-gerceklestirildi_58ac2e4.jpg?resize=170%2C113 170w, https:\/\/i0.wp.com\/www.tvturk.com\/wp-content\/uploads\/2019\/02\/din-ogretimi-calistayi-emette-gerceklestirildi_58ac2e4.jpg?resize=120%2C80 120w\" width=\"330\" height=\"219\" loading=\"lazy\" data-original-width=\"330\" data-original-height=\"219\" itemprop=\"http:\/\/schema.org\/image\" title=\"\u2019Din \u00f6\u011fretimi \u00c7al\u0131\u015ftay\u2019\u0131 Emet\u2019te ger\u00e7ekle\u015ftirildi\" alt=\"\u2019Din \u00f6\u011fretimi \u00c7al\u0131\u015ftay\u2019\u0131 Emet\u2019te ger\u00e7ekle\u015ftirildi\" style=\"width: 330px; height: 219px;\" \/> <\/a> <\/div> <\/div> <!-- close group --> <div class=\"gallery-group images-2\" style=\"width: 166px; height: 223px;\" data-original-width=\"166\" data-original-height=\"223\" > <div class=\"tiled-gallery-item tiled-gallery-item-small\" itemprop=\"associatedMedia\" itemscope itemtype=\"http:\/\/schema.org\/ImageObject\"> <a href=\"http:\/\/www.tvturk.com\/index.php\/din-ogretimi-calistayi-emette-gerceklestirildi\/din-ogretimi-calistayi-emette-gerceklestirildi-4\/\" border=\"0\" itemprop=\"url\"> <meta itemprop=\"width\" content=\"162\"> <meta itemprop=\"height\" content=\"108\"> <img decoding=\"async\" class=\"\" data-attachment-id=\"28900\" data-orig-file=\"http:\/\/www.tvturk.com\/wp-content\/uploads\/2019\/02\/din-ogretimi-calistayi-emette-gerceklestirildi_eff8baf.jpg\" data-orig-size=\"1000,665\" data-comments-opened=\"\" data-image-meta=\"{&quot;aperture&quot;:&quot;0&quot;,&quot;credit&quot;:&quot;IHA&quot;,&quot;camera&quot;:&quot;&quot;,&quot;caption&quot;:&quot;D\\u0130N \\u00d6\\u011eRET\\u0130M\\u0130 \\u00c7ALI\\u015eTAYI EMET\\u0027TE GER\\u00c7EKLE\\u015eT\\u0130R\\u0130LD\\u0130 (YUNUS DA\\u015eDEM\\u0130R\\\/K\\u00dcTAHYA-\\u0130HA)&quot;,&quot;created_timestamp&quot;:&quot;0&quot;,&quot;copyright&quot;:&quot;\\u0130HLAS HABER AJANSI, www.iha.com.tr&quot;,&quot;focal_length&quot;:&quot;0&quot;,&quot;iso&quot;:&quot;0&quot;,&quot;shutter_speed&quot;:&quot;0&quot;,&quot;title&quot;:&quot;\\u0027D\\u0130N \\u00d6\\u011eRET\\u0130M\\u0130 \\u00c7ALI\\u015eTAY\\u0027I EMET\\u0027TE GER\\u00c7EKLE\\u015eT\\u0130R\\u0130LD\\u0130&quot;,&quot;orientation&quot;:&quot;0&quot;}\" data-image-title=\"\u2019Din \u00f6\u011fretimi \u00c7al\u0131\u015ftay\u2019\u0131 Emet\u2019te ger\u00e7ekle\u015ftirildi\" data-image-description=\"&lt;p&gt;\u2019Din \u00f6\u011fretimi \u00c7al\u0131\u015ftay\u2019\u0131 Emet\u2019te ger\u00e7ekle\u015ftirildi&lt;\/p&gt; \" data-medium-file=\"https:\/\/i0.wp.com\/www.tvturk.com\/wp-content\/uploads\/2019\/02\/din-ogretimi-calistayi-emette-gerceklestirildi_eff8baf.jpg?fit=300%2C200\" data-large-file=\"https:\/\/i0.wp.com\/www.tvturk.com\/wp-content\/uploads\/2019\/02\/din-ogretimi-calistayi-emette-gerceklestirildi_eff8baf.jpg?fit=1000%2C665\" src=\"https:\/\/i0.wp.com\/www.tvturk.com\/wp-content\/uploads\/2019\/02\/din-ogretimi-calistayi-emette-gerceklestirildi_eff8baf.jpg?w=162&#038;h=108\" srcset=\"https:\/\/i0.wp.com\/www.tvturk.com\/wp-content\/uploads\/2019\/02\/din-ogretimi-calistayi-emette-gerceklestirildi_eff8baf.jpg?w=1000 1000w, https:\/\/i0.wp.com\/www.tvturk.com\/wp-content\/uploads\/2019\/02\/din-ogretimi-calistayi-emette-gerceklestirildi_eff8baf.jpg?resize=150%2C100 150w, https:\/\/i0.wp.com\/www.tvturk.com\/wp-content\/uploads\/2019\/02\/din-ogretimi-calistayi-emette-gerceklestirildi_eff8baf.jpg?resize=300%2C200 300w, https:\/\/i0.wp.com\/www.tvturk.com\/wp-content\/uploads\/2019\/02\/din-ogretimi-calistayi-emette-gerceklestirildi_eff8baf.jpg?resize=768%2C511 768w, https:\/\/i0.wp.com\/www.tvturk.com\/wp-content\/uploads\/2019\/02\/din-ogretimi-calistayi-emette-gerceklestirildi_eff8baf.jpg?resize=170%2C113 170w, https:\/\/i0.wp.com\/www.tvturk.com\/wp-content\/uploads\/2019\/02\/din-ogretimi-calistayi-emette-gerceklestirildi_eff8baf.jpg?resize=120%2C80 120w\" width=\"162\" height=\"108\" loading=\"lazy\" data-original-width=\"162\" data-original-height=\"108\" itemprop=\"http:\/\/schema.org\/image\" title=\"\u2019Din \u00f6\u011fretimi \u00c7al\u0131\u015ftay\u2019\u0131 Emet\u2019te ger\u00e7ekle\u015ftirildi\" alt=\"\u2019Din \u00f6\u011fretimi \u00c7al\u0131\u015ftay\u2019\u0131 Emet\u2019te ger\u00e7ekle\u015ftirildi\" style=\"width: 162px; height: 108px;\" \/> <\/a> <\/div> <div class=\"tiled-gallery-item tiled-gallery-item-small\" itemprop=\"associatedMedia\" itemscope itemtype=\"http:\/\/schema.org\/ImageObject\"> <a href=\"http:\/\/www.tvturk.com\/index.php\/din-ogretimi-calistayi-emette-gerceklestirildi\/din-ogretimi-calistayi-emette-gerceklestirildi-5\/\" border=\"0\" itemprop=\"url\"> <meta itemprop=\"width\" content=\"162\"> <meta itemprop=\"height\" content=\"107\"> <img decoding=\"async\" class=\"\" data-attachment-id=\"28901\" data-orig-file=\"http:\/\/www.tvturk.com\/wp-content\/uploads\/2019\/02\/din-ogretimi-calistayi-emette-gerceklestirildi_ce5ac66.jpg\" data-orig-size=\"1000,665\" data-comments-opened=\"\" data-image-meta=\"{&quot;aperture&quot;:&quot;0&quot;,&quot;credit&quot;:&quot;IHA&quot;,&quot;camera&quot;:&quot;&quot;,&quot;caption&quot;:&quot;D\\u0130N \\u00d6\\u011eRET\\u0130M\\u0130 \\u00c7ALI\\u015eTAYI EMET\\u0027TE GER\\u00c7EKLE\\u015eT\\u0130R\\u0130LD\\u0130 (YUNUS DA\\u015eDEM\\u0130R\\\/K\\u00dcTAHYA-\\u0130HA)&quot;,&quot;created_timestamp&quot;:&quot;0&quot;,&quot;copyright&quot;:&quot;\\u0130HLAS HABER AJANSI, www.iha.com.tr&quot;,&quot;focal_length&quot;:&quot;0&quot;,&quot;iso&quot;:&quot;0&quot;,&quot;shutter_speed&quot;:&quot;0&quot;,&quot;title&quot;:&quot;\\u0027D\\u0130N \\u00d6\\u011eRET\\u0130M\\u0130 \\u00c7ALI\\u015eTAY\\u0027I EMET\\u0027TE GER\\u00c7EKLE\\u015eT\\u0130R\\u0130LD\\u0130&quot;,&quot;orientation&quot;:&quot;0&quot;}\" data-image-title=\"\u2019Din \u00f6\u011fretimi \u00c7al\u0131\u015ftay\u2019\u0131 Emet\u2019te ger\u00e7ekle\u015ftirildi\" data-image-description=\"&lt;p&gt;\u2019Din \u00f6\u011fretimi \u00c7al\u0131\u015ftay\u2019\u0131 Emet\u2019te ger\u00e7ekle\u015ftirildi&lt;\/p&gt; \" data-medium-file=\"https:\/\/i0.wp.com\/www.tvturk.com\/wp-content\/uploads\/2019\/02\/din-ogretimi-calistayi-emette-gerceklestirildi_ce5ac66.jpg?fit=300%2C200\" data-large-file=\"https:\/\/i0.wp.com\/www.tvturk.com\/wp-content\/uploads\/2019\/02\/din-ogretimi-calistayi-emette-gerceklestirildi_ce5ac66.jpg?fit=1000%2C665\" src=\"https:\/\/i0.wp.com\/www.tvturk.com\/wp-content\/uploads\/2019\/02\/din-ogretimi-calistayi-emette-gerceklestirildi_ce5ac66.jpg?w=162&#038;h=107\" srcset=\"https:\/\/i0.wp.com\/www.tvturk.com\/wp-content\/uploads\/2019\/02\/din-ogretimi-calistayi-emette-gerceklestirildi_ce5ac66.jpg?w=1000 1000w, https:\/\/i0.wp.com\/www.tvturk.com\/wp-content\/uploads\/2019\/02\/din-ogretimi-calistayi-emette-gerceklestirildi_ce5ac66.jpg?resize=150%2C100 150w, https:\/\/i0.wp.com\/www.tvturk.com\/wp-content\/uploads\/2019\/02\/din-ogretimi-calistayi-emette-gerceklestirildi_ce5ac66.jpg?resize=300%2C200 300w, https:\/\/i0.wp.com\/www.tvturk.com\/wp-content\/uploads\/2019\/02\/din-ogretimi-calistayi-emette-gerceklestirildi_ce5ac66.jpg?resize=768%2C511 768w, https:\/\/i0.wp.com\/www.tvturk.com\/wp-content\/uploads\/2019\/02\/din-ogretimi-calistayi-emette-gerceklestirildi_ce5ac66.jpg?resize=170%2C113 170w, https:\/\/i0.wp.com\/www.tvturk.com\/wp-content\/uploads\/2019\/02\/din-ogretimi-calistayi-emette-gerceklestirildi_ce5ac66.jpg?resize=120%2C80 120w\" width=\"162\" height=\"107\" loading=\"lazy\" data-original-width=\"162\" data-original-height=\"107\" itemprop=\"http:\/\/schema.org\/image\" title=\"\u2019Din \u00f6\u011fretimi \u00c7al\u0131\u015ftay\u2019\u0131 Emet\u2019te ger\u00e7ekle\u015ftirildi\" alt=\"\u2019Din \u00f6\u011fretimi \u00c7al\u0131\u015ftay\u2019\u0131 Emet\u2019te ger\u00e7ekle\u015ftirildi\" style=\"width: 162px; height: 107px;\" \/> <\/a> <\/div> <\/div> <!-- close group --> <\/div> <!-- close row --> <\/div><\/p>\n","protected":false},"excerpt":{"rendered":"<p>D\u0130N \u00d6\u011eRET\u0130M\u0130 \u00c7ALI\u015eTAYI EMET&#8217;TE GER\u00c7EKLE\u015eT\u0130R\u0130LD\u0130<\/p>\n","protected":false},"author":1,"featured_media":28898,"comment_status":"closed","ping_status":"open","sticky":false,"template":"","format":"standard","meta":{"jetpack_post_was_ever_published":false,"_jetpack_newsletter_access":"","_jetpack_dont_email_post_to_subs":false,"_jetpack_newsletter_tier_id":0,"_jetpack_memberships_contains_paywalled_content":false,"_jetpack_memberships_contains_paid_content":false,"footnotes":"","jetpack_publicize_message":"","jetpack_publicize_feature_enabled":true,"jetpack_social_post_already_shared":false,"jetpack_social_options":{"image_generator_settings":{"template":"highway","default_image_id":0,"font":"","enabled":false},"version":2}},"categories":[659],"tags":[304,1525,4316,412,7518],"class_list":["post-28897","post","type-post","status-publish","format-standard","has-post-thumbnail","hentry","category-egitim","tag-calistayi","tag-din","tag-emette","tag-gerceklestirildi","tag-ogretimi"],"jetpack_publicize_connections":[],"jetpack_featured_media_url":"https:\/\/i0.wp.com\/www.tvturk.com\/wp-content\/uploads\/2019\/02\/din-ogretimi-calistayi-emette-gerceklestirildi_121cd9c.jpg?fit=1000%2C563","jetpack_sharing_enabled":true,"jetpack_shortlink":"https:\/\/wp.me\/paKIfm-7w5","_links":{"self":[{"href":"http:\/\/www.tvturk.com\/index.php\/wp-json\/wp\/v2\/posts\/28897","targetHints":{"allow":["GET"]}}],"collection":[{"href":"http:\/\/www.tvturk.com\/index.php\/wp-json\/wp\/v2\/posts"}],"about":[{"href":"http:\/\/www.tvturk.com\/index.php\/wp-json\/wp\/v2\/types\/post"}],"author":[{"embeddable":true,"href":"http:\/\/www.tvturk.com\/index.php\/wp-json\/wp\/v2\/users\/1"}],"replies":[{"embeddable":true,"href":"http:\/\/www.tvturk.com\/index.php\/wp-json\/wp\/v2\/comments?post=28897"}],"version-history":[{"count":1,"href":"http:\/\/www.tvturk.com\/index.php\/wp-json\/wp\/v2\/posts\/28897\/revisions"}],"predecessor-version":[{"id":28902,"href":"http:\/\/www.tvturk.com\/index.php\/wp-json\/wp\/v2\/posts\/28897\/revisions\/28902"}],"wp:featuredmedia":[{"embeddable":true,"href":"http:\/\/www.tvturk.com\/index.php\/wp-json\/wp\/v2\/media\/28898"}],"wp:attachment":[{"href":"http:\/\/www.tvturk.com\/index.php\/wp-json\/wp\/v2\/media?parent=28897"}],"wp:term":[{"taxonomy":"category","embeddable":true,"href":"http:\/\/www.tvturk.com\/index.php\/wp-json\/wp\/v2\/categories?post=28897"},{"taxonomy":"post_tag","embeddable":true,"href":"http:\/\/www.tvturk.com\/index.php\/wp-json\/wp\/v2\/tags?post=28897"}],"curies":[{"name":"wp","href":"https:\/\/api.w.org\/{rel}","templated":true}]}}