{"id":28903,"date":"2019-02-13T14:31:04","date_gmt":"2019-02-13T11:31:04","guid":{"rendered":"http:\/\/www.tvturk.com\/index.php\/cok-pismanim-diyen-katil-zanlisina-iyi-hal-indirimi\/"},"modified":"2019-02-13T14:31:07","modified_gmt":"2019-02-13T11:31:07","slug":"cok-pismanim-diyen-katil-zanlisina-iyi-hal-indirimi","status":"publish","type":"post","link":"http:\/\/www.tvturk.com\/index.php\/cok-pismanim-diyen-katil-zanlisina-iyi-hal-indirimi\/","title":{"rendered":"\u2018\u00c7ok pi\u015fman\u0131m\u2019 diyen katil zanl\u0131s\u0131na iyi hal indirimi"},"content":{"rendered":"<p>Kayseri\u2019de 3 y\u0131ld\u0131r birlikte oldu\u011fu 43 ya\u015f\u0131ndaki kad\u0131n\u0131 sokak ortas\u0131nda av t\u00fcfe\u011fi ile \u00f6ld\u00fcren 8 \u00e7ocuk babas\u0131, evli 59 ya\u015f\u0131ndaki tutuklu san\u0131\u011fa \u2018kasten adam \u00f6ld\u00fcrme\u2019 su\u00e7undan \u00f6nce m\u00fcebbet hapis cezas\u0131 verildi, sonra \u2018\u00c7ok pi\u015fman\u0131m\u2019 diyen san\u0131k, iyi hal indirimi ile 25 y\u0131l hapse mahkum edildi.<\/p>\n<p>9 Aral\u0131k 2018\u2019de Kocasinan il\u00e7esi Fevzi \u00c7akmak Mahallesi Kolej Sokak \u00fczerinde meydana gelen olayda 43 ya\u015f\u0131ndaki Serpil Y\u0131ld\u0131z, av t\u00fcfe\u011fi ile vuruldu. \u0130hbar \u00fczerine olay yerine giden polis ekipleri Serpil Y\u0131ld\u0131z\u2019\u0131n hayat\u0131n\u0131 kaybetti\u011fini belirledi. Olay\u0131 ger\u00e7ekle\u015ftiren \u015fahs\u0131n 38 NS 398 plakal\u0131 beyaz renkli ara\u00e7la ayr\u0131ld\u0131\u011f\u0131 bilgisi \u00fczerine \u00e7al\u0131\u015fma ba\u015flatan polisler, \u015f\u00fcpheli \u015fahs\u0131n Kayaba\u015f\u0131 Mahallesi\u2019ndeki ikametine operasyon yapt\u0131. \u015e\u00fcpheli Halit \u00c7. su\u00e7 aleti av t\u00fcfe\u011fi ile birlikte yakaland\u0131. Emniyet\u2019teki sorgusunun ard\u0131ndan adliyeye sevk edilen \u015f\u00fcpheli Halit \u00c7., \u00e7\u0131kar\u0131ld\u0131\u011f\u0131 mahkemece tutuklanarak cezaevine g\u00f6nderildi.<\/p>\n<p>Kayseri 5. A\u011f\u0131r Ceza Mahkemesi\u2019nde g\u00f6r\u00fclen davan\u0131n ilk celsesinde tutuklu san\u0131k Halit \u00c7. (40), \u00f6ld\u00fcr\u00fclen kad\u0131n Serpil Y\u0131ld\u0131z\u2019\u0131n \u015fikayet\u00e7i o\u011fullar\u0131 E.U., E.U. ve \u015fikayet\u00e7i k\u0131z\u0131 E.U. ile avukatlar haz\u0131r bulundu.<\/p>\n<p>\u201c\u00c7ok a\u011f\u0131r konu\u015funca t\u00fcfe\u011fi de\u011fnek gibi kullan\u0131p iki tane vuracakt\u0131m\u201d<\/p>\n<p>Serpil Y\u0131ld\u0131z\u2019\u0131 kasten \u00f6ld\u00fcrmedi\u011fini, kazayla cinayetin oldu\u011funu s\u00f6yleyen tutuklu san\u0131k 8 \u00e7ocuk babas\u0131, evli Halit \u00c7., ilk celsede \u015funlar\u0131 s\u00f6ylemi\u015fti:<\/p>\n<p>\u201cBen olay g\u00fcn\u00fc telefon faturam\u0131 yat\u0131racakt\u0131m. Emirgan Park\u0131\u2019n\u0131n orada arac\u0131m\u0131 park ettim, orada kar\u015f\u0131la\u015ft\u0131k. Benim hakk\u0131mda uzakla\u015ft\u0131rma karar\u0131 i\u00e7in \u015fikayet etmi\u015fti, ben de neden \u015fikayet etti\u011fini sorunca, a\u011fza al\u0131nmayacak k\u00fcf\u00fcrler etti. O k\u00fcf\u00fcrleri burada s\u00f6ylemeyece\u011fim ama \u00e7ok a\u011f\u0131r konu\u015funca arac\u0131n arkas\u0131nda f\u0131r\u00e7an\u0131n sap\u0131 ile birka\u00e7 kez vuracakt\u0131m ama arac\u0131n bagaj\u0131nda f\u0131r\u00e7ay\u0131 bulamad\u0131m, t\u00fcfe\u011fi g\u00f6rd\u00fcm, onu de\u011fnek gibi kullanacakt\u0131m, t\u00fcfek ate\u015f al\u0131nca ben yaraland\u0131\u011f\u0131n\u0131 fark etmedim, t\u00fcfe\u011fi bagaja at\u0131p gittim, k\u00fcf\u00fcr etti\u011fi i\u00e7in yapt\u0131m. \u00c7ok pi\u015fman\u0131m, bana 60-70 bin TL civar\u0131nda borcu da var, b\u00fcy\u00fck o\u011flunu ben evlendirdim ama olay g\u00fcn\u00fc aram\u0131zda bu konu\u015fulmad\u0131, sadece uzakla\u015ft\u0131rma y\u00fcz\u00fcnden tart\u0131\u015ft\u0131k.\u201d<\/p>\n<p>Savc\u0131, tasarlayarak kasten adam \u00f6ld\u00fcrme su\u00e7undan ceza istedi<\/p>\n<p>San\u0131\u011f\u0131n \u2018tasarlayarak kasten adam \u00f6ld\u00fcrme\u2019 su\u00e7undan cezaland\u0131r\u0131lmas\u0131n\u0131 talep eden savc\u0131, m\u00fctalaas\u0131n\u0131 tekrar ederek maktul\u00fcn 10-12 y\u0131l \u00f6nce e\u015finden bo\u015fand\u0131\u011f\u0131, k\u0131z\u0131 ile birlikte kald\u0131\u011f\u0131, kahvalt\u0131l\u0131k malzemeler satan bir i\u015fyerinde \u00e7al\u0131\u015ft\u0131\u011f\u0131, o i\u015fyerine m\u00fc\u015fteri olarak gelen san\u0131k ile tan\u0131\u015ft\u0131\u011f\u0131 belirtildi. Evli olan san\u0131\u011f\u0131n e\u015finin rahim kanseri tedavisi g\u00f6rd\u00fc\u011f\u00fc i\u00e7in e\u015fi ile ili\u015fki ya\u015fayamad\u0131\u011f\u0131, maktul ile yak\u0131nla\u015ft\u0131\u011f\u0131, bekar evlerinde kar\u0131 koca ya\u015fad\u0131klar\u0131 ifade edilen m\u00fctalaada, su\u00e7 tarihinden 30-40 g\u00fcn \u00f6nce maktul\u00fcn kad\u0131n hastal\u0131\u011f\u0131 nedeniyle tedavi oldu\u011fu, bu s\u00fcre\u00e7te san\u0131\u011f\u0131n maktule olan g\u00fcveninin kayboldu\u011fu ve tart\u0131\u015fmalar ya\u015fad\u0131klar\u0131, uzakla\u015ft\u0131rma alan san\u0131\u011f\u0131n kinlenerek, su\u00e7 tarihinde maktul\u00fcn kafas\u0131na hedef al\u0131p ate\u015f etti\u011fi anlat\u0131ld\u0131. Maktul\u00fcn san\u0131\u011fa kar\u015f\u0131 tahrik olu\u015fturacak ifadeleri olmad\u0131\u011f\u0131na kanaat getiren savc\u0131, san\u0131\u011f\u0131n planlayarak maktul\u00fc kasten \u00f6ld\u00fcrme su\u00e7undan cezaland\u0131r\u0131lmas\u0131n\u0131 talep etmi\u015fti.<\/p>\n<p>Karar verilece\u011fi uyar\u0131s\u0131 ile son s\u00f6z\u00fc sorulan san\u0131k Halit \u00c7., \u201cTan\u0131k beyanlar\u0131n\u0131 kabul etmiyorum. \u00c7ok pi\u015fman\u0131m, ya\u015f\u0131m 70\u2019e yakla\u015ft\u0131. Uzun s\u00fcredir tutukluyum, tahliyemi istiyorum&#8221; dedi.  Mahkeme heyeti, yap\u0131lan yarg\u0131lama sonucu tutuklu san\u0131k Halit \u00c7.\u2019ye \u2018kasten adam \u00f6ld\u00fcrme\u2019 su\u00e7undan m\u00fcebbet, san\u0131\u011f\u0131n duru\u015fmadaki iyi halinden dolay\u0131 m\u00fcebbet hapis cezas\u0131n\u0131 25 y\u0131la indirdi. Mahkeme heyeti san\u0131\u011f\u0131n tutukluluk halinin devam\u0131na karar verdi.<div class=\"tiled-gallery type-rectangular tiled-gallery-unresized\" data-original-width=\"500\" data-carousel-extra='null' itemscope itemtype=\"http:\/\/schema.org\/ImageGallery\" > <div class=\"gallery-row\" style=\"width: 500px; height: 168px;\" data-original-width=\"500\" data-original-height=\"168\" > <div class=\"gallery-group images-1\" style=\"width: 250px; height: 168px;\" data-original-width=\"250\" data-original-height=\"168\" > <div class=\"tiled-gallery-item tiled-gallery-item-small\" itemprop=\"associatedMedia\" itemscope itemtype=\"http:\/\/schema.org\/ImageObject\"> <a href=\"http:\/\/www.tvturk.com\/index.php\/cok-pismanim-diyen-katil-zanlisina-iyi-hal-indirimi\/cok-pismanim-diyen-katil-zanlisina-iyi-hal-indirimi-3\/\" border=\"0\" itemprop=\"url\"> <meta itemprop=\"width\" content=\"246\"> <meta itemprop=\"height\" content=\"164\"> <img decoding=\"async\" class=\"\" data-attachment-id=\"28905\" data-orig-file=\"http:\/\/www.tvturk.com\/wp-content\/uploads\/2019\/02\/cok-pismanim-diyen-katil-zanlisina-iyi-hal-indirimi_c35e506.jpg\" data-orig-size=\"1000,666\" data-comments-opened=\"\" data-image-meta=\"{&quot;aperture&quot;:&quot;0&quot;,&quot;credit&quot;:&quot;IHA&quot;,&quot;camera&quot;:&quot;&quot;,&quot;caption&quot;:&quot;KAYSER\\u0130\\u2019DE 3 YILDIR B\\u0130RL\\u0130KTE OLDU\\u011eU 43 YA\\u015eINDAK\\u0130 KADINI SOKAK ORTASINDA AV T\\u00dcFE\\u011e\\u0130 \\u0130LE \\u00d6LD\\u00dcREN 8 \\u00c7OCUK BABASI, EVL\\u0130 59 YA\\u015eINDAK\\u0130 TUTUKLU SANI\\u011eA \\u2018KASTEN ADAM \\u00d6LD\\u00dcRME\\u2019 SU\\u00c7UNDAN \\u00d6NCE M\\u00dcEBBET HAP\\u0130S CEZASI VER\\u0130LD\\u0130, SONRA \\u2018\\u00c7OK P\\u0130\\u015eMANIM\\u2019 D\\u0130YEN SANIK \\u0130Y\\u0130 HAL \\u0130ND\\u0130R\\u0130M\\u0130 \\u0130LE 25 YIL HAPSE MAHKUM ED\\u0130LD\\u0130. (\\u015eEREF KAHRAMAN\\\/KAYSER\\u0130-\\u0130HA)&quot;,&quot;created_timestamp&quot;:&quot;0&quot;,&quot;copyright&quot;:&quot;\\u0130HLAS HABER AJANSI, www.iha.com.tr&quot;,&quot;focal_length&quot;:&quot;0&quot;,&quot;iso&quot;:&quot;0&quot;,&quot;shutter_speed&quot;:&quot;0&quot;,&quot;title&quot;:&quot;\\u2018\\u00c7OK P\\u0130\\u015eMANIM\\u2019 D\\u0130YEN KAT\\u0130L ZANLISINA \\u0130Y\\u0130 HAL \\u0130ND\\u0130R\\u0130M\\u0130 SOKAK ORTASINDAK\\u0130 KADIN C\\u0130NAYET\\u0130 SANI\\u011eINA 25 YIL HAP\\u0130S&quot;,&quot;orientation&quot;:&quot;0&quot;}\" data-image-title=\"\u2018\u00c7ok pi\u015fman\u0131m\u2019 diyen katil zanl\u0131s\u0131na iyi hal indirimi\" data-image-description=\"&lt;p&gt;\u2018\u00c7ok pi\u015fman\u0131m\u2019 diyen katil zanl\u0131s\u0131na iyi hal indirimi&lt;\/p&gt; \" data-medium-file=\"https:\/\/i0.wp.com\/www.tvturk.com\/wp-content\/uploads\/2019\/02\/cok-pismanim-diyen-katil-zanlisina-iyi-hal-indirimi_c35e506.jpg?fit=300%2C200\" data-large-file=\"https:\/\/i0.wp.com\/www.tvturk.com\/wp-content\/uploads\/2019\/02\/cok-pismanim-diyen-katil-zanlisina-iyi-hal-indirimi_c35e506.jpg?fit=1000%2C666\" src=\"https:\/\/i0.wp.com\/www.tvturk.com\/wp-content\/uploads\/2019\/02\/cok-pismanim-diyen-katil-zanlisina-iyi-hal-indirimi_c35e506.jpg?w=246&#038;h=164\" srcset=\"https:\/\/i0.wp.com\/www.tvturk.com\/wp-content\/uploads\/2019\/02\/cok-pismanim-diyen-katil-zanlisina-iyi-hal-indirimi_c35e506.jpg?w=1000 1000w, https:\/\/i0.wp.com\/www.tvturk.com\/wp-content\/uploads\/2019\/02\/cok-pismanim-diyen-katil-zanlisina-iyi-hal-indirimi_c35e506.jpg?resize=150%2C100 150w, https:\/\/i0.wp.com\/www.tvturk.com\/wp-content\/uploads\/2019\/02\/cok-pismanim-diyen-katil-zanlisina-iyi-hal-indirimi_c35e506.jpg?resize=300%2C200 300w, https:\/\/i0.wp.com\/www.tvturk.com\/wp-content\/uploads\/2019\/02\/cok-pismanim-diyen-katil-zanlisina-iyi-hal-indirimi_c35e506.jpg?resize=768%2C511 768w, https:\/\/i0.wp.com\/www.tvturk.com\/wp-content\/uploads\/2019\/02\/cok-pismanim-diyen-katil-zanlisina-iyi-hal-indirimi_c35e506.jpg?resize=170%2C113 170w, https:\/\/i0.wp.com\/www.tvturk.com\/wp-content\/uploads\/2019\/02\/cok-pismanim-diyen-katil-zanlisina-iyi-hal-indirimi_c35e506.jpg?resize=120%2C80 120w\" width=\"246\" height=\"164\" loading=\"lazy\" data-original-width=\"246\" data-original-height=\"164\" itemprop=\"http:\/\/schema.org\/image\" title=\"\u2018\u00c7ok pi\u015fman\u0131m\u2019 diyen katil zanl\u0131s\u0131na iyi hal indirimi\" alt=\"\u2018\u00c7ok pi\u015fman\u0131m\u2019 diyen katil zanl\u0131s\u0131na iyi hal indirimi\" style=\"width: 246px; height: 164px;\" \/> <\/a> <\/div> <\/div> <!-- close group --> <div class=\"gallery-group images-1\" style=\"width: 250px; height: 168px;\" data-original-width=\"250\" data-original-height=\"168\" > <div class=\"tiled-gallery-item tiled-gallery-item-small\" itemprop=\"associatedMedia\" itemscope itemtype=\"http:\/\/schema.org\/ImageObject\"> <a href=\"http:\/\/www.tvturk.com\/index.php\/cok-pismanim-diyen-katil-zanlisina-iyi-hal-indirimi\/cok-pismanim-diyen-katil-zanlisina-iyi-hal-indirimi-4\/\" border=\"0\" itemprop=\"url\"> <meta itemprop=\"width\" content=\"246\"> <meta itemprop=\"height\" content=\"164\"> <img decoding=\"async\" class=\"\" data-attachment-id=\"28906\" data-orig-file=\"http:\/\/www.tvturk.com\/wp-content\/uploads\/2019\/02\/cok-pismanim-diyen-katil-zanlisina-iyi-hal-indirimi_8fc4880.jpg\" data-orig-size=\"1000,666\" data-comments-opened=\"\" data-image-meta=\"{&quot;aperture&quot;:&quot;0&quot;,&quot;credit&quot;:&quot;IHA&quot;,&quot;camera&quot;:&quot;&quot;,&quot;caption&quot;:&quot;KAYSER\\u0130\\u2019DE 3 YILDIR B\\u0130RL\\u0130KTE OLDU\\u011eU 43 YA\\u015eINDAK\\u0130 KADINI SOKAK ORTASINDA AV T\\u00dcFE\\u011e\\u0130 \\u0130LE \\u00d6LD\\u00dcREN 8 \\u00c7OCUK BABASI, EVL\\u0130 59 YA\\u015eINDAK\\u0130 TUTUKLU SANI\\u011eA \\u2018KASTEN ADAM \\u00d6LD\\u00dcRME\\u2019 SU\\u00c7UNDAN \\u00d6NCE M\\u00dcEBBET HAP\\u0130S CEZASI VER\\u0130LD\\u0130, SONRA \\u2018\\u00c7OK P\\u0130\\u015eMANIM\\u2019 D\\u0130YEN SANIK \\u0130Y\\u0130 HAL \\u0130ND\\u0130R\\u0130M\\u0130 \\u0130LE 25 YIL HAPSE MAHKUM ED\\u0130LD\\u0130. (\\u015eEREF KAHRAMAN\\\/KAYSER\\u0130-\\u0130HA)&quot;,&quot;created_timestamp&quot;:&quot;0&quot;,&quot;copyright&quot;:&quot;\\u0130HLAS HABER AJANSI, www.iha.com.tr&quot;,&quot;focal_length&quot;:&quot;0&quot;,&quot;iso&quot;:&quot;0&quot;,&quot;shutter_speed&quot;:&quot;0&quot;,&quot;title&quot;:&quot;\\u2018\\u00c7OK P\\u0130\\u015eMANIM\\u2019 D\\u0130YEN KAT\\u0130L ZANLISINA \\u0130Y\\u0130 HAL \\u0130ND\\u0130R\\u0130M\\u0130 SOKAK ORTASINDAK\\u0130 KADIN C\\u0130NAYET\\u0130 SANI\\u011eINA 25 YIL HAP\\u0130S&quot;,&quot;orientation&quot;:&quot;0&quot;}\" data-image-title=\"\u2018\u00c7ok pi\u015fman\u0131m\u2019 diyen katil zanl\u0131s\u0131na iyi hal indirimi\" data-image-description=\"&lt;p&gt;\u2018\u00c7ok pi\u015fman\u0131m\u2019 diyen katil zanl\u0131s\u0131na iyi hal indirimi&lt;\/p&gt; \" data-medium-file=\"https:\/\/i0.wp.com\/www.tvturk.com\/wp-content\/uploads\/2019\/02\/cok-pismanim-diyen-katil-zanlisina-iyi-hal-indirimi_8fc4880.jpg?fit=300%2C200\" data-large-file=\"https:\/\/i0.wp.com\/www.tvturk.com\/wp-content\/uploads\/2019\/02\/cok-pismanim-diyen-katil-zanlisina-iyi-hal-indirimi_8fc4880.jpg?fit=1000%2C666\" src=\"https:\/\/i0.wp.com\/www.tvturk.com\/wp-content\/uploads\/2019\/02\/cok-pismanim-diyen-katil-zanlisina-iyi-hal-indirimi_8fc4880.jpg?w=246&#038;h=164\" srcset=\"https:\/\/i0.wp.com\/www.tvturk.com\/wp-content\/uploads\/2019\/02\/cok-pismanim-diyen-katil-zanlisina-iyi-hal-indirimi_8fc4880.jpg?w=1000 1000w, https:\/\/i0.wp.com\/www.tvturk.com\/wp-content\/uploads\/2019\/02\/cok-pismanim-diyen-katil-zanlisina-iyi-hal-indirimi_8fc4880.jpg?resize=150%2C100 150w, https:\/\/i0.wp.com\/www.tvturk.com\/wp-content\/uploads\/2019\/02\/cok-pismanim-diyen-katil-zanlisina-iyi-hal-indirimi_8fc4880.jpg?resize=300%2C200 300w, https:\/\/i0.wp.com\/www.tvturk.com\/wp-content\/uploads\/2019\/02\/cok-pismanim-diyen-katil-zanlisina-iyi-hal-indirimi_8fc4880.jpg?resize=768%2C511 768w, https:\/\/i0.wp.com\/www.tvturk.com\/wp-content\/uploads\/2019\/02\/cok-pismanim-diyen-katil-zanlisina-iyi-hal-indirimi_8fc4880.jpg?resize=170%2C113 170w, https:\/\/i0.wp.com\/www.tvturk.com\/wp-content\/uploads\/2019\/02\/cok-pismanim-diyen-katil-zanlisina-iyi-hal-indirimi_8fc4880.jpg?resize=120%2C80 120w\" width=\"246\" height=\"164\" loading=\"lazy\" data-original-width=\"246\" data-original-height=\"164\" itemprop=\"http:\/\/schema.org\/image\" title=\"\u2018\u00c7ok pi\u015fman\u0131m\u2019 diyen katil zanl\u0131s\u0131na iyi hal indirimi\" alt=\"\u2018\u00c7ok pi\u015fman\u0131m\u2019 diyen katil zanl\u0131s\u0131na iyi hal indirimi\" style=\"width: 246px; height: 164px;\" \/> <\/a> <\/div> <\/div> <!-- close group --> <\/div> <!-- close row --> <\/div><\/p>\n","protected":false},"excerpt":{"rendered":"<p>KAYSER\u0130\u2019DE 3 YILDIR B\u0130RL\u0130KTE OLDU\u011eU 43 YA\u015eINDAK\u0130 KADINI SOKAK ORTASINDA AV T\u00dcFE\u011e\u0130 \u0130LE \u00d6LD\u00dcREN 8 \u00c7OCUK BABASI, EVL\u0130 59 YA\u015eINDAK\u0130 TUTUKLU SANI\u011eA \u2018KASTEN ADAM \u00d6LD\u00dcRME\u2019 SU\u00c7UNDAN \u00d6NCE M\u00dcEBBET HAP\u0130S CEZASI VER\u0130LD\u0130, SONRA \u2018\u00c7OK P\u0130\u015eMANIM\u2019 D\u0130YEN SANIK \u0130Y\u0130 HAL \u0130ND\u0130R\u0130M\u0130 \u0130LE 25 YIL HAPSE MAHKUM ED\u0130LD\u0130.<\/p>\n","protected":false},"author":1,"featured_media":28904,"comment_status":"closed","ping_status":"open","sticky":false,"template":"","format":"standard","meta":{"jetpack_post_was_ever_published":false,"_jetpack_newsletter_access":"","_jetpack_dont_email_post_to_subs":false,"_jetpack_newsletter_tier_id":0,"_jetpack_memberships_contains_paywalled_content":false,"_jetpack_memberships_contains_paid_content":false,"footnotes":"","jetpack_publicize_message":"","jetpack_publicize_feature_enabled":true,"jetpack_social_post_already_shared":false,"jetpack_social_options":{"image_generator_settings":{"template":"highway","default_image_id":0,"font":"","enabled":false},"version":2}},"categories":[655],"tags":[2614,105,4672,8684,1552,2153,11617,11618],"class_list":["post-28903","post","type-post","status-publish","format-standard","has-post-thumbnail","hentry","category-son-dakika","tag-hal","tag-cok","tag-diyen","tag-indirimi","tag-iyi","tag-katil","tag-pismanim","tag-zanlisina"],"jetpack_publicize_connections":[],"jetpack_featured_media_url":"https:\/\/i0.wp.com\/www.tvturk.com\/wp-content\/uploads\/2019\/02\/cok-pismanim-diyen-katil-zanlisina-iyi-hal-indirimi_c61acd0.jpg?fit=1000%2C726","jetpack_sharing_enabled":true,"jetpack_shortlink":"https:\/\/wp.me\/paKIfm-7wb","_links":{"self":[{"href":"http:\/\/www.tvturk.com\/index.php\/wp-json\/wp\/v2\/posts\/28903","targetHints":{"allow":["GET"]}}],"collection":[{"href":"http:\/\/www.tvturk.com\/index.php\/wp-json\/wp\/v2\/posts"}],"about":[{"href":"http:\/\/www.tvturk.com\/index.php\/wp-json\/wp\/v2\/types\/post"}],"author":[{"embeddable":true,"href":"http:\/\/www.tvturk.com\/index.php\/wp-json\/wp\/v2\/users\/1"}],"replies":[{"embeddable":true,"href":"http:\/\/www.tvturk.com\/index.php\/wp-json\/wp\/v2\/comments?post=28903"}],"version-history":[{"count":1,"href":"http:\/\/www.tvturk.com\/index.php\/wp-json\/wp\/v2\/posts\/28903\/revisions"}],"predecessor-version":[{"id":28907,"href":"http:\/\/www.tvturk.com\/index.php\/wp-json\/wp\/v2\/posts\/28903\/revisions\/28907"}],"wp:featuredmedia":[{"embeddable":true,"href":"http:\/\/www.tvturk.com\/index.php\/wp-json\/wp\/v2\/media\/28904"}],"wp:attachment":[{"href":"http:\/\/www.tvturk.com\/index.php\/wp-json\/wp\/v2\/media?parent=28903"}],"wp:term":[{"taxonomy":"category","embeddable":true,"href":"http:\/\/www.tvturk.com\/index.php\/wp-json\/wp\/v2\/categories?post=28903"},{"taxonomy":"post_tag","embeddable":true,"href":"http:\/\/www.tvturk.com\/index.php\/wp-json\/wp\/v2\/tags?post=28903"}],"curies":[{"name":"wp","href":"https:\/\/api.w.org\/{rel}","templated":true}]}}