{"id":29185,"date":"2019-02-13T15:11:18","date_gmt":"2019-02-13T12:11:18","guid":{"rendered":"http:\/\/www.tvturk.com\/index.php\/kaeusi-rektoru-karakaya-ortak-akil-konferansina-katildi\/"},"modified":"2019-02-13T15:11:18","modified_gmt":"2019-02-13T12:11:18","slug":"kaeusi-rektoru-karakaya-ortak-akil-konferansina-katildi","status":"publish","type":"post","link":"http:\/\/www.tvturk.com\/index.php\/kaeusi-rektoru-karakaya-ortak-akil-konferansina-katildi\/","title":{"rendered":"KAE\u00dc\u2019si  Rekt\u00f6r\u00fc Karakaya, ortak ak\u0131l konferans\u0131na kat\u0131ld\u0131"},"content":{"rendered":"<p>KIR\u015eEH\u0130R (\u0130HA) \u2013 K\u0131r\u015fehir Ahi Evran \u00dcniversitesi Rekt\u00f6r\u00fc Vatan Karakaya,  \u0130lim Yayma Vakf\u0131n\u0131n akademi \u00f6d\u00fclleri ortak ak\u0131l konferans\u0131na kat\u0131ld\u0131.<\/p>\n<p>\u0130stanbul\u2019da ger\u00e7ekle\u015ftirilen konferansta misyon ve vizyon olu\u015fturabilme konular\u0131 tart\u0131\u015f\u0131larak anlat\u0131ld\u0131.<\/p>\n<p>Ortak ak\u0131l konferans\u0131nda  T\u00fcrkiye Bilimler Akademisi (T\u00dcBA) Ba\u015fkan\u0131 Ahmet Cevat Acar, alan\u0131nda se\u00e7kin akademisyenler, ilgili payda\u015flar, sivil toplum kurulu\u015flar\u0131 ile kamu kurum ve kurulu\u015flar\u0131ndan yetkililer bir araya geldi.<\/p>\n<p>Programa kat\u0131lan KAE\u00dc\u2019si Rekt\u00f6r\u00fc Vatan Karakaya, , akademik \u00e7al\u0131\u015fmalarda bulunan akademisyenlerin bu t\u00fcr etkinliklerle \u00f6d\u00fcllendirilmesinin bilim d\u00fcnyas\u0131 i\u00e7in \u00f6nemli bir geli\u015fme oldu\u011funu s\u00f6yleyerek \u00f6d\u00fcllendirmenin akademisyenlerin bilim d\u00fcnyas\u0131na katk\u0131 sa\u011flamas\u0131n\u0131 te\u015fvik etme a\u00e7\u0131s\u0131ndan da g\u00fczel bir \u00e7al\u0131\u015fma oldu\u011funu ifade etti.<\/p>\n","protected":false},"excerpt":{"rendered":"<p>KIR\u015eEH\u0130R AH\u0130 EVRAN \u00dcN\u0130VERS\u0130TES\u0130 REKT\u00d6R\u00dc VATAN KARAKAYA,  \u0130L\u0130M YAYMA VAKFININ AKADEM\u0130 \u00d6D\u00dcLLER\u0130 ORTAK AKIL KONFERANSINA KATILDI.<\/p>\n","protected":false},"author":1,"featured_media":29186,"comment_status":"closed","ping_status":"open","sticky":false,"template":"","format":"standard","meta":{"jetpack_post_was_ever_published":false,"_jetpack_newsletter_access":"","_jetpack_dont_email_post_to_subs":false,"_jetpack_newsletter_tier_id":0,"_jetpack_memberships_contains_paywalled_content":false,"_jetpack_memberships_contains_paid_content":false,"footnotes":"","jetpack_publicize_message":"","jetpack_publicize_feature_enabled":true,"jetpack_social_post_already_shared":false,"jetpack_social_options":{"image_generator_settings":{"template":"highway","default_image_id":0,"font":"","enabled":false},"version":2}},"categories":[655],"tags":[5907,11699,10521,1757,11700,947,1428],"class_list":["post-29185","post","type-post","status-publish","format-standard","has-post-thumbnail","hentry","category-son-dakika","tag-akil","tag-kaeusi","tag-karakaya","tag-katildi","tag-konferansina","tag-ortak","tag-rektoru"],"jetpack_publicize_connections":[],"jetpack_featured_media_url":"https:\/\/i0.wp.com\/www.tvturk.com\/wp-content\/uploads\/2019\/02\/kaeusi-rektoru-karakaya-ortak-akil-konferansina-katildi_d6e63aa.jpg?fit=850%2C566","jetpack_sharing_enabled":true,"jetpack_shortlink":"https:\/\/wp.me\/paKIfm-7AJ","_links":{"self":[{"href":"http:\/\/www.tvturk.com\/index.php\/wp-json\/wp\/v2\/posts\/29185","targetHints":{"allow":["GET"]}}],"collection":[{"href":"http:\/\/www.tvturk.com\/index.php\/wp-json\/wp\/v2\/posts"}],"about":[{"href":"http:\/\/www.tvturk.com\/index.php\/wp-json\/wp\/v2\/types\/post"}],"author":[{"embeddable":true,"href":"http:\/\/www.tvturk.com\/index.php\/wp-json\/wp\/v2\/users\/1"}],"replies":[{"embeddable":true,"href":"http:\/\/www.tvturk.com\/index.php\/wp-json\/wp\/v2\/comments?post=29185"}],"version-history":[{"count":0,"href":"http:\/\/www.tvturk.com\/index.php\/wp-json\/wp\/v2\/posts\/29185\/revisions"}],"wp:featuredmedia":[{"embeddable":true,"href":"http:\/\/www.tvturk.com\/index.php\/wp-json\/wp\/v2\/media\/29186"}],"wp:attachment":[{"href":"http:\/\/www.tvturk.com\/index.php\/wp-json\/wp\/v2\/media?parent=29185"}],"wp:term":[{"taxonomy":"category","embeddable":true,"href":"http:\/\/www.tvturk.com\/index.php\/wp-json\/wp\/v2\/categories?post=29185"},{"taxonomy":"post_tag","embeddable":true,"href":"http:\/\/www.tvturk.com\/index.php\/wp-json\/wp\/v2\/tags?post=29185"}],"curies":[{"name":"wp","href":"https:\/\/api.w.org\/{rel}","templated":true}]}}