{"id":29214,"date":"2019-02-13T15:11:39","date_gmt":"2019-02-13T12:11:39","guid":{"rendered":"http:\/\/www.tvturk.com\/index.php\/trabzonspor-alanyaspor-maci-hazirliklarini-surdurdu\/"},"modified":"2019-02-13T15:11:45","modified_gmt":"2019-02-13T12:11:45","slug":"trabzonspor-alanyaspor-maci-hazirliklarini-surdurdu","status":"publish","type":"post","link":"http:\/\/www.tvturk.com\/index.php\/trabzonspor-alanyaspor-maci-hazirliklarini-surdurdu\/","title":{"rendered":"Trabzonspor, Alanyaspor ma\u00e7\u0131 haz\u0131rl\u0131klar\u0131n\u0131 s\u00fcrd\u00fcrd\u00fc"},"content":{"rendered":"<p>Trabzonspor,  Spor Toto S\u00fcper Lig\u2019in 22. haftas\u0131nda sahas\u0131nda oynayaca\u011f\u0131 Aytemiz Alanyaspor ma\u00e7\u0131 haz\u0131rl\u0131klar\u0131n\u0131 s\u00fcrd\u00fcrd\u00fc.<\/p>\n<p>Mehmet Ali Y\u0131lmaz Tesisleri\u2019nde, Teknik Direkt\u00f6r \u00dcnal Karaman y\u00f6netiminde, yap\u0131lan antrenmana sakatl\u0131klar\u0131 bulunan Onazi, Pereira ile tedavide olan Kamil Ahmet, Novak ve U\u011furcan\u2019\u0131n yan\u0131 s\u0131ra salonda \u00e7al\u0131\u015fan Abdulkadir Parmak kat\u0131lmad\u0131. Antrenman \u00f6ncesinde \u00dcnal Karaman, oyuncular\u0131yla bir toplant\u0131 yapt\u0131. Bordo-mavili futbolcular, antrenmanda ise ko\u015funun ard\u0131ndan pas \u00e7al\u0131\u015fmas\u0131 yapt\u0131. Yar\u0131 sahada gruplar halinde yap\u0131lan \u00e7ift kale ma\u00e7la idman tamamlad\u0131.<\/p>\n<p>H\u00fcseyin T\u00fcrkmen yar\u0131da b\u0131rakt\u0131<\/p>\n<p>Trabzonspor\u2019un gen\u00e7 stoper oyuncusu H\u00fcseyin T\u00fcrkmen, antrenman\u0131n ilk b\u00f6l\u00fcm\u00fcnde ger\u00e7ekle\u015ftirilen dar alanda pas \u00e7al\u0131\u015fmas\u0131 s\u0131ras\u0131nda sa\u011f aya\u011f\u0131nda a\u011fr\u0131 hissetmesi sonucu \u00e7al\u0131\u015fmay\u0131 tamamlayamad\u0131. \u00d6te yanda bordo-mavililerin ger\u00e7ekle\u015ftirdi\u011fi antrenman\u0131 \u00f6\u011frenciler ziyaret etti. Arakl\u0131 Merkez \u0130lkokulu ve Cudibey Ortaokulu \u00f6\u011frencileri, teknik heyete ve futbolculara ba\u015far\u0131lar dileyerek hat\u0131ra foto\u011fraf\u0131 \u00e7ektirdiler.<\/p>\n<p>Trabzonspor, Aytemiz Alanyaspor ma\u00e7\u0131 haz\u0131rl\u0131klar\u0131n\u0131 yar\u0131n yapaca\u011f\u0131 \u00e7al\u0131\u015fma ile s\u00fcrd\u00fcrecek.<div class=\"tiled-gallery type-rectangular tiled-gallery-unresized\" data-original-width=\"500\" data-carousel-extra='null' itemscope itemtype=\"http:\/\/schema.org\/ImageGallery\" > <div class=\"gallery-row\" style=\"width: 500px; height: 298px;\" data-original-width=\"500\" data-original-height=\"298\" > <div class=\"gallery-group images-1\" style=\"width: 344px; height: 298px;\" data-original-width=\"344\" data-original-height=\"298\" > <div class=\"tiled-gallery-item tiled-gallery-item-large\" itemprop=\"associatedMedia\" itemscope itemtype=\"http:\/\/schema.org\/ImageObject\"> <a href=\"http:\/\/www.tvturk.com\/index.php\/trabzonspor-alanyaspor-maci-hazirliklarini-surdurdu\/trabzonspor-alanyaspor-maci-hazirliklarini-surdurdu-3\/\" border=\"0\" itemprop=\"url\"> <meta itemprop=\"width\" content=\"340\"> <meta itemprop=\"height\" content=\"294\"> <img decoding=\"async\" class=\"\" data-attachment-id=\"29216\" data-orig-file=\"http:\/\/www.tvturk.com\/wp-content\/uploads\/2019\/02\/trabzonspor-alanyaspor-maci-hazirliklarini-surdurdu_1d7f5a6.jpg\" data-orig-size=\"1000,866\" data-comments-opened=\"\" data-image-meta=\"{&quot;aperture&quot;:&quot;0&quot;,&quot;credit&quot;:&quot;IHA&quot;,&quot;camera&quot;:&quot;&quot;,&quot;caption&quot;:&quot;TRABZONSPOR, SPOR TOTO S\\u00dcPER L\\u0130G\\u0027\\u0130N 22. HAFTASINDA SAHASINDA OYNAYACA\\u011eI AYTEM\\u0130Z ALANYASPOR \\u0130LE YAPACA\\u011eI MA\\u00c7IN HAZIRLIKLARINI S\\u00dcRD\\u00dcRD\\u00dc. (G\\u00d6KMEN \\u015eAH\\u0130N\\\/TRABZON-\\u0130HA)&quot;,&quot;created_timestamp&quot;:&quot;0&quot;,&quot;copyright&quot;:&quot;\\u0130HLAS HABER AJANSI, www.iha.com.tr&quot;,&quot;focal_length&quot;:&quot;0&quot;,&quot;iso&quot;:&quot;0&quot;,&quot;shutter_speed&quot;:&quot;0&quot;,&quot;title&quot;:&quot;TRABZONSPOR, ALANYASPOR MA\\u00c7I HAZIRLIKLARINI S\\u00dcRD\\u00dcRD\\u00dc&quot;,&quot;orientation&quot;:&quot;0&quot;}\" data-image-title=\"Trabzonspor, Alanyaspor ma\u00e7\u0131 haz\u0131rl\u0131klar\u0131n\u0131 s\u00fcrd\u00fcrd\u00fc\" data-image-description=\"&lt;p&gt;Trabzonspor, Alanyaspor ma\u00e7\u0131 haz\u0131rl\u0131klar\u0131n\u0131 s\u00fcrd\u00fcrd\u00fc&lt;\/p&gt; \" data-medium-file=\"https:\/\/i0.wp.com\/www.tvturk.com\/wp-content\/uploads\/2019\/02\/trabzonspor-alanyaspor-maci-hazirliklarini-surdurdu_1d7f5a6.jpg?fit=300%2C260\" data-large-file=\"https:\/\/i0.wp.com\/www.tvturk.com\/wp-content\/uploads\/2019\/02\/trabzonspor-alanyaspor-maci-hazirliklarini-surdurdu_1d7f5a6.jpg?fit=1000%2C866\" src=\"https:\/\/i0.wp.com\/www.tvturk.com\/wp-content\/uploads\/2019\/02\/trabzonspor-alanyaspor-maci-hazirliklarini-surdurdu_1d7f5a6.jpg?w=340&#038;h=294\" srcset=\"https:\/\/i0.wp.com\/www.tvturk.com\/wp-content\/uploads\/2019\/02\/trabzonspor-alanyaspor-maci-hazirliklarini-surdurdu_1d7f5a6.jpg?w=1000 1000w, https:\/\/i0.wp.com\/www.tvturk.com\/wp-content\/uploads\/2019\/02\/trabzonspor-alanyaspor-maci-hazirliklarini-surdurdu_1d7f5a6.jpg?resize=150%2C130 150w, https:\/\/i0.wp.com\/www.tvturk.com\/wp-content\/uploads\/2019\/02\/trabzonspor-alanyaspor-maci-hazirliklarini-surdurdu_1d7f5a6.jpg?resize=300%2C260 300w, https:\/\/i0.wp.com\/www.tvturk.com\/wp-content\/uploads\/2019\/02\/trabzonspor-alanyaspor-maci-hazirliklarini-surdurdu_1d7f5a6.jpg?resize=768%2C665 768w\" width=\"340\" height=\"294\" loading=\"lazy\" data-original-width=\"340\" data-original-height=\"294\" itemprop=\"http:\/\/schema.org\/image\" title=\"Trabzonspor, Alanyaspor ma\u00e7\u0131 haz\u0131rl\u0131klar\u0131n\u0131 s\u00fcrd\u00fcrd\u00fc\" alt=\"Trabzonspor, Alanyaspor ma\u00e7\u0131 haz\u0131rl\u0131klar\u0131n\u0131 s\u00fcrd\u00fcrd\u00fc\" style=\"width: 340px; height: 294px;\" \/> <\/a> <\/div> <\/div> <!-- close group --> <div class=\"gallery-group images-2\" style=\"width: 156px; height: 298px;\" data-original-width=\"156\" data-original-height=\"298\" > <div class=\"tiled-gallery-item tiled-gallery-item-small\" itemprop=\"associatedMedia\" itemscope itemtype=\"http:\/\/schema.org\/ImageObject\"> <a href=\"http:\/\/www.tvturk.com\/index.php\/trabzonspor-alanyaspor-maci-hazirliklarini-surdurdu\/trabzonspor-alanyaspor-maci-hazirliklarini-surdurdu-4\/\" border=\"0\" itemprop=\"url\"> <meta itemprop=\"width\" content=\"152\"> <meta itemprop=\"height\" content=\"130\"> <img decoding=\"async\" class=\"\" data-attachment-id=\"29217\" data-orig-file=\"http:\/\/www.tvturk.com\/wp-content\/uploads\/2019\/02\/trabzonspor-alanyaspor-maci-hazirliklarini-surdurdu_65bc405.jpg\" data-orig-size=\"1000,860\" data-comments-opened=\"\" data-image-meta=\"{&quot;aperture&quot;:&quot;0&quot;,&quot;credit&quot;:&quot;IHA&quot;,&quot;camera&quot;:&quot;&quot;,&quot;caption&quot;:&quot;TRABZONSPOR, SPOR TOTO S\\u00dcPER L\\u0130G\\u0027\\u0130N 22. HAFTASINDA SAHASINDA OYNAYACA\\u011eI AYTEM\\u0130Z ALANYASPOR \\u0130LE YAPACA\\u011eI MA\\u00c7IN HAZIRLIKLARINI S\\u00dcRD\\u00dcRD\\u00dc. (G\\u00d6KMEN \\u015eAH\\u0130N\\\/TRABZON-\\u0130HA)&quot;,&quot;created_timestamp&quot;:&quot;0&quot;,&quot;copyright&quot;:&quot;\\u0130HLAS HABER AJANSI, www.iha.com.tr&quot;,&quot;focal_length&quot;:&quot;0&quot;,&quot;iso&quot;:&quot;0&quot;,&quot;shutter_speed&quot;:&quot;0&quot;,&quot;title&quot;:&quot;TRABZONSPOR, ALANYASPOR MA\\u00c7I HAZIRLIKLARINI S\\u00dcRD\\u00dcRD\\u00dc&quot;,&quot;orientation&quot;:&quot;0&quot;}\" data-image-title=\"Trabzonspor, Alanyaspor ma\u00e7\u0131 haz\u0131rl\u0131klar\u0131n\u0131 s\u00fcrd\u00fcrd\u00fc\" data-image-description=\"&lt;p&gt;Trabzonspor, Alanyaspor ma\u00e7\u0131 haz\u0131rl\u0131klar\u0131n\u0131 s\u00fcrd\u00fcrd\u00fc&lt;\/p&gt; \" data-medium-file=\"https:\/\/i0.wp.com\/www.tvturk.com\/wp-content\/uploads\/2019\/02\/trabzonspor-alanyaspor-maci-hazirliklarini-surdurdu_65bc405.jpg?fit=300%2C258\" data-large-file=\"https:\/\/i0.wp.com\/www.tvturk.com\/wp-content\/uploads\/2019\/02\/trabzonspor-alanyaspor-maci-hazirliklarini-surdurdu_65bc405.jpg?fit=1000%2C860\" src=\"https:\/\/i0.wp.com\/www.tvturk.com\/wp-content\/uploads\/2019\/02\/trabzonspor-alanyaspor-maci-hazirliklarini-surdurdu_65bc405.jpg?w=152&#038;h=130\" srcset=\"https:\/\/i0.wp.com\/www.tvturk.com\/wp-content\/uploads\/2019\/02\/trabzonspor-alanyaspor-maci-hazirliklarini-surdurdu_65bc405.jpg?w=1000 1000w, https:\/\/i0.wp.com\/www.tvturk.com\/wp-content\/uploads\/2019\/02\/trabzonspor-alanyaspor-maci-hazirliklarini-surdurdu_65bc405.jpg?resize=150%2C129 150w, https:\/\/i0.wp.com\/www.tvturk.com\/wp-content\/uploads\/2019\/02\/trabzonspor-alanyaspor-maci-hazirliklarini-surdurdu_65bc405.jpg?resize=300%2C258 300w, https:\/\/i0.wp.com\/www.tvturk.com\/wp-content\/uploads\/2019\/02\/trabzonspor-alanyaspor-maci-hazirliklarini-surdurdu_65bc405.jpg?resize=768%2C660 768w\" width=\"152\" height=\"130\" loading=\"lazy\" data-original-width=\"152\" data-original-height=\"130\" itemprop=\"http:\/\/schema.org\/image\" title=\"Trabzonspor, Alanyaspor ma\u00e7\u0131 haz\u0131rl\u0131klar\u0131n\u0131 s\u00fcrd\u00fcrd\u00fc\" alt=\"Trabzonspor, Alanyaspor ma\u00e7\u0131 haz\u0131rl\u0131klar\u0131n\u0131 s\u00fcrd\u00fcrd\u00fc\" style=\"width: 152px; height: 130px;\" \/> <\/a> <\/div> <div class=\"tiled-gallery-item tiled-gallery-item-small\" itemprop=\"associatedMedia\" itemscope itemtype=\"http:\/\/schema.org\/ImageObject\"> <a href=\"http:\/\/www.tvturk.com\/index.php\/trabzonspor-alanyaspor-maci-hazirliklarini-surdurdu\/trabzonspor-alanyaspor-maci-hazirliklarini-surdurdu-5\/\" border=\"0\" itemprop=\"url\"> <meta itemprop=\"width\" content=\"152\"> <meta itemprop=\"height\" content=\"160\"> <img decoding=\"async\" class=\"\" data-attachment-id=\"29218\" data-orig-file=\"http:\/\/www.tvturk.com\/wp-content\/uploads\/2019\/02\/trabzonspor-alanyaspor-maci-hazirliklarini-surdurdu_4e3b050.jpg\" data-orig-size=\"951,1000\" data-comments-opened=\"\" data-image-meta=\"{&quot;aperture&quot;:&quot;0&quot;,&quot;credit&quot;:&quot;IHA&quot;,&quot;camera&quot;:&quot;&quot;,&quot;caption&quot;:&quot;TRABZONSPOR, SPOR TOTO S\\u00dcPER L\\u0130G\\u0027\\u0130N 22. HAFTASINDA SAHASINDA OYNAYACA\\u011eI AYTEM\\u0130Z ALANYASPOR \\u0130LE YAPACA\\u011eI MA\\u00c7IN HAZIRLIKLARINI S\\u00dcRD\\u00dcRD\\u00dc. (G\\u00d6KMEN \\u015eAH\\u0130N\\\/TRABZON-\\u0130HA)&quot;,&quot;created_timestamp&quot;:&quot;0&quot;,&quot;copyright&quot;:&quot;\\u0130HLAS HABER AJANSI, www.iha.com.tr&quot;,&quot;focal_length&quot;:&quot;0&quot;,&quot;iso&quot;:&quot;0&quot;,&quot;shutter_speed&quot;:&quot;0&quot;,&quot;title&quot;:&quot;TRABZONSPOR, ALANYASPOR MA\\u00c7I HAZIRLIKLARINI S\\u00dcRD\\u00dcRD\\u00dc&quot;,&quot;orientation&quot;:&quot;0&quot;}\" data-image-title=\"Trabzonspor, Alanyaspor ma\u00e7\u0131 haz\u0131rl\u0131klar\u0131n\u0131 s\u00fcrd\u00fcrd\u00fc\" data-image-description=\"&lt;p&gt;Trabzonspor, Alanyaspor ma\u00e7\u0131 haz\u0131rl\u0131klar\u0131n\u0131 s\u00fcrd\u00fcrd\u00fc&lt;\/p&gt; \" data-medium-file=\"https:\/\/i0.wp.com\/www.tvturk.com\/wp-content\/uploads\/2019\/02\/trabzonspor-alanyaspor-maci-hazirliklarini-surdurdu_4e3b050.jpg?fit=285%2C300\" data-large-file=\"https:\/\/i0.wp.com\/www.tvturk.com\/wp-content\/uploads\/2019\/02\/trabzonspor-alanyaspor-maci-hazirliklarini-surdurdu_4e3b050.jpg?fit=951%2C1000\" src=\"https:\/\/i0.wp.com\/www.tvturk.com\/wp-content\/uploads\/2019\/02\/trabzonspor-alanyaspor-maci-hazirliklarini-surdurdu_4e3b050.jpg?w=152&#038;h=160\" srcset=\"https:\/\/i0.wp.com\/www.tvturk.com\/wp-content\/uploads\/2019\/02\/trabzonspor-alanyaspor-maci-hazirliklarini-surdurdu_4e3b050.jpg?w=951 951w, https:\/\/i0.wp.com\/www.tvturk.com\/wp-content\/uploads\/2019\/02\/trabzonspor-alanyaspor-maci-hazirliklarini-surdurdu_4e3b050.jpg?resize=143%2C150 143w, https:\/\/i0.wp.com\/www.tvturk.com\/wp-content\/uploads\/2019\/02\/trabzonspor-alanyaspor-maci-hazirliklarini-surdurdu_4e3b050.jpg?resize=285%2C300 285w, https:\/\/i0.wp.com\/www.tvturk.com\/wp-content\/uploads\/2019\/02\/trabzonspor-alanyaspor-maci-hazirliklarini-surdurdu_4e3b050.jpg?resize=768%2C808 768w\" width=\"152\" height=\"160\" loading=\"lazy\" data-original-width=\"152\" data-original-height=\"160\" itemprop=\"http:\/\/schema.org\/image\" title=\"Trabzonspor, Alanyaspor ma\u00e7\u0131 haz\u0131rl\u0131klar\u0131n\u0131 s\u00fcrd\u00fcrd\u00fc\" alt=\"Trabzonspor, Alanyaspor ma\u00e7\u0131 haz\u0131rl\u0131klar\u0131n\u0131 s\u00fcrd\u00fcrd\u00fc\" style=\"width: 152px; height: 160px;\" \/> <\/a> <\/div> <\/div> <!-- close group --> <\/div> <!-- close row --> <div class=\"gallery-row\" style=\"width: 500px; height: 502px;\" data-original-width=\"500\" data-original-height=\"502\" > <div class=\"gallery-group images-1\" style=\"width: 500px; height: 502px;\" data-original-width=\"500\" data-original-height=\"502\" > <div class=\"tiled-gallery-item tiled-gallery-item-large\" itemprop=\"associatedMedia\" itemscope itemtype=\"http:\/\/schema.org\/ImageObject\"> <a href=\"http:\/\/www.tvturk.com\/index.php\/trabzonspor-alanyaspor-maci-hazirliklarini-surdurdu\/trabzonspor-alanyaspor-maci-hazirliklarini-surdurdu-6\/\" border=\"0\" itemprop=\"url\"> <meta itemprop=\"width\" content=\"496\"> <meta itemprop=\"height\" content=\"498\"> <img decoding=\"async\" class=\"\" data-attachment-id=\"29219\" data-orig-file=\"http:\/\/www.tvturk.com\/wp-content\/uploads\/2019\/02\/trabzonspor-alanyaspor-maci-hazirliklarini-surdurdu_28caf90.jpg\" data-orig-size=\"996,1000\" data-comments-opened=\"\" data-image-meta=\"{&quot;aperture&quot;:&quot;0&quot;,&quot;credit&quot;:&quot;IHA&quot;,&quot;camera&quot;:&quot;&quot;,&quot;caption&quot;:&quot;TRABZONSPOR, SPOR TOTO S\\u00dcPER L\\u0130G\\u0027\\u0130N 22. HAFTASINDA SAHASINDA OYNAYACA\\u011eI AYTEM\\u0130Z ALANYASPOR \\u0130LE YAPACA\\u011eI MA\\u00c7IN HAZIRLIKLARINI S\\u00dcRD\\u00dcRD\\u00dc. (G\\u00d6KMEN \\u015eAH\\u0130N\\\/TRABZON-\\u0130HA)&quot;,&quot;created_timestamp&quot;:&quot;0&quot;,&quot;copyright&quot;:&quot;\\u0130HLAS HABER AJANSI, www.iha.com.tr&quot;,&quot;focal_length&quot;:&quot;0&quot;,&quot;iso&quot;:&quot;0&quot;,&quot;shutter_speed&quot;:&quot;0&quot;,&quot;title&quot;:&quot;TRABZONSPOR, ALANYASPOR MA\\u00c7I HAZIRLIKLARINI S\\u00dcRD\\u00dcRD\\u00dc&quot;,&quot;orientation&quot;:&quot;0&quot;}\" data-image-title=\"Trabzonspor, Alanyaspor ma\u00e7\u0131 haz\u0131rl\u0131klar\u0131n\u0131 s\u00fcrd\u00fcrd\u00fc\" data-image-description=\"&lt;p&gt;Trabzonspor, Alanyaspor ma\u00e7\u0131 haz\u0131rl\u0131klar\u0131n\u0131 s\u00fcrd\u00fcrd\u00fc&lt;\/p&gt; \" data-medium-file=\"https:\/\/i0.wp.com\/www.tvturk.com\/wp-content\/uploads\/2019\/02\/trabzonspor-alanyaspor-maci-hazirliklarini-surdurdu_28caf90.jpg?fit=300%2C300\" data-large-file=\"https:\/\/i0.wp.com\/www.tvturk.com\/wp-content\/uploads\/2019\/02\/trabzonspor-alanyaspor-maci-hazirliklarini-surdurdu_28caf90.jpg?fit=996%2C1000\" src=\"https:\/\/i0.wp.com\/www.tvturk.com\/wp-content\/uploads\/2019\/02\/trabzonspor-alanyaspor-maci-hazirliklarini-surdurdu_28caf90.jpg?w=496&#038;h=498\" srcset=\"https:\/\/i0.wp.com\/www.tvturk.com\/wp-content\/uploads\/2019\/02\/trabzonspor-alanyaspor-maci-hazirliklarini-surdurdu_28caf90.jpg?w=996 996w, https:\/\/i0.wp.com\/www.tvturk.com\/wp-content\/uploads\/2019\/02\/trabzonspor-alanyaspor-maci-hazirliklarini-surdurdu_28caf90.jpg?resize=150%2C150 150w, https:\/\/i0.wp.com\/www.tvturk.com\/wp-content\/uploads\/2019\/02\/trabzonspor-alanyaspor-maci-hazirliklarini-surdurdu_28caf90.jpg?resize=300%2C300 300w, https:\/\/i0.wp.com\/www.tvturk.com\/wp-content\/uploads\/2019\/02\/trabzonspor-alanyaspor-maci-hazirliklarini-surdurdu_28caf90.jpg?resize=768%2C771 768w\" width=\"496\" height=\"498\" loading=\"lazy\" data-original-width=\"496\" data-original-height=\"498\" itemprop=\"http:\/\/schema.org\/image\" title=\"Trabzonspor, Alanyaspor ma\u00e7\u0131 haz\u0131rl\u0131klar\u0131n\u0131 s\u00fcrd\u00fcrd\u00fc\" alt=\"Trabzonspor, Alanyaspor ma\u00e7\u0131 haz\u0131rl\u0131klar\u0131n\u0131 s\u00fcrd\u00fcrd\u00fc\" style=\"width: 496px; height: 498px;\" \/> <\/a> <\/div> <\/div> <!-- close group --> <\/div> <!-- close row --> <\/div><\/p>\n","protected":false},"excerpt":{"rendered":"<p>TRABZONSPOR,  SPOR TOTO S\u00dcPER L\u0130G&#8217;\u0130N 22. HAFTASINDA SAHASINDA OYNAYACA\u011eI  AYTEM\u0130Z ALANYASPOR \u0130LE YAPACA\u011eI MA\u00c7IN HAZIRLIKLARINI S\u00dcRD\u00dcRD\u00dc.<\/p>\n","protected":false},"author":1,"featured_media":29215,"comment_status":"closed","ping_status":"open","sticky":false,"template":"","format":"standard","meta":{"jetpack_post_was_ever_published":false,"_jetpack_newsletter_access":"","_jetpack_dont_email_post_to_subs":false,"_jetpack_newsletter_tier_id":0,"_jetpack_memberships_contains_paywalled_content":false,"_jetpack_memberships_contains_paid_content":false,"footnotes":"","jetpack_publicize_message":"","jetpack_publicize_feature_enabled":true,"jetpack_social_post_already_shared":false,"jetpack_social_options":{"image_generator_settings":{"template":"highway","default_image_id":0,"font":"","enabled":false},"version":2}},"categories":[657],"tags":[6138,2628,777,2629,916],"class_list":["post-29214","post","type-post","status-publish","format-standard","has-post-thumbnail","hentry","category-spor","tag-alanyaspor","tag-hazirliklarini","tag-maci","tag-surdurdu","tag-trabzonspor"],"jetpack_publicize_connections":[],"jetpack_featured_media_url":"https:\/\/i0.wp.com\/www.tvturk.com\/wp-content\/uploads\/2019\/02\/trabzonspor-alanyaspor-maci-hazirliklarini-surdurdu_22d4358.jpg?fit=1000%2C883","jetpack_sharing_enabled":true,"jetpack_shortlink":"https:\/\/wp.me\/paKIfm-7Bc","_links":{"self":[{"href":"http:\/\/www.tvturk.com\/index.php\/wp-json\/wp\/v2\/posts\/29214","targetHints":{"allow":["GET"]}}],"collection":[{"href":"http:\/\/www.tvturk.com\/index.php\/wp-json\/wp\/v2\/posts"}],"about":[{"href":"http:\/\/www.tvturk.com\/index.php\/wp-json\/wp\/v2\/types\/post"}],"author":[{"embeddable":true,"href":"http:\/\/www.tvturk.com\/index.php\/wp-json\/wp\/v2\/users\/1"}],"replies":[{"embeddable":true,"href":"http:\/\/www.tvturk.com\/index.php\/wp-json\/wp\/v2\/comments?post=29214"}],"version-history":[{"count":1,"href":"http:\/\/www.tvturk.com\/index.php\/wp-json\/wp\/v2\/posts\/29214\/revisions"}],"predecessor-version":[{"id":29220,"href":"http:\/\/www.tvturk.com\/index.php\/wp-json\/wp\/v2\/posts\/29214\/revisions\/29220"}],"wp:featuredmedia":[{"embeddable":true,"href":"http:\/\/www.tvturk.com\/index.php\/wp-json\/wp\/v2\/media\/29215"}],"wp:attachment":[{"href":"http:\/\/www.tvturk.com\/index.php\/wp-json\/wp\/v2\/media?parent=29214"}],"wp:term":[{"taxonomy":"category","embeddable":true,"href":"http:\/\/www.tvturk.com\/index.php\/wp-json\/wp\/v2\/categories?post=29214"},{"taxonomy":"post_tag","embeddable":true,"href":"http:\/\/www.tvturk.com\/index.php\/wp-json\/wp\/v2\/tags?post=29214"}],"curies":[{"name":"wp","href":"https:\/\/api.w.org\/{rel}","templated":true}]}}