{"id":29221,"date":"2019-02-13T15:11:46","date_gmt":"2019-02-13T12:11:46","guid":{"rendered":"http:\/\/www.tvturk.com\/index.php\/tasci-katilimin-yuksek-olmasi-bizi-mutlu-ediyor\/"},"modified":"2019-02-13T15:11:47","modified_gmt":"2019-02-13T12:11:47","slug":"tasci-katilimin-yuksek-olmasi-bizi-mutlu-ediyor","status":"publish","type":"post","link":"http:\/\/www.tvturk.com\/index.php\/tasci-katilimin-yuksek-olmasi-bizi-mutlu-ediyor\/","title":{"rendered":"Ta\u015f\u00e7\u0131: &#8220;Kat\u0131l\u0131m\u0131n y\u00fcksek olmas\u0131 bizi mutlu ediyor\u201d"},"content":{"rendered":"<p>\u2019A\u015fk\u0131n Foto\u011fraf\u0131n\u0131 \u00c7ek\u2019 foto\u011fraf yar\u0131\u015fmas\u0131nda g\u00f6rev alacak se\u00e7ici kurul ile bir araya gelen Atakum Belediye Ba\u015fkan\u0131 \u0130shak Ta\u015f\u00e7\u0131, &#8220;Kat\u0131l\u0131m\u0131n y\u00fcksek olmas\u0131 bizi mutlu ediyor. Dereceye girecek foto\u011fraflar\u0131 merakla bekliyorum&#8221; dedi.<\/p>\n<p>Atakum Belediye Ba\u015fkan\u0131 \u0130shak Ta\u015f\u00e7\u0131\u2019n\u0131n \u00f6nc\u00fcl\u00fc\u011f\u00fcnde ba\u015flat\u0131lan A\u015fk\u0131n Foto\u011fraf\u0131n\u0131 \u00c7ek foto\u011fraf yar\u0131\u015fmas\u0131nda g\u00f6rev yapacak se\u00e7ici kurul, yar\u0131\u015fma \u00f6ncesi de\u011ferlendirme toplant\u0131s\u0131n\u0131 ger\u00e7ekle\u015ftirdi. Akademisyen, gazeteci ve foto\u011fraf sanat\u00e7\u0131s\u0131 a\u011f\u0131rl\u0131kl\u0131 se\u00e7ici kurul, yar\u0131\u015fmaya g\u00f6sterilen ilgiden duyduklar\u0131 memnuniyeti dile getirdi.<\/p>\n<p>Atakum sahilinde, Samsunspor temal\u0131 \u00e7ekilecek foto\u011fraflar\u0131n yar\u0131\u015faca\u011f\u0131 A\u015fk\u0131n Foto\u011fraf\u0131n\u0131 \u00c7ek yar\u0131\u015fmas\u0131nda g\u00f6rev alacak se\u00e7ici kurul ile bir araya gelen Atakum Belediye Ba\u015fkan\u0131 \u0130shak Ta\u015f\u00e7\u0131, yar\u0131\u015fmaya kat\u0131l\u0131mlar\u0131ndan dolay\u0131 te\u015fekk\u00fcr etti. Samsun\u2019un ilgisini \u00e7eken bir yar\u0131\u015fma ger\u00e7ekle\u015ftirdiklerini s\u00f6yleyen Ba\u015fkan Ta\u015f\u00e7\u0131, se\u00e7ici kurulun da bu anlamda son derece \u00f6nemli oldu\u011funu kaydederek, \u201cSe\u00e7ici kurulu, alanlar\u0131nda uzmanla\u015fm\u0131\u015f ve her kesimin kabul\u00fcn\u00fc g\u00f6ren isimlerden belirledik. Kendilerine bu teklifimizi sundu\u011fumuzda da bizleri k\u0131rmad\u0131lar. Kendilerine te\u015fekk\u00fcr ediyorum. Yar\u0131\u015fma s\u00fcresinin tamamlanmas\u0131na k\u0131sa bir s\u00fcre kala ger\u00e7ekle\u015fen bu toplant\u0131da de\u011ferlendirme s\u00fcrecine dair fikir al\u0131\u015fveri\u015flerinde bulunduk. \u015eu ana kadar olan kat\u0131l\u0131m\u0131n y\u00fcksek olmas\u0131 da bizleri ayr\u0131ca mutlu etti. Bizler de merak i\u00e7erisinde, dereceye girmeye hak kazanacak foto\u011fraflar\u0131 bekliyoruz\u201d diye konu\u015ftu.<\/p>\n<p>14 \u015eubat Sevgililer G\u00fcn\u00fc ak\u015fam\u0131na kadar yar\u0131\u015fmaya kat\u0131l\u0131m\u0131n devam edece\u011fini ifade eden Ba\u015fkan Ta\u015f\u00e7\u0131, \u201cT\u00fcm hem\u015ferilerimizden bu yar\u0131\u015fmaya kat\u0131lmalar\u0131n\u0131 bekliyoruz. \u015eehrimizin incisi Atakum sahili ve \u015fehrimizin markas\u0131 Samsunspor temal\u0131 yar\u0131\u015fmada \u00e7ekecekleri foto\u011fraflar\u0131 yar\u0131\u015fman\u0131n resmi sitesine y\u00fckleyerek bu yar\u0131\u015fmaya kat\u0131labilirler\u201d \u015feklinde konu\u015ftu.<\/p>\n<p>Yar\u0131\u015fmada birinci olacak foto\u011fraf\u0131n sahibi 10 bin TL, ikinci 5 bin TL ve \u00fc\u00e7\u00fcnc\u00fc 2 bin 500 TL \u00f6d\u00fcl kazanacak. Yar\u0131\u015fmac\u0131lar, 14 \u015eubat Sevgililer G\u00fcn\u00fc ak\u015fam\u0131na kadar \u201cwww.askinfotografinicek.com\u201d sitesine y\u00fcklenecek foto\u011fraflarla yar\u0131\u015fmaya kat\u0131lmaya hak kazanacak. Yar\u0131\u015fma s\u00fcrecinin tamamlanmas\u0131n\u0131n ard\u0131ndan de\u011ferlendirmelere ba\u015flayacak olan se\u00e7ici kurul, \u015fu isimlerden olu\u015fuyor: Cumhuriyet Savc\u0131s\u0131 ve Foto\u011fraf Sanat\u00e7\u0131s\u0131 Vedat So\u011fukp\u0131nar, OM\u00dc G\u00fczel Sanatlar Fak\u00fcltesi Dekan\u0131 Prof.Dr. Metin Eker, OM\u00dc G\u00fczel Sanatlar Fak\u00fcltesi \u00d6\u011fretim \u00dcyesi Prof.Dr. Ata Yakup Kaptan, OM\u00dc G\u00fczel Sanatlar Fak\u00fcltesi \u00d6\u011fretim \u00dcyesi Dr. Mahir Yerlikaya, 19 May\u0131s Gazeteciler Cemiyeti Ba\u015fkan\u0131 Yusuf Ziya \u00c7ak\u0131r, Samsunspor Medya Sorumlusu Murat Sand\u0131k\u00e7\u0131 ve Atakum Belediyesi Bas\u0131n Dan\u0131\u015fman\u0131 Ahmet \u00c7a\u011fda\u015f \u00c7ato\u011flu.<div class=\"tiled-gallery type-rectangular tiled-gallery-unresized\" data-original-width=\"500\" data-carousel-extra='null' itemscope itemtype=\"http:\/\/schema.org\/ImageGallery\" > <div class=\"gallery-row\" style=\"width: 500px; height: 334px;\" data-original-width=\"500\" data-original-height=\"334\" > <div class=\"gallery-group images-1\" style=\"width: 500px; height: 334px;\" data-original-width=\"500\" data-original-height=\"334\" > <div class=\"tiled-gallery-item tiled-gallery-item-large\" itemprop=\"associatedMedia\" itemscope itemtype=\"http:\/\/schema.org\/ImageObject\"> <a href=\"http:\/\/www.tvturk.com\/index.php\/tasci-katilimin-yuksek-olmasi-bizi-mutlu-ediyor\/tasci-katilimin-yuksek-olmasi-bizi-mutlu-ediyor-3\/\" border=\"0\" itemprop=\"url\"> <meta itemprop=\"width\" content=\"496\"> <meta itemprop=\"height\" content=\"330\"> <img decoding=\"async\" class=\"\" data-attachment-id=\"29223\" data-orig-file=\"http:\/\/www.tvturk.com\/wp-content\/uploads\/2019\/02\/tasci-katilimin-yuksek-olmasi-bizi-mutlu-ediyor_8ed3b43.jpg\" data-orig-size=\"1000,666\" data-comments-opened=\"\" data-image-meta=\"{&quot;aperture&quot;:&quot;0&quot;,&quot;credit&quot;:&quot;IHA&quot;,&quot;camera&quot;:&quot;&quot;,&quot;caption&quot;:&quot;\\u0027A\\u015eKIN FOTO\\u011eRAFINI \\u00c7EK\\u0027 FOTO\\u011eRAF YARI\\u015eMASINDA G\\u00d6REV ALACAK SE\\u00c7\\u0130C\\u0130 KURUL \\u0130LE B\\u0130R ARAYA GELEN ATAKUM BELED\\u0130YE BA\\u015eKANI \\u0130SHAK TA\\u015e\\u00c7I, \\u0022KATILIMIN Y\\u00dcKSEK OLMASI B\\u0130Z\\u0130 MUTLU ED\\u0130YOR. DERECEYE G\\u0130RECEK FOTO\\u011eRAFLARI MERAKLA BEKL\\u0130YORUM\\u0022 DED\\u0130. (\\u0130HA\\\/SAMSUN-\\u0130HA)&quot;,&quot;created_timestamp&quot;:&quot;0&quot;,&quot;copyright&quot;:&quot;\\u0130HLAS HABER AJANSI, www.iha.com.tr&quot;,&quot;focal_length&quot;:&quot;0&quot;,&quot;iso&quot;:&quot;0&quot;,&quot;shutter_speed&quot;:&quot;0&quot;,&quot;title&quot;:&quot;TA\\u015e\\u00c7I: \\u0022KATILIMIN Y\\u00dcKSEK OLMASI B\\u0130Z\\u0130 MUTLU ED\\u0130YOR\\u201d&quot;,&quot;orientation&quot;:&quot;0&quot;}\" data-image-title=\"Ta\u015f\u00e7\u0131: &amp;#8220;Kat\u0131l\u0131m\u0131n y\u00fcksek olmas\u0131 bizi mutlu ediyor\u201d\" data-image-description=\"&lt;p&gt;Ta\u015f\u00e7\u0131: &amp;#8220;Kat\u0131l\u0131m\u0131n y\u00fcksek olmas\u0131 bizi mutlu ediyor\u201d&lt;\/p&gt; \" data-medium-file=\"https:\/\/i0.wp.com\/www.tvturk.com\/wp-content\/uploads\/2019\/02\/tasci-katilimin-yuksek-olmasi-bizi-mutlu-ediyor_8ed3b43.jpg?fit=300%2C200\" data-large-file=\"https:\/\/i0.wp.com\/www.tvturk.com\/wp-content\/uploads\/2019\/02\/tasci-katilimin-yuksek-olmasi-bizi-mutlu-ediyor_8ed3b43.jpg?fit=1000%2C666\" src=\"https:\/\/i0.wp.com\/www.tvturk.com\/wp-content\/uploads\/2019\/02\/tasci-katilimin-yuksek-olmasi-bizi-mutlu-ediyor_8ed3b43.jpg?w=496&#038;h=330\" srcset=\"https:\/\/i0.wp.com\/www.tvturk.com\/wp-content\/uploads\/2019\/02\/tasci-katilimin-yuksek-olmasi-bizi-mutlu-ediyor_8ed3b43.jpg?w=1000 1000w, https:\/\/i0.wp.com\/www.tvturk.com\/wp-content\/uploads\/2019\/02\/tasci-katilimin-yuksek-olmasi-bizi-mutlu-ediyor_8ed3b43.jpg?resize=150%2C100 150w, https:\/\/i0.wp.com\/www.tvturk.com\/wp-content\/uploads\/2019\/02\/tasci-katilimin-yuksek-olmasi-bizi-mutlu-ediyor_8ed3b43.jpg?resize=300%2C200 300w, https:\/\/i0.wp.com\/www.tvturk.com\/wp-content\/uploads\/2019\/02\/tasci-katilimin-yuksek-olmasi-bizi-mutlu-ediyor_8ed3b43.jpg?resize=768%2C511 768w, https:\/\/i0.wp.com\/www.tvturk.com\/wp-content\/uploads\/2019\/02\/tasci-katilimin-yuksek-olmasi-bizi-mutlu-ediyor_8ed3b43.jpg?resize=170%2C113 170w, https:\/\/i0.wp.com\/www.tvturk.com\/wp-content\/uploads\/2019\/02\/tasci-katilimin-yuksek-olmasi-bizi-mutlu-ediyor_8ed3b43.jpg?resize=120%2C80 120w\" width=\"496\" height=\"330\" loading=\"lazy\" data-original-width=\"496\" data-original-height=\"330\" itemprop=\"http:\/\/schema.org\/image\" title=\"Ta\u015f\u00e7\u0131: &quot;Kat\u0131l\u0131m\u0131n y\u00fcksek olmas\u0131 bizi mutlu ediyor\u201d\" alt=\"Ta\u015f\u00e7\u0131: &quot;Kat\u0131l\u0131m\u0131n y\u00fcksek olmas\u0131 bizi mutlu ediyor\u201d\" style=\"width: 496px; height: 330px;\" \/> <\/a> <\/div> <\/div> <!-- close group --> <\/div> <!-- close row --> <\/div><\/p>\n","protected":false},"excerpt":{"rendered":"<p>&#8216;A\u015eKIN FOTO\u011eRAFINI \u00c7EK&#8217; FOTO\u011eRAF YARI\u015eMASINDA G\u00d6REV ALACAK SE\u00c7\u0130C\u0130 KURUL \u0130LE B\u0130R ARAYA GELEN ATAKUM BELED\u0130YE BA\u015eKANI \u0130SHAK TA\u015e\u00c7I, &#8220;KATILIMIN Y\u00dcKSEK OLMASI B\u0130Z\u0130 MUTLU ED\u0130YOR. DERECEYE G\u0130RECEK FOTO\u011eRAFLARI MERAKLA BEKL\u0130YORUM&#8221; DED\u0130.<\/p>\n","protected":false},"author":1,"featured_media":29222,"comment_status":"closed","ping_status":"open","sticky":false,"template":"","format":"standard","meta":{"jetpack_post_was_ever_published":false,"_jetpack_newsletter_access":"","_jetpack_dont_email_post_to_subs":false,"_jetpack_newsletter_tier_id":0,"_jetpack_memberships_contains_paywalled_content":false,"_jetpack_memberships_contains_paid_content":false,"footnotes":"","jetpack_publicize_message":"","jetpack_publicize_feature_enabled":true,"jetpack_social_post_already_shared":false,"jetpack_social_options":{"image_generator_settings":{"template":"highway","default_image_id":0,"font":"","enabled":false},"version":2}},"categories":[656],"tags":[11711,10804,523,4828,5308,11710,3448],"class_list":["post-29221","post","type-post","status-publish","format-standard","has-post-thumbnail","hentry","category-kultur-sanat","tag-katilimin","tag-bizi","tag-ediyor","tag-mutlu","tag-olmasi","tag-tasci","tag-yuksek"],"jetpack_publicize_connections":[],"jetpack_featured_media_url":"https:\/\/i0.wp.com\/www.tvturk.com\/wp-content\/uploads\/2019\/02\/tasci-katilimin-yuksek-olmasi-bizi-mutlu-ediyor_112c610.jpg?fit=1000%2C666","jetpack_sharing_enabled":true,"jetpack_shortlink":"https:\/\/wp.me\/paKIfm-7Bj","_links":{"self":[{"href":"http:\/\/www.tvturk.com\/index.php\/wp-json\/wp\/v2\/posts\/29221","targetHints":{"allow":["GET"]}}],"collection":[{"href":"http:\/\/www.tvturk.com\/index.php\/wp-json\/wp\/v2\/posts"}],"about":[{"href":"http:\/\/www.tvturk.com\/index.php\/wp-json\/wp\/v2\/types\/post"}],"author":[{"embeddable":true,"href":"http:\/\/www.tvturk.com\/index.php\/wp-json\/wp\/v2\/users\/1"}],"replies":[{"embeddable":true,"href":"http:\/\/www.tvturk.com\/index.php\/wp-json\/wp\/v2\/comments?post=29221"}],"version-history":[{"count":1,"href":"http:\/\/www.tvturk.com\/index.php\/wp-json\/wp\/v2\/posts\/29221\/revisions"}],"predecessor-version":[{"id":29224,"href":"http:\/\/www.tvturk.com\/index.php\/wp-json\/wp\/v2\/posts\/29221\/revisions\/29224"}],"wp:featuredmedia":[{"embeddable":true,"href":"http:\/\/www.tvturk.com\/index.php\/wp-json\/wp\/v2\/media\/29222"}],"wp:attachment":[{"href":"http:\/\/www.tvturk.com\/index.php\/wp-json\/wp\/v2\/media?parent=29221"}],"wp:term":[{"taxonomy":"category","embeddable":true,"href":"http:\/\/www.tvturk.com\/index.php\/wp-json\/wp\/v2\/categories?post=29221"},{"taxonomy":"post_tag","embeddable":true,"href":"http:\/\/www.tvturk.com\/index.php\/wp-json\/wp\/v2\/tags?post=29221"}],"curies":[{"name":"wp","href":"https:\/\/api.w.org\/{rel}","templated":true}]}}