{"id":29298,"date":"2019-02-13T15:21:46","date_gmt":"2019-02-13T12:21:46","guid":{"rendered":"http:\/\/www.tvturk.com\/index.php\/marmarisli-yuzucu-hedefine-emin-adimlarla-ilerliyor\/"},"modified":"2019-02-13T15:21:46","modified_gmt":"2019-02-13T12:21:46","slug":"marmarisli-yuzucu-hedefine-emin-adimlarla-ilerliyor","status":"publish","type":"post","link":"http:\/\/www.tvturk.com\/index.php\/marmarisli-yuzucu-hedefine-emin-adimlarla-ilerliyor\/","title":{"rendered":"Marmarisli y\u00fcz\u00fcc\u00fc hedefine emin ad\u0131mlarla ilerliyor"},"content":{"rendered":"<p>Marmarisli y\u00fcz\u00fcc\u00fc \u015eehran Kartal Kocaeli\u2019nde ger\u00e7ekle\u015fen Y\u00fczme Milli Tak\u0131m Aday Kadro belirleme yar\u0131\u015flar\u0131nda dereceye girerek  b\u00fcy\u00fck bir ba\u015far\u0131ya imza att\u0131. G\u00f6zlem alt\u0131na al\u0131nan ba\u015far\u0131l\u0131 sporcunun hedefi ise Y\u00fczme Milli Tak\u0131m\u0131\u2019na girmek.<\/p>\n<p>Marmarisli y\u00fcz\u00fcc\u00fc \u015eehran Kartal Kocaeli\u2019nde ger\u00e7ekle\u015fen Y\u00fczme Milli Tak\u0131m Aday Kadro belirleme yar\u0131\u015flar\u0131nda dereceye girerek  b\u00fcy\u00fck bir ba\u015far\u0131ya imza att\u0131. 25-27 Aral\u0131k tarihlerinde Kocaeli\u2019nin  Gebze il\u00e7esinde  ger\u00e7ekle\u015fen  Milli Tak\u0131m Aday Kadro belirlemem yar\u0131\u015flar\u0131nda 7,5 kilometre bran\u015f\u0131nda dereceye giren Kartal g\u00f6zlem alt\u0131na al\u0131nd\u0131.  Dereceye girdi\u011fi i\u00e7in \u00e7ok mutlu oldu\u011funu belirten 10\u2019uncu s\u0131n\u0131f \u00f6\u011frencisi Kartal \u201cMarmaris\u2019te birinci s\u0131n\u0131fta ba\u015flad\u0131\u011f\u0131m y\u00fczme ser\u00fcvenim benim i\u00e7in heyecan verici boyutlara ula\u015ft\u0131. Her zaman yan\u0131mda olan antren\u00f6rlerim, ailem benim en b\u00fcy\u00fck destek\u00e7ilerim oldular. Y\u00fczme sporu b\u00fcy\u00fck bir disiplin istiyor, sabah erken saatlerde yap\u0131lan antrenmanlar\u0131 ka\u00e7\u0131rmamak, antren\u00f6rlerimizin y\u00f6nlendirmelerini dikkate almak \u00f6nemli \u015feylerdir. \u00dclkemizin gelece\u011fi i\u00e7in biz gen\u00e7lere \u00e7ok b\u00fcy\u00fck g\u00f6rev d\u00fc\u015f\u00fcyor. Enerjimizi spora sanata harcamal\u0131y\u0131z.\u201d dedi.<\/p>\n","protected":false},"excerpt":{"rendered":"<p>MARMAR\u0130SL\u0130 Y\u00dcZ\u00dcC\u00dc KARTAL HEDEF\u0130NE EM\u0130N ADIMLARLA \u0130LERL\u0130YOR<\/p>\n","protected":false},"author":1,"featured_media":29299,"comment_status":"closed","ping_status":"open","sticky":false,"template":"","format":"standard","meta":{"jetpack_post_was_ever_published":false,"_jetpack_newsletter_access":"","_jetpack_dont_email_post_to_subs":false,"_jetpack_newsletter_tier_id":0,"_jetpack_memberships_contains_paywalled_content":false,"_jetpack_memberships_contains_paid_content":false,"footnotes":"","jetpack_publicize_message":"","jetpack_publicize_feature_enabled":true,"jetpack_social_post_already_shared":false,"jetpack_social_options":{"image_generator_settings":{"template":"highway","default_image_id":0,"font":"","enabled":false},"version":2}},"categories":[657],"tags":[5014,5013,11729,8919,9271,11495],"class_list":["post-29298","post","type-post","status-publish","format-standard","has-post-thumbnail","hentry","category-spor","tag-adimlarla","tag-emin","tag-hedefine","tag-ilerliyor","tag-marmarisli","tag-yuzucu"],"jetpack_publicize_connections":[],"jetpack_featured_media_url":"https:\/\/i0.wp.com\/www.tvturk.com\/wp-content\/uploads\/2019\/02\/marmarisli-yuzucu-hedefine-emin-adimlarla-ilerliyor_227532d.jpg?fit=750%2C1000","jetpack_sharing_enabled":true,"jetpack_shortlink":"https:\/\/wp.me\/paKIfm-7Cy","_links":{"self":[{"href":"http:\/\/www.tvturk.com\/index.php\/wp-json\/wp\/v2\/posts\/29298","targetHints":{"allow":["GET"]}}],"collection":[{"href":"http:\/\/www.tvturk.com\/index.php\/wp-json\/wp\/v2\/posts"}],"about":[{"href":"http:\/\/www.tvturk.com\/index.php\/wp-json\/wp\/v2\/types\/post"}],"author":[{"embeddable":true,"href":"http:\/\/www.tvturk.com\/index.php\/wp-json\/wp\/v2\/users\/1"}],"replies":[{"embeddable":true,"href":"http:\/\/www.tvturk.com\/index.php\/wp-json\/wp\/v2\/comments?post=29298"}],"version-history":[{"count":0,"href":"http:\/\/www.tvturk.com\/index.php\/wp-json\/wp\/v2\/posts\/29298\/revisions"}],"wp:featuredmedia":[{"embeddable":true,"href":"http:\/\/www.tvturk.com\/index.php\/wp-json\/wp\/v2\/media\/29299"}],"wp:attachment":[{"href":"http:\/\/www.tvturk.com\/index.php\/wp-json\/wp\/v2\/media?parent=29298"}],"wp:term":[{"taxonomy":"category","embeddable":true,"href":"http:\/\/www.tvturk.com\/index.php\/wp-json\/wp\/v2\/categories?post=29298"},{"taxonomy":"post_tag","embeddable":true,"href":"http:\/\/www.tvturk.com\/index.php\/wp-json\/wp\/v2\/tags?post=29298"}],"curies":[{"name":"wp","href":"https:\/\/api.w.org\/{rel}","templated":true}]}}