{"id":29310,"date":"2019-02-13T15:21:53","date_gmt":"2019-02-13T12:21:53","guid":{"rendered":"http:\/\/www.tvturk.com\/index.php\/cankirida-thm-korosu-egitimleri\/"},"modified":"2019-02-13T15:21:53","modified_gmt":"2019-02-13T12:21:53","slug":"cankirida-thm-korosu-egitimleri","status":"publish","type":"post","link":"http:\/\/www.tvturk.com\/index.php\/cankirida-thm-korosu-egitimleri\/","title":{"rendered":"\u00c7ank\u0131r\u0131\u2019da THM Korosu e\u011fitimleri"},"content":{"rendered":"<p>\u00c7ank\u0131r\u0131 Nurettin Ok Halk E\u011fitim Merkezi Makamsal T\u00fcrk Halk M\u00fczi\u011fi(THM) Korosu e\u011fitimlerine devam ediyor.<\/p>\n<p>Gazi \u00dcniversitesi Ba\u011flama B\u00f6l\u00fcm\u00fc mezunu M\u00fczik \u00d6\u011fretmeni Mustafa \u00c7a\u011f\u0131ran \u015fefli\u011finde \u00e7al\u0131\u015fan koro, halk m\u00fczi\u011fine g\u00f6n\u00fcl vermi\u015f 20-60 ya\u015f aral\u0131\u011f\u0131ndaki sanatseverlerden olu\u015fuyor.<\/p>\n<p>\u00c7ank\u0131r\u0131, k\u00fclt\u00fcr ve sanatseverleri bir kez daha bulu\u015fturdu. 20\u201360 ya\u015f aral\u0131\u011f\u0131ndaki 25 ki\u015fi bir araya gelerek \u00c7ank\u0131r\u0131 Nurettin Ok Halk E\u011fitimi Merkezi b\u00fcnyesinde T\u00fcrk Halk M\u00fczi\u011fi Korosu kurdu. 16 korist ve ba\u011flama, dilsiz kaval, cura, kabak kemane, basgitar ile ritm \u00e7alan \u00e7alan 9 ki\u015fiden olu\u015fan koro, birbirinden g\u00fczel t\u00fcrk\u00fclerin seslendirildi\u011fi \u00e7al\u0131\u015fmalar\u0131n\u0131 y\u0131l sonunda \u00c7ank\u0131r\u0131l\u0131lara sunmay\u0131 hedefliyor. \u00c7al\u0131\u015fmalar\u0131 haftada iki g\u00fcn aral\u0131ks\u0131z olarak s\u00fcrd\u00fcrd\u00fcklerini belirten Koro \u015eefi Mustafa \u00c7a\u011f\u0131ran, \u201cKoromuza g\u00f6n\u00fcll\u00fc olarak kat\u0131lan 25 arkada\u015f\u0131m\u0131z, g\u00fczel sesleri ve \u00e7ald\u0131klar\u0131 enstr\u00fcmanlar\u0131 ile destek veriyor. Halk m\u00fczi\u011fi dinleyen, seven, s\u00f6yleyen ve \u00e7alan arkada\u015flar\u0131m\u0131z\u0131 \u00c7ank\u0131r\u0131\u2019da bir araya getirmekten mutluyuz. B\u00f6ylesi sosyal bir faaliyetin i\u00e7inde yeni insanlar tan\u0131mak ve m\u00fczikle i\u00e7 i\u00e7e olmak bizlere huzur ve keyif veriyor. \u00d6zverili bir \u015fekilde ge\u00e7en \u00e7al\u0131\u015fmalar\u0131m\u0131z\u0131 y\u0131l sonunda Ne\u015fet Erta\u015f\u2019\u0131 yad ederek K\u0131r\u015fehir ve Keskin y\u00f6relerinin t\u00fcrk\u00fclerinden olu\u015fan bir konser ile ta\u00e7land\u0131rmay\u0131 planl\u0131yoruz. Destek veren herkese te\u015fekk\u00fcr ediyor, T\u00fcrk Halk M\u00fczi\u011fi ile ilgilenen vatanda\u015flar\u0131m\u0131z\u0131 da koromuza davet ediyoruz\u201d dedi.<\/p>\n","protected":false},"excerpt":{"rendered":"<p>T\u00dcRK HALK M\u00dcZ\u0130\u011e\u0130 KOROSU, \u00c7ALI\u015eMALARI \u0130LE D\u0130KKAT \u00c7EK\u0130YOR<\/p>\n","protected":false},"author":1,"featured_media":29311,"comment_status":"closed","ping_status":"open","sticky":false,"template":"","format":"standard","meta":{"jetpack_post_was_ever_published":false,"_jetpack_newsletter_access":"","_jetpack_dont_email_post_to_subs":false,"_jetpack_newsletter_tier_id":0,"_jetpack_memberships_contains_paywalled_content":false,"_jetpack_memberships_contains_paid_content":false,"footnotes":"","jetpack_publicize_message":"","jetpack_publicize_feature_enabled":true,"jetpack_social_post_already_shared":false,"jetpack_social_options":{"image_generator_settings":{"template":"highway","default_image_id":0,"font":"","enabled":false},"version":2}},"categories":[656],"tags":[11398,692,10266,11730],"class_list":["post-29310","post","type-post","status-publish","format-standard","has-post-thumbnail","hentry","category-kultur-sanat","tag-cankirida","tag-egitimleri","tag-korosu","tag-thm"],"jetpack_publicize_connections":[],"jetpack_featured_media_url":"https:\/\/i0.wp.com\/www.tvturk.com\/wp-content\/uploads\/2019\/02\/cankirida-thm-korosu-egitimleri_7a7a5ec.jpg?fit=1000%2C504","jetpack_sharing_enabled":true,"jetpack_shortlink":"https:\/\/wp.me\/paKIfm-7CK","_links":{"self":[{"href":"http:\/\/www.tvturk.com\/index.php\/wp-json\/wp\/v2\/posts\/29310","targetHints":{"allow":["GET"]}}],"collection":[{"href":"http:\/\/www.tvturk.com\/index.php\/wp-json\/wp\/v2\/posts"}],"about":[{"href":"http:\/\/www.tvturk.com\/index.php\/wp-json\/wp\/v2\/types\/post"}],"author":[{"embeddable":true,"href":"http:\/\/www.tvturk.com\/index.php\/wp-json\/wp\/v2\/users\/1"}],"replies":[{"embeddable":true,"href":"http:\/\/www.tvturk.com\/index.php\/wp-json\/wp\/v2\/comments?post=29310"}],"version-history":[{"count":0,"href":"http:\/\/www.tvturk.com\/index.php\/wp-json\/wp\/v2\/posts\/29310\/revisions"}],"wp:featuredmedia":[{"embeddable":true,"href":"http:\/\/www.tvturk.com\/index.php\/wp-json\/wp\/v2\/media\/29311"}],"wp:attachment":[{"href":"http:\/\/www.tvturk.com\/index.php\/wp-json\/wp\/v2\/media?parent=29310"}],"wp:term":[{"taxonomy":"category","embeddable":true,"href":"http:\/\/www.tvturk.com\/index.php\/wp-json\/wp\/v2\/categories?post=29310"},{"taxonomy":"post_tag","embeddable":true,"href":"http:\/\/www.tvturk.com\/index.php\/wp-json\/wp\/v2\/tags?post=29310"}],"curies":[{"name":"wp","href":"https:\/\/api.w.org\/{rel}","templated":true}]}}