{"id":29352,"date":"2019-02-13T15:31:28","date_gmt":"2019-02-13T12:31:28","guid":{"rendered":"http:\/\/www.tvturk.com\/index.php\/togar-hepimizin-amaci-daha-guzel-bir-tekkekoy\/"},"modified":"2019-02-13T15:31:31","modified_gmt":"2019-02-13T12:31:31","slug":"togar-hepimizin-amaci-daha-guzel-bir-tekkekoy","status":"publish","type":"post","link":"http:\/\/www.tvturk.com\/index.php\/togar-hepimizin-amaci-daha-guzel-bir-tekkekoy\/","title":{"rendered":"Togar: \u201cHepimizin amac\u0131 daha g\u00fczel bir Tekkek\u00f6y\u201d"},"content":{"rendered":"<p>Tekkek\u00f6y AK Parti Belediye Meclis \u00fcyesi aday adaylar\u0131 ile bir araya gelen Tekkek\u00f6y Belediye Ba\u015fkan\u0131 ve Cumhur \u0130ttifak\u0131 Tekkek\u00f6y Belediye Ba\u015fkan Aday\u0131 Hasan Togar, \u201cB\u00fcy\u00fck AK Parti ailesinin fertleri olarak bir kez daha birlik beraberli\u011fimizi sergiledik. Bir olaca\u011f\u0131z, iri olaca\u011f\u0131z, diri olaca\u011f\u0131z ve Allah\u2019\u0131n izniyle yolumuza devam edece\u011fiz\u201d dedi.<\/p>\n<p>Kahvalt\u0131 program\u0131nda AK Parti belediye meclis \u00fcyesi aday adaylar\u0131na seslenen Tekkek\u00f6y Belediye Ba\u015fkan\u0131 ve Cumhur \u0130ttifak\u0131 Tekkek\u00f6y Belediye Ba\u015fkan Aday\u0131 Hasan Togar, \u201cAK Parti davas\u0131na g\u00f6n\u00fcl veren ve bu yolda kendisini ortaya koyan yol arkada\u015flar\u0131m\u0131z\u0131n g\u00fcvenini bug\u00fcne kadar bo\u015fa \u00e7\u0131kartmad\u0131k bundan sonra da ayn\u0131 kararl\u0131l\u0131kla, ilk g\u00fcnk\u00fc a\u015fkla yolumuza devam edece\u011fiz. G\u00f6n\u00fcl belediyecili\u011fi \u0131\u015f\u0131\u011f\u0131nda il\u00e7e Ba\u015fkan\u0131m\u0131z Hayri A\u011f\u0131rlar, \u0130l Y\u00f6netim Kurulu \u00dcyemiz \u00dczeyir Bahad\u0131r, Kad\u0131n Kollar\u0131 Ba\u015fkan\u0131m\u0131z Aysel Damat, Gen\u00e7lik Kollar\u0131 Ba\u015fkan\u0131m\u0131z Sefa An\u0131l, AK Parti Tekkek\u00f6y Belediye ba\u015fkan aday aday\u0131 karde\u015fimiz Semih Alper ve te\u015fkilat\u0131m\u0131z ile birlikte belediye meclis \u00fcyesi aday aday\u0131 abilerimiz ve karde\u015flerimiz ile bir araya geldik. B\u00fcy\u00fck AK Parti ailesinin fertleri olarak bug\u00fcn hep birlikte il\u00e7emizin gelece\u011fi i\u00e7in \u00f6nemli bir tablo \u00e7izdik. Davas\u0131 i\u00e7in bu yolda bir olan biz olan karde\u015flerime bir kez daha te\u015fekk\u00fcr ediyorum\u201d diye konu\u015ftu.<\/p>\n<p>Be\u015f y\u0131lda beraber \u00f6nemli i\u015flere imza att\u0131k<\/p>\n<p>Tekkek\u00f6y\u2019\u00fcn be\u015f y\u0131lda umulan\u0131n \u00fcst\u00fcnde bir de\u011fi\u015fim ya\u015fad\u0131\u011f\u0131na vurgu yapan Togar, \u201cTekkek\u00f6y\u00fcm\u00fcz\u00fc hep birlikte bug\u00fcnlere ta\u015f\u0131d\u0131k. Sizler il\u00e7emizi birlikte y\u00f6netebilmek i\u00e7in belediye meclis \u00fcyeli\u011fi aday adayl\u0131\u011f\u0131na ba\u015fvurular\u0131n\u0131z\u0131 yapt\u0131n\u0131z. Hizmet i\u00e7in \u00e7\u0131kt\u0131\u011f\u0131n\u0131z bu yolda hepinize ba\u015far\u0131lar diliyorum. Biz olduktan sonra \u00fcstesinden gelemeyece\u011fimiz hi\u00e7bir engel yoktur. Davam\u0131z bir, amac\u0131m\u0131z bir, yolumuz bir. Bug\u00fcn \u00e7ok g\u00fczel bir tablo olu\u015fturduk. 31 Mart g\u00fcn\u00fcne kadar bu birlikteli\u011fimiz ayn\u0131 \u015fekilde devam edecek. Bunu bir kez daha kan\u0131tlad\u0131k. G\u00f6n\u00fcl belediyecili\u011fi \u00e7er\u00e7evesinde il\u00e7emizi birlikte y\u00f6nettik birlikte y\u00f6netmeye devam edece\u011fiz\u201d \u015feklinde konu\u015ftu.<\/p>\n<p>K\u0131sa s\u00fcre zarf\u0131nda ilkleri ba\u015fard\u0131k<\/p>\n<p>Tekkek\u00f6y tarihinde bir\u00e7ok ilklerin ya\u015fand\u0131\u011f\u0131na dikkat \u00e7eken Ba\u015fkan Togar, \u201cGer\u00e7ek manada g\u00f6n\u00fcl belediyecili\u011fini il\u00e7emize yerle\u015ftirmeyi ba\u015fard\u0131k. \u0130l\u00e7emiz s\u0131n\u0131rlar\u0131 i\u00e7erisinde yapm\u0131\u015f oldu\u011fumuz rutin belediyecilik \u00e7al\u0131\u015fmalar\u0131m\u0131z\u0131n d\u0131\u015f\u0131nda vatanda\u015flar\u0131m\u0131z\u0131n her zaman yan\u0131nda olduk. Sosyal belediyecili\u011fin \u00fclkemizde ki mimar\u0131 Genel Ba\u015fkan\u0131m\u0131z Cumhurba\u015fkan\u0131m\u0131z Recep Tayip Erdo\u011fan\u2019\u0131n \u2018Kim ki ya\u015fad\u0131\u011f\u0131 \u015fehirde s\u0131cak bir yuvas\u0131 olmad\u0131\u011f\u0131 i\u00e7in d\u0131\u015far\u0131da ya\u015fayan, yiyece\u011fi olmad\u0131\u011f\u0131 i\u00e7in a\u00e7 uyuyan, k\u00f6m\u00fcr\u00fc olmad\u0131\u011f\u0131 i\u00e7in so\u011fukta kalan ve insanca \u015fartlarda ya\u015faman\u0131 s\u00fcrd\u00fcremeyen birileri varsa ve bunlar\u0131 g\u00f6rmezden geliyorsa o bizden de\u011fildir\u2019 s\u00f6z\u00fcn\u00fc ilke edinerek il\u00e7emiz s\u0131n\u0131rlar\u0131nda ikamet eden ve ya\u015faman\u0131n imkans\u0131z oldu\u011fu zor \u015fartlarda hayatlar\u0131n\u0131 idame ettirmeye \u00e7al\u0131\u015fan 36 ailemize prefabrik ev, 24 ki\u015fiye tek ki\u015filik ev ile 387 ailemize betonarme ev ve in\u015faat malzemesi yard\u0131m\u0131 sa\u011flayarak hayat \u015fartlar\u0131n\u0131 iyile\u015ftirmeye \u00e7al\u0131\u015ft\u0131k. Daha \u00f6nceki y\u0131llarda, bizden \u00f6nceki d\u00f6nemlerde b\u00f6yle bir \u00e7al\u0131\u015fma yap\u0131lmam\u0131\u015f. \u0130lk defa bu uygulama bizim ile birlikte ba\u015flad\u0131. Ayr\u0131ca bu konuda bizlere destek veren hay\u0131rsever karde\u015flerimize te\u015fekk\u00fcr ediyorum\u201d ifadelerini kulland\u0131.<\/p>\n<p>A\u011f\u0131rlar\u2019dan birliktelik vurgusu<\/p>\n<p>Birliktelik vurgusu yapan AK Parti Tekkek\u00f6y \u0130l\u00e7e Ba\u015fkan\u0131 Hayri A\u011f\u0131rlar, \u201cBug\u00fcn buradaki birlikteli\u011fimizi sonuna kadar s\u00fcrd\u00fcrerek hep birlikte Tekkek\u00f6y i\u00e7in \u00e7al\u0131\u015fmaya devam edece\u011fiz. Davam\u0131z ve yolumuz bir. Bizleri b\u00f6lmeye ay\u0131rmaya \u00e7al\u0131\u015fanlara f\u0131rsat vermeyece\u011fiz\u201d a\u00e7\u0131klamas\u0131nda bulundu.<div class=\"tiled-gallery type-rectangular tiled-gallery-unresized\" data-original-width=\"500\" data-carousel-extra='null' itemscope itemtype=\"http:\/\/schema.org\/ImageGallery\" > <div class=\"gallery-row\" style=\"width: 500px; height: 140px;\" data-original-width=\"500\" data-original-height=\"140\" > <div class=\"gallery-group images-1\" style=\"width: 252px; height: 140px;\" data-original-width=\"252\" data-original-height=\"140\" > <div class=\"tiled-gallery-item tiled-gallery-item-small\" itemprop=\"associatedMedia\" itemscope itemtype=\"http:\/\/schema.org\/ImageObject\"> <a href=\"http:\/\/www.tvturk.com\/index.php\/togar-hepimizin-amaci-daha-guzel-bir-tekkekoy\/togar-hepimizin-amaci-daha-guzel-bir-tekkekoy-3\/\" border=\"0\" itemprop=\"url\"> <meta itemprop=\"width\" content=\"248\"> <meta itemprop=\"height\" content=\"136\"> <img decoding=\"async\" class=\"\" data-attachment-id=\"29354\" data-orig-file=\"http:\/\/www.tvturk.com\/wp-content\/uploads\/2019\/02\/togar-hepimizin-amaci-daha-guzel-bir-tekkekoy_524fbf3.jpg\" data-orig-size=\"1000,546\" data-comments-opened=\"\" data-image-meta=\"{&quot;aperture&quot;:&quot;0&quot;,&quot;credit&quot;:&quot;IHA&quot;,&quot;camera&quot;:&quot;&quot;,&quot;caption&quot;:&quot;TEKKEK\\u00d6Y AK PART\\u0130 BELED\\u0130YE MECL\\u0130S \\u00dcYES\\u0130 ADAY ADAYLARI \\u0130LE B\\u0130R ARAYA GELEN TEKKEK\\u00d6Y BELED\\u0130YE BA\\u015eKANI VE CUMHUR \\u0130TT\\u0130FAKI TEKKEK\\u00d6Y BELED\\u0130YE BA\\u015eKAN ADAYI HASAN TOGAR, \\u201cB\\u00dcY\\u00dcK AK PART\\u0130 A\\u0130LES\\u0130N\\u0130N FERTLER\\u0130 OLARAK B\\u0130R KEZ DAHA B\\u0130RL\\u0130K BERABERL\\u0130\\u011e\\u0130M\\u0130Z\\u0130 SERG\\u0130LED\\u0130K. B\\u0130R OLACA\\u011eIZ, \\u0130R\\u0130 OLACA\\u011eIZ, D\\u0130R\\u0130 OLACA\\u011eIZ VE ALLAH\\u2019IN \\u0130ZN\\u0130YLE YOLUMUZA DEVAM EDECE\\u011e\\u0130Z\\u201d DED\\u0130. (\\u0130HA\\\/SAMSUN-\\u0130HA)&quot;,&quot;created_timestamp&quot;:&quot;0&quot;,&quot;copyright&quot;:&quot;\\u0130HLAS HABER AJANSI, www.iha.com.tr&quot;,&quot;focal_length&quot;:&quot;0&quot;,&quot;iso&quot;:&quot;0&quot;,&quot;shutter_speed&quot;:&quot;0&quot;,&quot;title&quot;:&quot;TOGAR: \\u201cHEP\\u0130M\\u0130Z\\u0130N AMACI DAHA G\\u00dcZEL B\\u0130R TEKKEK\\u00d6Y\\u201d&quot;,&quot;orientation&quot;:&quot;0&quot;}\" data-image-title=\"Togar: \u201cHepimizin amac\u0131 daha g\u00fczel bir Tekkek\u00f6y\u201d\" data-image-description=\"&lt;p&gt;Togar: \u201cHepimizin amac\u0131 daha g\u00fczel bir Tekkek\u00f6y\u201d&lt;\/p&gt; \" data-medium-file=\"https:\/\/i0.wp.com\/www.tvturk.com\/wp-content\/uploads\/2019\/02\/togar-hepimizin-amaci-daha-guzel-bir-tekkekoy_524fbf3.jpg?fit=300%2C164\" data-large-file=\"https:\/\/i0.wp.com\/www.tvturk.com\/wp-content\/uploads\/2019\/02\/togar-hepimizin-amaci-daha-guzel-bir-tekkekoy_524fbf3.jpg?fit=1000%2C546\" src=\"https:\/\/i0.wp.com\/www.tvturk.com\/wp-content\/uploads\/2019\/02\/togar-hepimizin-amaci-daha-guzel-bir-tekkekoy_524fbf3.jpg?w=248&#038;h=136\" srcset=\"https:\/\/i0.wp.com\/www.tvturk.com\/wp-content\/uploads\/2019\/02\/togar-hepimizin-amaci-daha-guzel-bir-tekkekoy_524fbf3.jpg?w=1000 1000w, https:\/\/i0.wp.com\/www.tvturk.com\/wp-content\/uploads\/2019\/02\/togar-hepimizin-amaci-daha-guzel-bir-tekkekoy_524fbf3.jpg?resize=150%2C82 150w, https:\/\/i0.wp.com\/www.tvturk.com\/wp-content\/uploads\/2019\/02\/togar-hepimizin-amaci-daha-guzel-bir-tekkekoy_524fbf3.jpg?resize=300%2C164 300w, https:\/\/i0.wp.com\/www.tvturk.com\/wp-content\/uploads\/2019\/02\/togar-hepimizin-amaci-daha-guzel-bir-tekkekoy_524fbf3.jpg?resize=768%2C419 768w\" width=\"248\" height=\"136\" loading=\"lazy\" data-original-width=\"248\" data-original-height=\"136\" itemprop=\"http:\/\/schema.org\/image\" title=\"Togar: \u201cHepimizin amac\u0131 daha g\u00fczel bir Tekkek\u00f6y\u201d\" alt=\"Togar: \u201cHepimizin amac\u0131 daha g\u00fczel bir Tekkek\u00f6y\u201d\" style=\"width: 248px; height: 136px;\" \/> <\/a> <\/div> <\/div> <!-- close group --> <div class=\"gallery-group images-1\" style=\"width: 248px; height: 140px;\" data-original-width=\"248\" data-original-height=\"140\" > <div class=\"tiled-gallery-item tiled-gallery-item-small\" itemprop=\"associatedMedia\" itemscope itemtype=\"http:\/\/schema.org\/ImageObject\"> <a href=\"http:\/\/www.tvturk.com\/index.php\/togar-hepimizin-amaci-daha-guzel-bir-tekkekoy\/togar-hepimizin-amaci-daha-guzel-bir-tekkekoy-4\/\" border=\"0\" itemprop=\"url\"> <meta itemprop=\"width\" content=\"244\"> <meta itemprop=\"height\" content=\"136\"> <img decoding=\"async\" class=\"\" data-attachment-id=\"29355\" data-orig-file=\"http:\/\/www.tvturk.com\/wp-content\/uploads\/2019\/02\/togar-hepimizin-amaci-daha-guzel-bir-tekkekoy_1ce7d95.jpg\" data-orig-size=\"1000,556\" data-comments-opened=\"\" data-image-meta=\"{&quot;aperture&quot;:&quot;0&quot;,&quot;credit&quot;:&quot;IHA&quot;,&quot;camera&quot;:&quot;&quot;,&quot;caption&quot;:&quot;TEKKEK\\u00d6Y AK PART\\u0130 BELED\\u0130YE MECL\\u0130S \\u00dcYES\\u0130 ADAY ADAYLARI \\u0130LE B\\u0130R ARAYA GELEN TEKKEK\\u00d6Y BELED\\u0130YE BA\\u015eKANI VE CUMHUR \\u0130TT\\u0130FAKI TEKKEK\\u00d6Y BELED\\u0130YE BA\\u015eKAN ADAYI HASAN TOGAR, \\u201cB\\u00dcY\\u00dcK AK PART\\u0130 A\\u0130LES\\u0130N\\u0130N FERTLER\\u0130 OLARAK B\\u0130R KEZ DAHA B\\u0130RL\\u0130K BERABERL\\u0130\\u011e\\u0130M\\u0130Z\\u0130 SERG\\u0130LED\\u0130K. B\\u0130R OLACA\\u011eIZ, \\u0130R\\u0130 OLACA\\u011eIZ, D\\u0130R\\u0130 OLACA\\u011eIZ VE ALLAH\\u2019IN \\u0130ZN\\u0130YLE YOLUMUZA DEVAM EDECE\\u011e\\u0130Z\\u201d DED\\u0130. (\\u0130HA\\\/SAMSUN-\\u0130HA)&quot;,&quot;created_timestamp&quot;:&quot;0&quot;,&quot;copyright&quot;:&quot;\\u0130HLAS HABER AJANSI, www.iha.com.tr&quot;,&quot;focal_length&quot;:&quot;0&quot;,&quot;iso&quot;:&quot;0&quot;,&quot;shutter_speed&quot;:&quot;0&quot;,&quot;title&quot;:&quot;TOGAR: \\u201cHEP\\u0130M\\u0130Z\\u0130N AMACI DAHA G\\u00dcZEL B\\u0130R TEKKEK\\u00d6Y\\u201d&quot;,&quot;orientation&quot;:&quot;0&quot;}\" data-image-title=\"Togar: \u201cHepimizin amac\u0131 daha g\u00fczel bir Tekkek\u00f6y\u201d\" data-image-description=\"&lt;p&gt;Togar: \u201cHepimizin amac\u0131 daha g\u00fczel bir Tekkek\u00f6y\u201d&lt;\/p&gt; \" data-medium-file=\"https:\/\/i0.wp.com\/www.tvturk.com\/wp-content\/uploads\/2019\/02\/togar-hepimizin-amaci-daha-guzel-bir-tekkekoy_1ce7d95.jpg?fit=300%2C167\" data-large-file=\"https:\/\/i0.wp.com\/www.tvturk.com\/wp-content\/uploads\/2019\/02\/togar-hepimizin-amaci-daha-guzel-bir-tekkekoy_1ce7d95.jpg?fit=1000%2C556\" src=\"https:\/\/i0.wp.com\/www.tvturk.com\/wp-content\/uploads\/2019\/02\/togar-hepimizin-amaci-daha-guzel-bir-tekkekoy_1ce7d95.jpg?w=244&#038;h=136\" srcset=\"https:\/\/i0.wp.com\/www.tvturk.com\/wp-content\/uploads\/2019\/02\/togar-hepimizin-amaci-daha-guzel-bir-tekkekoy_1ce7d95.jpg?w=1000 1000w, https:\/\/i0.wp.com\/www.tvturk.com\/wp-content\/uploads\/2019\/02\/togar-hepimizin-amaci-daha-guzel-bir-tekkekoy_1ce7d95.jpg?resize=150%2C83 150w, https:\/\/i0.wp.com\/www.tvturk.com\/wp-content\/uploads\/2019\/02\/togar-hepimizin-amaci-daha-guzel-bir-tekkekoy_1ce7d95.jpg?resize=300%2C167 300w, https:\/\/i0.wp.com\/www.tvturk.com\/wp-content\/uploads\/2019\/02\/togar-hepimizin-amaci-daha-guzel-bir-tekkekoy_1ce7d95.jpg?resize=768%2C427 768w\" width=\"244\" height=\"136\" loading=\"lazy\" data-original-width=\"244\" data-original-height=\"136\" itemprop=\"http:\/\/schema.org\/image\" title=\"Togar: \u201cHepimizin amac\u0131 daha g\u00fczel bir Tekkek\u00f6y\u201d\" alt=\"Togar: \u201cHepimizin amac\u0131 daha g\u00fczel bir Tekkek\u00f6y\u201d\" style=\"width: 244px; height: 136px;\" \/> <\/a> <\/div> <\/div> <!-- close group --> <\/div> <!-- close row --> <\/div><\/p>\n","protected":false},"excerpt":{"rendered":"<p>TEKKEK\u00d6Y AK PART\u0130 BELED\u0130YE MECL\u0130S \u00dcYES\u0130 ADAY ADAYLARI \u0130LE B\u0130R ARAYA GELEN TEKKEK\u00d6Y BELED\u0130YE BA\u015eKANI VE CUMHUR \u0130TT\u0130FAKI TEKKEK\u00d6Y BELED\u0130YE BA\u015eKAN ADAYI HASAN TOGAR, \u201cB\u00dcY\u00dcK AK PART\u0130 A\u0130LES\u0130N\u0130N FERTLER\u0130 OLARAK B\u0130R KEZ DAHA B\u0130RL\u0130K BERABERL\u0130\u011e\u0130M\u0130Z\u0130 SERG\u0130LED\u0130K. B\u0130R OLACA\u011eIZ, \u0130R\u0130 OLACA\u011eIZ, D\u0130R\u0130 OLACA\u011eIZ VE ALLAH\u2019IN \u0130ZN\u0130YLE YOLUMUZA DEVAM EDECE\u011e\u0130Z\u201d DED\u0130.<\/p>\n","protected":false},"author":1,"featured_media":29353,"comment_status":"closed","ping_status":"open","sticky":false,"template":"","format":"standard","meta":{"jetpack_post_was_ever_published":false,"_jetpack_newsletter_access":"","_jetpack_dont_email_post_to_subs":false,"_jetpack_newsletter_tier_id":0,"_jetpack_memberships_contains_paywalled_content":false,"_jetpack_memberships_contains_paid_content":false,"footnotes":"","jetpack_publicize_message":"","jetpack_publicize_feature_enabled":true,"jetpack_social_post_already_shared":false,"jetpack_social_options":{"image_generator_settings":{"template":"highway","default_image_id":0,"font":"","enabled":false},"version":2}},"categories":[9],"tags":[8433,2275,125,1018,1019,7777,70],"class_list":["post-29352","post","type-post","status-publish","format-standard","has-post-thumbnail","hentry","category-siyaset","tag-hepimizin","tag-amaci","tag-bir","tag-daha","tag-guzel","tag-tekkekoy","tag-togar"],"jetpack_publicize_connections":[],"jetpack_featured_media_url":"https:\/\/i0.wp.com\/www.tvturk.com\/wp-content\/uploads\/2019\/02\/togar-hepimizin-amaci-daha-guzel-bir-tekkekoy_d7b4576.jpg?fit=1000%2C667","jetpack_sharing_enabled":true,"jetpack_shortlink":"https:\/\/wp.me\/paKIfm-7Dq","_links":{"self":[{"href":"http:\/\/www.tvturk.com\/index.php\/wp-json\/wp\/v2\/posts\/29352","targetHints":{"allow":["GET"]}}],"collection":[{"href":"http:\/\/www.tvturk.com\/index.php\/wp-json\/wp\/v2\/posts"}],"about":[{"href":"http:\/\/www.tvturk.com\/index.php\/wp-json\/wp\/v2\/types\/post"}],"author":[{"embeddable":true,"href":"http:\/\/www.tvturk.com\/index.php\/wp-json\/wp\/v2\/users\/1"}],"replies":[{"embeddable":true,"href":"http:\/\/www.tvturk.com\/index.php\/wp-json\/wp\/v2\/comments?post=29352"}],"version-history":[{"count":1,"href":"http:\/\/www.tvturk.com\/index.php\/wp-json\/wp\/v2\/posts\/29352\/revisions"}],"predecessor-version":[{"id":29356,"href":"http:\/\/www.tvturk.com\/index.php\/wp-json\/wp\/v2\/posts\/29352\/revisions\/29356"}],"wp:featuredmedia":[{"embeddable":true,"href":"http:\/\/www.tvturk.com\/index.php\/wp-json\/wp\/v2\/media\/29353"}],"wp:attachment":[{"href":"http:\/\/www.tvturk.com\/index.php\/wp-json\/wp\/v2\/media?parent=29352"}],"wp:term":[{"taxonomy":"category","embeddable":true,"href":"http:\/\/www.tvturk.com\/index.php\/wp-json\/wp\/v2\/categories?post=29352"},{"taxonomy":"post_tag","embeddable":true,"href":"http:\/\/www.tvturk.com\/index.php\/wp-json\/wp\/v2\/tags?post=29352"}],"curies":[{"name":"wp","href":"https:\/\/api.w.org\/{rel}","templated":true}]}}