{"id":29476,"date":"2019-02-13T15:51:16","date_gmt":"2019-02-13T12:51:16","guid":{"rendered":"http:\/\/www.tvturk.com\/index.php\/ucar-yakutiyeyi-karis-karis-geziyor\/"},"modified":"2019-02-13T15:51:23","modified_gmt":"2019-02-13T12:51:23","slug":"ucar-yakutiyeyi-karis-karis-geziyor","status":"publish","type":"post","link":"http:\/\/www.tvturk.com\/index.php\/ucar-yakutiyeyi-karis-karis-geziyor\/","title":{"rendered":"U\u00e7ar Yakutiye\u2019yi kar\u0131\u015f kar\u0131\u015f geziyor"},"content":{"rendered":"<p>AK Parti Yakutiye Belediye Ba\u015fkan Aday\u0131 Dr. Mahmut U\u00e7ar, se\u00e7im b\u00f6lgesinde ad\u0131m atmad\u0131k yer b\u0131rakm\u0131yor. Cumhurba\u015fkan\u0131 Recep Tayyip Erdo\u011fan\u2019\u0131n 31 Mart Yerel Se\u00e7imleri manifestosunu a\u00e7\u0131klamas\u0131 ve AK Parti aday tan\u0131t\u0131m toplant\u0131s\u0131n\u0131n ard\u0131ndan sahaya inen U\u00e7ar, se\u00e7im \u00e7al\u0131\u015fmalar\u0131 kapsam\u0131nda bir taraftan il\u00e7edeki resmi ve \u00f6zel kurulu\u015flar\u0131 ziyaret ediyor, di\u011fer taraftan da il\u00e7edeki i\u015fyerlerinde esnaf\u0131 dinliyor. Dr. U\u00e7ar, te\u015fkilat mensuplar\u0131yla birlikte d\u00fczenlenen ev toplant\u0131lar\u0131nda da projelerini anlat\u0131yor. Tarihi Erzurum Kavaflar \u00c7ar\u015f\u0131s\u0131\u2019n\u0131 ziyaret ederek ahi evran k\u00fclt\u00fcr\u00fcn\u00fcn temsilcisi olan esnaf\u0131n taleplerini de dinleyen Dr. U\u00e7ar, istek ve talepleri not alarak se\u00e7ilmesi halinde yapacaklar\u0131n\u0131 vatanda\u015flara tek tek anlat\u0131yor. \u2018G\u00f6n\u00fcl Belediyecili\u011fi\u2019 hedefiyle yola \u00e7\u0131kt\u0131klar\u0131na vurgu yapan AK Parti Yakutiye Belediye Ba\u015fkan Aday\u0131 U\u00e7ar, insan odakl\u0131 hizmet anlay\u0131\u015f\u0131yla il\u00e7enin k\u00fclt\u00fcr miras\u0131na sahip \u00e7\u0131kan, \u00e7evreci, ihtiya\u00e7lara cevap veren, yeni projeler \u00fcretebilen, kentsel d\u00f6n\u00fc\u015f\u00fcm ve \u015fehircilik uygulamalar\u0131yla parmakla g\u00f6sterilen \u2018Yeni Yakutiye\u2019 hedeflediklerini s\u00f6yledi. Dr. U\u00e7ar, \u201cYakutiye il\u00e7emizde se\u00e7im \u00e7al\u0131\u015fmalar\u0131m\u0131z aral\u0131ks\u0131z devam ediyor. AK Kadrolar, Cumhur \u0130ttifak\u0131m\u0131z ve te\u015fkilat\u0131m\u0131z\u0131n k\u0131ymetli mensuplar\u0131yla birlikte il\u00e7emizi kar\u0131\u015f kar\u0131\u015f dola\u015f\u0131yoruz. Cumhurba\u015fkan\u0131m\u0131z Say\u0131n Recep Tayyip Erdo\u011fan\u2019\u0131n 1994\u2019te \u00e7izdi\u011fi ve yerel y\u00f6netimlerde adeta bir manifesto olan belediyecili\u011fin ilkesel kuramlar\u0131n\u0131 adeta y\u00f6netim anlay\u0131\u015f\u0131m\u0131za nak\u015federek in\u015fallah Yakutiye\u2019mizi de \u015faha kald\u0131raca\u011f\u0131z. Ak\u0131ll\u0131 kent sistemleriyle donat\u0131lacak olan Yeni Yakutiye, geli\u015fen ve de\u011fi\u015fen Erzurum\u2019un in\u015fallah zirve il\u00e7esi olacak\u201d diye konu\u015ftu.<div class=\"tiled-gallery type-rectangular tiled-gallery-unresized\" data-original-width=\"500\" data-carousel-extra='null' itemscope itemtype=\"http:\/\/schema.org\/ImageGallery\" > <div class=\"gallery-row\" style=\"width: 500px; height: 262px;\" data-original-width=\"500\" data-original-height=\"262\" > <div class=\"gallery-group images-1\" style=\"width: 286px; height: 262px;\" data-original-width=\"286\" data-original-height=\"262\" > <div class=\"tiled-gallery-item tiled-gallery-item-large\" itemprop=\"associatedMedia\" itemscope itemtype=\"http:\/\/schema.org\/ImageObject\"> <a href=\"http:\/\/www.tvturk.com\/index.php\/ucar-yakutiyeyi-karis-karis-geziyor\/ucar-yakutiyeyi-karis-karis-geziyor-3\/\" border=\"0\" itemprop=\"url\"> <meta itemprop=\"width\" content=\"282\"> <meta itemprop=\"height\" content=\"258\"> <img decoding=\"async\" class=\"\" data-attachment-id=\"29478\" data-orig-file=\"http:\/\/www.tvturk.com\/wp-content\/uploads\/2019\/02\/ucar-yakutiyeyi-karis-karis-geziyor_093c0ee.jpg\" data-orig-size=\"1000,917\" data-comments-opened=\"\" data-image-meta=\"{&quot;aperture&quot;:&quot;0&quot;,&quot;credit&quot;:&quot;IHA&quot;,&quot;camera&quot;:&quot;&quot;,&quot;caption&quot;:&quot;AK PART\\u0130 YAKUT\\u0130YE BELED\\u0130YE BA\\u015eKAN ADAYI DR. MAHMUT U\\u00c7AR, SE\\u00c7\\u0130M B\\u00d6LGES\\u0130NDE ADIM ATMADIK YER BIRAKMIYOR (\\u0130HA\\\/ERZURUM-\\u0130HA)&quot;,&quot;created_timestamp&quot;:&quot;0&quot;,&quot;copyright&quot;:&quot;\\u0130HLAS HABER AJANSI, www.iha.com.tr&quot;,&quot;focal_length&quot;:&quot;0&quot;,&quot;iso&quot;:&quot;0&quot;,&quot;shutter_speed&quot;:&quot;0&quot;,&quot;title&quot;:&quot;U\\u00c7AR YAKUT\\u0130YE\\u2019Y\\u0130 KARI\\u015e KARI\\u015e GEZ\\u0130YOR&quot;,&quot;orientation&quot;:&quot;0&quot;}\" data-image-title=\"U\u00e7ar Yakutiye\u2019yi kar\u0131\u015f kar\u0131\u015f geziyor\" data-image-description=\"&lt;p&gt;U\u00e7ar Yakutiye\u2019yi kar\u0131\u015f kar\u0131\u015f geziyor&lt;\/p&gt; \" data-medium-file=\"https:\/\/i0.wp.com\/www.tvturk.com\/wp-content\/uploads\/2019\/02\/ucar-yakutiyeyi-karis-karis-geziyor_093c0ee.jpg?fit=300%2C275\" data-large-file=\"https:\/\/i0.wp.com\/www.tvturk.com\/wp-content\/uploads\/2019\/02\/ucar-yakutiyeyi-karis-karis-geziyor_093c0ee.jpg?fit=1000%2C917\" src=\"https:\/\/i0.wp.com\/www.tvturk.com\/wp-content\/uploads\/2019\/02\/ucar-yakutiyeyi-karis-karis-geziyor_093c0ee.jpg?w=282&#038;h=258\" srcset=\"https:\/\/i0.wp.com\/www.tvturk.com\/wp-content\/uploads\/2019\/02\/ucar-yakutiyeyi-karis-karis-geziyor_093c0ee.jpg?w=1000 1000w, https:\/\/i0.wp.com\/www.tvturk.com\/wp-content\/uploads\/2019\/02\/ucar-yakutiyeyi-karis-karis-geziyor_093c0ee.jpg?resize=150%2C138 150w, https:\/\/i0.wp.com\/www.tvturk.com\/wp-content\/uploads\/2019\/02\/ucar-yakutiyeyi-karis-karis-geziyor_093c0ee.jpg?resize=300%2C275 300w, https:\/\/i0.wp.com\/www.tvturk.com\/wp-content\/uploads\/2019\/02\/ucar-yakutiyeyi-karis-karis-geziyor_093c0ee.jpg?resize=768%2C704 768w\" width=\"282\" height=\"258\" loading=\"lazy\" data-original-width=\"282\" data-original-height=\"258\" itemprop=\"http:\/\/schema.org\/image\" title=\"U\u00e7ar Yakutiye\u2019yi kar\u0131\u015f kar\u0131\u015f geziyor\" alt=\"U\u00e7ar Yakutiye\u2019yi kar\u0131\u015f kar\u0131\u015f geziyor\" style=\"width: 282px; height: 258px;\" \/> <\/a> <\/div> <\/div> <!-- close group --> <div class=\"gallery-group images-2\" style=\"width: 214px; height: 262px;\" data-original-width=\"214\" data-original-height=\"262\" > <div class=\"tiled-gallery-item tiled-gallery-item-small\" itemprop=\"associatedMedia\" itemscope itemtype=\"http:\/\/schema.org\/ImageObject\"> <a href=\"http:\/\/www.tvturk.com\/index.php\/ucar-yakutiyeyi-karis-karis-geziyor\/ucar-yakutiyeyi-karis-karis-geziyor-4\/\" border=\"0\" itemprop=\"url\"> <meta itemprop=\"width\" content=\"210\"> <meta itemprop=\"height\" content=\"140\"> <img decoding=\"async\" class=\"\" data-attachment-id=\"29479\" data-orig-file=\"http:\/\/www.tvturk.com\/wp-content\/uploads\/2019\/02\/ucar-yakutiyeyi-karis-karis-geziyor_ee44e45.jpg\" data-orig-size=\"1000,666\" data-comments-opened=\"\" data-image-meta=\"{&quot;aperture&quot;:&quot;0&quot;,&quot;credit&quot;:&quot;IHA&quot;,&quot;camera&quot;:&quot;&quot;,&quot;caption&quot;:&quot;AK PART\\u0130 YAKUT\\u0130YE BELED\\u0130YE BA\\u015eKAN ADAYI DR. MAHMUT U\\u00c7AR, SE\\u00c7\\u0130M B\\u00d6LGES\\u0130NDE ADIM ATMADIK YER BIRAKMIYOR (\\u0130HA\\\/ERZURUM-\\u0130HA)&quot;,&quot;created_timestamp&quot;:&quot;0&quot;,&quot;copyright&quot;:&quot;\\u0130HLAS HABER AJANSI, www.iha.com.tr&quot;,&quot;focal_length&quot;:&quot;0&quot;,&quot;iso&quot;:&quot;0&quot;,&quot;shutter_speed&quot;:&quot;0&quot;,&quot;title&quot;:&quot;U\\u00c7AR YAKUT\\u0130YE\\u2019Y\\u0130 KARI\\u015e KARI\\u015e GEZ\\u0130YOR&quot;,&quot;orientation&quot;:&quot;0&quot;}\" data-image-title=\"U\u00e7ar Yakutiye\u2019yi kar\u0131\u015f kar\u0131\u015f geziyor\" data-image-description=\"&lt;p&gt;U\u00e7ar Yakutiye\u2019yi kar\u0131\u015f kar\u0131\u015f geziyor&lt;\/p&gt; \" data-medium-file=\"https:\/\/i0.wp.com\/www.tvturk.com\/wp-content\/uploads\/2019\/02\/ucar-yakutiyeyi-karis-karis-geziyor_ee44e45.jpg?fit=300%2C200\" data-large-file=\"https:\/\/i0.wp.com\/www.tvturk.com\/wp-content\/uploads\/2019\/02\/ucar-yakutiyeyi-karis-karis-geziyor_ee44e45.jpg?fit=1000%2C666\" src=\"https:\/\/i0.wp.com\/www.tvturk.com\/wp-content\/uploads\/2019\/02\/ucar-yakutiyeyi-karis-karis-geziyor_ee44e45.jpg?w=210&#038;h=140\" srcset=\"https:\/\/i0.wp.com\/www.tvturk.com\/wp-content\/uploads\/2019\/02\/ucar-yakutiyeyi-karis-karis-geziyor_ee44e45.jpg?w=1000 1000w, https:\/\/i0.wp.com\/www.tvturk.com\/wp-content\/uploads\/2019\/02\/ucar-yakutiyeyi-karis-karis-geziyor_ee44e45.jpg?resize=150%2C100 150w, https:\/\/i0.wp.com\/www.tvturk.com\/wp-content\/uploads\/2019\/02\/ucar-yakutiyeyi-karis-karis-geziyor_ee44e45.jpg?resize=300%2C200 300w, https:\/\/i0.wp.com\/www.tvturk.com\/wp-content\/uploads\/2019\/02\/ucar-yakutiyeyi-karis-karis-geziyor_ee44e45.jpg?resize=768%2C511 768w, https:\/\/i0.wp.com\/www.tvturk.com\/wp-content\/uploads\/2019\/02\/ucar-yakutiyeyi-karis-karis-geziyor_ee44e45.jpg?resize=170%2C113 170w, https:\/\/i0.wp.com\/www.tvturk.com\/wp-content\/uploads\/2019\/02\/ucar-yakutiyeyi-karis-karis-geziyor_ee44e45.jpg?resize=120%2C80 120w\" width=\"210\" height=\"140\" loading=\"lazy\" data-original-width=\"210\" data-original-height=\"140\" itemprop=\"http:\/\/schema.org\/image\" title=\"U\u00e7ar Yakutiye\u2019yi kar\u0131\u015f kar\u0131\u015f geziyor\" alt=\"U\u00e7ar Yakutiye\u2019yi kar\u0131\u015f kar\u0131\u015f geziyor\" style=\"width: 210px; height: 140px;\" \/> <\/a> <\/div> <div class=\"tiled-gallery-item tiled-gallery-item-small\" itemprop=\"associatedMedia\" itemscope itemtype=\"http:\/\/schema.org\/ImageObject\"> <a href=\"http:\/\/www.tvturk.com\/index.php\/ucar-yakutiyeyi-karis-karis-geziyor\/ucar-yakutiyeyi-karis-karis-geziyor-5\/\" border=\"0\" itemprop=\"url\"> <meta itemprop=\"width\" content=\"210\"> <meta itemprop=\"height\" content=\"114\"> <img decoding=\"async\" class=\"\" data-attachment-id=\"29480\" data-orig-file=\"http:\/\/www.tvturk.com\/wp-content\/uploads\/2019\/02\/ucar-yakutiyeyi-karis-karis-geziyor_ab7243b.jpg\" data-orig-size=\"1000,543\" data-comments-opened=\"\" data-image-meta=\"{&quot;aperture&quot;:&quot;0&quot;,&quot;credit&quot;:&quot;IHA&quot;,&quot;camera&quot;:&quot;&quot;,&quot;caption&quot;:&quot;AK PART\\u0130 YAKUT\\u0130YE BELED\\u0130YE BA\\u015eKAN ADAYI DR. MAHMUT U\\u00c7AR, SE\\u00c7\\u0130M B\\u00d6LGES\\u0130NDE ADIM ATMADIK YER BIRAKMIYOR (\\u0130HA\\\/ERZURUM-\\u0130HA)&quot;,&quot;created_timestamp&quot;:&quot;0&quot;,&quot;copyright&quot;:&quot;\\u0130HLAS HABER AJANSI, www.iha.com.tr&quot;,&quot;focal_length&quot;:&quot;0&quot;,&quot;iso&quot;:&quot;0&quot;,&quot;shutter_speed&quot;:&quot;0&quot;,&quot;title&quot;:&quot;U\\u00c7AR YAKUT\\u0130YE\\u2019Y\\u0130 KARI\\u015e KARI\\u015e GEZ\\u0130YOR&quot;,&quot;orientation&quot;:&quot;0&quot;}\" data-image-title=\"U\u00e7ar Yakutiye\u2019yi kar\u0131\u015f kar\u0131\u015f geziyor\" data-image-description=\"&lt;p&gt;U\u00e7ar Yakutiye\u2019yi kar\u0131\u015f kar\u0131\u015f geziyor&lt;\/p&gt; \" data-medium-file=\"https:\/\/i0.wp.com\/www.tvturk.com\/wp-content\/uploads\/2019\/02\/ucar-yakutiyeyi-karis-karis-geziyor_ab7243b.jpg?fit=300%2C163\" data-large-file=\"https:\/\/i0.wp.com\/www.tvturk.com\/wp-content\/uploads\/2019\/02\/ucar-yakutiyeyi-karis-karis-geziyor_ab7243b.jpg?fit=1000%2C543\" src=\"https:\/\/i0.wp.com\/www.tvturk.com\/wp-content\/uploads\/2019\/02\/ucar-yakutiyeyi-karis-karis-geziyor_ab7243b.jpg?w=210&#038;h=114\" srcset=\"https:\/\/i0.wp.com\/www.tvturk.com\/wp-content\/uploads\/2019\/02\/ucar-yakutiyeyi-karis-karis-geziyor_ab7243b.jpg?w=1000 1000w, https:\/\/i0.wp.com\/www.tvturk.com\/wp-content\/uploads\/2019\/02\/ucar-yakutiyeyi-karis-karis-geziyor_ab7243b.jpg?resize=150%2C81 150w, https:\/\/i0.wp.com\/www.tvturk.com\/wp-content\/uploads\/2019\/02\/ucar-yakutiyeyi-karis-karis-geziyor_ab7243b.jpg?resize=300%2C163 300w, https:\/\/i0.wp.com\/www.tvturk.com\/wp-content\/uploads\/2019\/02\/ucar-yakutiyeyi-karis-karis-geziyor_ab7243b.jpg?resize=768%2C417 768w\" width=\"210\" height=\"114\" loading=\"lazy\" data-original-width=\"210\" data-original-height=\"114\" itemprop=\"http:\/\/schema.org\/image\" title=\"U\u00e7ar Yakutiye\u2019yi kar\u0131\u015f kar\u0131\u015f geziyor\" alt=\"U\u00e7ar Yakutiye\u2019yi kar\u0131\u015f kar\u0131\u015f geziyor\" style=\"width: 210px; height: 114px;\" \/> <\/a> <\/div> <\/div> <!-- close group --> <\/div> <!-- close row --> <div class=\"gallery-row\" style=\"width: 500px; height: 222px;\" data-original-width=\"500\" data-original-height=\"222\" > <div class=\"gallery-group images-2\" style=\"width: 169px; height: 222px;\" data-original-width=\"169\" data-original-height=\"222\" > <div class=\"tiled-gallery-item tiled-gallery-item-small\" itemprop=\"associatedMedia\" itemscope itemtype=\"http:\/\/schema.org\/ImageObject\"> <a href=\"http:\/\/www.tvturk.com\/index.php\/ucar-yakutiyeyi-karis-karis-geziyor\/ucar-yakutiyeyi-karis-karis-geziyor-6\/\" border=\"0\" itemprop=\"url\"> <meta itemprop=\"width\" content=\"165\"> <meta itemprop=\"height\" content=\"110\"> <img decoding=\"async\" class=\"\" data-attachment-id=\"29481\" data-orig-file=\"http:\/\/www.tvturk.com\/wp-content\/uploads\/2019\/02\/ucar-yakutiyeyi-karis-karis-geziyor_4f9d5d7.jpg\" data-orig-size=\"1000,666\" data-comments-opened=\"\" data-image-meta=\"{&quot;aperture&quot;:&quot;0&quot;,&quot;credit&quot;:&quot;IHA&quot;,&quot;camera&quot;:&quot;&quot;,&quot;caption&quot;:&quot;AK PART\\u0130 YAKUT\\u0130YE BELED\\u0130YE BA\\u015eKAN ADAYI DR. MAHMUT U\\u00c7AR, SE\\u00c7\\u0130M B\\u00d6LGES\\u0130NDE ADIM ATMADIK YER BIRAKMIYOR (\\u0130HA\\\/ERZURUM-\\u0130HA)&quot;,&quot;created_timestamp&quot;:&quot;0&quot;,&quot;copyright&quot;:&quot;\\u0130HLAS HABER AJANSI, www.iha.com.tr&quot;,&quot;focal_length&quot;:&quot;0&quot;,&quot;iso&quot;:&quot;0&quot;,&quot;shutter_speed&quot;:&quot;0&quot;,&quot;title&quot;:&quot;U\\u00c7AR YAKUT\\u0130YE\\u2019Y\\u0130 KARI\\u015e KARI\\u015e GEZ\\u0130YOR&quot;,&quot;orientation&quot;:&quot;0&quot;}\" data-image-title=\"U\u00e7ar Yakutiye\u2019yi kar\u0131\u015f kar\u0131\u015f geziyor\" data-image-description=\"&lt;p&gt;U\u00e7ar Yakutiye\u2019yi kar\u0131\u015f kar\u0131\u015f geziyor&lt;\/p&gt; \" data-medium-file=\"https:\/\/i0.wp.com\/www.tvturk.com\/wp-content\/uploads\/2019\/02\/ucar-yakutiyeyi-karis-karis-geziyor_4f9d5d7.jpg?fit=300%2C200\" data-large-file=\"https:\/\/i0.wp.com\/www.tvturk.com\/wp-content\/uploads\/2019\/02\/ucar-yakutiyeyi-karis-karis-geziyor_4f9d5d7.jpg?fit=1000%2C666\" src=\"https:\/\/i0.wp.com\/www.tvturk.com\/wp-content\/uploads\/2019\/02\/ucar-yakutiyeyi-karis-karis-geziyor_4f9d5d7.jpg?w=165&#038;h=110\" srcset=\"https:\/\/i0.wp.com\/www.tvturk.com\/wp-content\/uploads\/2019\/02\/ucar-yakutiyeyi-karis-karis-geziyor_4f9d5d7.jpg?w=1000 1000w, https:\/\/i0.wp.com\/www.tvturk.com\/wp-content\/uploads\/2019\/02\/ucar-yakutiyeyi-karis-karis-geziyor_4f9d5d7.jpg?resize=150%2C100 150w, https:\/\/i0.wp.com\/www.tvturk.com\/wp-content\/uploads\/2019\/02\/ucar-yakutiyeyi-karis-karis-geziyor_4f9d5d7.jpg?resize=300%2C200 300w, https:\/\/i0.wp.com\/www.tvturk.com\/wp-content\/uploads\/2019\/02\/ucar-yakutiyeyi-karis-karis-geziyor_4f9d5d7.jpg?resize=768%2C511 768w, https:\/\/i0.wp.com\/www.tvturk.com\/wp-content\/uploads\/2019\/02\/ucar-yakutiyeyi-karis-karis-geziyor_4f9d5d7.jpg?resize=170%2C113 170w, https:\/\/i0.wp.com\/www.tvturk.com\/wp-content\/uploads\/2019\/02\/ucar-yakutiyeyi-karis-karis-geziyor_4f9d5d7.jpg?resize=120%2C80 120w\" width=\"165\" height=\"110\" loading=\"lazy\" data-original-width=\"165\" data-original-height=\"110\" itemprop=\"http:\/\/schema.org\/image\" title=\"U\u00e7ar Yakutiye\u2019yi kar\u0131\u015f kar\u0131\u015f geziyor\" alt=\"U\u00e7ar Yakutiye\u2019yi kar\u0131\u015f kar\u0131\u015f geziyor\" style=\"width: 165px; height: 110px;\" \/> <\/a> <\/div> <div class=\"tiled-gallery-item tiled-gallery-item-small\" itemprop=\"associatedMedia\" itemscope itemtype=\"http:\/\/schema.org\/ImageObject\"> <a href=\"http:\/\/www.tvturk.com\/index.php\/ucar-yakutiyeyi-karis-karis-geziyor\/ucar-yakutiyeyi-karis-karis-geziyor-7\/\" border=\"0\" itemprop=\"url\"> <meta itemprop=\"width\" content=\"165\"> <meta itemprop=\"height\" content=\"104\"> <img decoding=\"async\" class=\"\" data-attachment-id=\"29482\" data-orig-file=\"http:\/\/www.tvturk.com\/wp-content\/uploads\/2019\/02\/ucar-yakutiyeyi-karis-karis-geziyor_3c5a5bf.jpg\" data-orig-size=\"1000,633\" data-comments-opened=\"\" data-image-meta=\"{&quot;aperture&quot;:&quot;0&quot;,&quot;credit&quot;:&quot;IHA&quot;,&quot;camera&quot;:&quot;&quot;,&quot;caption&quot;:&quot;AK PART\\u0130 YAKUT\\u0130YE BELED\\u0130YE BA\\u015eKAN ADAYI DR. MAHMUT U\\u00c7AR, SE\\u00c7\\u0130M B\\u00d6LGES\\u0130NDE ADIM ATMADIK YER BIRAKMIYOR (\\u0130HA\\\/ERZURUM-\\u0130HA)&quot;,&quot;created_timestamp&quot;:&quot;0&quot;,&quot;copyright&quot;:&quot;\\u0130HLAS HABER AJANSI, www.iha.com.tr&quot;,&quot;focal_length&quot;:&quot;0&quot;,&quot;iso&quot;:&quot;0&quot;,&quot;shutter_speed&quot;:&quot;0&quot;,&quot;title&quot;:&quot;U\\u00c7AR YAKUT\\u0130YE\\u2019Y\\u0130 KARI\\u015e KARI\\u015e GEZ\\u0130YOR&quot;,&quot;orientation&quot;:&quot;0&quot;}\" data-image-title=\"U\u00e7ar Yakutiye\u2019yi kar\u0131\u015f kar\u0131\u015f geziyor\" data-image-description=\"&lt;p&gt;U\u00e7ar Yakutiye\u2019yi kar\u0131\u015f kar\u0131\u015f geziyor&lt;\/p&gt; \" data-medium-file=\"https:\/\/i0.wp.com\/www.tvturk.com\/wp-content\/uploads\/2019\/02\/ucar-yakutiyeyi-karis-karis-geziyor_3c5a5bf.jpg?fit=300%2C190\" data-large-file=\"https:\/\/i0.wp.com\/www.tvturk.com\/wp-content\/uploads\/2019\/02\/ucar-yakutiyeyi-karis-karis-geziyor_3c5a5bf.jpg?fit=1000%2C633\" src=\"https:\/\/i0.wp.com\/www.tvturk.com\/wp-content\/uploads\/2019\/02\/ucar-yakutiyeyi-karis-karis-geziyor_3c5a5bf.jpg?w=165&#038;h=104\" srcset=\"https:\/\/i0.wp.com\/www.tvturk.com\/wp-content\/uploads\/2019\/02\/ucar-yakutiyeyi-karis-karis-geziyor_3c5a5bf.jpg?w=1000 1000w, https:\/\/i0.wp.com\/www.tvturk.com\/wp-content\/uploads\/2019\/02\/ucar-yakutiyeyi-karis-karis-geziyor_3c5a5bf.jpg?resize=150%2C95 150w, https:\/\/i0.wp.com\/www.tvturk.com\/wp-content\/uploads\/2019\/02\/ucar-yakutiyeyi-karis-karis-geziyor_3c5a5bf.jpg?resize=300%2C190 300w, https:\/\/i0.wp.com\/www.tvturk.com\/wp-content\/uploads\/2019\/02\/ucar-yakutiyeyi-karis-karis-geziyor_3c5a5bf.jpg?resize=768%2C486 768w, https:\/\/i0.wp.com\/www.tvturk.com\/wp-content\/uploads\/2019\/02\/ucar-yakutiyeyi-karis-karis-geziyor_3c5a5bf.jpg?resize=460%2C290 460w\" width=\"165\" height=\"104\" loading=\"lazy\" data-original-width=\"165\" data-original-height=\"104\" itemprop=\"http:\/\/schema.org\/image\" title=\"U\u00e7ar Yakutiye\u2019yi kar\u0131\u015f kar\u0131\u015f geziyor\" alt=\"U\u00e7ar Yakutiye\u2019yi kar\u0131\u015f kar\u0131\u015f geziyor\" style=\"width: 165px; height: 104px;\" \/> <\/a> <\/div> <\/div> <!-- close group --> <div class=\"gallery-group images-1\" style=\"width: 331px; height: 222px;\" data-original-width=\"331\" data-original-height=\"222\" > <div class=\"tiled-gallery-item tiled-gallery-item-large\" itemprop=\"associatedMedia\" itemscope itemtype=\"http:\/\/schema.org\/ImageObject\"> <a href=\"http:\/\/www.tvturk.com\/index.php\/ucar-yakutiyeyi-karis-karis-geziyor\/ucar-yakutiyeyi-karis-karis-geziyor-8\/\" border=\"0\" itemprop=\"url\"> <meta itemprop=\"width\" content=\"327\"> <meta itemprop=\"height\" content=\"218\"> <img decoding=\"async\" class=\"\" data-attachment-id=\"29483\" data-orig-file=\"http:\/\/www.tvturk.com\/wp-content\/uploads\/2019\/02\/ucar-yakutiyeyi-karis-karis-geziyor_e4c1d7c.jpg\" data-orig-size=\"1000,666\" data-comments-opened=\"\" data-image-meta=\"{&quot;aperture&quot;:&quot;0&quot;,&quot;credit&quot;:&quot;IHA&quot;,&quot;camera&quot;:&quot;&quot;,&quot;caption&quot;:&quot;AK PART\\u0130 YAKUT\\u0130YE BELED\\u0130YE BA\\u015eKAN ADAYI DR. MAHMUT U\\u00c7AR, SE\\u00c7\\u0130M B\\u00d6LGES\\u0130NDE ADIM ATMADIK YER BIRAKMIYOR (\\u0130HA\\\/ERZURUM-\\u0130HA)&quot;,&quot;created_timestamp&quot;:&quot;0&quot;,&quot;copyright&quot;:&quot;\\u0130HLAS HABER AJANSI, www.iha.com.tr&quot;,&quot;focal_length&quot;:&quot;0&quot;,&quot;iso&quot;:&quot;0&quot;,&quot;shutter_speed&quot;:&quot;0&quot;,&quot;title&quot;:&quot;U\\u00c7AR YAKUT\\u0130YE\\u2019Y\\u0130 KARI\\u015e KARI\\u015e GEZ\\u0130YOR&quot;,&quot;orientation&quot;:&quot;0&quot;}\" data-image-title=\"U\u00e7ar Yakutiye\u2019yi kar\u0131\u015f kar\u0131\u015f geziyor\" data-image-description=\"&lt;p&gt;U\u00e7ar Yakutiye\u2019yi kar\u0131\u015f kar\u0131\u015f geziyor&lt;\/p&gt; \" data-medium-file=\"https:\/\/i0.wp.com\/www.tvturk.com\/wp-content\/uploads\/2019\/02\/ucar-yakutiyeyi-karis-karis-geziyor_e4c1d7c.jpg?fit=300%2C200\" data-large-file=\"https:\/\/i0.wp.com\/www.tvturk.com\/wp-content\/uploads\/2019\/02\/ucar-yakutiyeyi-karis-karis-geziyor_e4c1d7c.jpg?fit=1000%2C666\" src=\"https:\/\/i0.wp.com\/www.tvturk.com\/wp-content\/uploads\/2019\/02\/ucar-yakutiyeyi-karis-karis-geziyor_e4c1d7c.jpg?w=327&#038;h=218\" srcset=\"https:\/\/i0.wp.com\/www.tvturk.com\/wp-content\/uploads\/2019\/02\/ucar-yakutiyeyi-karis-karis-geziyor_e4c1d7c.jpg?w=1000 1000w, https:\/\/i0.wp.com\/www.tvturk.com\/wp-content\/uploads\/2019\/02\/ucar-yakutiyeyi-karis-karis-geziyor_e4c1d7c.jpg?resize=150%2C100 150w, https:\/\/i0.wp.com\/www.tvturk.com\/wp-content\/uploads\/2019\/02\/ucar-yakutiyeyi-karis-karis-geziyor_e4c1d7c.jpg?resize=300%2C200 300w, https:\/\/i0.wp.com\/www.tvturk.com\/wp-content\/uploads\/2019\/02\/ucar-yakutiyeyi-karis-karis-geziyor_e4c1d7c.jpg?resize=768%2C511 768w, https:\/\/i0.wp.com\/www.tvturk.com\/wp-content\/uploads\/2019\/02\/ucar-yakutiyeyi-karis-karis-geziyor_e4c1d7c.jpg?resize=170%2C113 170w, https:\/\/i0.wp.com\/www.tvturk.com\/wp-content\/uploads\/2019\/02\/ucar-yakutiyeyi-karis-karis-geziyor_e4c1d7c.jpg?resize=120%2C80 120w\" width=\"327\" height=\"218\" loading=\"lazy\" data-original-width=\"327\" data-original-height=\"218\" itemprop=\"http:\/\/schema.org\/image\" title=\"U\u00e7ar Yakutiye\u2019yi kar\u0131\u015f kar\u0131\u015f geziyor\" alt=\"U\u00e7ar Yakutiye\u2019yi kar\u0131\u015f kar\u0131\u015f geziyor\" style=\"width: 327px; height: 218px;\" \/> <\/a> <\/div> <\/div> <!-- close group --> <\/div> <!-- close row --> <div class=\"gallery-row\" style=\"width: 500px; height: 177px;\" data-original-width=\"500\" data-original-height=\"177\" > <div class=\"gallery-group images-1\" style=\"width: 236px; height: 177px;\" data-original-width=\"236\" data-original-height=\"177\" > <div class=\"tiled-gallery-item tiled-gallery-item-small\" itemprop=\"associatedMedia\" itemscope itemtype=\"http:\/\/schema.org\/ImageObject\"> <a href=\"http:\/\/www.tvturk.com\/index.php\/ucar-yakutiyeyi-karis-karis-geziyor\/ucar-yakutiyeyi-karis-karis-geziyor-9\/\" border=\"0\" itemprop=\"url\"> <meta itemprop=\"width\" content=\"232\"> <meta itemprop=\"height\" content=\"173\"> <img decoding=\"async\" class=\"\" data-attachment-id=\"29484\" data-orig-file=\"http:\/\/www.tvturk.com\/wp-content\/uploads\/2019\/02\/ucar-yakutiyeyi-karis-karis-geziyor_e03ca11.jpg\" data-orig-size=\"1000,747\" data-comments-opened=\"\" data-image-meta=\"{&quot;aperture&quot;:&quot;0&quot;,&quot;credit&quot;:&quot;IHA&quot;,&quot;camera&quot;:&quot;&quot;,&quot;caption&quot;:&quot;AK PART\\u0130 YAKUT\\u0130YE BELED\\u0130YE BA\\u015eKAN ADAYI DR. MAHMUT U\\u00c7AR, SE\\u00c7\\u0130M B\\u00d6LGES\\u0130NDE ADIM ATMADIK YER BIRAKMIYOR (\\u0130HA\\\/ERZURUM-\\u0130HA)&quot;,&quot;created_timestamp&quot;:&quot;0&quot;,&quot;copyright&quot;:&quot;\\u0130HLAS HABER AJANSI, www.iha.com.tr&quot;,&quot;focal_length&quot;:&quot;0&quot;,&quot;iso&quot;:&quot;0&quot;,&quot;shutter_speed&quot;:&quot;0&quot;,&quot;title&quot;:&quot;U\\u00c7AR YAKUT\\u0130YE\\u2019Y\\u0130 KARI\\u015e KARI\\u015e GEZ\\u0130YOR&quot;,&quot;orientation&quot;:&quot;0&quot;}\" data-image-title=\"U\u00e7ar Yakutiye\u2019yi kar\u0131\u015f kar\u0131\u015f geziyor\" data-image-description=\"&lt;p&gt;U\u00e7ar Yakutiye\u2019yi kar\u0131\u015f kar\u0131\u015f geziyor&lt;\/p&gt; \" data-medium-file=\"https:\/\/i0.wp.com\/www.tvturk.com\/wp-content\/uploads\/2019\/02\/ucar-yakutiyeyi-karis-karis-geziyor_e03ca11.jpg?fit=300%2C224\" data-large-file=\"https:\/\/i0.wp.com\/www.tvturk.com\/wp-content\/uploads\/2019\/02\/ucar-yakutiyeyi-karis-karis-geziyor_e03ca11.jpg?fit=1000%2C747\" src=\"https:\/\/i0.wp.com\/www.tvturk.com\/wp-content\/uploads\/2019\/02\/ucar-yakutiyeyi-karis-karis-geziyor_e03ca11.jpg?w=232&#038;h=173\" srcset=\"https:\/\/i0.wp.com\/www.tvturk.com\/wp-content\/uploads\/2019\/02\/ucar-yakutiyeyi-karis-karis-geziyor_e03ca11.jpg?w=1000 1000w, https:\/\/i0.wp.com\/www.tvturk.com\/wp-content\/uploads\/2019\/02\/ucar-yakutiyeyi-karis-karis-geziyor_e03ca11.jpg?resize=150%2C112 150w, https:\/\/i0.wp.com\/www.tvturk.com\/wp-content\/uploads\/2019\/02\/ucar-yakutiyeyi-karis-karis-geziyor_e03ca11.jpg?resize=300%2C224 300w, https:\/\/i0.wp.com\/www.tvturk.com\/wp-content\/uploads\/2019\/02\/ucar-yakutiyeyi-karis-karis-geziyor_e03ca11.jpg?resize=768%2C574 768w\" width=\"232\" height=\"173\" loading=\"lazy\" data-original-width=\"232\" data-original-height=\"173\" itemprop=\"http:\/\/schema.org\/image\" title=\"U\u00e7ar Yakutiye\u2019yi kar\u0131\u015f kar\u0131\u015f geziyor\" alt=\"U\u00e7ar Yakutiye\u2019yi kar\u0131\u015f kar\u0131\u015f geziyor\" style=\"width: 232px; height: 173px;\" \/> <\/a> <\/div> <\/div> <!-- close group --> <div class=\"gallery-group images-1\" style=\"width: 264px; height: 177px;\" data-original-width=\"264\" data-original-height=\"177\" > <div class=\"tiled-gallery-item tiled-gallery-item-large\" itemprop=\"associatedMedia\" itemscope itemtype=\"http:\/\/schema.org\/ImageObject\"> <a href=\"http:\/\/www.tvturk.com\/index.php\/ucar-yakutiyeyi-karis-karis-geziyor\/ucar-yakutiyeyi-karis-karis-geziyor-10\/\" border=\"0\" itemprop=\"url\"> <meta itemprop=\"width\" content=\"260\"> <meta itemprop=\"height\" content=\"173\"> <img decoding=\"async\" class=\"\" data-attachment-id=\"29485\" data-orig-file=\"http:\/\/www.tvturk.com\/wp-content\/uploads\/2019\/02\/ucar-yakutiyeyi-karis-karis-geziyor_21b2c69.jpg\" data-orig-size=\"1000,665\" data-comments-opened=\"\" data-image-meta=\"{&quot;aperture&quot;:&quot;0&quot;,&quot;credit&quot;:&quot;IHA&quot;,&quot;camera&quot;:&quot;&quot;,&quot;caption&quot;:&quot;AK PART\\u0130 YAKUT\\u0130YE BELED\\u0130YE BA\\u015eKAN ADAYI DR. MAHMUT U\\u00c7AR, SE\\u00c7\\u0130M B\\u00d6LGES\\u0130NDE ADIM ATMADIK YER BIRAKMIYOR (\\u0130HA\\\/ERZURUM-\\u0130HA)&quot;,&quot;created_timestamp&quot;:&quot;0&quot;,&quot;copyright&quot;:&quot;\\u0130HLAS HABER AJANSI, www.iha.com.tr&quot;,&quot;focal_length&quot;:&quot;0&quot;,&quot;iso&quot;:&quot;0&quot;,&quot;shutter_speed&quot;:&quot;0&quot;,&quot;title&quot;:&quot;U\\u00c7AR YAKUT\\u0130YE\\u2019Y\\u0130 KARI\\u015e KARI\\u015e GEZ\\u0130YOR&quot;,&quot;orientation&quot;:&quot;0&quot;}\" data-image-title=\"U\u00e7ar Yakutiye\u2019yi kar\u0131\u015f kar\u0131\u015f geziyor\" data-image-description=\"&lt;p&gt;U\u00e7ar Yakutiye\u2019yi kar\u0131\u015f kar\u0131\u015f geziyor&lt;\/p&gt; \" data-medium-file=\"https:\/\/i0.wp.com\/www.tvturk.com\/wp-content\/uploads\/2019\/02\/ucar-yakutiyeyi-karis-karis-geziyor_21b2c69.jpg?fit=300%2C200\" data-large-file=\"https:\/\/i0.wp.com\/www.tvturk.com\/wp-content\/uploads\/2019\/02\/ucar-yakutiyeyi-karis-karis-geziyor_21b2c69.jpg?fit=1000%2C665\" src=\"https:\/\/i0.wp.com\/www.tvturk.com\/wp-content\/uploads\/2019\/02\/ucar-yakutiyeyi-karis-karis-geziyor_21b2c69.jpg?w=260&#038;h=173\" srcset=\"https:\/\/i0.wp.com\/www.tvturk.com\/wp-content\/uploads\/2019\/02\/ucar-yakutiyeyi-karis-karis-geziyor_21b2c69.jpg?w=1000 1000w, https:\/\/i0.wp.com\/www.tvturk.com\/wp-content\/uploads\/2019\/02\/ucar-yakutiyeyi-karis-karis-geziyor_21b2c69.jpg?resize=150%2C100 150w, https:\/\/i0.wp.com\/www.tvturk.com\/wp-content\/uploads\/2019\/02\/ucar-yakutiyeyi-karis-karis-geziyor_21b2c69.jpg?resize=300%2C200 300w, https:\/\/i0.wp.com\/www.tvturk.com\/wp-content\/uploads\/2019\/02\/ucar-yakutiyeyi-karis-karis-geziyor_21b2c69.jpg?resize=768%2C511 768w, https:\/\/i0.wp.com\/www.tvturk.com\/wp-content\/uploads\/2019\/02\/ucar-yakutiyeyi-karis-karis-geziyor_21b2c69.jpg?resize=170%2C113 170w, https:\/\/i0.wp.com\/www.tvturk.com\/wp-content\/uploads\/2019\/02\/ucar-yakutiyeyi-karis-karis-geziyor_21b2c69.jpg?resize=120%2C80 120w\" width=\"260\" height=\"173\" loading=\"lazy\" data-original-width=\"260\" data-original-height=\"173\" itemprop=\"http:\/\/schema.org\/image\" title=\"U\u00e7ar Yakutiye\u2019yi kar\u0131\u015f kar\u0131\u015f geziyor\" alt=\"U\u00e7ar Yakutiye\u2019yi kar\u0131\u015f kar\u0131\u015f geziyor\" style=\"width: 260px; height: 173px;\" \/> <\/a> <\/div> <\/div> <!-- close group --> <\/div> <!-- close row --> <div class=\"gallery-row\" style=\"width: 500px; height: 316px;\" data-original-width=\"500\" data-original-height=\"316\" > <div class=\"gallery-group images-1\" style=\"width: 500px; height: 316px;\" data-original-width=\"500\" data-original-height=\"316\" > <div class=\"tiled-gallery-item tiled-gallery-item-large\" itemprop=\"associatedMedia\" itemscope itemtype=\"http:\/\/schema.org\/ImageObject\"> <a href=\"http:\/\/www.tvturk.com\/index.php\/ucar-yakutiyeyi-karis-karis-geziyor\/ucar-yakutiyeyi-karis-karis-geziyor-11\/\" border=\"0\" itemprop=\"url\"> <meta itemprop=\"width\" content=\"496\"> <meta itemprop=\"height\" content=\"312\"> <img decoding=\"async\" class=\"\" data-attachment-id=\"29486\" data-orig-file=\"http:\/\/www.tvturk.com\/wp-content\/uploads\/2019\/02\/ucar-yakutiyeyi-karis-karis-geziyor_0968094.jpg\" data-orig-size=\"1000,630\" data-comments-opened=\"\" data-image-meta=\"{&quot;aperture&quot;:&quot;0&quot;,&quot;credit&quot;:&quot;IHA&quot;,&quot;camera&quot;:&quot;&quot;,&quot;caption&quot;:&quot;AK PART\\u0130 YAKUT\\u0130YE BELED\\u0130YE BA\\u015eKAN ADAYI DR. MAHMUT U\\u00c7AR, SE\\u00c7\\u0130M B\\u00d6LGES\\u0130NDE ADIM ATMADIK YER BIRAKMIYOR (\\u0130HA\\\/ERZURUM-\\u0130HA)&quot;,&quot;created_timestamp&quot;:&quot;0&quot;,&quot;copyright&quot;:&quot;\\u0130HLAS HABER AJANSI, www.iha.com.tr&quot;,&quot;focal_length&quot;:&quot;0&quot;,&quot;iso&quot;:&quot;0&quot;,&quot;shutter_speed&quot;:&quot;0&quot;,&quot;title&quot;:&quot;U\\u00c7AR YAKUT\\u0130YE\\u2019Y\\u0130 KARI\\u015e KARI\\u015e GEZ\\u0130YOR&quot;,&quot;orientation&quot;:&quot;0&quot;}\" data-image-title=\"U\u00e7ar Yakutiye\u2019yi kar\u0131\u015f kar\u0131\u015f geziyor\" data-image-description=\"&lt;p&gt;U\u00e7ar Yakutiye\u2019yi kar\u0131\u015f kar\u0131\u015f geziyor&lt;\/p&gt; \" data-medium-file=\"https:\/\/i0.wp.com\/www.tvturk.com\/wp-content\/uploads\/2019\/02\/ucar-yakutiyeyi-karis-karis-geziyor_0968094.jpg?fit=300%2C189\" data-large-file=\"https:\/\/i0.wp.com\/www.tvturk.com\/wp-content\/uploads\/2019\/02\/ucar-yakutiyeyi-karis-karis-geziyor_0968094.jpg?fit=1000%2C630\" src=\"https:\/\/i0.wp.com\/www.tvturk.com\/wp-content\/uploads\/2019\/02\/ucar-yakutiyeyi-karis-karis-geziyor_0968094.jpg?w=496&#038;h=312\" srcset=\"https:\/\/i0.wp.com\/www.tvturk.com\/wp-content\/uploads\/2019\/02\/ucar-yakutiyeyi-karis-karis-geziyor_0968094.jpg?w=1000 1000w, https:\/\/i0.wp.com\/www.tvturk.com\/wp-content\/uploads\/2019\/02\/ucar-yakutiyeyi-karis-karis-geziyor_0968094.jpg?resize=150%2C95 150w, https:\/\/i0.wp.com\/www.tvturk.com\/wp-content\/uploads\/2019\/02\/ucar-yakutiyeyi-karis-karis-geziyor_0968094.jpg?resize=300%2C189 300w, https:\/\/i0.wp.com\/www.tvturk.com\/wp-content\/uploads\/2019\/02\/ucar-yakutiyeyi-karis-karis-geziyor_0968094.jpg?resize=768%2C484 768w, https:\/\/i0.wp.com\/www.tvturk.com\/wp-content\/uploads\/2019\/02\/ucar-yakutiyeyi-karis-karis-geziyor_0968094.jpg?resize=460%2C290 460w\" width=\"496\" height=\"312\" loading=\"lazy\" data-original-width=\"496\" data-original-height=\"312\" itemprop=\"http:\/\/schema.org\/image\" title=\"U\u00e7ar Yakutiye\u2019yi kar\u0131\u015f kar\u0131\u015f geziyor\" alt=\"U\u00e7ar Yakutiye\u2019yi kar\u0131\u015f kar\u0131\u015f geziyor\" style=\"width: 496px; height: 312px;\" \/> <\/a> <\/div> <\/div> <!-- close group --> <\/div> <!-- close row --> <\/div><\/p>\n","protected":false},"excerpt":{"rendered":"<p>AK PART\u0130 YAKUT\u0130YE BELED\u0130YE BA\u015eKAN ADAYI DR. MAHMUT U\u00c7AR, SE\u00c7\u0130M B\u00d6LGES\u0130NDE ADIM ATMADIK YER BIRAKMIYOR<\/p>\n","protected":false},"author":1,"featured_media":29477,"comment_status":"closed","ping_status":"open","sticky":false,"template":"","format":"standard","meta":{"jetpack_post_was_ever_published":false,"_jetpack_newsletter_access":"","_jetpack_dont_email_post_to_subs":false,"_jetpack_newsletter_tier_id":0,"_jetpack_memberships_contains_paywalled_content":false,"_jetpack_memberships_contains_paid_content":false,"footnotes":"","jetpack_publicize_message":"","jetpack_publicize_feature_enabled":true,"jetpack_social_post_already_shared":false,"jetpack_social_options":{"image_generator_settings":{"template":"highway","default_image_id":0,"font":"","enabled":false},"version":2}},"categories":[9],"tags":[11773,11772,2999,11771],"class_list":["post-29476","post","type-post","status-publish","format-standard","has-post-thumbnail","hentry","category-siyaset","tag-geziyor","tag-karis","tag-ucar","tag-yakutiyeyi"],"jetpack_publicize_connections":[],"jetpack_featured_media_url":"https:\/\/i0.wp.com\/www.tvturk.com\/wp-content\/uploads\/2019\/02\/ucar-yakutiyeyi-karis-karis-geziyor_6fe44e7.jpg?fit=1000%2C666","jetpack_sharing_enabled":true,"jetpack_shortlink":"https:\/\/wp.me\/paKIfm-7Fq","_links":{"self":[{"href":"http:\/\/www.tvturk.com\/index.php\/wp-json\/wp\/v2\/posts\/29476","targetHints":{"allow":["GET"]}}],"collection":[{"href":"http:\/\/www.tvturk.com\/index.php\/wp-json\/wp\/v2\/posts"}],"about":[{"href":"http:\/\/www.tvturk.com\/index.php\/wp-json\/wp\/v2\/types\/post"}],"author":[{"embeddable":true,"href":"http:\/\/www.tvturk.com\/index.php\/wp-json\/wp\/v2\/users\/1"}],"replies":[{"embeddable":true,"href":"http:\/\/www.tvturk.com\/index.php\/wp-json\/wp\/v2\/comments?post=29476"}],"version-history":[{"count":1,"href":"http:\/\/www.tvturk.com\/index.php\/wp-json\/wp\/v2\/posts\/29476\/revisions"}],"predecessor-version":[{"id":29487,"href":"http:\/\/www.tvturk.com\/index.php\/wp-json\/wp\/v2\/posts\/29476\/revisions\/29487"}],"wp:featuredmedia":[{"embeddable":true,"href":"http:\/\/www.tvturk.com\/index.php\/wp-json\/wp\/v2\/media\/29477"}],"wp:attachment":[{"href":"http:\/\/www.tvturk.com\/index.php\/wp-json\/wp\/v2\/media?parent=29476"}],"wp:term":[{"taxonomy":"category","embeddable":true,"href":"http:\/\/www.tvturk.com\/index.php\/wp-json\/wp\/v2\/categories?post=29476"},{"taxonomy":"post_tag","embeddable":true,"href":"http:\/\/www.tvturk.com\/index.php\/wp-json\/wp\/v2\/tags?post=29476"}],"curies":[{"name":"wp","href":"https:\/\/api.w.org\/{rel}","templated":true}]}}