{"id":29490,"date":"2019-02-13T15:51:27","date_gmt":"2019-02-13T12:51:27","guid":{"rendered":"http:\/\/www.tvturk.com\/index.php\/gumushanedeki-tum-okullarda-ogrencilerin-cep-telefonu-kullanimi-yasaklandi\/"},"modified":"2019-02-13T15:51:29","modified_gmt":"2019-02-13T12:51:29","slug":"gumushanedeki-tum-okullarda-ogrencilerin-cep-telefonu-kullanimi-yasaklandi","status":"publish","type":"post","link":"http:\/\/www.tvturk.com\/index.php\/gumushanedeki-tum-okullarda-ogrencilerin-cep-telefonu-kullanimi-yasaklandi\/","title":{"rendered":"G\u00fcm\u00fc\u015fhane\u2019deki t\u00fcm okullarda \u00f6\u011frencilerin cep telefonu kullan\u0131m\u0131 yasakland\u0131"},"content":{"rendered":"<p>G\u00fcm\u00fc\u015fhane Vali Kamuran Ta\u015fbilek ba\u015fkanl\u0131\u011f\u0131nda yap\u0131lan \u2018Uyu\u015fturucu ve Ba\u011f\u0131ml\u0131l\u0131k Yap\u0131c\u0131 Maddeler \u0130l Koordinasyon Kurulu\u2019 toplant\u0131s\u0131nda radikal kararlara imza at\u0131ld\u0131.<\/p>\n<p>Valilik Toplant\u0131 Salonunda d\u00fczenlenen ve geni\u015f kat\u0131l\u0131ml\u0131 ger\u00e7ekle\u015ftirilen toplant\u0131da konu\u015fan Vali Ta\u015fbilek, hali haz\u0131rda G\u00fcm\u00fc\u015fhane\u2019de baz\u0131 okullarda uygulanan \u00f6\u011frenciye cep telefonu yasa\u011f\u0131n\u0131n il genelindeki t\u00fcm okullarda uygulanmas\u0131 talimat\u0131n\u0131 verirken, olumsuz davran\u0131\u015f g\u00f6steren, ba\u011f\u0131ml\u0131l\u0131\u011fa meyleden \u00f6\u011frencilerin velilerine misafir olunacak, metruk binalar bertaraf edilecek.<\/p>\n<p>\u201cAlt\u0131n kalpli insanlar\u0131n ya\u015fad\u0131\u011f\u0131 yer olan G\u00fcm\u00fc\u015fhane\u2019yi ba\u011f\u0131ml\u0131l\u0131klardan uzak, s\u0131k\u0131nt\u0131lardan uzakla\u015ft\u0131rmak hepimizin boynunun borcudur\u201d<\/p>\n<p>\u00c7ocuklar\u0131 her t\u00fcrl\u00fc k\u00f6t\u00fc al\u0131\u015fkanl\u0131klardan koruma noktas\u0131nda ailelerin, devletin ve herkesin \u00e7ok \u00f6nemli g\u00f6revlerinin s\u00f6z konusu oldu\u011funu vurgulayan Vali Ta\u015fbilek, \u201cEl birli\u011fiyle, birlik, beraberlik i\u00e7erisinde bu m\u00fccadelede \u00e7ocuklar\u0131m\u0131z\u0131 kurumlar olarak hepsini eksiksiz yerine getirmek zorunday\u0131z. Alt\u0131n kalpli insanlar\u0131n ya\u015fad\u0131\u011f\u0131 yer olan G\u00fcm\u00fc\u015fhane\u2019yi ba\u011f\u0131ml\u0131l\u0131klardan uzak, s\u0131k\u0131nt\u0131lardan uzakla\u015ft\u0131rmak hepimizin boynunun borcudur. \u00c7abalar\u0131m\u0131z yetmiyor daha fazlas\u0131n\u0131 yapaca\u011f\u0131z\u201d dedi.<\/p>\n<p>\u201cS\u0131n\u0131fa kesinlikle cep telefonu girmeyecek\u201d<\/p>\n<p>Toplant\u0131da Kaymakamlar ve Milli E\u011fitim y\u00f6neticilerine talimat vererek denetimlerde bu hususa \u00f6zellikle dikkat edilece\u011fini vurgulayan Vali Ta\u015fbilek, \u201cB\u00fct\u00fcn okul idarecileri sabah okula gelen \u00f6\u011frencinin telefonunu kapatt\u0131r\u0131p oraya uygun bir yer yapt\u0131racak ve herkesin telefonu kapat\u0131lm\u0131\u015f bir \u015fekilde n\u00f6bet\u00e7i \u00f6\u011fretmenin kontrol\u00fcnde muhafaza edilecek. Giderken de \u00f6\u011frenci oradan al\u0131p gidecek. Bu konuda kesinlikle s\u0131n\u0131fa telefon girmeyecek. S\u0131n\u0131fa giren telefon a\u00e7\u0131k kal\u0131yor ve ders d\u0131\u015f\u0131 her t\u00fcrl\u00fc faaliyetin icras\u0131 m\u00fcmk\u00fcn hale geliyor. Kaymakamlara da talimat\u0131m\u0131z. \u00d6\u011frenci tabi ki telefonunu getirebilir. Sonu\u00e7ta ailesi ile irtibat kurmak zorunda. Okula gidene kadar ve okuldan \u00e7\u0131kt\u0131ktan sonra irtibat kuracak. Ak\u015fam evde yata\u011f\u0131n i\u00e7erisinde bile bak\u0131yor. En az\u0131ndan 4-5 saatte olsa \u00e7ocuklar\u0131m\u0131z\u0131 telefondan koruyal\u0131m\u201d dedi.<\/p>\n<p>\u201cDevams\u0131zl\u0131k SMS\u2019leri i\u00e7in ak\u015fam beklenmeyecek, an\u0131nda veliye bildirilecek\u201d<\/p>\n<p>Okulda \u00f6\u011frencilerin devams\u0131zl\u0131k takibiyle ilgili de veliye an\u0131nda bildirim yap\u0131lmas\u0131 i\u00e7in talimat veren Vali Ta\u015fbilek, \u201cOkula gelmeyen bir \u00f6\u011frenci mesaj sistemi geli\u015ftirilerek an\u0131nda velisine bilgi verilecek. Ya da geldi 3.dersten sonra okuldan ka\u00e7t\u0131. O g\u00fcn ak\u015fam\u0131 beklemeyecek bilgi vermek i\u00e7in an\u0131nda bilgi gidecek veliye. Girdi \u00f6\u011fretmen s\u0131n\u0131fa bakt\u0131 \u00f6\u011frenci yok teneff\u00fcs\u00fc almadan hemen idareye aktar\u0131lacak oradan mesaj at\u0131lacak. Veli bilecek ki \u00e7ocuk okulda de\u011filse nerede oldu\u011funu anlayabilecek kapasitede olacak. B\u00fct\u00fcn okul denetimlerinde buna bakaca\u011f\u0131m. Bu kaymakam beylere de talimat\u0131md\u0131r.<\/p>\n<p>Belirli aral\u0131klarla bunun denetimi yap\u0131lacak. Bu kurala uymayanlarla ilgili gerekli disiplin kurulu i\u015flemleri de yap\u0131lacak. G\u00fcm\u00fc\u015fhane\u2019deki temel yakla\u015f\u0131m\u0131m\u0131z bu olacak, bu konuda da asla taviz verilmeyecek. Getirecek, okula teslim edecek, giderken de al\u0131p gidecek. \u0130l merkezi ve il\u00e7elerde devaml\u0131l\u0131k SMS sistemi kesinlikle \u00e7al\u0131\u015facak\u201d diye konu\u015ftu.<\/p>\n<p>\u201c12 metruk bina y\u0131k\u0131l\u0131ncaya kadar kullan\u0131lamaz hale getirilecek\u201d<\/p>\n<p>\u0130l merkezindeki metruk binalarla ilgili g\u00fcndeme gelen konuyu da cevapland\u0131ran Vali Ta\u015fbilek, \u201cMetruk binalarla ilgili bir k\u0131sm\u0131nda y\u0131k\u0131m s\u00f6z konusudur. Di\u011fer k\u0131sm\u0131 ile ilgili belediyemizle g\u00f6r\u00fc\u015ft\u00fck. \u00c7ok ciddi bir \u015fekilde bunlara tedbir almam\u0131z gerekiyor. 32 binan\u0131n 12 tanesi y\u0131k\u0131ld\u0131 ama geri kalan\u0131 bizim i\u00e7in bir tehlike. Gerekli tebligatlar\u0131n sa\u011flanarak bunlar\u0131n y\u0131k\u0131m\u0131n\u0131n sa\u011flanmas\u0131 y\u0131k\u0131l\u0131ncaya kadar da kullan\u0131lamaz hale getirmek belediyemizin y\u00fck\u00fcml\u00fcl\u00fc\u011f\u00fcndedir\u201d ifadelerini kulland\u0131.<\/p>\n<p>\u201cDenetimler s\u0131kla\u015ft\u0131r\u0131lacak\u201d<\/p>\n<p>Ba\u011f\u0131ml\u0131l\u0131\u011f\u0131n \u00e7ok ciddi bir tehlike oldu\u011funu, ana kuzular\u0131m\u0131z\u0131n hepsinin tehlike ve tehdit alt\u0131nda oldu\u011funu dile getiren Vali Ta\u015fbilek, \u00f6zellikle il merkezi ve il\u00e7elerde ba\u015fta internet kafeler olmak \u00fczere umuma a\u00e7\u0131k yerler, kahveler, kafeler ve \u00e7ocuklar ile gen\u00e7lerin s\u0131kl\u0131kla gitti\u011fi mekanlar\u0131n da \u00e7ok s\u0131k\u0131 bir \u015fekilde denetlenece\u011fini, sigara, i\u00e7ki ve uyu\u015fturucu ba\u011f\u0131ml\u0131l\u0131\u011f\u0131na kar\u015f\u0131 her t\u00fcrl\u00fc tedbirin al\u0131naca\u011f\u0131n\u0131 vurgulad\u0131.<\/p>\n<p>Okul \u00e7evrelerinde \u00e7ocuk istismar\u0131na y\u00f6nelik asla taviz verilmeyece\u011fini, buralar\u0131n Emniyet ve Jandarma g\u00fc\u00e7leri taraf\u0131ndan s\u0131k\u0131 \u015fekilde denetlenece\u011fini kaydeden Vali Ta\u015fbilek, okul i\u00e7erisinde birbirleri ile ili\u015fkilerinde olumsuz \u00f6rnek sergileyen \u00e7ocuklar\u0131n da rehber \u00f6\u011fretmenler taraf\u0131ndan tespit edilmesini bu noktada rehber \u00f6\u011fretmenlere \u00e7ok ciddi i\u015f d\u00fc\u015ft\u00fc\u011f\u00fcn\u00fc s\u00f6yledi.<\/p>\n<p>\u201c\u00c7ocuklar\u0131m\u0131z\u0131 bo\u015f zamanlar\u0131nda hep spora y\u00f6nlendirece\u011fiz\u201d<\/p>\n<p>Her t\u00fcrl\u00fc tedbire ra\u011fmen \u00f6zellikle sigaraya ba\u015flayan \u00e7ocuklar\u0131n hi\u00e7birini de\u015fifre etmeden aileleriyle ba\u011flant\u0131 kurarak tedavisi noktas\u0131nda her\u015feyin yap\u0131laca\u011f\u0131n\u0131 vurgulayan Vali Ta\u015fbilek, \u201c\u00c7ocuklar\u0131m\u0131zdan bir tanesini bile kurtarabilirsek \u00e7ok b\u00fcy\u00fck bir i\u015f yapm\u0131\u015f olaca\u011f\u0131z. Belki de buradaki en b\u00fcy\u00fck i\u015fimiz bu olacak. Buna \u00e7ok dikkat edelim. \u00c7ocuklar yaln\u0131zl\u0131ktan dolay\u0131 \u00e7ok yanl\u0131\u015f \u015feylere tevess\u00fcl edebiliyorlar. Ellerindeki telefonla, bilgisayarla \u00e7ok yanl\u0131\u015f d\u00fcnyalar\u0131n i\u00e7ine girebiliyorlar. Bu d\u00fcnyadan uzakla\u015ft\u0131rabilmek i\u00e7in \u00f6\u011frencilerimizi spora y\u00f6nlendirece\u011fiz. Geleneksel \u00e7ocuk oyunlar\u0131 ile ilgili her t\u00fcrl\u00fc malzeme temini yap\u0131larak okullar\u0131m\u0131z\u0131 canl\u0131 tutaca\u011f\u0131z. B\u00fct\u00fcn gen\u00e7lik sporun tesislerin hepsi okullar\u0131n emrindedir. Milli e\u011fitimde de b\u00fct\u00fcn beden e\u011fitimi \u00f6\u011fretmenlerini g\u00f6revlendirece\u011fiz. Milli e\u011fitim ve Gen\u00e7li Spor kurumunu birbirine yak\u0131nla\u015ft\u0131r\u0131p i\u015f birli\u011fi ile \u00e7ocuklar\u0131 sporun, spor salonlar\u0131n\u0131n i\u00e7ine sokaca\u011f\u0131z. Bu nesli kurtarmam\u0131z laz\u0131m. Mutlu olsunlar, huzurlu olsunlar. Akademik ba\u015far\u0131 arkas\u0131ndan gelen \u015fey. Mutlu, erdemli \u00e7ocuk olsun ondan sonra vars\u0131n \u00fcniversitesinde okusun. M\u00fcft\u00fcl\u00fckten de bu konuda destek bekliyoruz\u201d \u015feklinde konu\u015ftu.<\/p>\n<p>\u201cRehber \u00f6\u011fretmenlerimiz veli ziyareti yapacak\u201d<\/p>\n<p>Velilerden ilgili olmalar\u0131n\u0131 isteyen Vali Ta\u015fbilek, \u201cHer \u015feye ra\u011fmen gelmeyen, gelemeyen velilerimiz var. Rehber \u00f6\u011fretmenler olumsuz davran\u0131\u015f g\u00f6steren, ba\u011f\u0131ml\u0131l\u0131\u011fa meyleden \u00e7ocuklar\u0131m\u0131z\u0131 tespit ederek bir komisyon kurarak velilere misafir olal\u0131m. Hem diyelim ki biz senin \u00e7ocu\u011fun \u00f6\u011fretmeniyiz, senin \u00e7ocuk iyi ama ufak tefek s\u0131k\u0131nt\u0131lar\u0131 var. Biz destek oluyoruz ama sen de \u00e7ocu\u011funla ilgilen. \u00c7antas\u0131na falan bir bak\u0131ver. \u00dcniversitemizde bizlere emanet gen\u00e7lerimiz var. Buraya gelenlerin hepsi bu \u015fehrin misafiri ve bizim evlatlar\u0131m\u0131z. Onlar\u0131n ba\u015flar\u0131na gelebilecek en ufak bir hadise bizi derinden yaralayacakt\u0131r\u201d ifadelerini kulland\u0131.<\/p>\n<p>Toplant\u0131da 2018-2020 Uyu\u015fturucu \u0130le M\u00fccadele Eylem Plan\u0131 ile ilgili bilgi veren \u0130l Sa\u011fl\u0131k M\u00fcd\u00fcr\u00fc Dr. Engin Pehlivan da acil eylem plan\u0131n\u0131n uyu\u015fturucunun ve ba\u011f\u0131ml\u0131l\u0131k yap\u0131c\u0131 maddelere ula\u015f\u0131labilirli\u011fin il d\u00fczeyinde engellenmesi konusunda oldu\u011funu belirtti.<\/p>\n<p>Sa\u011fl\u0131k M\u00fcd\u00fcrl\u00fc\u011f\u00fc Psikologlar\u0131ndan K\u00fcbra Ak\u0131n ve Ye\u015filay G\u00fcm\u00fc\u015fhane Temsilcisi Selman Ero\u011flu taraf\u0131ndan da sunum ger\u00e7ekle\u015ftirildi.<div class=\"tiled-gallery type-rectangular tiled-gallery-unresized\" data-original-width=\"500\" data-carousel-extra='null' itemscope itemtype=\"http:\/\/schema.org\/ImageGallery\" > <div class=\"gallery-row\" style=\"width: 500px; height: 168px;\" data-original-width=\"500\" data-original-height=\"168\" > <div class=\"gallery-group images-1\" style=\"width: 250px; height: 168px;\" data-original-width=\"250\" data-original-height=\"168\" > <div class=\"tiled-gallery-item tiled-gallery-item-small\" itemprop=\"associatedMedia\" itemscope itemtype=\"http:\/\/schema.org\/ImageObject\"> <a href=\"http:\/\/www.tvturk.com\/index.php\/gumushanedeki-tum-okullarda-ogrencilerin-cep-telefonu-kullanimi-yasaklandi\/gumushanedeki-tum-okullarda-ogrencilerin-cep-telefonu-kullanimi-yasaklandi-3\/\" border=\"0\" itemprop=\"url\"> <meta itemprop=\"width\" content=\"246\"> <meta itemprop=\"height\" content=\"164\"> <img decoding=\"async\" class=\"\" data-attachment-id=\"29492\" data-orig-file=\"http:\/\/www.tvturk.com\/wp-content\/uploads\/2019\/02\/gumushanedeki-tum-okullarda-ogrencilerin-cep-telefonu-kullanimi-yasaklandi_2c21991.jpg\" data-orig-size=\"1000,666\" data-comments-opened=\"\" data-image-meta=\"{&quot;aperture&quot;:&quot;0&quot;,&quot;credit&quot;:&quot;IHA&quot;,&quot;camera&quot;:&quot;&quot;,&quot;caption&quot;:&quot;G\\u00dcM\\u00dc\\u015eHANE VAL\\u0130 KAMURAN TA\\u015eB\\u0130LEK BA\\u015eKANLI\\u011eINDA YAPILAN \\u2018UYU\\u015eTURUCU VE BA\\u011eIMLILIK YAPICI MADDELER \\u0130L KOORD\\u0130NASYON KURULU\\u2019 TOPLANTISINDA RAD\\u0130KAL KARARLARA \\u0130MZA ATILDI. (RECEP ERG\\u0130N\\\/G\\u00dcM\\u00dc\\u015eHANE-\\u0130HA)&quot;,&quot;created_timestamp&quot;:&quot;0&quot;,&quot;copyright&quot;:&quot;\\u0130HLAS HABER AJANSI, www.iha.com.tr&quot;,&quot;focal_length&quot;:&quot;0&quot;,&quot;iso&quot;:&quot;0&quot;,&quot;shutter_speed&quot;:&quot;0&quot;,&quot;title&quot;:&quot;G\\u00dcM\\u00dc\\u015eHANE\\u2019DEK\\u0130 T\\u00dcM OKULLARDA \\u00d6\\u011eRENC\\u0130LER\\u0130N CEP TELEFONU KULLANIMI YASAKLANDI G\\u00dcM\\u00dc\\u015eHANE\\u2019DE UYU\\u015eTURUCU VE BA\\u011eIMLILIK YAPICI MADDELER \\u0130L KOORD\\u0130NASYON KURULU TOPLANTISI YAPILDI&quot;,&quot;orientation&quot;:&quot;0&quot;}\" data-image-title=\"G\u00fcm\u00fc\u015fhane\u2019deki t\u00fcm okullarda \u00f6\u011frencilerin cep telefonu kullan\u0131m\u0131 yasakland\u0131\" data-image-description=\"&lt;p&gt;G\u00fcm\u00fc\u015fhane\u2019deki t\u00fcm okullarda \u00f6\u011frencilerin cep telefonu kullan\u0131m\u0131 yasakland\u0131&lt;\/p&gt; \" data-medium-file=\"https:\/\/i0.wp.com\/www.tvturk.com\/wp-content\/uploads\/2019\/02\/gumushanedeki-tum-okullarda-ogrencilerin-cep-telefonu-kullanimi-yasaklandi_2c21991.jpg?fit=300%2C200\" data-large-file=\"https:\/\/i0.wp.com\/www.tvturk.com\/wp-content\/uploads\/2019\/02\/gumushanedeki-tum-okullarda-ogrencilerin-cep-telefonu-kullanimi-yasaklandi_2c21991.jpg?fit=1000%2C666\" src=\"https:\/\/i0.wp.com\/www.tvturk.com\/wp-content\/uploads\/2019\/02\/gumushanedeki-tum-okullarda-ogrencilerin-cep-telefonu-kullanimi-yasaklandi_2c21991.jpg?w=246&#038;h=164\" srcset=\"https:\/\/i0.wp.com\/www.tvturk.com\/wp-content\/uploads\/2019\/02\/gumushanedeki-tum-okullarda-ogrencilerin-cep-telefonu-kullanimi-yasaklandi_2c21991.jpg?w=1000 1000w, https:\/\/i0.wp.com\/www.tvturk.com\/wp-content\/uploads\/2019\/02\/gumushanedeki-tum-okullarda-ogrencilerin-cep-telefonu-kullanimi-yasaklandi_2c21991.jpg?resize=150%2C100 150w, https:\/\/i0.wp.com\/www.tvturk.com\/wp-content\/uploads\/2019\/02\/gumushanedeki-tum-okullarda-ogrencilerin-cep-telefonu-kullanimi-yasaklandi_2c21991.jpg?resize=300%2C200 300w, https:\/\/i0.wp.com\/www.tvturk.com\/wp-content\/uploads\/2019\/02\/gumushanedeki-tum-okullarda-ogrencilerin-cep-telefonu-kullanimi-yasaklandi_2c21991.jpg?resize=768%2C511 768w, https:\/\/i0.wp.com\/www.tvturk.com\/wp-content\/uploads\/2019\/02\/gumushanedeki-tum-okullarda-ogrencilerin-cep-telefonu-kullanimi-yasaklandi_2c21991.jpg?resize=170%2C113 170w, https:\/\/i0.wp.com\/www.tvturk.com\/wp-content\/uploads\/2019\/02\/gumushanedeki-tum-okullarda-ogrencilerin-cep-telefonu-kullanimi-yasaklandi_2c21991.jpg?resize=120%2C80 120w\" width=\"246\" height=\"164\" loading=\"lazy\" data-original-width=\"246\" data-original-height=\"164\" itemprop=\"http:\/\/schema.org\/image\" title=\"G\u00fcm\u00fc\u015fhane\u2019deki t\u00fcm okullarda \u00f6\u011frencilerin cep telefonu kullan\u0131m\u0131 yasakland\u0131\" alt=\"G\u00fcm\u00fc\u015fhane\u2019deki t\u00fcm okullarda \u00f6\u011frencilerin cep telefonu kullan\u0131m\u0131 yasakland\u0131\" style=\"width: 246px; height: 164px;\" \/> <\/a> <\/div> <\/div> <!-- close group --> <div class=\"gallery-group images-1\" style=\"width: 250px; height: 168px;\" data-original-width=\"250\" data-original-height=\"168\" > <div class=\"tiled-gallery-item tiled-gallery-item-small\" itemprop=\"associatedMedia\" itemscope itemtype=\"http:\/\/schema.org\/ImageObject\"> <a href=\"http:\/\/www.tvturk.com\/index.php\/gumushanedeki-tum-okullarda-ogrencilerin-cep-telefonu-kullanimi-yasaklandi\/gumushanedeki-tum-okullarda-ogrencilerin-cep-telefonu-kullanimi-yasaklandi-4\/\" border=\"0\" itemprop=\"url\"> <meta itemprop=\"width\" content=\"246\"> <meta itemprop=\"height\" content=\"164\"> <img decoding=\"async\" class=\"\" data-attachment-id=\"29493\" data-orig-file=\"http:\/\/www.tvturk.com\/wp-content\/uploads\/2019\/02\/gumushanedeki-tum-okullarda-ogrencilerin-cep-telefonu-kullanimi-yasaklandi_7abc18f.jpg\" data-orig-size=\"1000,666\" data-comments-opened=\"\" data-image-meta=\"{&quot;aperture&quot;:&quot;0&quot;,&quot;credit&quot;:&quot;IHA&quot;,&quot;camera&quot;:&quot;&quot;,&quot;caption&quot;:&quot;G\\u00dcM\\u00dc\\u015eHANE VAL\\u0130 KAMURAN TA\\u015eB\\u0130LEK BA\\u015eKANLI\\u011eINDA YAPILAN \\u2018UYU\\u015eTURUCU VE BA\\u011eIMLILIK YAPICI MADDELER \\u0130L KOORD\\u0130NASYON KURULU\\u2019 TOPLANTISINDA RAD\\u0130KAL KARARLARA \\u0130MZA ATILDI. (RECEP ERG\\u0130N\\\/G\\u00dcM\\u00dc\\u015eHANE-\\u0130HA)&quot;,&quot;created_timestamp&quot;:&quot;0&quot;,&quot;copyright&quot;:&quot;\\u0130HLAS HABER AJANSI, www.iha.com.tr&quot;,&quot;focal_length&quot;:&quot;0&quot;,&quot;iso&quot;:&quot;0&quot;,&quot;shutter_speed&quot;:&quot;0&quot;,&quot;title&quot;:&quot;G\\u00dcM\\u00dc\\u015eHANE\\u2019DEK\\u0130 T\\u00dcM OKULLARDA \\u00d6\\u011eRENC\\u0130LER\\u0130N CEP TELEFONU KULLANIMI YASAKLANDI G\\u00dcM\\u00dc\\u015eHANE\\u2019DE UYU\\u015eTURUCU VE BA\\u011eIMLILIK YAPICI MADDELER \\u0130L KOORD\\u0130NASYON KURULU TOPLANTISI YAPILDI&quot;,&quot;orientation&quot;:&quot;0&quot;}\" data-image-title=\"G\u00fcm\u00fc\u015fhane\u2019deki t\u00fcm okullarda \u00f6\u011frencilerin cep telefonu kullan\u0131m\u0131 yasakland\u0131\" data-image-description=\"&lt;p&gt;G\u00fcm\u00fc\u015fhane\u2019deki t\u00fcm okullarda \u00f6\u011frencilerin cep telefonu kullan\u0131m\u0131 yasakland\u0131&lt;\/p&gt; \" data-medium-file=\"https:\/\/i0.wp.com\/www.tvturk.com\/wp-content\/uploads\/2019\/02\/gumushanedeki-tum-okullarda-ogrencilerin-cep-telefonu-kullanimi-yasaklandi_7abc18f.jpg?fit=300%2C200\" data-large-file=\"https:\/\/i0.wp.com\/www.tvturk.com\/wp-content\/uploads\/2019\/02\/gumushanedeki-tum-okullarda-ogrencilerin-cep-telefonu-kullanimi-yasaklandi_7abc18f.jpg?fit=1000%2C666\" src=\"https:\/\/i0.wp.com\/www.tvturk.com\/wp-content\/uploads\/2019\/02\/gumushanedeki-tum-okullarda-ogrencilerin-cep-telefonu-kullanimi-yasaklandi_7abc18f.jpg?w=246&#038;h=164\" srcset=\"https:\/\/i0.wp.com\/www.tvturk.com\/wp-content\/uploads\/2019\/02\/gumushanedeki-tum-okullarda-ogrencilerin-cep-telefonu-kullanimi-yasaklandi_7abc18f.jpg?w=1000 1000w, https:\/\/i0.wp.com\/www.tvturk.com\/wp-content\/uploads\/2019\/02\/gumushanedeki-tum-okullarda-ogrencilerin-cep-telefonu-kullanimi-yasaklandi_7abc18f.jpg?resize=150%2C100 150w, https:\/\/i0.wp.com\/www.tvturk.com\/wp-content\/uploads\/2019\/02\/gumushanedeki-tum-okullarda-ogrencilerin-cep-telefonu-kullanimi-yasaklandi_7abc18f.jpg?resize=300%2C200 300w, https:\/\/i0.wp.com\/www.tvturk.com\/wp-content\/uploads\/2019\/02\/gumushanedeki-tum-okullarda-ogrencilerin-cep-telefonu-kullanimi-yasaklandi_7abc18f.jpg?resize=768%2C511 768w, https:\/\/i0.wp.com\/www.tvturk.com\/wp-content\/uploads\/2019\/02\/gumushanedeki-tum-okullarda-ogrencilerin-cep-telefonu-kullanimi-yasaklandi_7abc18f.jpg?resize=170%2C113 170w, https:\/\/i0.wp.com\/www.tvturk.com\/wp-content\/uploads\/2019\/02\/gumushanedeki-tum-okullarda-ogrencilerin-cep-telefonu-kullanimi-yasaklandi_7abc18f.jpg?resize=120%2C80 120w\" width=\"246\" height=\"164\" loading=\"lazy\" data-original-width=\"246\" data-original-height=\"164\" itemprop=\"http:\/\/schema.org\/image\" title=\"G\u00fcm\u00fc\u015fhane\u2019deki t\u00fcm okullarda \u00f6\u011frencilerin cep telefonu kullan\u0131m\u0131 yasakland\u0131\" alt=\"G\u00fcm\u00fc\u015fhane\u2019deki t\u00fcm okullarda \u00f6\u011frencilerin cep telefonu kullan\u0131m\u0131 yasakland\u0131\" style=\"width: 246px; height: 164px;\" \/> <\/a> <\/div> <\/div> <!-- close group --> <\/div> <!-- close row --> <\/div><\/p>\n","protected":false},"excerpt":{"rendered":"<p>G\u00dcM\u00dc\u015eHANE VAL\u0130 KAMURAN TA\u015eB\u0130LEK BA\u015eKANLI\u011eINDA YAPILAN \u2018UYU\u015eTURUCU VE BA\u011eIMLILIK YAPICI MADDELER \u0130L KOORD\u0130NASYON KURULU\u2019 TOPLANTISINDA RAD\u0130KAL KARARLARA \u0130MZA ATILDI.<\/p>\n","protected":false},"author":1,"featured_media":29491,"comment_status":"closed","ping_status":"open","sticky":false,"template":"","format":"standard","meta":{"jetpack_post_was_ever_published":false,"_jetpack_newsletter_access":"","_jetpack_dont_email_post_to_subs":false,"_jetpack_newsletter_tier_id":0,"_jetpack_memberships_contains_paywalled_content":false,"_jetpack_memberships_contains_paid_content":false,"footnotes":"","jetpack_publicize_message":"","jetpack_publicize_feature_enabled":true,"jetpack_social_post_already_shared":false,"jetpack_social_options":{"image_generator_settings":{"template":"highway","default_image_id":0,"font":"","enabled":false},"version":2}},"categories":[659],"tags":[8488,11774,3721,4503,4284,10008,1325,11775],"class_list":["post-29490","post","type-post","status-publish","format-standard","has-post-thumbnail","hentry","category-egitim","tag-cep","tag-gumushanedeki","tag-kullanimi","tag-ogrencilerin","tag-okullarda","tag-telefonu","tag-tum","tag-yasaklandi"],"jetpack_publicize_connections":[],"jetpack_featured_media_url":"https:\/\/i0.wp.com\/www.tvturk.com\/wp-content\/uploads\/2019\/02\/gumushanedeki-tum-okullarda-ogrencilerin-cep-telefonu-kullanimi-yasaklandi_4a00231.jpg?fit=1000%2C666","jetpack_sharing_enabled":true,"jetpack_shortlink":"https:\/\/wp.me\/paKIfm-7FE","_links":{"self":[{"href":"http:\/\/www.tvturk.com\/index.php\/wp-json\/wp\/v2\/posts\/29490","targetHints":{"allow":["GET"]}}],"collection":[{"href":"http:\/\/www.tvturk.com\/index.php\/wp-json\/wp\/v2\/posts"}],"about":[{"href":"http:\/\/www.tvturk.com\/index.php\/wp-json\/wp\/v2\/types\/post"}],"author":[{"embeddable":true,"href":"http:\/\/www.tvturk.com\/index.php\/wp-json\/wp\/v2\/users\/1"}],"replies":[{"embeddable":true,"href":"http:\/\/www.tvturk.com\/index.php\/wp-json\/wp\/v2\/comments?post=29490"}],"version-history":[{"count":1,"href":"http:\/\/www.tvturk.com\/index.php\/wp-json\/wp\/v2\/posts\/29490\/revisions"}],"predecessor-version":[{"id":29494,"href":"http:\/\/www.tvturk.com\/index.php\/wp-json\/wp\/v2\/posts\/29490\/revisions\/29494"}],"wp:featuredmedia":[{"embeddable":true,"href":"http:\/\/www.tvturk.com\/index.php\/wp-json\/wp\/v2\/media\/29491"}],"wp:attachment":[{"href":"http:\/\/www.tvturk.com\/index.php\/wp-json\/wp\/v2\/media?parent=29490"}],"wp:term":[{"taxonomy":"category","embeddable":true,"href":"http:\/\/www.tvturk.com\/index.php\/wp-json\/wp\/v2\/categories?post=29490"},{"taxonomy":"post_tag","embeddable":true,"href":"http:\/\/www.tvturk.com\/index.php\/wp-json\/wp\/v2\/tags?post=29490"}],"curies":[{"name":"wp","href":"https:\/\/api.w.org\/{rel}","templated":true}]}}