{"id":29762,"date":"2019-02-13T16:51:07","date_gmt":"2019-02-13T13:51:07","guid":{"rendered":"http:\/\/www.tvturk.com\/index.php\/bilecike-denizi-getiren-yazar-edebi-kazilara-katildi\/"},"modified":"2019-02-13T16:51:08","modified_gmt":"2019-02-13T13:51:08","slug":"bilecike-denizi-getiren-yazar-edebi-kazilara-katildi","status":"publish","type":"post","link":"http:\/\/www.tvturk.com\/index.php\/bilecike-denizi-getiren-yazar-edebi-kazilara-katildi\/","title":{"rendered":"Bilecik\u2019e denizi getiren yazar \u201cEdebi Kaz\u0131lar\u201da kat\u0131ld\u0131"},"content":{"rendered":"<p>Her ay bir yazar\u0131 Edebi Kaz\u0131lar S\u00f6yle\u015fi\u2019nde okurlarla bulu\u015fturan Nil\u00fcfer Belediyesi K\u00fct\u00fcphane M\u00fcd\u00fcrl\u00fc\u011f\u00fc bu ay Bora Abdo\u2019yu a\u011f\u0131rlad\u0131.<\/p>\n<p>Nil\u00fcfer Belediyesi K\u00fct\u00fcphane M\u00fcd\u00fcr\u00fc \u015eafak Pala\u2019n\u0131n y\u00f6netti\u011fi s\u00f6yle\u015fide, Abdo, hik\u00e2ye, \u015fiir, roman, seyahatn\u00e2me ve deneme \u00e7al\u0131\u015fmalar\u0131 hakk\u0131nda bilgi verdi. \u201cDeniz hik\u00e2yelerini hep \u00e7ok sevdim\u201d diyen yazar, roman \u00f6rg\u00fcs\u00fcnde denize k\u0131y\u0131s\u0131 olan Bilecik\u2019te ge\u00e7en \u201cBal\u0131k Bo\u011fulmas\u0131\u201d adl\u0131 roman\u0131 hakk\u0131nda okurlar\u0131n merak etti\u011fi sorular\u0131 cevaplad\u0131.<\/p>\n<p>Bora Abdo,  deniz k\u0131y\u0131s\u0131ndaki Bilecik tasavvuru hakk\u0131ndaki soruyu, kitab\u0131ndan al\u0131nt\u0131 yaparak \u015f\u00f6yle cevaplad\u0131:<\/p>\n<p>\u201cTatl\u0131 sudan tuzlu suya ge\u00e7tiklerinde bal\u0131klar\u0131n vurgun yemi\u015f gibi zihinleri bulan\u0131r. Bu s\u00fcre boyunca asla bir \u015fey yemezler, o an var olduklar\u0131 sudan ka\u00e7may\u0131 hi\u00e7 mi hi\u00e7 istemezler. Sonra da \u00f6l\u00fcrler. \u0130nsanlar\u0131 ya\u015famak istemedi\u011fi yerde zorla ya\u015fatmak mutsuz edecektir. Denizi olmayan bir Bilecik\u2019e deniz geldi\u011finde de durum b\u00f6yle olurdu\u201d dedi.<\/p>\n<p>Bora Abdo s\u00f6yle\u015finin ard\u0131ndan  okurlar i\u00e7in kitaplar\u0131n\u0131 imzalad\u0131.<div class=\"tiled-gallery type-rectangular tiled-gallery-unresized\" data-original-width=\"500\" data-carousel-extra='null' itemscope itemtype=\"http:\/\/schema.org\/ImageGallery\" > <div class=\"gallery-row\" style=\"width: 500px; height: 292px;\" data-original-width=\"500\" data-original-height=\"292\" > <div class=\"gallery-group images-1\" style=\"width: 500px; height: 292px;\" data-original-width=\"500\" data-original-height=\"292\" > <div class=\"tiled-gallery-item tiled-gallery-item-large\" itemprop=\"associatedMedia\" itemscope itemtype=\"http:\/\/schema.org\/ImageObject\"> <a href=\"http:\/\/www.tvturk.com\/index.php\/bilecike-denizi-getiren-yazar-edebi-kazilara-katildi\/bilecike-denizi-getiren-yazar-edebi-kazilara-katildi-3\/\" border=\"0\" itemprop=\"url\"> <meta itemprop=\"width\" content=\"496\"> <meta itemprop=\"height\" content=\"288\"> <img decoding=\"async\" class=\"\" data-attachment-id=\"29764\" data-orig-file=\"http:\/\/www.tvturk.com\/wp-content\/uploads\/2019\/02\/bilecike-denizi-getiren-yazar-edebi-kazilara-katildi_ad8a673.jpg\" data-orig-size=\"1000,580\" data-comments-opened=\"\" data-image-meta=\"{&quot;aperture&quot;:&quot;0&quot;,&quot;credit&quot;:&quot;IHA&quot;,&quot;camera&quot;:&quot;&quot;,&quot;caption&quot;:&quot;HER AY B\\u0130R YAZARI EDEB\\u0130 KAZILAR S\\u00d6YLE\\u015e\\u0130\\u2019NDE OKURLARLA BULU\\u015eTURAN N\\u0130L\\u00dcFER BELED\\u0130YES\\u0130 K\\u00dcT\\u00dcPHANE M\\u00dcD\\u00dcRL\\u00dc\\u011e\\u00dc BU AY BORA ABDO\\u2019YU A\\u011eIRLADI. (\\u0130HA\\\/BURSA-\\u0130HA)&quot;,&quot;created_timestamp&quot;:&quot;0&quot;,&quot;copyright&quot;:&quot;\\u0130HLAS HABER AJANSI, www.iha.com.tr&quot;,&quot;focal_length&quot;:&quot;0&quot;,&quot;iso&quot;:&quot;0&quot;,&quot;shutter_speed&quot;:&quot;0&quot;,&quot;title&quot;:&quot;B\\u0130LEC\\u0130K\\u2019E DEN\\u0130Z\\u0130 GET\\u0130REN YAZAR \\u201cEDEB\\u0130 KAZILAR\\u201dA KATILDI&quot;,&quot;orientation&quot;:&quot;0&quot;}\" data-image-title=\"Bilecik\u2019e denizi getiren yazar \u201cEdebi Kaz\u0131lar\u201da kat\u0131ld\u0131\" data-image-description=\"&lt;p&gt;Bilecik\u2019e denizi getiren yazar \u201cEdebi Kaz\u0131lar\u201da kat\u0131ld\u0131&lt;\/p&gt; \" data-medium-file=\"https:\/\/i0.wp.com\/www.tvturk.com\/wp-content\/uploads\/2019\/02\/bilecike-denizi-getiren-yazar-edebi-kazilara-katildi_ad8a673.jpg?fit=300%2C174\" data-large-file=\"https:\/\/i0.wp.com\/www.tvturk.com\/wp-content\/uploads\/2019\/02\/bilecike-denizi-getiren-yazar-edebi-kazilara-katildi_ad8a673.jpg?fit=1000%2C580\" src=\"https:\/\/i0.wp.com\/www.tvturk.com\/wp-content\/uploads\/2019\/02\/bilecike-denizi-getiren-yazar-edebi-kazilara-katildi_ad8a673.jpg?w=496&#038;h=288\" srcset=\"https:\/\/i0.wp.com\/www.tvturk.com\/wp-content\/uploads\/2019\/02\/bilecike-denizi-getiren-yazar-edebi-kazilara-katildi_ad8a673.jpg?w=1000 1000w, https:\/\/i0.wp.com\/www.tvturk.com\/wp-content\/uploads\/2019\/02\/bilecike-denizi-getiren-yazar-edebi-kazilara-katildi_ad8a673.jpg?resize=150%2C87 150w, https:\/\/i0.wp.com\/www.tvturk.com\/wp-content\/uploads\/2019\/02\/bilecike-denizi-getiren-yazar-edebi-kazilara-katildi_ad8a673.jpg?resize=300%2C174 300w, https:\/\/i0.wp.com\/www.tvturk.com\/wp-content\/uploads\/2019\/02\/bilecike-denizi-getiren-yazar-edebi-kazilara-katildi_ad8a673.jpg?resize=768%2C445 768w, https:\/\/i0.wp.com\/www.tvturk.com\/wp-content\/uploads\/2019\/02\/bilecike-denizi-getiren-yazar-edebi-kazilara-katildi_ad8a673.jpg?resize=380%2C220 380w\" width=\"496\" height=\"288\" loading=\"lazy\" data-original-width=\"496\" data-original-height=\"288\" itemprop=\"http:\/\/schema.org\/image\" title=\"Bilecik\u2019e denizi getiren yazar \u201cEdebi Kaz\u0131lar\u201da kat\u0131ld\u0131\" alt=\"Bilecik\u2019e denizi getiren yazar \u201cEdebi Kaz\u0131lar\u201da kat\u0131ld\u0131\" style=\"width: 496px; height: 288px;\" \/> <\/a> <\/div> <\/div> <!-- close group --> <\/div> <!-- close row --> <\/div><\/p>\n","protected":false},"excerpt":{"rendered":"<p>HER AY B\u0130R YAZARI EDEB\u0130 KAZILAR S\u00d6YLE\u015e\u0130\u2019NDE OKURLARLA BULU\u015eTURAN N\u0130L\u00dcFER BELED\u0130YES\u0130 K\u00dcT\u00dcPHANE M\u00dcD\u00dcRL\u00dc\u011e\u00dc BU AY BORA ABDO\u2019YU A\u011eIRLADI.<\/p>\n","protected":false},"author":1,"featured_media":29763,"comment_status":"closed","ping_status":"open","sticky":false,"template":"","format":"standard","meta":{"jetpack_post_was_ever_published":false,"_jetpack_newsletter_access":"","_jetpack_dont_email_post_to_subs":false,"_jetpack_newsletter_tier_id":0,"_jetpack_memberships_contains_paywalled_content":false,"_jetpack_memberships_contains_paid_content":false,"footnotes":"","jetpack_publicize_message":"","jetpack_publicize_feature_enabled":true,"jetpack_social_post_already_shared":false,"jetpack_social_options":{"image_generator_settings":{"template":"highway","default_image_id":0,"font":"","enabled":false},"version":2}},"categories":[655],"tags":[11865,11864,3683,4675,1757,11866,1448],"class_list":["post-29762","post","type-post","status-publish","format-standard","has-post-thumbnail","hentry","category-son-dakika","tag-edebi","tag-bilecike","tag-denizi","tag-getiren","tag-katildi","tag-kazilara","tag-yazar"],"jetpack_publicize_connections":[],"jetpack_featured_media_url":"https:\/\/i0.wp.com\/www.tvturk.com\/wp-content\/uploads\/2019\/02\/bilecike-denizi-getiren-yazar-edebi-kazilara-katildi_584fced.jpg?fit=1000%2C666","jetpack_sharing_enabled":true,"jetpack_shortlink":"https:\/\/wp.me\/paKIfm-7K2","_links":{"self":[{"href":"http:\/\/www.tvturk.com\/index.php\/wp-json\/wp\/v2\/posts\/29762","targetHints":{"allow":["GET"]}}],"collection":[{"href":"http:\/\/www.tvturk.com\/index.php\/wp-json\/wp\/v2\/posts"}],"about":[{"href":"http:\/\/www.tvturk.com\/index.php\/wp-json\/wp\/v2\/types\/post"}],"author":[{"embeddable":true,"href":"http:\/\/www.tvturk.com\/index.php\/wp-json\/wp\/v2\/users\/1"}],"replies":[{"embeddable":true,"href":"http:\/\/www.tvturk.com\/index.php\/wp-json\/wp\/v2\/comments?post=29762"}],"version-history":[{"count":1,"href":"http:\/\/www.tvturk.com\/index.php\/wp-json\/wp\/v2\/posts\/29762\/revisions"}],"predecessor-version":[{"id":29765,"href":"http:\/\/www.tvturk.com\/index.php\/wp-json\/wp\/v2\/posts\/29762\/revisions\/29765"}],"wp:featuredmedia":[{"embeddable":true,"href":"http:\/\/www.tvturk.com\/index.php\/wp-json\/wp\/v2\/media\/29763"}],"wp:attachment":[{"href":"http:\/\/www.tvturk.com\/index.php\/wp-json\/wp\/v2\/media?parent=29762"}],"wp:term":[{"taxonomy":"category","embeddable":true,"href":"http:\/\/www.tvturk.com\/index.php\/wp-json\/wp\/v2\/categories?post=29762"},{"taxonomy":"post_tag","embeddable":true,"href":"http:\/\/www.tvturk.com\/index.php\/wp-json\/wp\/v2\/tags?post=29762"}],"curies":[{"name":"wp","href":"https:\/\/api.w.org\/{rel}","templated":true}]}}