{"id":29783,"date":"2019-02-13T16:51:25","date_gmt":"2019-02-13T13:51:25","guid":{"rendered":"http:\/\/www.tvturk.com\/index.php\/fernando-benfica-iyi-ve-kaliteli-bir-takim\/"},"modified":"2019-02-13T16:51:28","modified_gmt":"2019-02-13T13:51:28","slug":"fernando-benfica-iyi-ve-kaliteli-bir-takim","status":"publish","type":"post","link":"http:\/\/www.tvturk.com\/index.php\/fernando-benfica-iyi-ve-kaliteli-bir-takim\/","title":{"rendered":"Fernando: \u201cBenfica iyi ve kaliteli bir tak\u0131m\u201d"},"content":{"rendered":"<p>Galatasaray\u2019\u0131n Brezilyal\u0131 futbolcusu Fernando Reyes, UEFA Avrupa Ligi\u2019nde yar\u0131n oynayacaklar\u0131 Benfica\u2019n\u0131n iyi ve kaliteli bir tak\u0131m oldu\u011funu s\u00f6yledi.<\/p>\n<p>Galatasaray\u2019\u0131n UEFA Avrupa Ligi Son 32 Turu ilk aya\u011f\u0131nda yar\u0131n evinde Portekiz ekibi Benfica ile oynayaca\u011f\u0131 m\u00fcsabaka \u00f6ncesinde sar\u0131-k\u0131rm\u0131z\u0131l\u0131lar\u0131n Brezilyal\u0131 futbolcusu Fernando Reyes, Florya Metin Oktay Tesisleri\u2019nde yap\u0131lan bas\u0131n toplan\u0131\u015f\u0131nda a\u00e7\u0131klamada bulundu. Benfica ile \u00f6nemli bir ma\u00e7 oynayacaklar\u0131n\u0131 vurgulayan Fernando, \u201cSadece benim i\u00e7in de\u011fil, b\u00fct\u00fcn tak\u0131m i\u00e7in \u00f6nemli ma\u00e7. Dersimize iyi \u00e7al\u0131\u015ft\u0131k. Taraftarlar\u0131n deste\u011fi ile g\u00fczel bir ma\u00e7 ge\u00e7irece\u011fiz. Mutlaka zor bir ma\u00e7 olacak. \u0130yi ve kaliteli bir tak\u0131m. Neler yapabilece\u011fimizi, g\u00fcc\u00fcm\u00fcz\u00fc biliyoruz. Bizim en b\u00fcy\u00fck art\u0131m\u0131z taraftar\u0131m\u0131z\u0131n \u00f6n\u00fcnde oynayacak olmam\u0131z. O y\u00fczden iyi bir sonu\u00e7la ayr\u0131lmak istiyoruz\u201d diye konu\u015ftu.<div class=\"tiled-gallery type-rectangular tiled-gallery-unresized\" data-original-width=\"500\" data-carousel-extra='null' itemscope itemtype=\"http:\/\/schema.org\/ImageGallery\" > <div class=\"gallery-row\" style=\"width: 500px; height: 347px;\" data-original-width=\"500\" data-original-height=\"347\" > <div class=\"gallery-group images-2\" style=\"width: 214px; height: 347px;\" data-original-width=\"214\" data-original-height=\"347\" > <div class=\"tiled-gallery-item tiled-gallery-item-small\" itemprop=\"associatedMedia\" itemscope itemtype=\"http:\/\/schema.org\/ImageObject\"> <a href=\"http:\/\/www.tvturk.com\/index.php\/fernando-benfica-iyi-ve-kaliteli-bir-takim\/fernando-benfica-iyi-ve-kaliteli-bir-takim-3\/\" border=\"0\" itemprop=\"url\"> <meta itemprop=\"width\" content=\"210\"> <meta itemprop=\"height\" content=\"136\"> <img decoding=\"async\" class=\"\" data-attachment-id=\"29785\" data-orig-file=\"http:\/\/www.tvturk.com\/wp-content\/uploads\/2019\/02\/fernando-benfica-iyi-ve-kaliteli-bir-takim_66600c3.jpg\" data-orig-size=\"1000,647\" data-comments-opened=\"\" data-image-meta=\"{&quot;aperture&quot;:&quot;0&quot;,&quot;credit&quot;:&quot;IHA&quot;,&quot;camera&quot;:&quot;&quot;,&quot;caption&quot;:&quot;GALATASARAY\\u2019IN BREZ\\u0130LYALI FUTBOLCUSU FERNANDO REYES, UEFA AVRUPA L\\u0130G\\u0130\\u0027NDE YARIN OYNAYACAKLARI BENF\\u0130CA\\u2019NIN \\u0130Y\\u0130 VE KAL\\u0130TEL\\u0130 B\\u0130R TAKIM OLDU\\u011eUNU S\\u00d6YLED\\u0130. (BOZHAN MEM\\u0130\\u015e - MEHMET \\u015e\\u0130R\\u0130N TOPALO\\u011eLU - O\\u011eUZHAN ORT\\\/\\u0130STANBUL-\\u0130HA)&quot;,&quot;created_timestamp&quot;:&quot;0&quot;,&quot;copyright&quot;:&quot;\\u0130HLAS HABER AJANSI, www.iha.com.tr&quot;,&quot;focal_length&quot;:&quot;0&quot;,&quot;iso&quot;:&quot;0&quot;,&quot;shutter_speed&quot;:&quot;0&quot;,&quot;title&quot;:&quot;FERNANDO: \\u201cBENF\\u0130CA \\u0130Y\\u0130 VE KAL\\u0130TEL\\u0130 B\\u0130R TAKIM\\u201d&quot;,&quot;orientation&quot;:&quot;0&quot;}\" data-image-title=\"Fernando: \u201cBenfica iyi ve kaliteli bir tak\u0131m\u201d\" data-image-description=\"&lt;p&gt;Fernando: \u201cBenfica iyi ve kaliteli bir tak\u0131m\u201d&lt;\/p&gt; \" data-medium-file=\"https:\/\/i0.wp.com\/www.tvturk.com\/wp-content\/uploads\/2019\/02\/fernando-benfica-iyi-ve-kaliteli-bir-takim_66600c3.jpg?fit=300%2C194\" data-large-file=\"https:\/\/i0.wp.com\/www.tvturk.com\/wp-content\/uploads\/2019\/02\/fernando-benfica-iyi-ve-kaliteli-bir-takim_66600c3.jpg?fit=1000%2C647\" src=\"https:\/\/i0.wp.com\/www.tvturk.com\/wp-content\/uploads\/2019\/02\/fernando-benfica-iyi-ve-kaliteli-bir-takim_66600c3.jpg?w=210&#038;h=136\" srcset=\"https:\/\/i0.wp.com\/www.tvturk.com\/wp-content\/uploads\/2019\/02\/fernando-benfica-iyi-ve-kaliteli-bir-takim_66600c3.jpg?w=1000 1000w, https:\/\/i0.wp.com\/www.tvturk.com\/wp-content\/uploads\/2019\/02\/fernando-benfica-iyi-ve-kaliteli-bir-takim_66600c3.jpg?resize=150%2C97 150w, https:\/\/i0.wp.com\/www.tvturk.com\/wp-content\/uploads\/2019\/02\/fernando-benfica-iyi-ve-kaliteli-bir-takim_66600c3.jpg?resize=300%2C194 300w, https:\/\/i0.wp.com\/www.tvturk.com\/wp-content\/uploads\/2019\/02\/fernando-benfica-iyi-ve-kaliteli-bir-takim_66600c3.jpg?resize=768%2C497 768w, https:\/\/i0.wp.com\/www.tvturk.com\/wp-content\/uploads\/2019\/02\/fernando-benfica-iyi-ve-kaliteli-bir-takim_66600c3.jpg?resize=510%2C330 510w\" width=\"210\" height=\"136\" loading=\"lazy\" data-original-width=\"210\" data-original-height=\"136\" itemprop=\"http:\/\/schema.org\/image\" title=\"Fernando: \u201cBenfica iyi ve kaliteli bir tak\u0131m\u201d\" alt=\"Fernando: \u201cBenfica iyi ve kaliteli bir tak\u0131m\u201d\" style=\"width: 210px; height: 136px;\" \/> <\/a> <\/div> <div class=\"tiled-gallery-item tiled-gallery-item-small\" itemprop=\"associatedMedia\" itemscope itemtype=\"http:\/\/schema.org\/ImageObject\"> <a href=\"http:\/\/www.tvturk.com\/index.php\/fernando-benfica-iyi-ve-kaliteli-bir-takim\/fernando-benfica-iyi-ve-kaliteli-bir-takim-4\/\" border=\"0\" itemprop=\"url\"> <meta itemprop=\"width\" content=\"210\"> <meta itemprop=\"height\" content=\"203\"> <img decoding=\"async\" class=\"\" data-attachment-id=\"29786\" data-orig-file=\"http:\/\/www.tvturk.com\/wp-content\/uploads\/2019\/02\/fernando-benfica-iyi-ve-kaliteli-bir-takim_ac23b95.jpg\" data-orig-size=\"1000,967\" data-comments-opened=\"\" data-image-meta=\"{&quot;aperture&quot;:&quot;0&quot;,&quot;credit&quot;:&quot;IHA&quot;,&quot;camera&quot;:&quot;&quot;,&quot;caption&quot;:&quot;GALATASARAY\\u2019IN BREZ\\u0130LYALI FUTBOLCUSU FERNANDO REYES, UEFA AVRUPA L\\u0130G\\u0130\\u0027NDE YARIN OYNAYACAKLARI BENF\\u0130CA\\u2019NIN \\u0130Y\\u0130 VE KAL\\u0130TEL\\u0130 B\\u0130R TAKIM OLDU\\u011eUNU S\\u00d6YLED\\u0130. (BOZHAN MEM\\u0130\\u015e - MEHMET \\u015e\\u0130R\\u0130N TOPALO\\u011eLU - O\\u011eUZHAN ORT\\\/\\u0130STANBUL-\\u0130HA)&quot;,&quot;created_timestamp&quot;:&quot;0&quot;,&quot;copyright&quot;:&quot;\\u0130HLAS HABER AJANSI, www.iha.com.tr&quot;,&quot;focal_length&quot;:&quot;0&quot;,&quot;iso&quot;:&quot;0&quot;,&quot;shutter_speed&quot;:&quot;0&quot;,&quot;title&quot;:&quot;FERNANDO: \\u201cBENF\\u0130CA \\u0130Y\\u0130 VE KAL\\u0130TEL\\u0130 B\\u0130R TAKIM\\u201d&quot;,&quot;orientation&quot;:&quot;0&quot;}\" data-image-title=\"Fernando: \u201cBenfica iyi ve kaliteli bir tak\u0131m\u201d\" data-image-description=\"&lt;p&gt;Fernando: \u201cBenfica iyi ve kaliteli bir tak\u0131m\u201d&lt;\/p&gt; \" data-medium-file=\"https:\/\/i0.wp.com\/www.tvturk.com\/wp-content\/uploads\/2019\/02\/fernando-benfica-iyi-ve-kaliteli-bir-takim_ac23b95.jpg?fit=300%2C290\" data-large-file=\"https:\/\/i0.wp.com\/www.tvturk.com\/wp-content\/uploads\/2019\/02\/fernando-benfica-iyi-ve-kaliteli-bir-takim_ac23b95.jpg?fit=1000%2C967\" src=\"https:\/\/i0.wp.com\/www.tvturk.com\/wp-content\/uploads\/2019\/02\/fernando-benfica-iyi-ve-kaliteli-bir-takim_ac23b95.jpg?w=210&#038;h=203\" srcset=\"https:\/\/i0.wp.com\/www.tvturk.com\/wp-content\/uploads\/2019\/02\/fernando-benfica-iyi-ve-kaliteli-bir-takim_ac23b95.jpg?w=1000 1000w, https:\/\/i0.wp.com\/www.tvturk.com\/wp-content\/uploads\/2019\/02\/fernando-benfica-iyi-ve-kaliteli-bir-takim_ac23b95.jpg?resize=150%2C145 150w, https:\/\/i0.wp.com\/www.tvturk.com\/wp-content\/uploads\/2019\/02\/fernando-benfica-iyi-ve-kaliteli-bir-takim_ac23b95.jpg?resize=300%2C290 300w, https:\/\/i0.wp.com\/www.tvturk.com\/wp-content\/uploads\/2019\/02\/fernando-benfica-iyi-ve-kaliteli-bir-takim_ac23b95.jpg?resize=768%2C743 768w\" width=\"210\" height=\"203\" loading=\"lazy\" data-original-width=\"210\" data-original-height=\"203\" itemprop=\"http:\/\/schema.org\/image\" title=\"Fernando: \u201cBenfica iyi ve kaliteli bir tak\u0131m\u201d\" alt=\"Fernando: \u201cBenfica iyi ve kaliteli bir tak\u0131m\u201d\" style=\"width: 210px; height: 203px;\" \/> <\/a> <\/div> <\/div> <!-- close group --> <div class=\"gallery-group images-1\" style=\"width: 286px; height: 347px;\" data-original-width=\"286\" data-original-height=\"347\" > <div class=\"tiled-gallery-item tiled-gallery-item-large\" itemprop=\"associatedMedia\" itemscope itemtype=\"http:\/\/schema.org\/ImageObject\"> <a href=\"http:\/\/www.tvturk.com\/index.php\/fernando-benfica-iyi-ve-kaliteli-bir-takim\/fernando-benfica-iyi-ve-kaliteli-bir-takim-5\/\" border=\"0\" itemprop=\"url\"> <meta itemprop=\"width\" content=\"282\"> <meta itemprop=\"height\" content=\"343\"> <img decoding=\"async\" class=\"\" data-attachment-id=\"29787\" data-orig-file=\"http:\/\/www.tvturk.com\/wp-content\/uploads\/2019\/02\/fernando-benfica-iyi-ve-kaliteli-bir-takim_5e5f339.jpg\" data-orig-size=\"822,1000\" data-comments-opened=\"\" data-image-meta=\"{&quot;aperture&quot;:&quot;0&quot;,&quot;credit&quot;:&quot;IHA&quot;,&quot;camera&quot;:&quot;&quot;,&quot;caption&quot;:&quot;GALATASARAY\\u2019IN BREZ\\u0130LYALI FUTBOLCUSU FERNANDO REYES, UEFA AVRUPA L\\u0130G\\u0130\\u0027NDE YARIN OYNAYACAKLARI BENF\\u0130CA\\u2019NIN \\u0130Y\\u0130 VE KAL\\u0130TEL\\u0130 B\\u0130R TAKIM OLDU\\u011eUNU S\\u00d6YLED\\u0130. (BOZHAN MEM\\u0130\\u015e - MEHMET \\u015e\\u0130R\\u0130N TOPALO\\u011eLU - O\\u011eUZHAN ORT\\\/\\u0130STANBUL-\\u0130HA)&quot;,&quot;created_timestamp&quot;:&quot;0&quot;,&quot;copyright&quot;:&quot;\\u0130HLAS HABER AJANSI, www.iha.com.tr&quot;,&quot;focal_length&quot;:&quot;0&quot;,&quot;iso&quot;:&quot;0&quot;,&quot;shutter_speed&quot;:&quot;0&quot;,&quot;title&quot;:&quot;FERNANDO: \\u201cBENF\\u0130CA \\u0130Y\\u0130 VE KAL\\u0130TEL\\u0130 B\\u0130R TAKIM\\u201d&quot;,&quot;orientation&quot;:&quot;0&quot;}\" data-image-title=\"Fernando: \u201cBenfica iyi ve kaliteli bir tak\u0131m\u201d\" data-image-description=\"&lt;p&gt;Fernando: \u201cBenfica iyi ve kaliteli bir tak\u0131m\u201d&lt;\/p&gt; \" data-medium-file=\"https:\/\/i0.wp.com\/www.tvturk.com\/wp-content\/uploads\/2019\/02\/fernando-benfica-iyi-ve-kaliteli-bir-takim_5e5f339.jpg?fit=247%2C300\" data-large-file=\"https:\/\/i0.wp.com\/www.tvturk.com\/wp-content\/uploads\/2019\/02\/fernando-benfica-iyi-ve-kaliteli-bir-takim_5e5f339.jpg?fit=822%2C1000\" src=\"https:\/\/i0.wp.com\/www.tvturk.com\/wp-content\/uploads\/2019\/02\/fernando-benfica-iyi-ve-kaliteli-bir-takim_5e5f339.jpg?w=282&#038;h=343\" srcset=\"https:\/\/i0.wp.com\/www.tvturk.com\/wp-content\/uploads\/2019\/02\/fernando-benfica-iyi-ve-kaliteli-bir-takim_5e5f339.jpg?w=822 822w, https:\/\/i0.wp.com\/www.tvturk.com\/wp-content\/uploads\/2019\/02\/fernando-benfica-iyi-ve-kaliteli-bir-takim_5e5f339.jpg?resize=123%2C150 123w, https:\/\/i0.wp.com\/www.tvturk.com\/wp-content\/uploads\/2019\/02\/fernando-benfica-iyi-ve-kaliteli-bir-takim_5e5f339.jpg?resize=247%2C300 247w, https:\/\/i0.wp.com\/www.tvturk.com\/wp-content\/uploads\/2019\/02\/fernando-benfica-iyi-ve-kaliteli-bir-takim_5e5f339.jpg?resize=768%2C934 768w\" width=\"282\" height=\"343\" loading=\"lazy\" data-original-width=\"282\" data-original-height=\"343\" itemprop=\"http:\/\/schema.org\/image\" title=\"Fernando: \u201cBenfica iyi ve kaliteli bir tak\u0131m\u201d\" alt=\"Fernando: \u201cBenfica iyi ve kaliteli bir tak\u0131m\u201d\" style=\"width: 282px; height: 343px;\" \/> <\/a> <\/div> <\/div> <!-- close group --> <\/div> <!-- close row --> <\/div><\/p>\n","protected":false},"excerpt":{"rendered":"<p>GALATASARAY\u2019IN BREZ\u0130LYALI FUTBOLCUSU FERNANDO REYES, UEFA AVRUPA L\u0130G\u0130&#8217;NDE YARIN OYNAYACAKLARI BENF\u0130CA\u2019NIN \u0130Y\u0130 VE KAL\u0130TEL\u0130 B\u0130R TAKIM OLDU\u011eUNU S\u00d6YLED\u0130.<\/p>\n","protected":false},"author":1,"featured_media":29784,"comment_status":"closed","ping_status":"open","sticky":false,"template":"","format":"standard","meta":{"jetpack_post_was_ever_published":false,"_jetpack_newsletter_access":"","_jetpack_dont_email_post_to_subs":false,"_jetpack_newsletter_tier_id":0,"_jetpack_memberships_contains_paywalled_content":false,"_jetpack_memberships_contains_paid_content":false,"footnotes":"","jetpack_publicize_message":"","jetpack_publicize_feature_enabled":true,"jetpack_social_post_already_shared":false,"jetpack_social_options":{"image_generator_settings":{"template":"highway","default_image_id":0,"font":"","enabled":false},"version":2}},"categories":[657],"tags":[10567,125,11869,1552,11810,6670],"class_list":["post-29783","post","type-post","status-publish","format-standard","has-post-thumbnail","hentry","category-spor","tag-benfica","tag-bir","tag-fernando","tag-iyi","tag-kaliteli","tag-takim"],"jetpack_publicize_connections":[],"jetpack_featured_media_url":"https:\/\/i0.wp.com\/www.tvturk.com\/wp-content\/uploads\/2019\/02\/fernando-benfica-iyi-ve-kaliteli-bir-takim_3727917.jpg?fit=1000%2C693","jetpack_sharing_enabled":true,"jetpack_shortlink":"https:\/\/wp.me\/paKIfm-7Kn","_links":{"self":[{"href":"http:\/\/www.tvturk.com\/index.php\/wp-json\/wp\/v2\/posts\/29783","targetHints":{"allow":["GET"]}}],"collection":[{"href":"http:\/\/www.tvturk.com\/index.php\/wp-json\/wp\/v2\/posts"}],"about":[{"href":"http:\/\/www.tvturk.com\/index.php\/wp-json\/wp\/v2\/types\/post"}],"author":[{"embeddable":true,"href":"http:\/\/www.tvturk.com\/index.php\/wp-json\/wp\/v2\/users\/1"}],"replies":[{"embeddable":true,"href":"http:\/\/www.tvturk.com\/index.php\/wp-json\/wp\/v2\/comments?post=29783"}],"version-history":[{"count":1,"href":"http:\/\/www.tvturk.com\/index.php\/wp-json\/wp\/v2\/posts\/29783\/revisions"}],"predecessor-version":[{"id":29788,"href":"http:\/\/www.tvturk.com\/index.php\/wp-json\/wp\/v2\/posts\/29783\/revisions\/29788"}],"wp:featuredmedia":[{"embeddable":true,"href":"http:\/\/www.tvturk.com\/index.php\/wp-json\/wp\/v2\/media\/29784"}],"wp:attachment":[{"href":"http:\/\/www.tvturk.com\/index.php\/wp-json\/wp\/v2\/media?parent=29783"}],"wp:term":[{"taxonomy":"category","embeddable":true,"href":"http:\/\/www.tvturk.com\/index.php\/wp-json\/wp\/v2\/categories?post=29783"},{"taxonomy":"post_tag","embeddable":true,"href":"http:\/\/www.tvturk.com\/index.php\/wp-json\/wp\/v2\/tags?post=29783"}],"curies":[{"name":"wp","href":"https:\/\/api.w.org\/{rel}","templated":true}]}}