{"id":29789,"date":"2019-02-13T17:01:06","date_gmt":"2019-02-13T14:01:06","guid":{"rendered":"http:\/\/www.tvturk.com\/index.php\/yozgatta-fetoden-gozaltina-alinan-9-kisi-adliyeye-sevk-edildi\/"},"modified":"2019-02-13T17:01:09","modified_gmt":"2019-02-13T14:01:09","slug":"yozgatta-fetoden-gozaltina-alinan-9-kisi-adliyeye-sevk-edildi","status":"publish","type":"post","link":"http:\/\/www.tvturk.com\/index.php\/yozgatta-fetoden-gozaltina-alinan-9-kisi-adliyeye-sevk-edildi\/","title":{"rendered":"Yozgat\u2019ta FET\u00d6\u2019den g\u00f6zalt\u0131na al\u0131nan 9 ki\u015fi adliyeye sevk edildi"},"content":{"rendered":"<p>Yozgat merkezli 6 ilde Fetullah\u00e7\u0131 Ter\u00f6r \u00d6rg\u00fct\u00fc\u2019ne (FET\u00d6) y\u00f6nelik 2010\u2019daki Komiser Yard\u0131mc\u0131l\u0131\u011f\u0131na Ge\u00e7i\u015f S\u0131nav\u0131\u2019na ili\u015fkin yap\u0131lan operasyonda g\u00f6zalt\u0131na al\u0131nan 9 \u015f\u00fcpheli adliyeye sevk edildi.<\/p>\n<p>Yozgat \u0130l Emniyet M\u00fcd\u00fcrl\u00fc\u011f\u00fcnden yap\u0131lan a\u00e7\u0131klamada, &#8220;Yozgat Cumhuriyet Ba\u015fsavc\u0131l\u0131\u011f\u0131 Ter\u00f6r ve \u00d6rg\u00fctl\u00fc Su\u00e7lar B\u00fcrosunun koordinesinde Yozgat Ka\u00e7ak\u00e7\u0131l\u0131k ve Organize Su\u00e7larla M\u00fccadele \u015eube M\u00fcd\u00fcrl\u00fc\u011f\u00fcnce y\u00fcr\u00fct\u00fclmekte olan FET\u00d6\/PDY silahl\u0131 ter\u00f6r \u00f6rg\u00fct\u00fcne \u00fcye Olma, resmi belgede sahtecilik, kamu kurumu zarar\u0131na nitelikli doland\u0131r\u0131c\u0131l\u0131k, 2010 y\u0131l\u0131 Komiser Yard\u0131mc\u0131s\u0131 S\u0131nav\u0131nda s\u0131nav sorular\u0131n\u0131 FET\u00d6\/PDY ter\u00f6r \u00f6rg\u00fct\u00fc \u00fcyeleri arac\u0131l\u0131\u011f\u0131yla \u00f6nceden ald\u0131klar\u0131 de\u011ferlendirilen ve bilirki\u015fi raporlar\u0131yla \u015f\u00fcpheli olduklar\u0131 tespit edilen soru\u015fturmas\u0131 kapsam\u0131nda aralar\u0131nda ihra\u00e7 ve \u00e7al\u0131\u015fanlar\u0131nda bulundu\u011fu komiser ve komiser yard\u0131mc\u0131s\u0131 11 \u015f\u00fcpheli Ankara, K\u0131r\u0131kkale, Edirne, \u00c7orum, Amasya ve Aksaray illerinde ger\u00e7ekle\u015ftiren operasyonlarla g\u00f6zalt\u0131na al\u0131narak Yozgat il merkezine intikal ettirildi&#8221; denildi.<\/p>\n<p>Operasyonda daha \u00f6nce iki \u015f\u00fcpheli \u00e7\u0131kar\u0131ld\u0131klar\u0131 mahkemece tutuklan\u0131rken, emniyetteki i\u015flemlerinin ard\u0131ndan 9 \u015f\u00fcpheli daha adliyeye sevk edildi.<div class=\"tiled-gallery type-rectangular tiled-gallery-unresized\" data-original-width=\"500\" data-carousel-extra='null' itemscope itemtype=\"http:\/\/schema.org\/ImageGallery\" > <div class=\"gallery-row\" style=\"width: 500px; height: 142px;\" data-original-width=\"500\" data-original-height=\"142\" > <div class=\"gallery-group images-1\" style=\"width: 250px; height: 142px;\" data-original-width=\"250\" data-original-height=\"142\" > <div class=\"tiled-gallery-item tiled-gallery-item-small\" itemprop=\"associatedMedia\" itemscope itemtype=\"http:\/\/schema.org\/ImageObject\"> <a href=\"http:\/\/www.tvturk.com\/index.php\/yozgatta-fetoden-gozaltina-alinan-9-kisi-adliyeye-sevk-edildi\/yozgatta-fetoden-gozaltina-alinan-9-kisi-adliyeye-sevk-edildi-3\/\" border=\"0\" itemprop=\"url\"> <meta itemprop=\"width\" content=\"246\"> <meta itemprop=\"height\" content=\"138\"> <img decoding=\"async\" class=\"\" data-attachment-id=\"29791\" data-orig-file=\"http:\/\/www.tvturk.com\/wp-content\/uploads\/2019\/02\/yozgatta-fetoden-gozaltina-alinan-9-kisi-adliyeye-sevk-edildi_957f297.jpg\" data-orig-size=\"1000,562\" data-comments-opened=\"\" data-image-meta=\"{&quot;aperture&quot;:&quot;0&quot;,&quot;credit&quot;:&quot;IHA&quot;,&quot;camera&quot;:&quot;&quot;,&quot;caption&quot;:&quot;YOZGAT MERKEZL\\u0130 6 \\u0130LDE FETULLAH\\u00c7I TER\\u00d6R \\u00d6RG\\u00dcT\\u00dc\\u0027NE (FET\\u00d6) Y\\u00d6NEL\\u0130K 2010\\u0027DAK\\u0130 KOM\\u0130SER YARDIMCILI\\u011eINA GE\\u00c7\\u0130\\u015e SINAVI\\u0027NA \\u0130L\\u0130\\u015eK\\u0130N YAPILAN OPERASYONDA G\\u00d6ZALTINA ALINAN 9 \\u015e\\u00dcPHEL\\u0130 ADL\\u0130YEYE SEVK ED\\u0130LD\\u0130. (BAHADIR MUHL\\u0130S G\\u00d6KG\\u00dcL\\\/YOZGAT-\\u0130HA)&quot;,&quot;created_timestamp&quot;:&quot;0&quot;,&quot;copyright&quot;:&quot;\\u0130HLAS HABER AJANSI, www.iha.com.tr&quot;,&quot;focal_length&quot;:&quot;0&quot;,&quot;iso&quot;:&quot;0&quot;,&quot;shutter_speed&quot;:&quot;0&quot;,&quot;title&quot;:&quot;YOZGAT\\u0027TA FET\\u00d6\\u0027DEN G\\u00d6ZALTINA ALINAN 9 K\\u0130\\u015e\\u0130 ADL\\u0130YEYE SEVK ED\\u0130LD\\u0130&quot;,&quot;orientation&quot;:&quot;0&quot;}\" data-image-title=\"Yozgat\u2019ta FET\u00d6\u2019den g\u00f6zalt\u0131na al\u0131nan 9 ki\u015fi adliyeye sevk edildi\" data-image-description=\"&lt;p&gt;Yozgat\u2019ta FET\u00d6\u2019den g\u00f6zalt\u0131na al\u0131nan 9 ki\u015fi adliyeye sevk edildi&lt;\/p&gt; \" data-medium-file=\"https:\/\/i0.wp.com\/www.tvturk.com\/wp-content\/uploads\/2019\/02\/yozgatta-fetoden-gozaltina-alinan-9-kisi-adliyeye-sevk-edildi_957f297.jpg?fit=300%2C169\" data-large-file=\"https:\/\/i0.wp.com\/www.tvturk.com\/wp-content\/uploads\/2019\/02\/yozgatta-fetoden-gozaltina-alinan-9-kisi-adliyeye-sevk-edildi_957f297.jpg?fit=1000%2C562\" src=\"https:\/\/i0.wp.com\/www.tvturk.com\/wp-content\/uploads\/2019\/02\/yozgatta-fetoden-gozaltina-alinan-9-kisi-adliyeye-sevk-edildi_957f297.jpg?w=246&#038;h=138\" srcset=\"https:\/\/i0.wp.com\/www.tvturk.com\/wp-content\/uploads\/2019\/02\/yozgatta-fetoden-gozaltina-alinan-9-kisi-adliyeye-sevk-edildi_957f297.jpg?w=1000 1000w, https:\/\/i0.wp.com\/www.tvturk.com\/wp-content\/uploads\/2019\/02\/yozgatta-fetoden-gozaltina-alinan-9-kisi-adliyeye-sevk-edildi_957f297.jpg?resize=150%2C84 150w, https:\/\/i0.wp.com\/www.tvturk.com\/wp-content\/uploads\/2019\/02\/yozgatta-fetoden-gozaltina-alinan-9-kisi-adliyeye-sevk-edildi_957f297.jpg?resize=300%2C169 300w, https:\/\/i0.wp.com\/www.tvturk.com\/wp-content\/uploads\/2019\/02\/yozgatta-fetoden-gozaltina-alinan-9-kisi-adliyeye-sevk-edildi_957f297.jpg?resize=768%2C432 768w, https:\/\/i0.wp.com\/www.tvturk.com\/wp-content\/uploads\/2019\/02\/yozgatta-fetoden-gozaltina-alinan-9-kisi-adliyeye-sevk-edildi_957f297.jpg?resize=200%2C113 200w\" width=\"246\" height=\"138\" loading=\"lazy\" data-original-width=\"246\" data-original-height=\"138\" itemprop=\"http:\/\/schema.org\/image\" title=\"Yozgat\u2019ta FET\u00d6\u2019den g\u00f6zalt\u0131na al\u0131nan 9 ki\u015fi adliyeye sevk edildi\" alt=\"Yozgat\u2019ta FET\u00d6\u2019den g\u00f6zalt\u0131na al\u0131nan 9 ki\u015fi adliyeye sevk edildi\" style=\"width: 246px; height: 138px;\" \/> <\/a> <\/div> <\/div> <!-- close group --> <div class=\"gallery-group images-1\" style=\"width: 250px; height: 142px;\" data-original-width=\"250\" data-original-height=\"142\" > <div class=\"tiled-gallery-item tiled-gallery-item-small\" itemprop=\"associatedMedia\" itemscope itemtype=\"http:\/\/schema.org\/ImageObject\"> <a href=\"http:\/\/www.tvturk.com\/index.php\/yozgatta-fetoden-gozaltina-alinan-9-kisi-adliyeye-sevk-edildi\/yozgatta-fetoden-gozaltina-alinan-9-kisi-adliyeye-sevk-edildi-4\/\" border=\"0\" itemprop=\"url\"> <meta itemprop=\"width\" content=\"246\"> <meta itemprop=\"height\" content=\"138\"> <img decoding=\"async\" class=\"\" data-attachment-id=\"29792\" data-orig-file=\"http:\/\/www.tvturk.com\/wp-content\/uploads\/2019\/02\/yozgatta-fetoden-gozaltina-alinan-9-kisi-adliyeye-sevk-edildi_7ab1ccb.jpg\" data-orig-size=\"1000,562\" data-comments-opened=\"\" data-image-meta=\"{&quot;aperture&quot;:&quot;0&quot;,&quot;credit&quot;:&quot;IHA&quot;,&quot;camera&quot;:&quot;&quot;,&quot;caption&quot;:&quot;YOZGAT MERKEZL\\u0130 6 \\u0130LDE FETULLAH\\u00c7I TER\\u00d6R \\u00d6RG\\u00dcT\\u00dc\\u0027NE (FET\\u00d6) Y\\u00d6NEL\\u0130K 2010\\u0027DAK\\u0130 KOM\\u0130SER YARDIMCILI\\u011eINA GE\\u00c7\\u0130\\u015e SINAVI\\u0027NA \\u0130L\\u0130\\u015eK\\u0130N YAPILAN OPERASYONDA G\\u00d6ZALTINA ALINAN 9 \\u015e\\u00dcPHEL\\u0130 ADL\\u0130YEYE SEVK ED\\u0130LD\\u0130. (BAHADIR MUHL\\u0130S G\\u00d6KG\\u00dcL\\\/YOZGAT-\\u0130HA)&quot;,&quot;created_timestamp&quot;:&quot;0&quot;,&quot;copyright&quot;:&quot;\\u0130HLAS HABER AJANSI, www.iha.com.tr&quot;,&quot;focal_length&quot;:&quot;0&quot;,&quot;iso&quot;:&quot;0&quot;,&quot;shutter_speed&quot;:&quot;0&quot;,&quot;title&quot;:&quot;YOZGAT\\u0027TA FET\\u00d6\\u0027DEN G\\u00d6ZALTINA ALINAN 9 K\\u0130\\u015e\\u0130 ADL\\u0130YEYE SEVK ED\\u0130LD\\u0130&quot;,&quot;orientation&quot;:&quot;0&quot;}\" data-image-title=\"Yozgat\u2019ta FET\u00d6\u2019den g\u00f6zalt\u0131na al\u0131nan 9 ki\u015fi adliyeye sevk edildi\" data-image-description=\"&lt;p&gt;Yozgat\u2019ta FET\u00d6\u2019den g\u00f6zalt\u0131na al\u0131nan 9 ki\u015fi adliyeye sevk edildi&lt;\/p&gt; \" data-medium-file=\"https:\/\/i0.wp.com\/www.tvturk.com\/wp-content\/uploads\/2019\/02\/yozgatta-fetoden-gozaltina-alinan-9-kisi-adliyeye-sevk-edildi_7ab1ccb.jpg?fit=300%2C169\" data-large-file=\"https:\/\/i0.wp.com\/www.tvturk.com\/wp-content\/uploads\/2019\/02\/yozgatta-fetoden-gozaltina-alinan-9-kisi-adliyeye-sevk-edildi_7ab1ccb.jpg?fit=1000%2C562\" src=\"https:\/\/i0.wp.com\/www.tvturk.com\/wp-content\/uploads\/2019\/02\/yozgatta-fetoden-gozaltina-alinan-9-kisi-adliyeye-sevk-edildi_7ab1ccb.jpg?w=246&#038;h=138\" srcset=\"https:\/\/i0.wp.com\/www.tvturk.com\/wp-content\/uploads\/2019\/02\/yozgatta-fetoden-gozaltina-alinan-9-kisi-adliyeye-sevk-edildi_7ab1ccb.jpg?w=1000 1000w, https:\/\/i0.wp.com\/www.tvturk.com\/wp-content\/uploads\/2019\/02\/yozgatta-fetoden-gozaltina-alinan-9-kisi-adliyeye-sevk-edildi_7ab1ccb.jpg?resize=150%2C84 150w, https:\/\/i0.wp.com\/www.tvturk.com\/wp-content\/uploads\/2019\/02\/yozgatta-fetoden-gozaltina-alinan-9-kisi-adliyeye-sevk-edildi_7ab1ccb.jpg?resize=300%2C169 300w, https:\/\/i0.wp.com\/www.tvturk.com\/wp-content\/uploads\/2019\/02\/yozgatta-fetoden-gozaltina-alinan-9-kisi-adliyeye-sevk-edildi_7ab1ccb.jpg?resize=768%2C432 768w, https:\/\/i0.wp.com\/www.tvturk.com\/wp-content\/uploads\/2019\/02\/yozgatta-fetoden-gozaltina-alinan-9-kisi-adliyeye-sevk-edildi_7ab1ccb.jpg?resize=200%2C113 200w\" width=\"246\" height=\"138\" loading=\"lazy\" data-original-width=\"246\" data-original-height=\"138\" itemprop=\"http:\/\/schema.org\/image\" title=\"Yozgat\u2019ta FET\u00d6\u2019den g\u00f6zalt\u0131na al\u0131nan 9 ki\u015fi adliyeye sevk edildi\" alt=\"Yozgat\u2019ta FET\u00d6\u2019den g\u00f6zalt\u0131na al\u0131nan 9 ki\u015fi adliyeye sevk edildi\" style=\"width: 246px; height: 138px;\" \/> <\/a> <\/div> <\/div> <!-- close group --> <\/div> <!-- close row --> <\/div><\/p>\n","protected":false},"excerpt":{"rendered":"<p>YOZGAT MERKEZL\u0130 6 \u0130LDE FETULLAH\u00c7I TER\u00d6R \u00d6RG\u00dcT\u00dc&#8217;NE (FET\u00d6) Y\u00d6NEL\u0130K 2010&#8217;DAK\u0130 KOM\u0130SER YARDIMCILI\u011eINA GE\u00c7\u0130\u015e SINAVI&#8217;NA \u0130L\u0130\u015eK\u0130N YAPILAN OPERASYONDA G\u00d6ZALTINA ALINAN 9 \u015e\u00dcPHEL\u0130 ADL\u0130YEYE SEVK ED\u0130LD\u0130.<\/p>\n","protected":false},"author":1,"featured_media":29790,"comment_status":"closed","ping_status":"open","sticky":false,"template":"","format":"standard","meta":{"jetpack_post_was_ever_published":false,"_jetpack_newsletter_access":"","_jetpack_dont_email_post_to_subs":false,"_jetpack_newsletter_tier_id":0,"_jetpack_memberships_contains_paywalled_content":false,"_jetpack_memberships_contains_paid_content":false,"footnotes":"","jetpack_publicize_message":"","jetpack_publicize_feature_enabled":true,"jetpack_social_post_already_shared":false,"jetpack_social_options":{"image_generator_settings":{"template":"highway","default_image_id":0,"font":"","enabled":false},"version":2}},"categories":[655],"tags":[2394,3422,857,1799,1013,1012,856,4425],"class_list":["post-29789","post","type-post","status-publish","format-standard","has-post-thumbnail","hentry","category-son-dakika","tag-adliyeye","tag-alinan","tag-edildi","tag-fetoden","tag-gozaltina","tag-kisi","tag-sevk","tag-yozgatta"],"jetpack_publicize_connections":[],"jetpack_featured_media_url":"https:\/\/i0.wp.com\/www.tvturk.com\/wp-content\/uploads\/2019\/02\/yozgatta-fetoden-gozaltina-alinan-9-kisi-adliyeye-sevk-edildi_fcd754a.jpg?fit=1000%2C562","jetpack_sharing_enabled":true,"jetpack_shortlink":"https:\/\/wp.me\/paKIfm-7Kt","_links":{"self":[{"href":"http:\/\/www.tvturk.com\/index.php\/wp-json\/wp\/v2\/posts\/29789","targetHints":{"allow":["GET"]}}],"collection":[{"href":"http:\/\/www.tvturk.com\/index.php\/wp-json\/wp\/v2\/posts"}],"about":[{"href":"http:\/\/www.tvturk.com\/index.php\/wp-json\/wp\/v2\/types\/post"}],"author":[{"embeddable":true,"href":"http:\/\/www.tvturk.com\/index.php\/wp-json\/wp\/v2\/users\/1"}],"replies":[{"embeddable":true,"href":"http:\/\/www.tvturk.com\/index.php\/wp-json\/wp\/v2\/comments?post=29789"}],"version-history":[{"count":1,"href":"http:\/\/www.tvturk.com\/index.php\/wp-json\/wp\/v2\/posts\/29789\/revisions"}],"predecessor-version":[{"id":29793,"href":"http:\/\/www.tvturk.com\/index.php\/wp-json\/wp\/v2\/posts\/29789\/revisions\/29793"}],"wp:featuredmedia":[{"embeddable":true,"href":"http:\/\/www.tvturk.com\/index.php\/wp-json\/wp\/v2\/media\/29790"}],"wp:attachment":[{"href":"http:\/\/www.tvturk.com\/index.php\/wp-json\/wp\/v2\/media?parent=29789"}],"wp:term":[{"taxonomy":"category","embeddable":true,"href":"http:\/\/www.tvturk.com\/index.php\/wp-json\/wp\/v2\/categories?post=29789"},{"taxonomy":"post_tag","embeddable":true,"href":"http:\/\/www.tvturk.com\/index.php\/wp-json\/wp\/v2\/tags?post=29789"}],"curies":[{"name":"wp","href":"https:\/\/api.w.org\/{rel}","templated":true}]}}