{"id":30123,"date":"2019-02-13T18:01:23","date_gmt":"2019-02-13T15:01:23","guid":{"rendered":"http:\/\/www.tvturk.com\/index.php\/kermes-geliri-tekerlekli-sandalye-oldu\/"},"modified":"2019-02-13T18:01:25","modified_gmt":"2019-02-13T15:01:25","slug":"kermes-geliri-tekerlekli-sandalye-oldu","status":"publish","type":"post","link":"http:\/\/www.tvturk.com\/index.php\/kermes-geliri-tekerlekli-sandalye-oldu\/","title":{"rendered":"Kermes geliri tekerlekli sandalye oldu"},"content":{"rendered":"<p>Manisa\u2019n\u0131n Salihli il\u00e7esindeki lise \u00f6\u011frencileri d\u00fczenledikleri kermes geliri ile ald\u0131klar\u0131 tekerlekli sandalyeyi 3 engelliye teslim ederek sevindirdi.<\/p>\n<p>Salihli Ahmet Yesevi Mesleki ve Teknik Anadolu Lisesi \u00f6\u011frencileri \u201cMeslek Liseliler Ailelerle Bulu\u015fuyor\u201d projesi kapsam\u0131nda B\u00fcro Y\u00f6netimi \u00d6\u011fretmeni Seda Yavuz \u00f6nc\u00fcl\u00fc\u011f\u00fcnde kermes d\u00fczenlendi. Kermesten elde edilen gelir ile 3 tekerlekli sandalye al\u0131n\u0131rken, tekerlekli sandalyeler ise d\u00fczenlenen t\u00f6renle 3 engelliye teslim edildi.<\/p>\n<p>Okul M\u00fcd\u00fcr\u00fc Yusuf Kuzucu, okul olarak ama\u00e7lar\u0131n\u0131n gen\u00e7 nesillerin yard\u0131mla\u015fma duygusu, empati becerisi kazanabilme ve topluma kar\u015f\u0131 sorumluluk sahibi birer birey olarak yeti\u015fmelerini sa\u011flamak oldu\u011funu s\u00f6yledi. Kuzucu, bu t\u00fcr etkinliklere devam edeceklerini belirtti.<\/p>\n<p>Salihli Kaymakam\u0131 Levent K\u0131l\u0131\u00e7 ise okullarda \u00f6\u011frencilerin yapt\u0131\u011f\u0131 bu t\u00fcr sosyal projelerin kendilerini gururland\u0131rd\u0131\u011f\u0131n\u0131 s\u00f6yledi. K\u0131l\u0131\u00e7, \u00f6\u011fretmen ve \u00f6\u011frencileri tebrik etti.<div class=\"tiled-gallery type-rectangular tiled-gallery-unresized\" data-original-width=\"500\" data-carousel-extra='null' itemscope itemtype=\"http:\/\/schema.org\/ImageGallery\" > <div class=\"gallery-row\" style=\"width: 500px; height: 189px;\" data-original-width=\"500\" data-original-height=\"189\" > <div class=\"gallery-group images-1\" style=\"width: 250px; height: 189px;\" data-original-width=\"250\" data-original-height=\"189\" > <div class=\"tiled-gallery-item tiled-gallery-item-small\" itemprop=\"associatedMedia\" itemscope itemtype=\"http:\/\/schema.org\/ImageObject\"> <a href=\"http:\/\/www.tvturk.com\/index.php\/kermes-geliri-tekerlekli-sandalye-oldu\/kermes-geliri-tekerlekli-sandalye-oldu-3\/\" border=\"0\" itemprop=\"url\"> <meta itemprop=\"width\" content=\"246\"> <meta itemprop=\"height\" content=\"185\"> <img decoding=\"async\" class=\"\" data-attachment-id=\"30125\" data-orig-file=\"http:\/\/www.tvturk.com\/wp-content\/uploads\/2019\/02\/kermes-geliri-tekerlekli-sandalye-oldu_13a6efe.jpg\" data-orig-size=\"1000,750\" data-comments-opened=\"\" data-image-meta=\"{&quot;aperture&quot;:&quot;0&quot;,&quot;credit&quot;:&quot;IHA&quot;,&quot;camera&quot;:&quot;&quot;,&quot;caption&quot;:&quot;MAN\\u0130SA\\u2019NIN SAL\\u0130HL\\u0130 \\u0130L\\u00c7ES\\u0130NDEK\\u0130 L\\u0130SE \\u00d6\\u011eRENC\\u0130LER\\u0130 D\\u00dcZENLED\\u0130KLER\\u0130 KERMES GEL\\u0130R\\u0130 \\u0130LE ALDIKLARI TEKERLEKL\\u0130 SANDALYEY\\u0130 3 ENGELL\\u0130YE TESL\\u0130M EDEREK SEV\\u0130ND\\u0130RD\\u0130. (BEHZAT AKCAN\\\/MAN\\u0130SA-\\u0130HA)&quot;,&quot;created_timestamp&quot;:&quot;0&quot;,&quot;copyright&quot;:&quot;\\u0130HLAS HABER AJANSI, www.iha.com.tr&quot;,&quot;focal_length&quot;:&quot;0&quot;,&quot;iso&quot;:&quot;0&quot;,&quot;shutter_speed&quot;:&quot;0&quot;,&quot;title&quot;:&quot;KERMES GEL\\u0130R\\u0130 TEKERLEKL\\u0130 SANDALYE OLDU&quot;,&quot;orientation&quot;:&quot;0&quot;}\" data-image-title=\"Kermes geliri tekerlekli sandalye oldu\" data-image-description=\"&lt;p&gt;Kermes geliri tekerlekli sandalye oldu&lt;\/p&gt; \" data-medium-file=\"https:\/\/i0.wp.com\/www.tvturk.com\/wp-content\/uploads\/2019\/02\/kermes-geliri-tekerlekli-sandalye-oldu_13a6efe.jpg?fit=300%2C225\" data-large-file=\"https:\/\/i0.wp.com\/www.tvturk.com\/wp-content\/uploads\/2019\/02\/kermes-geliri-tekerlekli-sandalye-oldu_13a6efe.jpg?fit=1000%2C750\" src=\"https:\/\/i0.wp.com\/www.tvturk.com\/wp-content\/uploads\/2019\/02\/kermes-geliri-tekerlekli-sandalye-oldu_13a6efe.jpg?w=246&#038;h=185\" srcset=\"https:\/\/i0.wp.com\/www.tvturk.com\/wp-content\/uploads\/2019\/02\/kermes-geliri-tekerlekli-sandalye-oldu_13a6efe.jpg?w=1000 1000w, https:\/\/i0.wp.com\/www.tvturk.com\/wp-content\/uploads\/2019\/02\/kermes-geliri-tekerlekli-sandalye-oldu_13a6efe.jpg?resize=150%2C113 150w, https:\/\/i0.wp.com\/www.tvturk.com\/wp-content\/uploads\/2019\/02\/kermes-geliri-tekerlekli-sandalye-oldu_13a6efe.jpg?resize=300%2C225 300w, https:\/\/i0.wp.com\/www.tvturk.com\/wp-content\/uploads\/2019\/02\/kermes-geliri-tekerlekli-sandalye-oldu_13a6efe.jpg?resize=768%2C576 768w\" width=\"246\" height=\"185\" loading=\"lazy\" data-original-width=\"246\" data-original-height=\"185\" itemprop=\"http:\/\/schema.org\/image\" title=\"Kermes geliri tekerlekli sandalye oldu\" alt=\"Kermes geliri tekerlekli sandalye oldu\" style=\"width: 246px; height: 185px;\" \/> <\/a> <\/div> <\/div> <!-- close group --> <div class=\"gallery-group images-1\" style=\"width: 250px; height: 189px;\" data-original-width=\"250\" data-original-height=\"189\" > <div class=\"tiled-gallery-item tiled-gallery-item-small\" itemprop=\"associatedMedia\" itemscope itemtype=\"http:\/\/schema.org\/ImageObject\"> <a href=\"http:\/\/www.tvturk.com\/index.php\/kermes-geliri-tekerlekli-sandalye-oldu\/kermes-geliri-tekerlekli-sandalye-oldu-4\/\" border=\"0\" itemprop=\"url\"> <meta itemprop=\"width\" content=\"246\"> <meta itemprop=\"height\" content=\"185\"> <img decoding=\"async\" class=\"\" data-attachment-id=\"30127\" data-orig-file=\"http:\/\/www.tvturk.com\/wp-content\/uploads\/2019\/02\/kermes-geliri-tekerlekli-sandalye-oldu_90e8976.jpg\" data-orig-size=\"1000,750\" data-comments-opened=\"\" data-image-meta=\"{&quot;aperture&quot;:&quot;0&quot;,&quot;credit&quot;:&quot;IHA&quot;,&quot;camera&quot;:&quot;&quot;,&quot;caption&quot;:&quot;MAN\\u0130SA\\u2019NIN SAL\\u0130HL\\u0130 \\u0130L\\u00c7ES\\u0130NDEK\\u0130 L\\u0130SE \\u00d6\\u011eRENC\\u0130LER\\u0130 D\\u00dcZENLED\\u0130KLER\\u0130 KERMES GEL\\u0130R\\u0130 \\u0130LE ALDIKLARI TEKERLEKL\\u0130 SANDALYEY\\u0130 3 ENGELL\\u0130YE TESL\\u0130M EDEREK SEV\\u0130ND\\u0130RD\\u0130. (BEHZAT AKCAN\\\/MAN\\u0130SA-\\u0130HA)&quot;,&quot;created_timestamp&quot;:&quot;0&quot;,&quot;copyright&quot;:&quot;\\u0130HLAS HABER AJANSI, www.iha.com.tr&quot;,&quot;focal_length&quot;:&quot;0&quot;,&quot;iso&quot;:&quot;0&quot;,&quot;shutter_speed&quot;:&quot;0&quot;,&quot;title&quot;:&quot;KERMES GEL\\u0130R\\u0130 TEKERLEKL\\u0130 SANDALYE OLDU&quot;,&quot;orientation&quot;:&quot;0&quot;}\" data-image-title=\"Kermes geliri tekerlekli sandalye oldu\" data-image-description=\"&lt;p&gt;Kermes geliri tekerlekli sandalye oldu&lt;\/p&gt; \" data-medium-file=\"https:\/\/i0.wp.com\/www.tvturk.com\/wp-content\/uploads\/2019\/02\/kermes-geliri-tekerlekli-sandalye-oldu_90e8976.jpg?fit=300%2C225\" data-large-file=\"https:\/\/i0.wp.com\/www.tvturk.com\/wp-content\/uploads\/2019\/02\/kermes-geliri-tekerlekli-sandalye-oldu_90e8976.jpg?fit=1000%2C750\" src=\"https:\/\/i0.wp.com\/www.tvturk.com\/wp-content\/uploads\/2019\/02\/kermes-geliri-tekerlekli-sandalye-oldu_90e8976.jpg?w=246&#038;h=185\" srcset=\"https:\/\/i0.wp.com\/www.tvturk.com\/wp-content\/uploads\/2019\/02\/kermes-geliri-tekerlekli-sandalye-oldu_90e8976.jpg?w=1000 1000w, https:\/\/i0.wp.com\/www.tvturk.com\/wp-content\/uploads\/2019\/02\/kermes-geliri-tekerlekli-sandalye-oldu_90e8976.jpg?resize=150%2C113 150w, https:\/\/i0.wp.com\/www.tvturk.com\/wp-content\/uploads\/2019\/02\/kermes-geliri-tekerlekli-sandalye-oldu_90e8976.jpg?resize=300%2C225 300w, https:\/\/i0.wp.com\/www.tvturk.com\/wp-content\/uploads\/2019\/02\/kermes-geliri-tekerlekli-sandalye-oldu_90e8976.jpg?resize=768%2C576 768w\" width=\"246\" height=\"185\" loading=\"lazy\" data-original-width=\"246\" data-original-height=\"185\" itemprop=\"http:\/\/schema.org\/image\" title=\"Kermes geliri tekerlekli sandalye oldu\" alt=\"Kermes geliri tekerlekli sandalye oldu\" style=\"width: 246px; height: 185px;\" \/> <\/a> <\/div> <\/div> <!-- close group --> <\/div> <!-- close row --> <\/div><\/p>\n","protected":false},"excerpt":{"rendered":"<p>MAN\u0130SA\u2019NIN SAL\u0130HL\u0130 \u0130L\u00c7ES\u0130NDEK\u0130 L\u0130SE \u00d6\u011eRENC\u0130LER\u0130 D\u00dcZENLED\u0130KLER\u0130 KERMES GEL\u0130R\u0130 \u0130LE ALDIKLARI TEKERLEKL\u0130 SANDALYEY\u0130 3 ENGELL\u0130YE TESL\u0130M EDEREK SEV\u0130ND\u0130RD\u0130.<\/p>\n","protected":false},"author":1,"featured_media":30124,"comment_status":"closed","ping_status":"open","sticky":false,"template":"","format":"standard","meta":{"jetpack_post_was_ever_published":false,"_jetpack_newsletter_access":"","_jetpack_dont_email_post_to_subs":false,"_jetpack_newsletter_tier_id":0,"_jetpack_memberships_contains_paywalled_content":false,"_jetpack_memberships_contains_paid_content":false,"footnotes":"","jetpack_publicize_message":"","jetpack_publicize_feature_enabled":true,"jetpack_social_post_already_shared":false,"jetpack_social_options":{"image_generator_settings":{"template":"highway","default_image_id":0,"font":"","enabled":false},"version":2}},"categories":[659],"tags":[11955,9217,77,6121,6589],"class_list":["post-30123","post","type-post","status-publish","format-standard","has-post-thumbnail","hentry","category-egitim","tag-geliri","tag-kermes","tag-oldu","tag-sandalye","tag-tekerlekli"],"jetpack_publicize_connections":[],"jetpack_featured_media_url":"https:\/\/i0.wp.com\/www.tvturk.com\/wp-content\/uploads\/2019\/02\/kermes-geliri-tekerlekli-sandalye-oldu_2338b2b.jpg?fit=1000%2C562","jetpack_sharing_enabled":true,"jetpack_shortlink":"https:\/\/wp.me\/paKIfm-7PR","_links":{"self":[{"href":"http:\/\/www.tvturk.com\/index.php\/wp-json\/wp\/v2\/posts\/30123","targetHints":{"allow":["GET"]}}],"collection":[{"href":"http:\/\/www.tvturk.com\/index.php\/wp-json\/wp\/v2\/posts"}],"about":[{"href":"http:\/\/www.tvturk.com\/index.php\/wp-json\/wp\/v2\/types\/post"}],"author":[{"embeddable":true,"href":"http:\/\/www.tvturk.com\/index.php\/wp-json\/wp\/v2\/users\/1"}],"replies":[{"embeddable":true,"href":"http:\/\/www.tvturk.com\/index.php\/wp-json\/wp\/v2\/comments?post=30123"}],"version-history":[{"count":1,"href":"http:\/\/www.tvturk.com\/index.php\/wp-json\/wp\/v2\/posts\/30123\/revisions"}],"predecessor-version":[{"id":30128,"href":"http:\/\/www.tvturk.com\/index.php\/wp-json\/wp\/v2\/posts\/30123\/revisions\/30128"}],"wp:featuredmedia":[{"embeddable":true,"href":"http:\/\/www.tvturk.com\/index.php\/wp-json\/wp\/v2\/media\/30124"}],"wp:attachment":[{"href":"http:\/\/www.tvturk.com\/index.php\/wp-json\/wp\/v2\/media?parent=30123"}],"wp:term":[{"taxonomy":"category","embeddable":true,"href":"http:\/\/www.tvturk.com\/index.php\/wp-json\/wp\/v2\/categories?post=30123"},{"taxonomy":"post_tag","embeddable":true,"href":"http:\/\/www.tvturk.com\/index.php\/wp-json\/wp\/v2\/tags?post=30123"}],"curies":[{"name":"wp","href":"https:\/\/api.w.org\/{rel}","templated":true}]}}