{"id":30243,"date":"2019-02-13T18:50:56","date_gmt":"2019-02-13T15:50:56","guid":{"rendered":"http:\/\/www.tvturk.com\/index.php\/gaziantepteki-uyusturucu-operasyonunda-2-tutuklama\/"},"modified":"2019-02-13T18:50:58","modified_gmt":"2019-02-13T15:50:58","slug":"gaziantepteki-uyusturucu-operasyonunda-2-tutuklama","status":"publish","type":"post","link":"http:\/\/www.tvturk.com\/index.php\/gaziantepteki-uyusturucu-operasyonunda-2-tutuklama\/","title":{"rendered":"Gaziantep\u2019teki uyu\u015fturucu operasyonunda 2 tutuklama"},"content":{"rendered":"<p>Gaziantep\u2019in \u015eehitkamil il\u00e7esinde uyu\u015fturucu tacirlerine y\u00f6nelik yap\u0131lan operasyonlarda 1 kilo 225 gram esrar, bir miktar bonzai, eroin, metamfetamin ve uyu\u015fturucu hap ele ge\u00e7irildi. Operasyon sonras\u0131 ise 19 \u015f\u00fcpheli \u015fah\u0131s yakalan\u0131rken, 2 \u015fah\u0131s ki\u015fi tutukland\u0131.<\/p>\n<p>Edinilen bilgiye g\u00f6re \u015eehitkamil il\u00e7esindeki ev ve i\u015f yerlerinde meydana gelen h\u0131rs\u0131zl\u0131k olaylar\u0131yla ilgili geni\u015f \u00e7apl\u0131 bir operasyon yap\u0131ld\u0131. Yap\u0131lan operasyon sonras\u0131 \u00e7ok say\u0131da uyu\u015fturucu ve uyar\u0131c\u0131 madde ele ge\u00e7irilirken A.A., M.G., U.A., Z.A., A.\u015e., M.\u00c7., A.S., \u0130.G., F.K., M.A., S.A., M.E., \u00c7.B., Y.O, A.G. ve E.K. isimlerinde toplam 16 \u015f\u00fcpheli \u015fah\u0131s da \u00e7alm\u0131\u015f olduklar\u0131 malzemeler ile birlikte su\u00e7\u00fcst\u00fc yakaland\u0131. \u015e\u00fcpheli \u015fah\u0131slar haklar\u0131nda yap\u0131lan yasal i\u015flemler sonras\u0131 adli makamlara sevk edilirken, 2 \u015f\u00fcpheli tutukland\u0131.<\/p>\n<p>\u00d6te yandan yap\u0131lan \u00e7al\u0131\u015fmalarda 25 \u015f\u00fcpheli \u015fah\u0131s \u00fczerinden ise 16 adet ger\u00e7ek tabanca, 11 adet pompal\u0131 t\u00fcfek, 8 adet kuru s\u0131k\u0131 tabanca ve bunlara ait toplam 168 adet fi\u015fek ele  ge\u00e7irildi. Yakalanan \u015f\u00fcpheliler ise adli makamlara sevk edildiler.<div class=\"tiled-gallery type-rectangular tiled-gallery-unresized\" data-original-width=\"500\" data-carousel-extra='null' itemscope itemtype=\"http:\/\/schema.org\/ImageGallery\" > <div class=\"gallery-row\" style=\"width: 500px; height: 330px;\" data-original-width=\"500\" data-original-height=\"330\" > <div class=\"gallery-group images-1\" style=\"width: 253px; height: 330px;\" data-original-width=\"253\" data-original-height=\"330\" > <div class=\"tiled-gallery-item tiled-gallery-item-small\" itemprop=\"associatedMedia\" itemscope itemtype=\"http:\/\/schema.org\/ImageObject\"> <a href=\"http:\/\/www.tvturk.com\/index.php\/gaziantepteki-uyusturucu-operasyonunda-2-tutuklama\/gaziantepteki-uyusturucu-operasyonunda-2-tutuklama-3\/\" border=\"0\" itemprop=\"url\"> <meta itemprop=\"width\" content=\"249\"> <meta itemprop=\"height\" content=\"326\"> <img decoding=\"async\" class=\"\" data-attachment-id=\"30245\" data-orig-file=\"http:\/\/www.tvturk.com\/wp-content\/uploads\/2019\/02\/gaziantepteki-uyusturucu-operasyonunda-2-tutuklama_21c670a.jpg\" data-orig-size=\"573,750\" data-comments-opened=\"\" data-image-meta=\"{&quot;aperture&quot;:&quot;0&quot;,&quot;credit&quot;:&quot;IHA&quot;,&quot;camera&quot;:&quot;&quot;,&quot;caption&quot;:&quot;\\u015eEH\\u0130TK\\u00c2M\\u0130L \\u0130L\\u00c7E EMN\\u0130YET M\\u00dcD\\u00dcRL\\u00dc\\u011e\\u00dc EK\\u0130PLER\\u0130 HALKIN HUZURU VE G\\u00dcVENL\\u0130\\u011e\\u0130 \\u0130\\u00c7\\u0130N \\u00d6ZVER\\u0130L\\u0130 \\u00c7ALI\\u015eMALARINA DEVAM ED\\u0130YOR (\\u0130HA\\\/GAZ\\u0130ANTEP-\\u0130HA)&quot;,&quot;created_timestamp&quot;:&quot;0&quot;,&quot;copyright&quot;:&quot;\\u0130HLAS HABER AJANSI, www.iha.com.tr&quot;,&quot;focal_length&quot;:&quot;0&quot;,&quot;iso&quot;:&quot;0&quot;,&quot;shutter_speed&quot;:&quot;0&quot;,&quot;title&quot;:&quot;GAZ\\u0130ANTEP\\u0027TEK\\u0130 UYU\\u015eTURUCU OPERASYONUNDA 2 TUTUKLAMA&quot;,&quot;orientation&quot;:&quot;0&quot;}\" data-image-title=\"Gaziantep\u2019teki uyu\u015fturucu operasyonunda 2 tutuklama\" data-image-description=\"&lt;p&gt;Gaziantep\u2019teki uyu\u015fturucu operasyonunda 2 tutuklama&lt;\/p&gt; \" data-medium-file=\"https:\/\/i0.wp.com\/www.tvturk.com\/wp-content\/uploads\/2019\/02\/gaziantepteki-uyusturucu-operasyonunda-2-tutuklama_21c670a.jpg?fit=229%2C300\" data-large-file=\"https:\/\/i0.wp.com\/www.tvturk.com\/wp-content\/uploads\/2019\/02\/gaziantepteki-uyusturucu-operasyonunda-2-tutuklama_21c670a.jpg?fit=573%2C750\" src=\"https:\/\/i0.wp.com\/www.tvturk.com\/wp-content\/uploads\/2019\/02\/gaziantepteki-uyusturucu-operasyonunda-2-tutuklama_21c670a.jpg?w=249&#038;h=326\" srcset=\"https:\/\/i0.wp.com\/www.tvturk.com\/wp-content\/uploads\/2019\/02\/gaziantepteki-uyusturucu-operasyonunda-2-tutuklama_21c670a.jpg?w=573 573w, https:\/\/i0.wp.com\/www.tvturk.com\/wp-content\/uploads\/2019\/02\/gaziantepteki-uyusturucu-operasyonunda-2-tutuklama_21c670a.jpg?resize=115%2C150 115w, https:\/\/i0.wp.com\/www.tvturk.com\/wp-content\/uploads\/2019\/02\/gaziantepteki-uyusturucu-operasyonunda-2-tutuklama_21c670a.jpg?resize=229%2C300 229w\" width=\"249\" height=\"326\" loading=\"lazy\" data-original-width=\"249\" data-original-height=\"326\" itemprop=\"http:\/\/schema.org\/image\" title=\"Gaziantep\u2019teki uyu\u015fturucu operasyonunda 2 tutuklama\" alt=\"Gaziantep\u2019teki uyu\u015fturucu operasyonunda 2 tutuklama\" style=\"width: 249px; height: 326px;\" \/> <\/a> <\/div> <\/div> <!-- close group --> <div class=\"gallery-group images-1\" style=\"width: 247px; height: 330px;\" data-original-width=\"247\" data-original-height=\"330\" > <div class=\"tiled-gallery-item tiled-gallery-item-small\" itemprop=\"associatedMedia\" itemscope itemtype=\"http:\/\/schema.org\/ImageObject\"> <a href=\"http:\/\/www.tvturk.com\/index.php\/gaziantepteki-uyusturucu-operasyonunda-2-tutuklama\/gaziantepteki-uyusturucu-operasyonunda-2-tutuklama-4\/\" border=\"0\" itemprop=\"url\"> <meta itemprop=\"width\" content=\"243\"> <meta itemprop=\"height\" content=\"326\"> <img decoding=\"async\" class=\"\" data-attachment-id=\"30246\" data-orig-file=\"http:\/\/www.tvturk.com\/wp-content\/uploads\/2019\/02\/gaziantepteki-uyusturucu-operasyonunda-2-tutuklama_ad8a673.jpg\" data-orig-size=\"568,763\" data-comments-opened=\"\" data-image-meta=\"{&quot;aperture&quot;:&quot;0&quot;,&quot;credit&quot;:&quot;IHA&quot;,&quot;camera&quot;:&quot;&quot;,&quot;caption&quot;:&quot;\\u015eEH\\u0130TK\\u00c2M\\u0130L \\u0130L\\u00c7E EMN\\u0130YET M\\u00dcD\\u00dcRL\\u00dc\\u011e\\u00dc EK\\u0130PLER\\u0130 HALKIN HUZURU VE G\\u00dcVENL\\u0130\\u011e\\u0130 \\u0130\\u00c7\\u0130N \\u00d6ZVER\\u0130L\\u0130 \\u00c7ALI\\u015eMALARINA DEVAM ED\\u0130YOR (\\u0130HA\\\/GAZ\\u0130ANTEP-\\u0130HA)&quot;,&quot;created_timestamp&quot;:&quot;0&quot;,&quot;copyright&quot;:&quot;\\u0130HLAS HABER AJANSI, www.iha.com.tr&quot;,&quot;focal_length&quot;:&quot;0&quot;,&quot;iso&quot;:&quot;0&quot;,&quot;shutter_speed&quot;:&quot;0&quot;,&quot;title&quot;:&quot;GAZ\\u0130ANTEP\\u0027TEK\\u0130 UYU\\u015eTURUCU OPERASYONUNDA 2 TUTUKLAMA&quot;,&quot;orientation&quot;:&quot;0&quot;}\" data-image-title=\"Gaziantep\u2019teki uyu\u015fturucu operasyonunda 2 tutuklama\" data-image-description=\"&lt;p&gt;Gaziantep\u2019teki uyu\u015fturucu operasyonunda 2 tutuklama&lt;\/p&gt; \" data-medium-file=\"https:\/\/i0.wp.com\/www.tvturk.com\/wp-content\/uploads\/2019\/02\/gaziantepteki-uyusturucu-operasyonunda-2-tutuklama_ad8a673.jpg?fit=223%2C300\" data-large-file=\"https:\/\/i0.wp.com\/www.tvturk.com\/wp-content\/uploads\/2019\/02\/gaziantepteki-uyusturucu-operasyonunda-2-tutuklama_ad8a673.jpg?fit=568%2C763\" src=\"https:\/\/i0.wp.com\/www.tvturk.com\/wp-content\/uploads\/2019\/02\/gaziantepteki-uyusturucu-operasyonunda-2-tutuklama_ad8a673.jpg?w=243&#038;h=326\" srcset=\"https:\/\/i0.wp.com\/www.tvturk.com\/wp-content\/uploads\/2019\/02\/gaziantepteki-uyusturucu-operasyonunda-2-tutuklama_ad8a673.jpg?w=568 568w, https:\/\/i0.wp.com\/www.tvturk.com\/wp-content\/uploads\/2019\/02\/gaziantepteki-uyusturucu-operasyonunda-2-tutuklama_ad8a673.jpg?resize=112%2C150 112w, https:\/\/i0.wp.com\/www.tvturk.com\/wp-content\/uploads\/2019\/02\/gaziantepteki-uyusturucu-operasyonunda-2-tutuklama_ad8a673.jpg?resize=223%2C300 223w\" width=\"243\" height=\"326\" loading=\"lazy\" data-original-width=\"243\" data-original-height=\"326\" itemprop=\"http:\/\/schema.org\/image\" title=\"Gaziantep\u2019teki uyu\u015fturucu operasyonunda 2 tutuklama\" alt=\"Gaziantep\u2019teki uyu\u015fturucu operasyonunda 2 tutuklama\" style=\"width: 243px; height: 326px;\" \/> <\/a> <\/div> <\/div> <!-- close group --> <\/div> <!-- close row --> <\/div><\/p>\n","protected":false},"excerpt":{"rendered":"<p>\u015eEH\u0130TK\u00c2M\u0130L \u0130L\u00c7E EMN\u0130YET M\u00dcD\u00dcRL\u00dc\u011e\u00dc EK\u0130PLER\u0130 HALKIN HUZURU VE G\u00dcVENL\u0130\u011e\u0130 \u0130\u00c7\u0130N \u00d6ZVER\u0130L\u0130 \u00c7ALI\u015eMALARINA DEVAM ED\u0130YOR<\/p>\n","protected":false},"author":1,"featured_media":30244,"comment_status":"closed","ping_status":"open","sticky":false,"template":"","format":"standard","meta":{"jetpack_post_was_ever_published":false,"_jetpack_newsletter_access":"","_jetpack_dont_email_post_to_subs":false,"_jetpack_newsletter_tier_id":0,"_jetpack_memberships_contains_paywalled_content":false,"_jetpack_memberships_contains_paid_content":false,"footnotes":"","jetpack_publicize_message":"","jetpack_publicize_feature_enabled":true,"jetpack_social_post_already_shared":false,"jetpack_social_options":{"image_generator_settings":{"template":"highway","default_image_id":0,"font":"","enabled":false},"version":2}},"categories":[655],"tags":[11334,2308,938,1156],"class_list":["post-30243","post","type-post","status-publish","format-standard","has-post-thumbnail","hentry","category-son-dakika","tag-gaziantepteki","tag-operasyonunda","tag-tutuklama","tag-uyusturucu"],"jetpack_publicize_connections":[],"jetpack_featured_media_url":"https:\/\/i0.wp.com\/www.tvturk.com\/wp-content\/uploads\/2019\/02\/gaziantepteki-uyusturucu-operasyonunda-2-tutuklama_479ae87.jpg?fit=568%2C756","jetpack_sharing_enabled":true,"jetpack_shortlink":"https:\/\/wp.me\/paKIfm-7RN","_links":{"self":[{"href":"http:\/\/www.tvturk.com\/index.php\/wp-json\/wp\/v2\/posts\/30243","targetHints":{"allow":["GET"]}}],"collection":[{"href":"http:\/\/www.tvturk.com\/index.php\/wp-json\/wp\/v2\/posts"}],"about":[{"href":"http:\/\/www.tvturk.com\/index.php\/wp-json\/wp\/v2\/types\/post"}],"author":[{"embeddable":true,"href":"http:\/\/www.tvturk.com\/index.php\/wp-json\/wp\/v2\/users\/1"}],"replies":[{"embeddable":true,"href":"http:\/\/www.tvturk.com\/index.php\/wp-json\/wp\/v2\/comments?post=30243"}],"version-history":[{"count":1,"href":"http:\/\/www.tvturk.com\/index.php\/wp-json\/wp\/v2\/posts\/30243\/revisions"}],"predecessor-version":[{"id":30247,"href":"http:\/\/www.tvturk.com\/index.php\/wp-json\/wp\/v2\/posts\/30243\/revisions\/30247"}],"wp:featuredmedia":[{"embeddable":true,"href":"http:\/\/www.tvturk.com\/index.php\/wp-json\/wp\/v2\/media\/30244"}],"wp:attachment":[{"href":"http:\/\/www.tvturk.com\/index.php\/wp-json\/wp\/v2\/media?parent=30243"}],"wp:term":[{"taxonomy":"category","embeddable":true,"href":"http:\/\/www.tvturk.com\/index.php\/wp-json\/wp\/v2\/categories?post=30243"},{"taxonomy":"post_tag","embeddable":true,"href":"http:\/\/www.tvturk.com\/index.php\/wp-json\/wp\/v2\/tags?post=30243"}],"curies":[{"name":"wp","href":"https:\/\/api.w.org\/{rel}","templated":true}]}}