{"id":30489,"date":"2019-02-13T22:11:04","date_gmt":"2019-02-13T19:11:04","guid":{"rendered":"http:\/\/www.tvturk.com\/index.php\/devrekli-sairin-adi-sokaga-verildi\/"},"modified":"2019-02-13T22:11:05","modified_gmt":"2019-02-13T19:11:05","slug":"devrekli-sairin-adi-sokaga-verildi","status":"publish","type":"post","link":"http:\/\/www.tvturk.com\/index.php\/devrekli-sairin-adi-sokaga-verildi\/","title":{"rendered":"Devrekli \u015fairin ad\u0131 soka\u011fa verildi"},"content":{"rendered":"<p>Devrek Belediyesi Meclisi\u2019nde al\u0131nan bir kararla, Devrekli \u015eair Yazar M\u00fcfide G\u00fczin Anadol\u2019un ad\u0131 Eski Mahalle\u2019de bir soka\u011fa verildi.<\/p>\n<p>R\u00fc\u015ft\u00fc Onur Sanat ve K\u00fclt\u00fcr Derne\u011fi (ROSAK) Ba\u015fkan\u0131 \u0130brahim T\u0131\u011f ve Anadol\u2019un \u00f6\u011frencisi Siyami \u00d6zkoz\u2019un giri\u015fimleri sonucunda belediye meclisinin oy birli\u011fiyle ald\u0131\u011f\u0131 kararla  129 numaral\u0131 soka\u011f\u0131n ad\u0131 de\u011fi\u015ftirilerek M\u00fcfide G\u00fczin Anadol Soka\u011f\u0131 oldu.  ROSAK Ba\u015fkan\u0131 \u0130brahim T\u0131\u011f karardan duydu\u011fu memnuniyeti dile getirerek,\u201d\u00d6ncelikle al\u0131nan bu karardan dolay\u0131 t\u00fcm meclis \u00fcyelerine te\u015fekk\u00fcr ediyorum.   M\u00fcfide G\u00fczin Anadol T\u00fcrkiye\u2019ye mal olmu\u015f bir yazar ve \u015fairdir.   Bu karar il\u00e7emiz ad\u0131na sevindirici bir olay ve de\u011ferlerimize sahip \u00e7\u0131k\u0131lmas\u0131 ad\u0131na M\u00fcfide G\u00fczin Anadol\u2019un bir soka\u011fa isminin verilmesi bizleri \u00e7ok mutlu etti. T\u00fcrk edebiyat\u0131n\u0131n \u00f6nemli \u015fahsiyetlerinden olan Anadol\u2019u \u00f6l\u00fcm\u00fcn\u00fcn 14.y\u0131ld\u00f6n\u00fcm\u00fcnde sayg\u0131 ve \u015f\u00fckranla an\u0131yoruz. M\u00fcfide G\u00fczin Anadolu\u2019n eserlerinde Devrek\u2019in ye\u015fil dokusu, tahta, ah\u015fap evlerinden, Devrek \u00c7ay\u0131\u2019ndan ve kasaba ya\u015fam\u0131ndan kesitler sergilemi\u015ftir. Anadol\u2019un \u00e7e\u015fitli dergi ve gazetelerde yay\u0131nlad\u0131\u011f\u0131 \u015fiirlerinde ise insan s\u0131cakl\u0131\u011f\u0131 ve duyarl\u0131\u011f\u0131n\u0131n derin izleri g\u00f6r\u00fcl\u00fcr. \u00d6yk\u00fclerinde o eski birbirinin s\u0131rt\u0131na yaslanan tahta evlerden \u00e7ok, evlerin i\u00e7indeki haleti ruhiyeyi ve bu evlere tutunarak ya\u015fayan insanlar\u0131 anlat\u0131r. \u00c7\u00fcnk\u00fc yazara g\u00f6re bu evler canl\u0131d\u0131r, ya\u015farlar ve \u00f6l\u00fcrler. Yazar Devrek ya\u015fam\u0131n\u0131 \u00e7ok iyi g\u00f6zlemlerken, \u00f6yk\u00fclerindeki ve \u015fiirlerindeki tipleri de belirgin olarak g\u00f6sterir. Devrek\u2019in dar sokaklar\u0131ndaki evlerde ya\u015fayan yoksul aileler, k\u00fc\u00e7\u00fck insanlar,  \u015fehir ve k\u00f6y ya\u015fam\u0131 aras\u0131na s\u0131k\u0131\u015fm\u0131\u015f okuyamam\u0131\u015f, cahil kesimler \u015fiir ve \u00f6yk\u00fclerinin kahramanlar\u0131d\u0131r.\u201ddiye konu\u015ftu.<div class=\"tiled-gallery type-rectangular tiled-gallery-unresized\" data-original-width=\"500\" data-carousel-extra='null' itemscope itemtype=\"http:\/\/schema.org\/ImageGallery\" > <div class=\"gallery-row\" style=\"width: 500px; height: 334px;\" data-original-width=\"500\" data-original-height=\"334\" > <div class=\"gallery-group images-1\" style=\"width: 500px; height: 334px;\" data-original-width=\"500\" data-original-height=\"334\" > <div class=\"tiled-gallery-item tiled-gallery-item-large\" itemprop=\"associatedMedia\" itemscope itemtype=\"http:\/\/schema.org\/ImageObject\"> <a href=\"http:\/\/www.tvturk.com\/index.php\/devrekli-sairin-adi-sokaga-verildi\/devrekli-sairin-adi-sokaga-verildi-3\/\" border=\"0\" itemprop=\"url\"> <meta itemprop=\"width\" content=\"496\"> <meta itemprop=\"height\" content=\"330\"> <img decoding=\"async\" class=\"\" data-attachment-id=\"30491\" data-orig-file=\"http:\/\/www.tvturk.com\/wp-content\/uploads\/2019\/02\/devrekli-sairin-adi-sokaga-verildi_7a7a5ec.jpg\" data-orig-size=\"1000,666\" data-comments-opened=\"\" data-image-meta=\"{&quot;aperture&quot;:&quot;0&quot;,&quot;credit&quot;:&quot;IHA&quot;,&quot;camera&quot;:&quot;&quot;,&quot;caption&quot;:&quot;\\u00d6L\\u00dcM YILD\\u00d6N\\u00dcM\\u00dcNDE ANILAN \\u015eA\\u0130R\\u0130N \\u0130L\\u00c7EDE ADININ B\\u0130R SOKA\\u011eA VER\\u0130LMES\\u0130 SEV\\u0130N\\u00c7LE KAR\\u015eILANDI (\\u0130HA\\\/ZONGULDAK-\\u0130HA)&quot;,&quot;created_timestamp&quot;:&quot;0&quot;,&quot;copyright&quot;:&quot;\\u0130HLAS HABER AJANSI, www.iha.com.tr&quot;,&quot;focal_length&quot;:&quot;0&quot;,&quot;iso&quot;:&quot;0&quot;,&quot;shutter_speed&quot;:&quot;0&quot;,&quot;title&quot;:&quot;DEVREKL\\u0130 \\u015eA\\u0130R\\u0130N ADI SOKA\\u011eA VER\\u0130LD\\u0130&quot;,&quot;orientation&quot;:&quot;0&quot;}\" data-image-title=\"Devrekli \u015fairin ad\u0131 soka\u011fa verildi\" data-image-description=\"&lt;p&gt;Devrekli \u015fairin ad\u0131 soka\u011fa verildi&lt;\/p&gt; \" data-medium-file=\"https:\/\/i0.wp.com\/www.tvturk.com\/wp-content\/uploads\/2019\/02\/devrekli-sairin-adi-sokaga-verildi_7a7a5ec.jpg?fit=300%2C200\" data-large-file=\"https:\/\/i0.wp.com\/www.tvturk.com\/wp-content\/uploads\/2019\/02\/devrekli-sairin-adi-sokaga-verildi_7a7a5ec.jpg?fit=1000%2C666\" src=\"https:\/\/i0.wp.com\/www.tvturk.com\/wp-content\/uploads\/2019\/02\/devrekli-sairin-adi-sokaga-verildi_7a7a5ec.jpg?w=496&#038;h=330\" srcset=\"https:\/\/i0.wp.com\/www.tvturk.com\/wp-content\/uploads\/2019\/02\/devrekli-sairin-adi-sokaga-verildi_7a7a5ec.jpg?w=1000 1000w, https:\/\/i0.wp.com\/www.tvturk.com\/wp-content\/uploads\/2019\/02\/devrekli-sairin-adi-sokaga-verildi_7a7a5ec.jpg?resize=150%2C100 150w, https:\/\/i0.wp.com\/www.tvturk.com\/wp-content\/uploads\/2019\/02\/devrekli-sairin-adi-sokaga-verildi_7a7a5ec.jpg?resize=300%2C200 300w, https:\/\/i0.wp.com\/www.tvturk.com\/wp-content\/uploads\/2019\/02\/devrekli-sairin-adi-sokaga-verildi_7a7a5ec.jpg?resize=768%2C511 768w, https:\/\/i0.wp.com\/www.tvturk.com\/wp-content\/uploads\/2019\/02\/devrekli-sairin-adi-sokaga-verildi_7a7a5ec.jpg?resize=170%2C113 170w, https:\/\/i0.wp.com\/www.tvturk.com\/wp-content\/uploads\/2019\/02\/devrekli-sairin-adi-sokaga-verildi_7a7a5ec.jpg?resize=120%2C80 120w\" width=\"496\" height=\"330\" loading=\"lazy\" data-original-width=\"496\" data-original-height=\"330\" itemprop=\"http:\/\/schema.org\/image\" title=\"Devrekli \u015fairin ad\u0131 soka\u011fa verildi\" alt=\"Devrekli \u015fairin ad\u0131 soka\u011fa verildi\" style=\"width: 496px; height: 330px;\" \/> <\/a> <\/div> <\/div> <!-- close group --> <\/div> <!-- close row --> <\/div><\/p>\n","protected":false},"excerpt":{"rendered":"<p>DEVREKL\u0130 \u015eA\u0130R\u0130N ADI \u0130L\u00c7EDE B\u0130R SOKA\u011eA VER\u0130LD\u0130<\/p>\n","protected":false},"author":1,"featured_media":30490,"comment_status":"closed","ping_status":"open","sticky":false,"template":"","format":"standard","meta":{"jetpack_post_was_ever_published":false,"_jetpack_newsletter_access":"","_jetpack_dont_email_post_to_subs":false,"_jetpack_newsletter_tier_id":0,"_jetpack_memberships_contains_paywalled_content":false,"_jetpack_memberships_contains_paid_content":false,"footnotes":"","jetpack_publicize_message":"","jetpack_publicize_feature_enabled":true,"jetpack_social_post_already_shared":false,"jetpack_social_options":{"image_generator_settings":{"template":"highway","default_image_id":0,"font":"","enabled":false},"version":2}},"categories":[655],"tags":[337,12057,12058,893,634],"class_list":["post-30489","post","type-post","status-publish","format-standard","has-post-thumbnail","hentry","category-son-dakika","tag-adi","tag-devrekli","tag-sairin","tag-sokaga","tag-verildi"],"jetpack_publicize_connections":[],"jetpack_featured_media_url":"https:\/\/i0.wp.com\/www.tvturk.com\/wp-content\/uploads\/2019\/02\/devrekli-sairin-adi-sokaga-verildi_5e5f339.jpg?fit=1000%2C666","jetpack_sharing_enabled":true,"jetpack_shortlink":"https:\/\/wp.me\/paKIfm-7VL","_links":{"self":[{"href":"http:\/\/www.tvturk.com\/index.php\/wp-json\/wp\/v2\/posts\/30489","targetHints":{"allow":["GET"]}}],"collection":[{"href":"http:\/\/www.tvturk.com\/index.php\/wp-json\/wp\/v2\/posts"}],"about":[{"href":"http:\/\/www.tvturk.com\/index.php\/wp-json\/wp\/v2\/types\/post"}],"author":[{"embeddable":true,"href":"http:\/\/www.tvturk.com\/index.php\/wp-json\/wp\/v2\/users\/1"}],"replies":[{"embeddable":true,"href":"http:\/\/www.tvturk.com\/index.php\/wp-json\/wp\/v2\/comments?post=30489"}],"version-history":[{"count":1,"href":"http:\/\/www.tvturk.com\/index.php\/wp-json\/wp\/v2\/posts\/30489\/revisions"}],"predecessor-version":[{"id":30492,"href":"http:\/\/www.tvturk.com\/index.php\/wp-json\/wp\/v2\/posts\/30489\/revisions\/30492"}],"wp:featuredmedia":[{"embeddable":true,"href":"http:\/\/www.tvturk.com\/index.php\/wp-json\/wp\/v2\/media\/30490"}],"wp:attachment":[{"href":"http:\/\/www.tvturk.com\/index.php\/wp-json\/wp\/v2\/media?parent=30489"}],"wp:term":[{"taxonomy":"category","embeddable":true,"href":"http:\/\/www.tvturk.com\/index.php\/wp-json\/wp\/v2\/categories?post=30489"},{"taxonomy":"post_tag","embeddable":true,"href":"http:\/\/www.tvturk.com\/index.php\/wp-json\/wp\/v2\/tags?post=30489"}],"curies":[{"name":"wp","href":"https:\/\/api.w.org\/{rel}","templated":true}]}}