{"id":30556,"date":"2019-02-13T23:40:56","date_gmt":"2019-02-13T20:40:56","guid":{"rendered":"http:\/\/www.tvturk.com\/index.php\/sislide-eski-koca-silahla-dehset-sacti\/"},"modified":"2019-02-13T23:40:56","modified_gmt":"2019-02-13T20:40:56","slug":"sislide-eski-koca-silahla-dehset-sacti","status":"publish","type":"post","link":"http:\/\/www.tvturk.com\/index.php\/sislide-eski-koca-silahla-dehset-sacti\/","title":{"rendered":"\u015ei\u015fli\u2019de eski koca silahla deh\u015fet sa\u00e7t\u0131"},"content":{"rendered":"<p>\u015ei\u015fli\u2019de bir AVM\u2019nin \u00f6n\u00fcndeki \u00e7i\u00e7ek\u00e7i d\u00fckkan\u0131nda \u00e7al\u0131\u015fan kad\u0131na eski kocas\u0131 silahla sald\u0131rd\u0131. Baca\u011f\u0131ndan yaralanan kad\u0131n tedavi alt\u0131na al\u0131nd\u0131.<\/p>\n<p>Olay, saat 20.30 s\u0131ralar\u0131nda \u015ei\u015fli 19 May\u0131s Mahallesi B\u00fcy\u00fckdere Caddesi \u00fczerindeki bir AVM\u2019nin \u00f6n\u00fcndeki \u00e7i\u00e7ek\u00e7i d\u00fckkan\u0131nda meydana geldi. Edinilen bilgiye g\u00f6re, 1 bu\u00e7uk y\u0131l \u00f6nce e\u015finden bo\u015fanan G\u00f6n\u00fcl Kocayemi\u015f, \u00e7i\u00e7ek\u00e7ilik yapan arkada\u015f\u0131n\u0131n yan\u0131nda \u00e7al\u0131\u015ft\u0131\u011f\u0131 s\u0131rada eski e\u015fi Kader K. d\u00fckkan\u0131n \u00f6n\u00fcne geldi. Eski koca, Kocayemi\u015f\u2019e belinden \u00e7\u0131kard\u0131\u011f\u0131 silahla kur\u015fun ya\u011fd\u0131rmaya ba\u015flad\u0131. Kocayemi\u015f, eski kocas\u0131n\u0131n silah\u0131ndan \u00e7\u0131kan 3 kur\u015funla sa\u011f baca\u011f\u0131ndan yaraland\u0131. Kanlar i\u00e7inde yere d\u00fc\u015fen kad\u0131n\u0131 g\u00f6renler, hemen durumu 112 Acil Servise bildirirken, eski koca olay yerinden ka\u00e7arak kay\u0131plara kar\u0131\u015ft\u0131. Silah seslerini duyan AVM\u2019deki vatanda\u015flar ise pani\u011fe kap\u0131ld\u0131.<\/p>\n<p>Olay yerine gelen sa\u011fl\u0131k ekipleri yaral\u0131 kad\u0131na ilk m\u00fcdahaleyi olay yerinde yat\u0131. Ard\u0131nda yaral\u0131 kad\u0131n \u015ei\u015fli Hamidiye E\u011fitim ve Ara\u015ft\u0131rma Hastanesine kald\u0131rd\u0131. Polis ekipleri ise delil incelemesi yapt\u0131.<\/p>\n<p>\u00d6te yandan Kader K.\u2019nin yakla\u015f\u0131k bir bu\u00e7uk ay \u00f6nce eski e\u015finin erkek arkada\u015f\u0131na silahla sald\u0131rarak bacaklar\u0131ndan yaralad\u0131\u011f\u0131 \u00f6\u011frenildi.<\/p>\n","protected":false},"excerpt":{"rendered":"<p>\u015e\u0130\u015eL\u0130&#8217;DE B\u0130R AVM&#8217;N\u0130N \u00d6N\u00dcNDEK\u0130 \u00c7\u0130\u00c7EK\u00c7\u0130 D\u00dcKKANINDA \u00c7ALI\u015eAN KADINA ESK\u0130 KOCASI S\u0130LAHLA SALDIRDI. BACA\u011eINDAN YARALANAN KADIN TEDAV\u0130 ALTINA ALINDI.<\/p>\n","protected":false},"author":1,"featured_media":30557,"comment_status":"closed","ping_status":"open","sticky":false,"template":"","format":"standard","meta":{"jetpack_post_was_ever_published":false,"_jetpack_newsletter_access":"","_jetpack_dont_email_post_to_subs":false,"_jetpack_newsletter_tier_id":0,"_jetpack_memberships_contains_paywalled_content":false,"_jetpack_memberships_contains_paid_content":false,"footnotes":"","jetpack_publicize_message":"","jetpack_publicize_feature_enabled":true,"jetpack_social_post_already_shared":false,"jetpack_social_options":{"image_generator_settings":{"template":"highway","default_image_id":0,"font":"","enabled":false},"version":2}},"categories":[655],"tags":[4744,1123,2154,4745,924,7806],"class_list":["post-30556","post","type-post","status-publish","format-standard","has-post-thumbnail","hentry","category-son-dakika","tag-dehset","tag-eski","tag-koca","tag-sacti","tag-silahla","tag-sislide"],"jetpack_publicize_connections":[],"jetpack_featured_media_url":"https:\/\/i0.wp.com\/www.tvturk.com\/wp-content\/uploads\/2019\/02\/sislide-eski-koca-silahla-dehset-sacti_20d928d.jpg?fit=1000%2C652","jetpack_sharing_enabled":true,"jetpack_shortlink":"https:\/\/wp.me\/paKIfm-7WQ","_links":{"self":[{"href":"http:\/\/www.tvturk.com\/index.php\/wp-json\/wp\/v2\/posts\/30556","targetHints":{"allow":["GET"]}}],"collection":[{"href":"http:\/\/www.tvturk.com\/index.php\/wp-json\/wp\/v2\/posts"}],"about":[{"href":"http:\/\/www.tvturk.com\/index.php\/wp-json\/wp\/v2\/types\/post"}],"author":[{"embeddable":true,"href":"http:\/\/www.tvturk.com\/index.php\/wp-json\/wp\/v2\/users\/1"}],"replies":[{"embeddable":true,"href":"http:\/\/www.tvturk.com\/index.php\/wp-json\/wp\/v2\/comments?post=30556"}],"version-history":[{"count":0,"href":"http:\/\/www.tvturk.com\/index.php\/wp-json\/wp\/v2\/posts\/30556\/revisions"}],"wp:featuredmedia":[{"embeddable":true,"href":"http:\/\/www.tvturk.com\/index.php\/wp-json\/wp\/v2\/media\/30557"}],"wp:attachment":[{"href":"http:\/\/www.tvturk.com\/index.php\/wp-json\/wp\/v2\/media?parent=30556"}],"wp:term":[{"taxonomy":"category","embeddable":true,"href":"http:\/\/www.tvturk.com\/index.php\/wp-json\/wp\/v2\/categories?post=30556"},{"taxonomy":"post_tag","embeddable":true,"href":"http:\/\/www.tvturk.com\/index.php\/wp-json\/wp\/v2\/tags?post=30556"}],"curies":[{"name":"wp","href":"https:\/\/api.w.org\/{rel}","templated":true}]}}