{"id":30662,"date":"2019-02-14T09:01:05","date_gmt":"2019-02-14T06:01:05","guid":{"rendered":"http:\/\/www.tvturk.com\/index.php\/calinan-is-makinesi-sahibine-teslim-edildi\/"},"modified":"2019-02-14T09:01:07","modified_gmt":"2019-02-14T06:01:07","slug":"calinan-is-makinesi-sahibine-teslim-edildi","status":"publish","type":"post","link":"http:\/\/www.tvturk.com\/index.php\/calinan-is-makinesi-sahibine-teslim-edildi\/","title":{"rendered":"\u00c7al\u0131nan i\u015f makinesi sahibine teslim edildi"},"content":{"rendered":"<p>Antalya\u2019n\u0131n Korkuteli il\u00e7esinde bir madencilik \u015firketine ait \u00e7al\u0131nan i\u015f makinesi bulunup sahibine teslim edildi.<\/p>\n<p>Korkuteli \u0130l\u00e7e Jandarma Komutanl\u0131\u011f\u0131 g\u00f6revlilerine K\u0131z\u0131lcada\u011f Mahallesi\u2019nde bulunan bir madencilik \u015firketine ait i\u015f makinesinin \u00e7al\u0131nd\u0131\u011f\u0131 bilgisi ula\u015ft\u0131. B\u00f6lgede il\u00e7eye ba\u011flanan t\u00fcm yollarda \u00e7al\u0131\u015fma ba\u015flatan jandarma yakla\u015f\u0131k 300 bin TL de\u011ferindeki i\u015fi makinesini bir t\u0131r \u00fczerinde yakalad\u0131.<\/p>\n<p>\u0130smi ve plakas\u0131 \u00f6\u011frenilemeyen t\u0131r \u015fof\u00f6r\u00fc g\u00f6zalt\u0131na al\u0131n\u0131rken, i\u015f makinesi madencilik \u015firketi yetkililerine teslim edildi.<div class=\"tiled-gallery type-rectangular tiled-gallery-unresized\" data-original-width=\"500\" data-carousel-extra='null' itemscope itemtype=\"http:\/\/schema.org\/ImageGallery\" > <div class=\"gallery-row\" style=\"width: 500px; height: 162px;\" data-original-width=\"500\" data-original-height=\"162\" > <div class=\"gallery-group images-1\" style=\"width: 215px; height: 162px;\" data-original-width=\"215\" data-original-height=\"162\" > <div class=\"tiled-gallery-item tiled-gallery-item-small\" itemprop=\"associatedMedia\" itemscope itemtype=\"http:\/\/schema.org\/ImageObject\"> <a href=\"http:\/\/www.tvturk.com\/index.php\/calinan-is-makinesi-sahibine-teslim-edildi\/calinan-is-makinesi-sahibine-teslim-edildi-3\/\" border=\"0\" itemprop=\"url\"> <meta itemprop=\"width\" content=\"211\"> <meta itemprop=\"height\" content=\"158\"> <img decoding=\"async\" class=\"\" data-attachment-id=\"30664\" data-orig-file=\"http:\/\/www.tvturk.com\/wp-content\/uploads\/2019\/02\/calinan-is-makinesi-sahibine-teslim-edildi_93be8c7.jpg\" data-orig-size=\"1000,750\" data-comments-opened=\"\" data-image-meta=\"{&quot;aperture&quot;:&quot;0&quot;,&quot;credit&quot;:&quot;IHA&quot;,&quot;camera&quot;:&quot;&quot;,&quot;caption&quot;:&quot;ANTALYA\\u2019NIN KORKUTEL\\u0130 \\u0130L\\u00c7ES\\u0130\\u2019NDE B\\u0130R MADENC\\u0130L\\u0130K \\u015e\\u0130RKET\\u0130NE A\\u0130T \\u00c7ALINAN \\u0130\\u015e MAK\\u0130NASI BULUNUP YETK\\u0130L\\u0130LER\\u0130NE TESL\\u0130M ED\\u0130LD\\u0130. (ADEM DURMAZ\\\/ANTALYA-\\u0130HA)&quot;,&quot;created_timestamp&quot;:&quot;0&quot;,&quot;copyright&quot;:&quot;\\u0130HLAS HABER AJANSI, www.iha.com.tr&quot;,&quot;focal_length&quot;:&quot;0&quot;,&quot;iso&quot;:&quot;0&quot;,&quot;shutter_speed&quot;:&quot;0&quot;,&quot;title&quot;:&quot;\\u00c7ALINAN \\u0130\\u015e MAK\\u0130NES\\u0130 SAH\\u0130B\\u0130NE TESL\\u0130M ED\\u0130LD\\u0130&quot;,&quot;orientation&quot;:&quot;0&quot;}\" data-image-title=\"\u00c7al\u0131nan i\u015f makinesi sahibine teslim edildi\" data-image-description=\"&lt;p&gt;\u00c7al\u0131nan i\u015f makinesi sahibine teslim edildi&lt;\/p&gt; \" data-medium-file=\"https:\/\/i0.wp.com\/www.tvturk.com\/wp-content\/uploads\/2019\/02\/calinan-is-makinesi-sahibine-teslim-edildi_93be8c7.jpg?fit=300%2C225\" data-large-file=\"https:\/\/i0.wp.com\/www.tvturk.com\/wp-content\/uploads\/2019\/02\/calinan-is-makinesi-sahibine-teslim-edildi_93be8c7.jpg?fit=1000%2C750\" src=\"https:\/\/i0.wp.com\/www.tvturk.com\/wp-content\/uploads\/2019\/02\/calinan-is-makinesi-sahibine-teslim-edildi_93be8c7.jpg?w=211&#038;h=158\" srcset=\"https:\/\/i0.wp.com\/www.tvturk.com\/wp-content\/uploads\/2019\/02\/calinan-is-makinesi-sahibine-teslim-edildi_93be8c7.jpg?w=1000 1000w, https:\/\/i0.wp.com\/www.tvturk.com\/wp-content\/uploads\/2019\/02\/calinan-is-makinesi-sahibine-teslim-edildi_93be8c7.jpg?resize=150%2C113 150w, https:\/\/i0.wp.com\/www.tvturk.com\/wp-content\/uploads\/2019\/02\/calinan-is-makinesi-sahibine-teslim-edildi_93be8c7.jpg?resize=300%2C225 300w, https:\/\/i0.wp.com\/www.tvturk.com\/wp-content\/uploads\/2019\/02\/calinan-is-makinesi-sahibine-teslim-edildi_93be8c7.jpg?resize=768%2C576 768w\" width=\"211\" height=\"158\" loading=\"lazy\" data-original-width=\"211\" data-original-height=\"158\" itemprop=\"http:\/\/schema.org\/image\" title=\"\u00c7al\u0131nan i\u015f makinesi sahibine teslim edildi\" alt=\"\u00c7al\u0131nan i\u015f makinesi sahibine teslim edildi\" style=\"width: 211px; height: 158px;\" \/> <\/a> <\/div> <\/div> <!-- close group --> <div class=\"gallery-group images-1\" style=\"width: 285px; height: 162px;\" data-original-width=\"285\" data-original-height=\"162\" > <div class=\"tiled-gallery-item tiled-gallery-item-large\" itemprop=\"associatedMedia\" itemscope itemtype=\"http:\/\/schema.org\/ImageObject\"> <a href=\"http:\/\/www.tvturk.com\/index.php\/calinan-is-makinesi-sahibine-teslim-edildi\/calinan-is-makinesi-sahibine-teslim-edildi-4\/\" border=\"0\" itemprop=\"url\"> <meta itemprop=\"width\" content=\"281\"> <meta itemprop=\"height\" content=\"158\"> <img decoding=\"async\" class=\"\" data-attachment-id=\"30665\" data-orig-file=\"http:\/\/www.tvturk.com\/wp-content\/uploads\/2019\/02\/calinan-is-makinesi-sahibine-teslim-edildi_0bc60ac.jpg\" data-orig-size=\"1000,561\" data-comments-opened=\"\" data-image-meta=\"{&quot;aperture&quot;:&quot;0&quot;,&quot;credit&quot;:&quot;IHA&quot;,&quot;camera&quot;:&quot;&quot;,&quot;caption&quot;:&quot;ANTALYA\\u2019NIN KORKUTEL\\u0130 \\u0130L\\u00c7ES\\u0130\\u2019NDE B\\u0130R MADENC\\u0130L\\u0130K \\u015e\\u0130RKET\\u0130NE A\\u0130T \\u00c7ALINAN \\u0130\\u015e MAK\\u0130NASI BULUNUP YETK\\u0130L\\u0130LER\\u0130NE TESL\\u0130M ED\\u0130LD\\u0130. (ADEM DURMAZ\\\/ANTALYA-\\u0130HA)&quot;,&quot;created_timestamp&quot;:&quot;0&quot;,&quot;copyright&quot;:&quot;\\u0130HLAS HABER AJANSI, www.iha.com.tr&quot;,&quot;focal_length&quot;:&quot;0&quot;,&quot;iso&quot;:&quot;0&quot;,&quot;shutter_speed&quot;:&quot;0&quot;,&quot;title&quot;:&quot;\\u00c7ALINAN \\u0130\\u015e MAK\\u0130NES\\u0130 SAH\\u0130B\\u0130NE TESL\\u0130M ED\\u0130LD\\u0130&quot;,&quot;orientation&quot;:&quot;0&quot;}\" data-image-title=\"\u00c7al\u0131nan i\u015f makinesi sahibine teslim edildi\" data-image-description=\"&lt;p&gt;\u00c7al\u0131nan i\u015f makinesi sahibine teslim edildi&lt;\/p&gt; \" data-medium-file=\"https:\/\/i0.wp.com\/www.tvturk.com\/wp-content\/uploads\/2019\/02\/calinan-is-makinesi-sahibine-teslim-edildi_0bc60ac.jpg?fit=300%2C168\" data-large-file=\"https:\/\/i0.wp.com\/www.tvturk.com\/wp-content\/uploads\/2019\/02\/calinan-is-makinesi-sahibine-teslim-edildi_0bc60ac.jpg?fit=1000%2C561\" src=\"https:\/\/i0.wp.com\/www.tvturk.com\/wp-content\/uploads\/2019\/02\/calinan-is-makinesi-sahibine-teslim-edildi_0bc60ac.jpg?w=281&#038;h=158\" srcset=\"https:\/\/i0.wp.com\/www.tvturk.com\/wp-content\/uploads\/2019\/02\/calinan-is-makinesi-sahibine-teslim-edildi_0bc60ac.jpg?w=1000 1000w, https:\/\/i0.wp.com\/www.tvturk.com\/wp-content\/uploads\/2019\/02\/calinan-is-makinesi-sahibine-teslim-edildi_0bc60ac.jpg?resize=150%2C84 150w, https:\/\/i0.wp.com\/www.tvturk.com\/wp-content\/uploads\/2019\/02\/calinan-is-makinesi-sahibine-teslim-edildi_0bc60ac.jpg?resize=300%2C168 300w, https:\/\/i0.wp.com\/www.tvturk.com\/wp-content\/uploads\/2019\/02\/calinan-is-makinesi-sahibine-teslim-edildi_0bc60ac.jpg?resize=768%2C431 768w, https:\/\/i0.wp.com\/www.tvturk.com\/wp-content\/uploads\/2019\/02\/calinan-is-makinesi-sahibine-teslim-edildi_0bc60ac.jpg?resize=200%2C113 200w\" width=\"281\" height=\"158\" loading=\"lazy\" data-original-width=\"281\" data-original-height=\"158\" itemprop=\"http:\/\/schema.org\/image\" title=\"\u00c7al\u0131nan i\u015f makinesi sahibine teslim edildi\" alt=\"\u00c7al\u0131nan i\u015f makinesi sahibine teslim edildi\" style=\"width: 281px; height: 158px;\" \/> <\/a> <\/div> <\/div> <!-- close group --> <\/div> <!-- close row --> <\/div><\/p>\n","protected":false},"excerpt":{"rendered":"<p>ANTALYA\u2019NIN KORKUTEL\u0130 \u0130L\u00c7ES\u0130\u2019NDE B\u0130R MADENC\u0130L\u0130K \u015e\u0130RKET\u0130NE A\u0130T \u00c7ALINAN \u0130\u015e MAK\u0130NASI BULUNUP YETK\u0130L\u0130LER\u0130NE TESL\u0130M ED\u0130LD\u0130.<\/p>\n","protected":false},"author":1,"featured_media":30663,"comment_status":"closed","ping_status":"open","sticky":false,"template":"","format":"standard","meta":{"jetpack_post_was_ever_published":false,"_jetpack_newsletter_access":"","_jetpack_dont_email_post_to_subs":false,"_jetpack_newsletter_tier_id":0,"_jetpack_memberships_contains_paywalled_content":false,"_jetpack_memberships_contains_paid_content":false,"footnotes":"","jetpack_publicize_message":"","jetpack_publicize_feature_enabled":true,"jetpack_social_post_already_shared":false,"jetpack_social_options":{"image_generator_settings":{"template":"highway","default_image_id":0,"font":"","enabled":false},"version":2}},"categories":[655],"tags":[7326,857,432,12102,4526,169],"class_list":["post-30662","post","type-post","status-publish","format-standard","has-post-thumbnail","hentry","category-son-dakika","tag-calinan","tag-edildi","tag-is","tag-makinesi","tag-sahibine","tag-teslim"],"jetpack_publicize_connections":[],"jetpack_featured_media_url":"https:\/\/i0.wp.com\/www.tvturk.com\/wp-content\/uploads\/2019\/02\/calinan-is-makinesi-sahibine-teslim-edildi_0680a69.jpg?fit=1000%2C750","jetpack_sharing_enabled":true,"jetpack_shortlink":"https:\/\/wp.me\/paKIfm-7Yy","_links":{"self":[{"href":"http:\/\/www.tvturk.com\/index.php\/wp-json\/wp\/v2\/posts\/30662","targetHints":{"allow":["GET"]}}],"collection":[{"href":"http:\/\/www.tvturk.com\/index.php\/wp-json\/wp\/v2\/posts"}],"about":[{"href":"http:\/\/www.tvturk.com\/index.php\/wp-json\/wp\/v2\/types\/post"}],"author":[{"embeddable":true,"href":"http:\/\/www.tvturk.com\/index.php\/wp-json\/wp\/v2\/users\/1"}],"replies":[{"embeddable":true,"href":"http:\/\/www.tvturk.com\/index.php\/wp-json\/wp\/v2\/comments?post=30662"}],"version-history":[{"count":1,"href":"http:\/\/www.tvturk.com\/index.php\/wp-json\/wp\/v2\/posts\/30662\/revisions"}],"predecessor-version":[{"id":30666,"href":"http:\/\/www.tvturk.com\/index.php\/wp-json\/wp\/v2\/posts\/30662\/revisions\/30666"}],"wp:featuredmedia":[{"embeddable":true,"href":"http:\/\/www.tvturk.com\/index.php\/wp-json\/wp\/v2\/media\/30663"}],"wp:attachment":[{"href":"http:\/\/www.tvturk.com\/index.php\/wp-json\/wp\/v2\/media?parent=30662"}],"wp:term":[{"taxonomy":"category","embeddable":true,"href":"http:\/\/www.tvturk.com\/index.php\/wp-json\/wp\/v2\/categories?post=30662"},{"taxonomy":"post_tag","embeddable":true,"href":"http:\/\/www.tvturk.com\/index.php\/wp-json\/wp\/v2\/tags?post=30662"}],"curies":[{"name":"wp","href":"https:\/\/api.w.org\/{rel}","templated":true}]}}