{"id":30701,"date":"2019-02-14T09:11:06","date_gmt":"2019-02-14T06:11:06","guid":{"rendered":"http:\/\/www.tvturk.com\/index.php\/bagimlilikla-mucadele-il-koordinasyon-kurulu-toplantisi-yapildi-2\/"},"modified":"2019-02-14T09:11:08","modified_gmt":"2019-02-14T06:11:08","slug":"bagimlilikla-mucadele-il-koordinasyon-kurulu-toplantisi-yapildi-2","status":"publish","type":"post","link":"http:\/\/www.tvturk.com\/index.php\/bagimlilikla-mucadele-il-koordinasyon-kurulu-toplantisi-yapildi-2\/","title":{"rendered":"Ba\u011f\u0131ml\u0131l\u0131kla M\u00fccadele \u0130l Koordinasyon Kurulu Toplant\u0131s\u0131 Yap\u0131ld\u0131"},"content":{"rendered":"<p>81 ilde e\u015fzamanl\u0131 olarak ger\u00e7ekle\u015ftirilen Ba\u011f\u0131ml\u0131l\u0131kla M\u00fccadele \u0130l Koordinasyon Kurulu toplant\u0131s\u0131 Kayseri Valisi \u015eehmus G\u00fcnayd\u0131n ba\u015fkanl\u0131\u011f\u0131nda yap\u0131ld\u0131.<\/p>\n<p>Vali G\u00fcnayd\u0131n\u2019\u0131n b\u00fcy\u00fck \u00f6nem verdi\u011fi  \u2019Ba\u011f\u0131ml\u0131l\u0131kla M\u00fccadele\u2019 toplant\u0131s\u0131, Yat\u0131r\u0131m \u0130zleme ve Koordinasyon Ba\u015fkanl\u0131\u011f\u0131 Toplant\u0131 Salonunda, ilgili kamu kurum ve kurulu\u015f temsilcileri, adli birimler, emniyet ve jandarma te\u015fkilat\u0131 temsilcileri, meslek \u00f6rg\u00fct\u00fc temsilcileri ve sivil toplum kurulu\u015fu temsilcilerinin kat\u0131l\u0131m\u0131yla ger\u00e7ekle\u015fti. Vali G\u00fcnayd\u0131n toplant\u0131da yapt\u0131\u011f\u0131 konu\u015fmada, \u201cUyu\u015fturucu konusunda son y\u0131llarda alm\u0131\u015f oldu\u011fumuz tedbirlerle \u00fclke genelinde \u00e7ok \u00f6nemli, \u00e7ok ba\u015far\u0131l\u0131 operasyonlar yap\u0131ld\u0131. Yap\u0131lan bu operasyonlar\u0131n daha da ileriye g\u00f6t\u00fcr\u00fclmesi i\u00e7in yap\u0131lmas\u0131 gerekenleri hepimiz biliyoruz ki biz ne kadar tedbir al\u0131rsak alal\u0131m, ne kadar \u00e7al\u0131\u015fma yaparsak yapal\u0131m, e\u011fitim faaliyetlerine, \u00f6nleyici faaliyetlere \u00f6nem vermedi\u011fimiz takdirde yapt\u0131\u011f\u0131m\u0131z \u00e7al\u0131\u015fmalar\u0131n bir aya\u011f\u0131 eksik kalm\u0131\u015f olur. Bu nedenle olay\u0131 b\u00fct\u00fcn boyutlar\u0131yla ele almam\u0131z gerekiyor. B\u00fct\u00fcn kurumlar\u0131n geli\u015fen, de\u011fi\u015fen \u015fartlar kar\u015f\u0131s\u0131nda yeni programlarla, yeni projelerle bu m\u00fccadeleyi s\u00fcrd\u00fcrmeleri laz\u0131m. Kurumlar\u0131m\u0131zla yak\u0131n diyalog halindeyiz\u201d diye konu\u015ftu. Uyu\u015fturucu kullananlar i\u00e7in art\u0131k, vazge\u00e7ilmez hale gelen metruk binalarla ilgili ilimizde yapm\u0131\u015f oldu\u011fumuz \u00e7al\u0131\u015fmalar\u0131n art\u0131k nihayete erdirilmesi gerekti\u011fini ifade eden Vali G\u00fcnayd\u0131n \u015funlar\u0131 s\u00f6yledi. \u201cArkada\u015flar\u0131m\u0131z belediyelerle ortak \u00e7al\u0131\u015farak bir mesafe ald\u0131lar. Metruk binalar konusunda ilimizde toplam y\u0131k\u0131lmayan 499 bina tespit edildi. Bizim s\u00fcratle bu risk alanlar\u0131n\u0131 ortadan kald\u0131rmam\u0131z gerekiyor. Biz biliyoruz ki bu risk alanlar\u0131 mevcut oldu\u011fu m\u00fcddet\u00e7e bu tehlike ve tehdit devam edecektir\u201d dedi<\/p>\n<p>Vali G\u00fcnayd\u0131n, \u201cOkul \u00f6nlerinde ve civarlar\u0131nda emniyetimiz \u00f6nemli ve geni\u015f tedbirler al\u0131yor, tabii ki bu konuda velilerimizin de bilgilendirilmesi laz\u0131m. Milli E\u011fitim olarak \u00f6\u011fretmenlerimizi bu konuda uyaral\u0131m, e\u011fitelim, y\u00f6neticilerimizi, okul m\u00fcd\u00fcrlerimizi e\u011fitelim, uyaral\u0131m. Okulun etraf\u0131nda uyu\u015fturucu sat\u0131l\u0131yor c\u00fcmlesi bizim kabul etmeyece\u011fimiz bir c\u00fcmledir. Bu g\u00fcn \u00fclkemizin b\u00fct\u00fcn vilayetlerinde ayn\u0131 saatte bu konuda e\u015fzamanl\u0131 toplant\u0131 yap\u0131l\u0131yor. Bu toplant\u0131n\u0131n amac\u0131 uyu\u015fturucuyla m\u00fccadele konusunda kurumlar\u0131m\u0131z\u0131n, sivil toplum \u00f6rg\u00fctlerimizin el ele vererek, birbirine destek olarak bu m\u00fccadeleyi daha do\u011fru ne \u015fekilde yapar\u0131z onu tespit ederek ortaya koymak&#8221; ifadelerini kulland\u0131.<\/p>\n<p>2018 y\u0131l\u0131 uyu\u015fturucuyla m\u00fccadelede ba\u015far\u0131l\u0131 bir y\u0131l oldu<\/p>\n<p>Vali G\u00fcnayd\u0131n, 2018 y\u0131l\u0131n\u0131n uyu\u015fturucuyla m\u00fccadele de \u00e7ok ba\u015far\u0131l\u0131 bir y\u0131l oldu\u011funu belirterek, \u201cAma biz bunu yeterli g\u00f6rm\u00fcyoruz. \u00d6ncelikli hedefimiz bu gen\u00e7lerimizi uyu\u015fturucuya ba\u015flatmamak i\u00e7in gerekli tedbirleri almak\u201d diye konu\u015ftu.<\/p>\n<p>Uyu\u015fturucuyla M\u00fccadele \u0130l Koordinasyon Kurulu toplant\u0131s\u0131, \u0130l Sa\u011fl\u0131k M\u00fcd\u00fcrl\u00fc\u011f\u00fc ve Ye\u015filay Kayseri \u015eubesi taraf\u0131ndan yap\u0131lan sunumlar\u0131n ard\u0131ndan kurul \u00fcyelerinin g\u00f6r\u00fc\u015f ve \u00f6nerilerinin al\u0131nmas\u0131 ile sona erdi.<div class=\"tiled-gallery type-rectangular tiled-gallery-unresized\" data-original-width=\"500\" data-carousel-extra='null' itemscope itemtype=\"http:\/\/schema.org\/ImageGallery\" > <div class=\"gallery-row\" style=\"width: 500px; height: 334px;\" data-original-width=\"500\" data-original-height=\"334\" > <div class=\"gallery-group images-1\" style=\"width: 500px; height: 334px;\" data-original-width=\"500\" data-original-height=\"334\" > <div class=\"tiled-gallery-item tiled-gallery-item-large\" itemprop=\"associatedMedia\" itemscope itemtype=\"http:\/\/schema.org\/ImageObject\"> <a href=\"http:\/\/www.tvturk.com\/index.php\/bagimlilikla-mucadele-il-koordinasyon-kurulu-toplantisi-yapildi-2\/bagimlilikla-mucadele-il-koordinasyon-kurulu-toplantisi-yapildi-4\/\" border=\"0\" itemprop=\"url\"> <meta itemprop=\"width\" content=\"496\"> <meta itemprop=\"height\" content=\"330\"> <img decoding=\"async\" class=\"\" data-attachment-id=\"30703\" data-orig-file=\"http:\/\/www.tvturk.com\/wp-content\/uploads\/2019\/02\/bagimlilikla-mucadele-il-koordinasyon-kurulu-toplantisi-yapildi_3016884.jpg\" data-orig-size=\"1000,666\" data-comments-opened=\"\" data-image-meta=\"{&quot;aperture&quot;:&quot;0&quot;,&quot;credit&quot;:&quot;IHA&quot;,&quot;camera&quot;:&quot;&quot;,&quot;caption&quot;:&quot;81 \\u0130LDE E\\u015eZAMANLI OLARAK GER\\u00c7EKLE\\u015eT\\u0130R\\u0130LEN BA\\u011eIMLILIKLA M\\u00dcCADELE \\u0130L KOORD\\u0130NASYON KURULU TOPLANTISI KAYSER\\u0130 VAL\\u0130S\\u0130 \\u015eEHMUS G\\u00dcNAYDIN BA\\u015eKANLI\\u011eINDA YAPILDI. (\\u0130HA\\\/KAYSER\\u0130-\\u0130HA)&quot;,&quot;created_timestamp&quot;:&quot;0&quot;,&quot;copyright&quot;:&quot;\\u0130HLAS HABER AJANSI, www.iha.com.tr&quot;,&quot;focal_length&quot;:&quot;0&quot;,&quot;iso&quot;:&quot;0&quot;,&quot;shutter_speed&quot;:&quot;0&quot;,&quot;title&quot;:&quot;BA\\u011eIMLILIKLA M\\u00dcCADELE \\u0130L KOORD\\u0130NASYON KURULU TOPLANTISI YAPILDI&quot;,&quot;orientation&quot;:&quot;0&quot;}\" data-image-title=\"Ba\u011f\u0131ml\u0131l\u0131kla M\u00fccadele \u0130l Koordinasyon Kurulu Toplant\u0131s\u0131 Yap\u0131ld\u0131\" data-image-description=\"&lt;p&gt;Ba\u011f\u0131ml\u0131l\u0131kla M\u00fccadele \u0130l Koordinasyon Kurulu Toplant\u0131s\u0131 Yap\u0131ld\u0131&lt;\/p&gt; \" data-medium-file=\"https:\/\/i0.wp.com\/www.tvturk.com\/wp-content\/uploads\/2019\/02\/bagimlilikla-mucadele-il-koordinasyon-kurulu-toplantisi-yapildi_3016884.jpg?fit=300%2C200\" data-large-file=\"https:\/\/i0.wp.com\/www.tvturk.com\/wp-content\/uploads\/2019\/02\/bagimlilikla-mucadele-il-koordinasyon-kurulu-toplantisi-yapildi_3016884.jpg?fit=1000%2C666\" src=\"https:\/\/i0.wp.com\/www.tvturk.com\/wp-content\/uploads\/2019\/02\/bagimlilikla-mucadele-il-koordinasyon-kurulu-toplantisi-yapildi_3016884.jpg?w=496&#038;h=330\" srcset=\"https:\/\/i0.wp.com\/www.tvturk.com\/wp-content\/uploads\/2019\/02\/bagimlilikla-mucadele-il-koordinasyon-kurulu-toplantisi-yapildi_3016884.jpg?w=1000 1000w, https:\/\/i0.wp.com\/www.tvturk.com\/wp-content\/uploads\/2019\/02\/bagimlilikla-mucadele-il-koordinasyon-kurulu-toplantisi-yapildi_3016884.jpg?resize=150%2C100 150w, https:\/\/i0.wp.com\/www.tvturk.com\/wp-content\/uploads\/2019\/02\/bagimlilikla-mucadele-il-koordinasyon-kurulu-toplantisi-yapildi_3016884.jpg?resize=300%2C200 300w, https:\/\/i0.wp.com\/www.tvturk.com\/wp-content\/uploads\/2019\/02\/bagimlilikla-mucadele-il-koordinasyon-kurulu-toplantisi-yapildi_3016884.jpg?resize=768%2C511 768w, https:\/\/i0.wp.com\/www.tvturk.com\/wp-content\/uploads\/2019\/02\/bagimlilikla-mucadele-il-koordinasyon-kurulu-toplantisi-yapildi_3016884.jpg?resize=170%2C113 170w, https:\/\/i0.wp.com\/www.tvturk.com\/wp-content\/uploads\/2019\/02\/bagimlilikla-mucadele-il-koordinasyon-kurulu-toplantisi-yapildi_3016884.jpg?resize=120%2C80 120w\" width=\"496\" height=\"330\" loading=\"lazy\" data-original-width=\"496\" data-original-height=\"330\" itemprop=\"http:\/\/schema.org\/image\" title=\"Ba\u011f\u0131ml\u0131l\u0131kla M\u00fccadele \u0130l Koordinasyon Kurulu Toplant\u0131s\u0131 Yap\u0131ld\u0131\" alt=\"Ba\u011f\u0131ml\u0131l\u0131kla M\u00fccadele \u0130l Koordinasyon Kurulu Toplant\u0131s\u0131 Yap\u0131ld\u0131\" style=\"width: 496px; height: 330px;\" \/> <\/a> <\/div> <\/div> <!-- close group --> <\/div> <!-- close row --> <\/div><\/p>\n","protected":false},"excerpt":{"rendered":"<p>81 \u0130LDE E\u015eZAMANLI OLARAK GER\u00c7EKLE\u015eT\u0130R\u0130LEN BA\u011eIMLILIKLA M\u00dcCADELE \u0130L KOORD\u0130NASYON KURULU TOPLANTISI KAYSER\u0130 VAL\u0130S\u0130 \u015eEHMUS G\u00dcNAYDIN BA\u015eKANLI\u011eINDA YAPILDI.<\/p>\n","protected":false},"author":1,"featured_media":30702,"comment_status":"closed","ping_status":"open","sticky":false,"template":"","format":"standard","meta":{"jetpack_post_was_ever_published":false,"_jetpack_newsletter_access":"","_jetpack_dont_email_post_to_subs":false,"_jetpack_newsletter_tier_id":0,"_jetpack_memberships_contains_paywalled_content":false,"_jetpack_memberships_contains_paid_content":false,"footnotes":"","jetpack_publicize_message":"","jetpack_publicize_feature_enabled":true,"jetpack_social_post_already_shared":false,"jetpack_social_options":{"image_generator_settings":{"template":"highway","default_image_id":0,"font":"","enabled":false},"version":2}},"categories":[655],"tags":[10891,424,358,247,888,347,117],"class_list":["post-30701","post","type-post","status-publish","format-standard","has-post-thumbnail","hentry","category-son-dakika","tag-bagimlilikla","tag-il","tag-koordinasyon","tag-kurulu","tag-mucadele","tag-toplantisi","tag-yapildi"],"jetpack_publicize_connections":[],"jetpack_featured_media_url":"https:\/\/i0.wp.com\/www.tvturk.com\/wp-content\/uploads\/2019\/02\/bagimlilikla-mucadele-il-koordinasyon-kurulu-toplantisi-yapildi_ebd0f4b.jpg?fit=1000%2C666","jetpack_sharing_enabled":true,"jetpack_shortlink":"https:\/\/wp.me\/paKIfm-7Zb","_links":{"self":[{"href":"http:\/\/www.tvturk.com\/index.php\/wp-json\/wp\/v2\/posts\/30701","targetHints":{"allow":["GET"]}}],"collection":[{"href":"http:\/\/www.tvturk.com\/index.php\/wp-json\/wp\/v2\/posts"}],"about":[{"href":"http:\/\/www.tvturk.com\/index.php\/wp-json\/wp\/v2\/types\/post"}],"author":[{"embeddable":true,"href":"http:\/\/www.tvturk.com\/index.php\/wp-json\/wp\/v2\/users\/1"}],"replies":[{"embeddable":true,"href":"http:\/\/www.tvturk.com\/index.php\/wp-json\/wp\/v2\/comments?post=30701"}],"version-history":[{"count":1,"href":"http:\/\/www.tvturk.com\/index.php\/wp-json\/wp\/v2\/posts\/30701\/revisions"}],"predecessor-version":[{"id":30704,"href":"http:\/\/www.tvturk.com\/index.php\/wp-json\/wp\/v2\/posts\/30701\/revisions\/30704"}],"wp:featuredmedia":[{"embeddable":true,"href":"http:\/\/www.tvturk.com\/index.php\/wp-json\/wp\/v2\/media\/30702"}],"wp:attachment":[{"href":"http:\/\/www.tvturk.com\/index.php\/wp-json\/wp\/v2\/media?parent=30701"}],"wp:term":[{"taxonomy":"category","embeddable":true,"href":"http:\/\/www.tvturk.com\/index.php\/wp-json\/wp\/v2\/categories?post=30701"},{"taxonomy":"post_tag","embeddable":true,"href":"http:\/\/www.tvturk.com\/index.php\/wp-json\/wp\/v2\/tags?post=30701"}],"curies":[{"name":"wp","href":"https:\/\/api.w.org\/{rel}","templated":true}]}}