{"id":30722,"date":"2019-02-14T09:11:18","date_gmt":"2019-02-14T06:11:18","guid":{"rendered":"http:\/\/www.tvturk.com\/index.php\/aski-icin-65inde-okuma-yazmayi-ogrendi\/"},"modified":"2019-02-14T09:11:24","modified_gmt":"2019-02-14T06:11:24","slug":"aski-icin-65inde-okuma-yazmayi-ogrendi","status":"publish","type":"post","link":"http:\/\/www.tvturk.com\/index.php\/aski-icin-65inde-okuma-yazmayi-ogrendi\/","title":{"rendered":"A\u015fk\u0131 i\u00e7in 65\u2019inde okuma-yazmay\u0131 \u00f6\u011frendi"},"content":{"rendered":"<p>Amasya\u2019da ya\u015fayan Nadide Kaynarp\u0131nar, 40 y\u0131l\u0131 a\u015fk\u0131n s\u00fcredir ayn\u0131 yast\u0131\u011fa ba\u015f koydu\u011fu g\u00f6rme engelli e\u015fiyle ilgilendi\u011finden dolay\u0131 d\u0131\u015far\u0131 \u00e7\u0131kamad\u0131\u011f\u0131 i\u00e7in evinde okuma-yazma kursu ald\u0131. Azimle \u00e7al\u0131\u015f\u0131p harfleri \u00f6\u011frenen 65 ya\u015f\u0131ndaki Kaynarp\u0131nar\u2019\u0131n kurdu\u011fu ilk c\u00fcmle ise &#8220;Osman seni \u00e7ok \u00e7ok seviyorum\u201d oldu.<\/p>\n<p>Cumhurba\u015fkan\u0131 Recep Tayyip Erdo\u011fan\u2019\u0131n e\u015fi Emine Erdo\u011fan\u2019\u0131n bir y\u0131l \u00f6nce ba\u015flatt\u0131\u011f\u0131 Okuryazarl\u0131k Seferberli\u011fi\u2019ne kat\u0131lmak i\u00e7in umutla ba\u015fvurdu\u011fu Amasya Halk E\u011fitim Merkezi taraf\u0131ndan kendisi i\u00e7in \u00f6zel g\u00f6revlendirilen \u00f6\u011fretmenin verdi\u011fi 2 ayl\u0131k e\u011fitimin ard\u0131ndan bitirme belgesini alan iki \u00e7ocuk annesi Kaynarp\u0131nar, sonras\u0131nda sol g\u00f6z\u00fcne yap\u0131lan katarakt i\u015fleminin pe\u015finden beliren \u00f6demden dolay\u0131 \u00e7ok istemesine ra\u011fmen okuma-yazma \u00e7al\u0131\u015fmalar\u0131n\u0131 devam ettiremedi.<\/p>\n<p>Kornea nakli bekliyor<\/p>\n<p>Ba\u015fvurdu\u011fu hastanede kornea nakli yap\u0131lmas\u0131 i\u00e7in s\u0131raya al\u0131nd\u0131\u011f\u0131n\u0131 ancak \u00e7ok korktu\u011funu, sa\u011fl\u0131\u011f\u0131na kavu\u015fup e\u015fine daha iyi bakmay\u0131 ve e\u011fitimini de s\u00fcrd\u00fcrmeyi hayal eden Kaynarp\u0131nar, \u201cSa\u011f g\u00f6z\u00fcmde de katarakt olu\u015ftu. G\u00f6z\u00fc g\u00f6rmeyen beyim var. Ne yapar\u0131m?\u201d dedi.<\/p>\n<p>Emine Erdo\u011fan ile tan\u0131\u015fmay\u0131 istiyor<\/p>\n<p>Sa\u011fl\u0131\u011f\u0131na kavu\u015fup e\u011fitimini s\u00fcrd\u00fcrmeyi ve e\u015fine daha iyi ko\u015fullarda bakmay\u0131 isteyen Kaynarp\u0131nar, Okuryazarl\u0131k Seferberli\u011fi\u2019nin 1. y\u0131ld\u00f6n\u00fcm\u00fc dolay\u0131s\u0131yla davet edildi\u011fi K\u00fclliye\u2019de d\u00fczenlenecek t\u00f6rende Cumhurba\u015fkan\u0131 Erdo\u011fan ve e\u015fi Emine Erdo\u011fan ile tan\u0131\u015fmay\u0131 \u00e7ok istedi\u011fini s\u00f6yledi.<\/p>\n<p>&#8220;O benim iki g\u00f6z\u00fcm&#8221;<\/p>\n<p>Osman Kaynarp\u0131nar da 38 ya\u015f\u0131nda ge\u00e7irdi\u011fi rahats\u0131zl\u0131k sonucu g\u00f6rme yetisini kaybetti\u011fini ve o g\u00fcnden bu yana krediyle al\u0131p borcunun halen \u00f6demeye devam ettiklerini dile getirdi. Evin t\u00fcm y\u00fck\u00fcn\u00fc s\u0131rtlayan kar\u0131s\u0131n\u0131n okuma-yazmay\u0131 \u00f6\u011frenmek iste\u011fini ve &#8220;Bu ya\u015ftan sonra deve d\u00fcd\u00fck \u00e7alar m\u0131 han\u0131m?&#8221; s\u00f6zleriyle de\u011ferlendirip &#8220;\u00c7ald\u0131\u011f\u0131 yere kadar&#8221; cevab\u0131n\u0131 ald\u0131\u011f\u0131n\u0131 ifade eden 65 ya\u015f\u0131ndaki Osman Kaynarp\u0131nar, &#8220;E\u015fimin yazd\u0131\u011f\u0131 ilk c\u00fcmle \u2018Osman seni \u00e7ok seviyorum\u2019 oldu. Beklemiyordum, s\u00fcrpriz oldu. O benim iki g\u00f6z\u00fcm. Benden nakil olacak gibi olsa g\u00f6z\u00fcm\u00fc \u00e7\u0131kart\u0131p ona veririm\u201d diye konu\u015ftu.<div class=\"tiled-gallery type-rectangular tiled-gallery-unresized\" data-original-width=\"500\" data-carousel-extra='null' itemscope itemtype=\"http:\/\/schema.org\/ImageGallery\" > <div class=\"gallery-row\" style=\"width: 500px; height: 224px;\" data-original-width=\"500\" data-original-height=\"224\" > <div class=\"gallery-group images-1\" style=\"width: 334px; height: 224px;\" data-original-width=\"334\" data-original-height=\"224\" > <div class=\"tiled-gallery-item tiled-gallery-item-large\" itemprop=\"associatedMedia\" itemscope itemtype=\"http:\/\/schema.org\/ImageObject\"> <a href=\"http:\/\/www.tvturk.com\/index.php\/aski-icin-65inde-okuma-yazmayi-ogrendi\/aski-icin-65inde-okuma-yazmayi-ogrendi-3\/\" border=\"0\" itemprop=\"url\"> <meta itemprop=\"width\" content=\"330\"> <meta itemprop=\"height\" content=\"220\"> <img decoding=\"async\" class=\"\" data-attachment-id=\"30724\" data-orig-file=\"http:\/\/www.tvturk.com\/wp-content\/uploads\/2019\/02\/aski-icin-65inde-okuma-yazmayi-ogrendi_42f1644.jpg\" data-orig-size=\"1000,666\" data-comments-opened=\"\" data-image-meta=\"{&quot;aperture&quot;:&quot;0&quot;,&quot;credit&quot;:&quot;IHA&quot;,&quot;camera&quot;:&quot;&quot;,&quot;caption&quot;:&quot;AMASYA\\u2019DA YA\\u015eAYAN NAD\\u0130DE KAYNARPINAR, 40 YILI A\\u015eKIN S\\u00dcRED\\u0130R AYNI YASTI\\u011eA BA\\u015e KOYDU\\u011eU G\\u00d6RME ENGELL\\u0130 E\\u015e\\u0130YLE \\u0130LG\\u0130LEND\\u0130\\u011e\\u0130NDEN DOLAYI DI\\u015eARI \\u00c7IKAMADI\\u011eI \\u0130\\u00c7\\u0130N EV\\u0130NDE OKUMA-YAZMA \\u00d6\\u011eREND\\u0130. (MURAT \\u00c7EL\\u0130K\\\/AMASYA-\\u0130HA)&quot;,&quot;created_timestamp&quot;:&quot;0&quot;,&quot;copyright&quot;:&quot;\\u0130HLAS HABER AJANSI, www.iha.com.tr&quot;,&quot;focal_length&quot;:&quot;0&quot;,&quot;iso&quot;:&quot;0&quot;,&quot;shutter_speed&quot;:&quot;0&quot;,&quot;title&quot;:&quot;A\\u015eKI \\u0130\\u00c7\\u0130N 65\\u2019\\u0130NDE OKUMA-YAZMAYI \\u00d6\\u011eREND\\u0130 \\u0130LK C\\u00dcMLES\\u0130 \\u0022OSMAN SEN\\u0130 \\u00c7OK SEV\\u0130YORUM\\u0022 OLDU&quot;,&quot;orientation&quot;:&quot;0&quot;}\" data-image-title=\"A\u015fk\u0131 i\u00e7in 65\u2019inde okuma-yazmay\u0131 \u00f6\u011frendi\" data-image-description=\"&lt;p&gt;A\u015fk\u0131 i\u00e7in 65\u2019inde okuma-yazmay\u0131 \u00f6\u011frendi&lt;\/p&gt; \" data-medium-file=\"https:\/\/i0.wp.com\/www.tvturk.com\/wp-content\/uploads\/2019\/02\/aski-icin-65inde-okuma-yazmayi-ogrendi_42f1644.jpg?fit=300%2C200\" data-large-file=\"https:\/\/i0.wp.com\/www.tvturk.com\/wp-content\/uploads\/2019\/02\/aski-icin-65inde-okuma-yazmayi-ogrendi_42f1644.jpg?fit=1000%2C666\" src=\"https:\/\/i0.wp.com\/www.tvturk.com\/wp-content\/uploads\/2019\/02\/aski-icin-65inde-okuma-yazmayi-ogrendi_42f1644.jpg?w=330&#038;h=220\" srcset=\"https:\/\/i0.wp.com\/www.tvturk.com\/wp-content\/uploads\/2019\/02\/aski-icin-65inde-okuma-yazmayi-ogrendi_42f1644.jpg?w=1000 1000w, https:\/\/i0.wp.com\/www.tvturk.com\/wp-content\/uploads\/2019\/02\/aski-icin-65inde-okuma-yazmayi-ogrendi_42f1644.jpg?resize=150%2C100 150w, https:\/\/i0.wp.com\/www.tvturk.com\/wp-content\/uploads\/2019\/02\/aski-icin-65inde-okuma-yazmayi-ogrendi_42f1644.jpg?resize=300%2C200 300w, https:\/\/i0.wp.com\/www.tvturk.com\/wp-content\/uploads\/2019\/02\/aski-icin-65inde-okuma-yazmayi-ogrendi_42f1644.jpg?resize=768%2C511 768w, https:\/\/i0.wp.com\/www.tvturk.com\/wp-content\/uploads\/2019\/02\/aski-icin-65inde-okuma-yazmayi-ogrendi_42f1644.jpg?resize=170%2C113 170w, https:\/\/i0.wp.com\/www.tvturk.com\/wp-content\/uploads\/2019\/02\/aski-icin-65inde-okuma-yazmayi-ogrendi_42f1644.jpg?resize=120%2C80 120w\" width=\"330\" height=\"220\" loading=\"lazy\" data-original-width=\"330\" data-original-height=\"220\" itemprop=\"http:\/\/schema.org\/image\" title=\"A\u015fk\u0131 i\u00e7in 65\u2019inde okuma-yazmay\u0131 \u00f6\u011frendi\" alt=\"A\u015fk\u0131 i\u00e7in 65\u2019inde okuma-yazmay\u0131 \u00f6\u011frendi\" style=\"width: 330px; height: 220px;\" \/> <\/a> <\/div> <\/div> <!-- close group --> <div class=\"gallery-group images-2\" style=\"width: 166px; height: 224px;\" data-original-width=\"166\" data-original-height=\"224\" > <div class=\"tiled-gallery-item tiled-gallery-item-small\" itemprop=\"associatedMedia\" itemscope itemtype=\"http:\/\/schema.org\/ImageObject\"> <a href=\"http:\/\/www.tvturk.com\/index.php\/aski-icin-65inde-okuma-yazmayi-ogrendi\/aski-icin-65inde-okuma-yazmayi-ogrendi-4\/\" border=\"0\" itemprop=\"url\"> <meta itemprop=\"width\" content=\"162\"> <meta itemprop=\"height\" content=\"108\"> <img decoding=\"async\" class=\"\" data-attachment-id=\"30725\" data-orig-file=\"http:\/\/www.tvturk.com\/wp-content\/uploads\/2019\/02\/aski-icin-65inde-okuma-yazmayi-ogrendi_e50502f.jpg\" data-orig-size=\"1000,667\" data-comments-opened=\"\" data-image-meta=\"{&quot;aperture&quot;:&quot;0&quot;,&quot;credit&quot;:&quot;IHA&quot;,&quot;camera&quot;:&quot;&quot;,&quot;caption&quot;:&quot;AMASYA\\u2019DA YA\\u015eAYAN NAD\\u0130DE KAYNARPINAR, 40 YILI A\\u015eKIN S\\u00dcRED\\u0130R AYNI YASTI\\u011eA BA\\u015e KOYDU\\u011eU G\\u00d6RME ENGELL\\u0130 E\\u015e\\u0130YLE \\u0130LG\\u0130LEND\\u0130\\u011e\\u0130NDEN DOLAYI DI\\u015eARI \\u00c7IKAMADI\\u011eI \\u0130\\u00c7\\u0130N EV\\u0130NDE OKUMA-YAZMA \\u00d6\\u011eREND\\u0130. KAYNARPINAR\\u2019IN YAZDI\\u011eI \\u0130LK C\\u00dcMLE \\u0130SE \\u0022OSMAN SEN\\u0130 \\u00c7OK \\u00c7OK SEV\\u0130YORUM\\u201d OLDU. (MURAT \\u00c7EL\\u0130K\\\/AMASYA-\\u0130HA)&quot;,&quot;created_timestamp&quot;:&quot;0&quot;,&quot;copyright&quot;:&quot;\\u0130HLAS HABER AJANSI, www.iha.com.tr&quot;,&quot;focal_length&quot;:&quot;0&quot;,&quot;iso&quot;:&quot;0&quot;,&quot;shutter_speed&quot;:&quot;0&quot;,&quot;title&quot;:&quot;A\\u015eKI \\u0130\\u00c7\\u0130N 65\\u2019\\u0130NDE OKUMA-YAZMAYI \\u00d6\\u011eREND\\u0130 \\u0130LK C\\u00dcMLES\\u0130 \\u0022OSMAN SEN\\u0130 \\u00c7OK SEV\\u0130YORUM\\u0022 OLDU&quot;,&quot;orientation&quot;:&quot;0&quot;}\" data-image-title=\"A\u015fk\u0131 i\u00e7in 65\u2019inde okuma-yazmay\u0131 \u00f6\u011frendi\" data-image-description=\"&lt;p&gt;A\u015fk\u0131 i\u00e7in 65\u2019inde okuma-yazmay\u0131 \u00f6\u011frendi&lt;\/p&gt; \" data-medium-file=\"https:\/\/i0.wp.com\/www.tvturk.com\/wp-content\/uploads\/2019\/02\/aski-icin-65inde-okuma-yazmayi-ogrendi_e50502f.jpg?fit=300%2C200\" data-large-file=\"https:\/\/i0.wp.com\/www.tvturk.com\/wp-content\/uploads\/2019\/02\/aski-icin-65inde-okuma-yazmayi-ogrendi_e50502f.jpg?fit=1000%2C667\" src=\"https:\/\/i0.wp.com\/www.tvturk.com\/wp-content\/uploads\/2019\/02\/aski-icin-65inde-okuma-yazmayi-ogrendi_e50502f.jpg?w=162&#038;h=108\" srcset=\"https:\/\/i0.wp.com\/www.tvturk.com\/wp-content\/uploads\/2019\/02\/aski-icin-65inde-okuma-yazmayi-ogrendi_e50502f.jpg?w=1000 1000w, https:\/\/i0.wp.com\/www.tvturk.com\/wp-content\/uploads\/2019\/02\/aski-icin-65inde-okuma-yazmayi-ogrendi_e50502f.jpg?resize=150%2C100 150w, https:\/\/i0.wp.com\/www.tvturk.com\/wp-content\/uploads\/2019\/02\/aski-icin-65inde-okuma-yazmayi-ogrendi_e50502f.jpg?resize=300%2C200 300w, https:\/\/i0.wp.com\/www.tvturk.com\/wp-content\/uploads\/2019\/02\/aski-icin-65inde-okuma-yazmayi-ogrendi_e50502f.jpg?resize=768%2C512 768w, https:\/\/i0.wp.com\/www.tvturk.com\/wp-content\/uploads\/2019\/02\/aski-icin-65inde-okuma-yazmayi-ogrendi_e50502f.jpg?resize=170%2C113 170w, https:\/\/i0.wp.com\/www.tvturk.com\/wp-content\/uploads\/2019\/02\/aski-icin-65inde-okuma-yazmayi-ogrendi_e50502f.jpg?resize=120%2C80 120w\" width=\"162\" height=\"108\" loading=\"lazy\" data-original-width=\"162\" data-original-height=\"108\" itemprop=\"http:\/\/schema.org\/image\" title=\"A\u015fk\u0131 i\u00e7in 65\u2019inde okuma-yazmay\u0131 \u00f6\u011frendi\" alt=\"A\u015fk\u0131 i\u00e7in 65\u2019inde okuma-yazmay\u0131 \u00f6\u011frendi\" style=\"width: 162px; height: 108px;\" \/> <\/a> <\/div> <div class=\"tiled-gallery-item tiled-gallery-item-small\" itemprop=\"associatedMedia\" itemscope itemtype=\"http:\/\/schema.org\/ImageObject\"> <a href=\"http:\/\/www.tvturk.com\/index.php\/aski-icin-65inde-okuma-yazmayi-ogrendi\/aski-icin-65inde-okuma-yazmayi-ogrendi-5\/\" border=\"0\" itemprop=\"url\"> <meta itemprop=\"width\" content=\"162\"> <meta itemprop=\"height\" content=\"108\"> <img decoding=\"async\" class=\"\" data-attachment-id=\"30726\" data-orig-file=\"http:\/\/www.tvturk.com\/wp-content\/uploads\/2019\/02\/aski-icin-65inde-okuma-yazmayi-ogrendi_35b9c6c.jpg\" data-orig-size=\"1000,666\" data-comments-opened=\"\" data-image-meta=\"{&quot;aperture&quot;:&quot;0&quot;,&quot;credit&quot;:&quot;IHA&quot;,&quot;camera&quot;:&quot;&quot;,&quot;caption&quot;:&quot;AMASYA\\u2019DA YA\\u015eAYAN NAD\\u0130DE KAYNARPINAR, 40 YILI A\\u015eKIN S\\u00dcRED\\u0130R AYNI YASTI\\u011eA BA\\u015e KOYDU\\u011eU G\\u00d6RME ENGELL\\u0130 E\\u015e\\u0130YLE \\u0130LG\\u0130LEND\\u0130\\u011e\\u0130NDEN DOLAYI DI\\u015eARI \\u00c7IKAMADI\\u011eI \\u0130\\u00c7\\u0130N EV\\u0130NDE OKUMA-YAZMA \\u00d6\\u011eREND\\u0130. 65 YA\\u015eINDAK\\u0130 OSMAN KAYNARPINAR \\u0130SE, \\u201cE\\u015e\\u0130M\\u0130N YAZDI\\u011eI \\u0130LK C\\u00dcMLE \\u2018OSMAN SEN\\u0130 \\u00c7OK SEV\\u0130YORUM\\u0027 OLDU. BEKLEM\\u0130YORDUM, S\\u00dcRPR\\u0130Z OLDU. O BEN\\u0130M \\u0130K\\u0130 G\\u00d6Z\\u00dcM\\u201d D\\u0130YE KONU\\u015eTU. (MURAT \\u00c7EL\\u0130K\\\/AMASYA-\\u0130HA)&quot;,&quot;created_timestamp&quot;:&quot;0&quot;,&quot;copyright&quot;:&quot;\\u0130HLAS HABER AJANSI, www.iha.com.tr&quot;,&quot;focal_length&quot;:&quot;0&quot;,&quot;iso&quot;:&quot;0&quot;,&quot;shutter_speed&quot;:&quot;0&quot;,&quot;title&quot;:&quot;A\\u015eKI \\u0130\\u00c7\\u0130N 65\\u2019\\u0130NDE OKUMA-YAZMAYI \\u00d6\\u011eREND\\u0130 \\u0130LK C\\u00dcMLES\\u0130 \\u0022OSMAN SEN\\u0130 \\u00c7OK SEV\\u0130YORUM\\u0022 OLDU&quot;,&quot;orientation&quot;:&quot;0&quot;}\" data-image-title=\"A\u015fk\u0131 i\u00e7in 65\u2019inde okuma-yazmay\u0131 \u00f6\u011frendi\" data-image-description=\"&lt;p&gt;A\u015fk\u0131 i\u00e7in 65\u2019inde okuma-yazmay\u0131 \u00f6\u011frendi&lt;\/p&gt; \" data-medium-file=\"https:\/\/i0.wp.com\/www.tvturk.com\/wp-content\/uploads\/2019\/02\/aski-icin-65inde-okuma-yazmayi-ogrendi_35b9c6c.jpg?fit=300%2C200\" data-large-file=\"https:\/\/i0.wp.com\/www.tvturk.com\/wp-content\/uploads\/2019\/02\/aski-icin-65inde-okuma-yazmayi-ogrendi_35b9c6c.jpg?fit=1000%2C666\" src=\"https:\/\/i0.wp.com\/www.tvturk.com\/wp-content\/uploads\/2019\/02\/aski-icin-65inde-okuma-yazmayi-ogrendi_35b9c6c.jpg?w=162&#038;h=108\" srcset=\"https:\/\/i0.wp.com\/www.tvturk.com\/wp-content\/uploads\/2019\/02\/aski-icin-65inde-okuma-yazmayi-ogrendi_35b9c6c.jpg?w=1000 1000w, https:\/\/i0.wp.com\/www.tvturk.com\/wp-content\/uploads\/2019\/02\/aski-icin-65inde-okuma-yazmayi-ogrendi_35b9c6c.jpg?resize=150%2C100 150w, https:\/\/i0.wp.com\/www.tvturk.com\/wp-content\/uploads\/2019\/02\/aski-icin-65inde-okuma-yazmayi-ogrendi_35b9c6c.jpg?resize=300%2C200 300w, https:\/\/i0.wp.com\/www.tvturk.com\/wp-content\/uploads\/2019\/02\/aski-icin-65inde-okuma-yazmayi-ogrendi_35b9c6c.jpg?resize=768%2C511 768w, https:\/\/i0.wp.com\/www.tvturk.com\/wp-content\/uploads\/2019\/02\/aski-icin-65inde-okuma-yazmayi-ogrendi_35b9c6c.jpg?resize=170%2C113 170w, https:\/\/i0.wp.com\/www.tvturk.com\/wp-content\/uploads\/2019\/02\/aski-icin-65inde-okuma-yazmayi-ogrendi_35b9c6c.jpg?resize=120%2C80 120w\" width=\"162\" height=\"108\" loading=\"lazy\" data-original-width=\"162\" data-original-height=\"108\" itemprop=\"http:\/\/schema.org\/image\" title=\"A\u015fk\u0131 i\u00e7in 65\u2019inde okuma-yazmay\u0131 \u00f6\u011frendi\" alt=\"A\u015fk\u0131 i\u00e7in 65\u2019inde okuma-yazmay\u0131 \u00f6\u011frendi\" style=\"width: 162px; height: 108px;\" \/> <\/a> <\/div> <\/div> <!-- close group --> <\/div> <!-- close row --> <div class=\"gallery-row\" style=\"width: 500px; height: 112px;\" data-original-width=\"500\" data-original-height=\"112\" > <div class=\"gallery-group images-1\" style=\"width: 167px; height: 112px;\" data-original-width=\"167\" data-original-height=\"112\" > <div class=\"tiled-gallery-item tiled-gallery-item-small\" itemprop=\"associatedMedia\" itemscope itemtype=\"http:\/\/schema.org\/ImageObject\"> <a href=\"http:\/\/www.tvturk.com\/index.php\/aski-icin-65inde-okuma-yazmayi-ogrendi\/aski-icin-65inde-okuma-yazmayi-ogrendi-6\/\" border=\"0\" itemprop=\"url\"> <meta itemprop=\"width\" content=\"163\"> <meta itemprop=\"height\" content=\"108\"> <img decoding=\"async\" class=\"\" data-attachment-id=\"30727\" data-orig-file=\"http:\/\/www.tvturk.com\/wp-content\/uploads\/2019\/02\/aski-icin-65inde-okuma-yazmayi-ogrendi_c1cd1f3.jpg\" data-orig-size=\"1000,666\" data-comments-opened=\"\" data-image-meta=\"{&quot;aperture&quot;:&quot;0&quot;,&quot;credit&quot;:&quot;IHA&quot;,&quot;camera&quot;:&quot;&quot;,&quot;caption&quot;:&quot;AMASYA\\u2019DA YA\\u015eAYAN NAD\\u0130DE KAYNARPINAR, 40 YILI A\\u015eKIN S\\u00dcRED\\u0130R AYNI YASTI\\u011eA BA\\u015e KOYDU\\u011eU G\\u00d6RME ENGELL\\u0130 E\\u015e\\u0130YLE \\u0130LG\\u0130LEND\\u0130\\u011e\\u0130NDEN DOLAYI DI\\u015eARI \\u00c7IKAMADI\\u011eI \\u0130\\u00c7\\u0130N EV\\u0130NDE OKUMA-YAZMA \\u00d6\\u011eREND\\u0130. 65 YA\\u015eINDAK\\u0130 OSMAN KAYNARPINAR \\u0130SE, \\u201cE\\u015e\\u0130M\\u0130N YAZDI\\u011eI \\u0130LK C\\u00dcMLE \\u2018OSMAN SEN\\u0130 \\u00c7OK SEV\\u0130YORUM\\u0027 OLDU. BEKLEM\\u0130YORDUM, S\\u00dcRPR\\u0130Z OLDU. O BEN\\u0130M \\u0130K\\u0130 G\\u00d6Z\\u00dcM\\u201d D\\u0130YE KONU\\u015eTU. (MURAT \\u00c7EL\\u0130K\\\/AMASYA-\\u0130HA)&quot;,&quot;created_timestamp&quot;:&quot;0&quot;,&quot;copyright&quot;:&quot;\\u0130HLAS HABER AJANSI, www.iha.com.tr&quot;,&quot;focal_length&quot;:&quot;0&quot;,&quot;iso&quot;:&quot;0&quot;,&quot;shutter_speed&quot;:&quot;0&quot;,&quot;title&quot;:&quot;A\\u015eKI \\u0130\\u00c7\\u0130N 65\\u2019\\u0130NDE OKUMA-YAZMAYI \\u00d6\\u011eREND\\u0130 \\u0130LK C\\u00dcMLES\\u0130 \\u0022OSMAN SEN\\u0130 \\u00c7OK SEV\\u0130YORUM\\u0022 OLDU&quot;,&quot;orientation&quot;:&quot;0&quot;}\" data-image-title=\"A\u015fk\u0131 i\u00e7in 65\u2019inde okuma-yazmay\u0131 \u00f6\u011frendi\" data-image-description=\"&lt;p&gt;A\u015fk\u0131 i\u00e7in 65\u2019inde okuma-yazmay\u0131 \u00f6\u011frendi&lt;\/p&gt; \" data-medium-file=\"https:\/\/i0.wp.com\/www.tvturk.com\/wp-content\/uploads\/2019\/02\/aski-icin-65inde-okuma-yazmayi-ogrendi_c1cd1f3.jpg?fit=300%2C200\" data-large-file=\"https:\/\/i0.wp.com\/www.tvturk.com\/wp-content\/uploads\/2019\/02\/aski-icin-65inde-okuma-yazmayi-ogrendi_c1cd1f3.jpg?fit=1000%2C666\" src=\"https:\/\/i0.wp.com\/www.tvturk.com\/wp-content\/uploads\/2019\/02\/aski-icin-65inde-okuma-yazmayi-ogrendi_c1cd1f3.jpg?w=163&#038;h=108\" srcset=\"https:\/\/i0.wp.com\/www.tvturk.com\/wp-content\/uploads\/2019\/02\/aski-icin-65inde-okuma-yazmayi-ogrendi_c1cd1f3.jpg?w=1000 1000w, https:\/\/i0.wp.com\/www.tvturk.com\/wp-content\/uploads\/2019\/02\/aski-icin-65inde-okuma-yazmayi-ogrendi_c1cd1f3.jpg?resize=150%2C100 150w, https:\/\/i0.wp.com\/www.tvturk.com\/wp-content\/uploads\/2019\/02\/aski-icin-65inde-okuma-yazmayi-ogrendi_c1cd1f3.jpg?resize=300%2C200 300w, https:\/\/i0.wp.com\/www.tvturk.com\/wp-content\/uploads\/2019\/02\/aski-icin-65inde-okuma-yazmayi-ogrendi_c1cd1f3.jpg?resize=768%2C511 768w, https:\/\/i0.wp.com\/www.tvturk.com\/wp-content\/uploads\/2019\/02\/aski-icin-65inde-okuma-yazmayi-ogrendi_c1cd1f3.jpg?resize=170%2C113 170w, https:\/\/i0.wp.com\/www.tvturk.com\/wp-content\/uploads\/2019\/02\/aski-icin-65inde-okuma-yazmayi-ogrendi_c1cd1f3.jpg?resize=120%2C80 120w\" width=\"163\" height=\"108\" loading=\"lazy\" data-original-width=\"163\" data-original-height=\"108\" itemprop=\"http:\/\/schema.org\/image\" title=\"A\u015fk\u0131 i\u00e7in 65\u2019inde okuma-yazmay\u0131 \u00f6\u011frendi\" alt=\"A\u015fk\u0131 i\u00e7in 65\u2019inde okuma-yazmay\u0131 \u00f6\u011frendi\" style=\"width: 163px; height: 108px;\" \/> <\/a> <\/div> <\/div> <!-- close group --> <div class=\"gallery-group images-1\" style=\"width: 167px; height: 112px;\" data-original-width=\"167\" data-original-height=\"112\" > <div class=\"tiled-gallery-item tiled-gallery-item-small\" itemprop=\"associatedMedia\" itemscope itemtype=\"http:\/\/schema.org\/ImageObject\"> <a href=\"http:\/\/www.tvturk.com\/index.php\/aski-icin-65inde-okuma-yazmayi-ogrendi\/aski-icin-65inde-okuma-yazmayi-ogrendi-7\/\" border=\"0\" itemprop=\"url\"> <meta itemprop=\"width\" content=\"163\"> <meta itemprop=\"height\" content=\"108\"> <img decoding=\"async\" class=\"\" data-attachment-id=\"30728\" data-orig-file=\"http:\/\/www.tvturk.com\/wp-content\/uploads\/2019\/02\/aski-icin-65inde-okuma-yazmayi-ogrendi_7a32473.jpg\" data-orig-size=\"1000,666\" data-comments-opened=\"\" data-image-meta=\"{&quot;aperture&quot;:&quot;0&quot;,&quot;credit&quot;:&quot;IHA&quot;,&quot;camera&quot;:&quot;&quot;,&quot;caption&quot;:&quot;AMASYA\\u2019DA YA\\u015eAYAN NAD\\u0130DE KAYNARPINAR, 40 YILI A\\u015eKIN S\\u00dcRED\\u0130R AYNI YASTI\\u011eA BA\\u015e KOYDU\\u011eU G\\u00d6RME ENGELL\\u0130 E\\u015e\\u0130YLE \\u0130LG\\u0130LEND\\u0130\\u011e\\u0130NDEN DOLAYI DI\\u015eARI \\u00c7IKAMADI\\u011eI \\u0130\\u00c7\\u0130N EV\\u0130NDE OKUMA-YAZMA \\u00d6\\u011eREND\\u0130. 65 YA\\u015eINDAK\\u0130 OSMAN KAYNARPINAR \\u0130SE, \\u201cE\\u015e\\u0130M\\u0130N YAZDI\\u011eI \\u0130LK C\\u00dcMLE \\u2018OSMAN SEN\\u0130 \\u00c7OK SEV\\u0130YORUM\\u0027 OLDU. BEKLEM\\u0130YORDUM, S\\u00dcRPR\\u0130Z OLDU. O BEN\\u0130M \\u0130K\\u0130 G\\u00d6Z\\u00dcM\\u201d D\\u0130YE KONU\\u015eTU. (MURAT \\u00c7EL\\u0130K\\\/AMASYA-\\u0130HA)&quot;,&quot;created_timestamp&quot;:&quot;0&quot;,&quot;copyright&quot;:&quot;\\u0130HLAS HABER AJANSI, www.iha.com.tr&quot;,&quot;focal_length&quot;:&quot;0&quot;,&quot;iso&quot;:&quot;0&quot;,&quot;shutter_speed&quot;:&quot;0&quot;,&quot;title&quot;:&quot;A\\u015eKI \\u0130\\u00c7\\u0130N 65\\u2019\\u0130NDE OKUMA-YAZMAYI \\u00d6\\u011eREND\\u0130 \\u0130LK C\\u00dcMLES\\u0130 \\u0022OSMAN SEN\\u0130 \\u00c7OK SEV\\u0130YORUM\\u0022 OLDU&quot;,&quot;orientation&quot;:&quot;0&quot;}\" data-image-title=\"A\u015fk\u0131 i\u00e7in 65\u2019inde okuma-yazmay\u0131 \u00f6\u011frendi\" data-image-description=\"&lt;p&gt;A\u015fk\u0131 i\u00e7in 65\u2019inde okuma-yazmay\u0131 \u00f6\u011frendi&lt;\/p&gt; \" data-medium-file=\"https:\/\/i0.wp.com\/www.tvturk.com\/wp-content\/uploads\/2019\/02\/aski-icin-65inde-okuma-yazmayi-ogrendi_7a32473.jpg?fit=300%2C200\" data-large-file=\"https:\/\/i0.wp.com\/www.tvturk.com\/wp-content\/uploads\/2019\/02\/aski-icin-65inde-okuma-yazmayi-ogrendi_7a32473.jpg?fit=1000%2C666\" src=\"https:\/\/i0.wp.com\/www.tvturk.com\/wp-content\/uploads\/2019\/02\/aski-icin-65inde-okuma-yazmayi-ogrendi_7a32473.jpg?w=163&#038;h=108\" srcset=\"https:\/\/i0.wp.com\/www.tvturk.com\/wp-content\/uploads\/2019\/02\/aski-icin-65inde-okuma-yazmayi-ogrendi_7a32473.jpg?w=1000 1000w, https:\/\/i0.wp.com\/www.tvturk.com\/wp-content\/uploads\/2019\/02\/aski-icin-65inde-okuma-yazmayi-ogrendi_7a32473.jpg?resize=150%2C100 150w, https:\/\/i0.wp.com\/www.tvturk.com\/wp-content\/uploads\/2019\/02\/aski-icin-65inde-okuma-yazmayi-ogrendi_7a32473.jpg?resize=300%2C200 300w, https:\/\/i0.wp.com\/www.tvturk.com\/wp-content\/uploads\/2019\/02\/aski-icin-65inde-okuma-yazmayi-ogrendi_7a32473.jpg?resize=768%2C511 768w, https:\/\/i0.wp.com\/www.tvturk.com\/wp-content\/uploads\/2019\/02\/aski-icin-65inde-okuma-yazmayi-ogrendi_7a32473.jpg?resize=170%2C113 170w, https:\/\/i0.wp.com\/www.tvturk.com\/wp-content\/uploads\/2019\/02\/aski-icin-65inde-okuma-yazmayi-ogrendi_7a32473.jpg?resize=120%2C80 120w\" width=\"163\" height=\"108\" loading=\"lazy\" data-original-width=\"163\" data-original-height=\"108\" itemprop=\"http:\/\/schema.org\/image\" title=\"A\u015fk\u0131 i\u00e7in 65\u2019inde okuma-yazmay\u0131 \u00f6\u011frendi\" alt=\"A\u015fk\u0131 i\u00e7in 65\u2019inde okuma-yazmay\u0131 \u00f6\u011frendi\" style=\"width: 163px; height: 108px;\" \/> <\/a> <\/div> <\/div> <!-- close group --> <div class=\"gallery-group images-1\" style=\"width: 166px; height: 112px;\" data-original-width=\"166\" data-original-height=\"112\" > <div class=\"tiled-gallery-item tiled-gallery-item-small\" itemprop=\"associatedMedia\" itemscope itemtype=\"http:\/\/schema.org\/ImageObject\"> <a href=\"http:\/\/www.tvturk.com\/index.php\/aski-icin-65inde-okuma-yazmayi-ogrendi\/aski-icin-65inde-okuma-yazmayi-ogrendi-8\/\" border=\"0\" itemprop=\"url\"> <meta itemprop=\"width\" content=\"162\"> <meta itemprop=\"height\" content=\"108\"> <img decoding=\"async\" class=\"\" data-attachment-id=\"30729\" data-orig-file=\"http:\/\/www.tvturk.com\/wp-content\/uploads\/2019\/02\/aski-icin-65inde-okuma-yazmayi-ogrendi_65e080a.jpg\" data-orig-size=\"1000,666\" data-comments-opened=\"\" data-image-meta=\"{&quot;aperture&quot;:&quot;0&quot;,&quot;credit&quot;:&quot;IHA&quot;,&quot;camera&quot;:&quot;&quot;,&quot;caption&quot;:&quot;AMASYA\\u2019DA YA\\u015eAYAN NAD\\u0130DE KAYNARPINAR, 40 YILI A\\u015eKIN S\\u00dcRED\\u0130R AYNI YASTI\\u011eA BA\\u015e KOYDU\\u011eU G\\u00d6RME ENGELL\\u0130 E\\u015e\\u0130YLE \\u0130LG\\u0130LEND\\u0130\\u011e\\u0130NDEN DOLAYI DI\\u015eARI \\u00c7IKAMADI\\u011eI \\u0130\\u00c7\\u0130N EV\\u0130NDE OKUMA-YAZMA \\u00d6\\u011eREND\\u0130. (MURAT \\u00c7EL\\u0130K\\\/AMASYA-\\u0130HA)&quot;,&quot;created_timestamp&quot;:&quot;0&quot;,&quot;copyright&quot;:&quot;\\u0130HLAS HABER AJANSI, www.iha.com.tr&quot;,&quot;focal_length&quot;:&quot;0&quot;,&quot;iso&quot;:&quot;0&quot;,&quot;shutter_speed&quot;:&quot;0&quot;,&quot;title&quot;:&quot;A\\u015eKI \\u0130\\u00c7\\u0130N 65\\u2019\\u0130NDE OKUMA-YAZMAYI \\u00d6\\u011eREND\\u0130 \\u0130LK C\\u00dcMLES\\u0130 \\u0022OSMAN SEN\\u0130 \\u00c7OK SEV\\u0130YORUM\\u0022 OLDU&quot;,&quot;orientation&quot;:&quot;0&quot;}\" data-image-title=\"A\u015fk\u0131 i\u00e7in 65\u2019inde okuma-yazmay\u0131 \u00f6\u011frendi\" data-image-description=\"&lt;p&gt;A\u015fk\u0131 i\u00e7in 65\u2019inde okuma-yazmay\u0131 \u00f6\u011frendi&lt;\/p&gt; \" data-medium-file=\"https:\/\/i0.wp.com\/www.tvturk.com\/wp-content\/uploads\/2019\/02\/aski-icin-65inde-okuma-yazmayi-ogrendi_65e080a.jpg?fit=300%2C200\" data-large-file=\"https:\/\/i0.wp.com\/www.tvturk.com\/wp-content\/uploads\/2019\/02\/aski-icin-65inde-okuma-yazmayi-ogrendi_65e080a.jpg?fit=1000%2C666\" src=\"https:\/\/i0.wp.com\/www.tvturk.com\/wp-content\/uploads\/2019\/02\/aski-icin-65inde-okuma-yazmayi-ogrendi_65e080a.jpg?w=162&#038;h=108\" srcset=\"https:\/\/i0.wp.com\/www.tvturk.com\/wp-content\/uploads\/2019\/02\/aski-icin-65inde-okuma-yazmayi-ogrendi_65e080a.jpg?w=1000 1000w, https:\/\/i0.wp.com\/www.tvturk.com\/wp-content\/uploads\/2019\/02\/aski-icin-65inde-okuma-yazmayi-ogrendi_65e080a.jpg?resize=150%2C100 150w, https:\/\/i0.wp.com\/www.tvturk.com\/wp-content\/uploads\/2019\/02\/aski-icin-65inde-okuma-yazmayi-ogrendi_65e080a.jpg?resize=300%2C200 300w, https:\/\/i0.wp.com\/www.tvturk.com\/wp-content\/uploads\/2019\/02\/aski-icin-65inde-okuma-yazmayi-ogrendi_65e080a.jpg?resize=768%2C511 768w, https:\/\/i0.wp.com\/www.tvturk.com\/wp-content\/uploads\/2019\/02\/aski-icin-65inde-okuma-yazmayi-ogrendi_65e080a.jpg?resize=170%2C113 170w, https:\/\/i0.wp.com\/www.tvturk.com\/wp-content\/uploads\/2019\/02\/aski-icin-65inde-okuma-yazmayi-ogrendi_65e080a.jpg?resize=120%2C80 120w\" width=\"162\" height=\"108\" loading=\"lazy\" data-original-width=\"162\" data-original-height=\"108\" itemprop=\"http:\/\/schema.org\/image\" title=\"A\u015fk\u0131 i\u00e7in 65\u2019inde okuma-yazmay\u0131 \u00f6\u011frendi\" alt=\"A\u015fk\u0131 i\u00e7in 65\u2019inde okuma-yazmay\u0131 \u00f6\u011frendi\" style=\"width: 162px; height: 108px;\" \/> <\/a> <\/div> <\/div> <!-- close group --> <\/div> <!-- close row --> <\/div><\/p>\n","protected":false},"excerpt":{"rendered":"<p>AMASYA\u2019DA YA\u015eAYAN NAD\u0130DE KAYNARPINAR, 40 YILI A\u015eKIN S\u00dcRED\u0130R AYNI YASTI\u011eA BA\u015e KOYDU\u011eU G\u00d6RME ENGELL\u0130 E\u015e\u0130YLE \u0130LG\u0130LEND\u0130\u011e\u0130NDEN DOLAYI DI\u015eARI \u00c7IKAMADI\u011eI \u0130\u00c7\u0130N EV\u0130NDE OKUMA-YAZMA \u00d6\u011eREND\u0130.<\/p>\n","protected":false},"author":1,"featured_media":30723,"comment_status":"closed","ping_status":"open","sticky":false,"template":"","format":"standard","meta":{"jetpack_post_was_ever_published":false,"_jetpack_newsletter_access":"","_jetpack_dont_email_post_to_subs":false,"_jetpack_newsletter_tier_id":0,"_jetpack_memberships_contains_paywalled_content":false,"_jetpack_memberships_contains_paid_content":false,"footnotes":"","jetpack_publicize_message":"","jetpack_publicize_feature_enabled":true,"jetpack_social_post_already_shared":false,"jetpack_social_options":{"image_generator_settings":{"template":"highway","default_image_id":0,"font":"","enabled":false},"version":2}},"categories":[655],"tags":[12112,2247,44,1606,12113],"class_list":["post-30722","post","type-post","status-publish","format-standard","has-post-thumbnail","hentry","category-son-dakika","tag-65inde","tag-aski","tag-icin","tag-ogrendi","tag-okuma-yazmayi"],"jetpack_publicize_connections":[],"jetpack_featured_media_url":"https:\/\/i0.wp.com\/www.tvturk.com\/wp-content\/uploads\/2019\/02\/aski-icin-65inde-okuma-yazmayi-ogrendi_883c641.jpg?fit=1000%2C666","jetpack_sharing_enabled":true,"jetpack_shortlink":"https:\/\/wp.me\/paKIfm-7Zw","_links":{"self":[{"href":"http:\/\/www.tvturk.com\/index.php\/wp-json\/wp\/v2\/posts\/30722","targetHints":{"allow":["GET"]}}],"collection":[{"href":"http:\/\/www.tvturk.com\/index.php\/wp-json\/wp\/v2\/posts"}],"about":[{"href":"http:\/\/www.tvturk.com\/index.php\/wp-json\/wp\/v2\/types\/post"}],"author":[{"embeddable":true,"href":"http:\/\/www.tvturk.com\/index.php\/wp-json\/wp\/v2\/users\/1"}],"replies":[{"embeddable":true,"href":"http:\/\/www.tvturk.com\/index.php\/wp-json\/wp\/v2\/comments?post=30722"}],"version-history":[{"count":1,"href":"http:\/\/www.tvturk.com\/index.php\/wp-json\/wp\/v2\/posts\/30722\/revisions"}],"predecessor-version":[{"id":30730,"href":"http:\/\/www.tvturk.com\/index.php\/wp-json\/wp\/v2\/posts\/30722\/revisions\/30730"}],"wp:featuredmedia":[{"embeddable":true,"href":"http:\/\/www.tvturk.com\/index.php\/wp-json\/wp\/v2\/media\/30723"}],"wp:attachment":[{"href":"http:\/\/www.tvturk.com\/index.php\/wp-json\/wp\/v2\/media?parent=30722"}],"wp:term":[{"taxonomy":"category","embeddable":true,"href":"http:\/\/www.tvturk.com\/index.php\/wp-json\/wp\/v2\/categories?post=30722"},{"taxonomy":"post_tag","embeddable":true,"href":"http:\/\/www.tvturk.com\/index.php\/wp-json\/wp\/v2\/tags?post=30722"}],"curies":[{"name":"wp","href":"https:\/\/api.w.org\/{rel}","templated":true}]}}