{"id":30769,"date":"2019-02-14T09:21:13","date_gmt":"2019-02-14T06:21:13","guid":{"rendered":"http:\/\/www.tvturk.com\/index.php\/tellioglu-bizim-koylumuz-en-iyisini-hak-ediyor\/"},"modified":"2019-02-14T09:21:18","modified_gmt":"2019-02-14T06:21:18","slug":"tellioglu-bizim-koylumuz-en-iyisini-hak-ediyor","status":"publish","type":"post","link":"http:\/\/www.tvturk.com\/index.php\/tellioglu-bizim-koylumuz-en-iyisini-hak-ediyor\/","title":{"rendered":"Tellio\u011flu; \u201cbizim k\u00f6yl\u00fcm\u00fcz en iyisini hak ediyor\u201d"},"content":{"rendered":"<p>Millet \u0130ttifak\u0131 Cumhuriyet Halk Partisi Karesi Belediye Ba\u015fkan Aday\u0131 Levent Tellio\u011flu, se\u00e7im \u00e7al\u0131\u015fmalar\u0131 kapsam\u0131nda Ovac\u0131k, Beyk\u00f6y ve Kabakdere k\u0131rsal mahallelerinde vatanda\u015flarla bir araya geldi. Kahvehane ziyaretlerinde vatanda\u015f\u0131n taleplerini dinleyen Tellio\u011flu; \u201cBiz bu g\u00f6reve hizmet i\u00e7in talip olduk bizim k\u00f6yl\u00fcm\u00fcz en iyisini hak ediyor\u201d dedi.<\/p>\n<p>Millet \u0130ttifak\u0131 Cumhuriyet Halk Partisi Karesi Belediye Ba\u015fkan Aday\u0131 Levent Tellio\u011flu se\u00e7im \u00e7al\u0131\u015fmalar\u0131 kapsam\u0131nda 3 k\u0131rsal mahalleyi gezdi. \u0130lk olarak Ovac\u0131k\u2019a giden Levent Tellio\u011flu buradaki s\u0131k\u0131nt\u0131lar\u0131 dinledi. \u0130\u00e7me suyu ve yol sorununu dile getiren Ovac\u0131k sakinlerinin taleplerini not eden Tellio\u011flu el birli\u011fiyle sorunlar\u0131n\u0131 \u00e7\u00f6zeceklerini s\u00f6yledi. Tellio\u011flu\u2019nun 2.dura\u011f\u0131 Beyk\u00f6y oldu. Burada kahvehanede vatanda\u015flarla sohbet eden Tellio\u011flu son olarak Kabakdere\u2019de de vatanda\u015f\u0131n isteklerini ve s\u0131k\u0131nt\u0131lar\u0131 hakk\u0131nda bilgi ald\u0131.<\/p>\n<p>Millet \u0130ttifak\u0131 Cumhuriyet Halk Partisi Karesi Belediye Ba\u015fkan Aday\u0131 Levent Tellio\u011flu ziyaretlerde yapt\u0131\u011f\u0131 konu\u015fmada; \u201cBiz bu g\u00f6reve hizmet etmek i\u00e7in talip olduk.  \u0130n\u015fallah hep beraber el birli\u011fiyle yapabilece\u011fimiz ne varsa yapaca\u011f\u0131z. B\u00fct\u00fcn imk\u00e2nlar\u0131 seferber edece\u011fiz. K\u0131rsal mahallerimizin genel sorunu olan i\u00e7me suyu sorununu da Ovac\u0131k\u2019ta ki yol sorununu da \u00e7\u00f6zece\u011fiz. Bizim k\u00f6yl\u00fcm\u00fcz en iyisini hak ediyor\u201d \u015feklinde konu\u015ftu.<div class=\"tiled-gallery type-rectangular tiled-gallery-unresized\" data-original-width=\"500\" data-carousel-extra='null' itemscope itemtype=\"http:\/\/schema.org\/ImageGallery\" > <div class=\"gallery-row\" style=\"width: 500px; height: 244px;\" data-original-width=\"500\" data-original-height=\"244\" > <div class=\"gallery-group images-1\" style=\"width: 326px; height: 244px;\" data-original-width=\"326\" data-original-height=\"244\" > <div class=\"tiled-gallery-item tiled-gallery-item-large\" itemprop=\"associatedMedia\" itemscope itemtype=\"http:\/\/schema.org\/ImageObject\"> <a href=\"http:\/\/www.tvturk.com\/index.php\/tellioglu-bizim-koylumuz-en-iyisini-hak-ediyor\/tellioglu-bizim-koylumuz-en-iyisini-hak-ediyor-3\/\" border=\"0\" itemprop=\"url\"> <meta itemprop=\"width\" content=\"322\"> <meta itemprop=\"height\" content=\"240\"> <img decoding=\"async\" class=\"\" data-attachment-id=\"30771\" data-orig-file=\"http:\/\/www.tvturk.com\/wp-content\/uploads\/2019\/02\/tellioglu-bizim-koylumuz-en-iyisini-hak-ediyor_88f88d1.jpg\" data-orig-size=\"1000,746\" data-comments-opened=\"\" data-image-meta=\"{&quot;aperture&quot;:&quot;0&quot;,&quot;credit&quot;:&quot;IHA&quot;,&quot;camera&quot;:&quot;&quot;,&quot;caption&quot;:&quot;M\\u0130LLET \\u0130TT\\u0130FAKI CUMHUR\\u0130YET HALK PART\\u0130S\\u0130 KARES\\u0130 BELED\\u0130YE BA\\u015eKAN ADAYI LEVENT TELL\\u0130O\\u011eLU, SE\\u00c7\\u0130M \\u00c7ALI\\u015eMALARI KAPSAMINDA OVACIK, BEYK\\u00d6Y VE KABAKDERE KIRSAL MAHALLELER\\u0130NDE VATANDA\\u015eLARLA B\\u0130R ARAYA GELD\\u0130. (UMUT \\u00c7INAR\\\/BALIKES\\u0130R-\\u0130HA)&quot;,&quot;created_timestamp&quot;:&quot;0&quot;,&quot;copyright&quot;:&quot;\\u0130HLAS HABER AJANSI, www.iha.com.tr&quot;,&quot;focal_length&quot;:&quot;0&quot;,&quot;iso&quot;:&quot;0&quot;,&quot;shutter_speed&quot;:&quot;0&quot;,&quot;title&quot;:&quot;TELL\\u0130O\\u011eLU; \\u201cB\\u0130Z\\u0130M K\\u00d6YL\\u00dcM\\u00dcZ EN \\u0130Y\\u0130S\\u0130N\\u0130 HAK ED\\u0130YOR\\u201d TELL\\u0130O\\u011eLU OVACIK, BEYK\\u00d6Y VE KABAKDERE\\u2019DE VATANDA\\u015eI D\\u0130NLED\\u0130&quot;,&quot;orientation&quot;:&quot;0&quot;}\" data-image-title=\"Tellio\u011flu; \u201cbizim k\u00f6yl\u00fcm\u00fcz en iyisini hak ediyor\u201d\" data-image-description=\"&lt;p&gt;Tellio\u011flu; \u201cbizim k\u00f6yl\u00fcm\u00fcz en iyisini hak ediyor\u201d&lt;\/p&gt; \" data-medium-file=\"https:\/\/i0.wp.com\/www.tvturk.com\/wp-content\/uploads\/2019\/02\/tellioglu-bizim-koylumuz-en-iyisini-hak-ediyor_88f88d1.jpg?fit=300%2C224\" data-large-file=\"https:\/\/i0.wp.com\/www.tvturk.com\/wp-content\/uploads\/2019\/02\/tellioglu-bizim-koylumuz-en-iyisini-hak-ediyor_88f88d1.jpg?fit=1000%2C746\" src=\"https:\/\/i0.wp.com\/www.tvturk.com\/wp-content\/uploads\/2019\/02\/tellioglu-bizim-koylumuz-en-iyisini-hak-ediyor_88f88d1.jpg?w=322&#038;h=240\" srcset=\"https:\/\/i0.wp.com\/www.tvturk.com\/wp-content\/uploads\/2019\/02\/tellioglu-bizim-koylumuz-en-iyisini-hak-ediyor_88f88d1.jpg?w=1000 1000w, https:\/\/i0.wp.com\/www.tvturk.com\/wp-content\/uploads\/2019\/02\/tellioglu-bizim-koylumuz-en-iyisini-hak-ediyor_88f88d1.jpg?resize=150%2C112 150w, https:\/\/i0.wp.com\/www.tvturk.com\/wp-content\/uploads\/2019\/02\/tellioglu-bizim-koylumuz-en-iyisini-hak-ediyor_88f88d1.jpg?resize=300%2C224 300w, https:\/\/i0.wp.com\/www.tvturk.com\/wp-content\/uploads\/2019\/02\/tellioglu-bizim-koylumuz-en-iyisini-hak-ediyor_88f88d1.jpg?resize=768%2C573 768w\" width=\"322\" height=\"240\" loading=\"lazy\" data-original-width=\"322\" data-original-height=\"240\" itemprop=\"http:\/\/schema.org\/image\" title=\"Tellio\u011flu; \u201cbizim k\u00f6yl\u00fcm\u00fcz en iyisini hak ediyor\u201d\" alt=\"Tellio\u011flu; \u201cbizim k\u00f6yl\u00fcm\u00fcz en iyisini hak ediyor\u201d\" style=\"width: 322px; height: 240px;\" \/> <\/a> <\/div> <\/div> <!-- close group --> <div class=\"gallery-group images-2\" style=\"width: 174px; height: 244px;\" data-original-width=\"174\" data-original-height=\"244\" > <div class=\"tiled-gallery-item tiled-gallery-item-small\" itemprop=\"associatedMedia\" itemscope itemtype=\"http:\/\/schema.org\/ImageObject\"> <a href=\"http:\/\/www.tvturk.com\/index.php\/tellioglu-bizim-koylumuz-en-iyisini-hak-ediyor\/tellioglu-bizim-koylumuz-en-iyisini-hak-ediyor-4\/\" border=\"0\" itemprop=\"url\"> <meta itemprop=\"width\" content=\"170\"> <meta itemprop=\"height\" content=\"123\"> <img decoding=\"async\" class=\"\" data-attachment-id=\"30772\" data-orig-file=\"http:\/\/www.tvturk.com\/wp-content\/uploads\/2019\/02\/tellioglu-bizim-koylumuz-en-iyisini-hak-ediyor_e9a587b.jpg\" data-orig-size=\"1000,720\" data-comments-opened=\"\" data-image-meta=\"{&quot;aperture&quot;:&quot;0&quot;,&quot;credit&quot;:&quot;IHA&quot;,&quot;camera&quot;:&quot;&quot;,&quot;caption&quot;:&quot;M\\u0130LLET \\u0130TT\\u0130FAKI CUMHUR\\u0130YET HALK PART\\u0130S\\u0130 KARES\\u0130 BELED\\u0130YE BA\\u015eKAN ADAYI LEVENT TELL\\u0130O\\u011eLU, SE\\u00c7\\u0130M \\u00c7ALI\\u015eMALARI KAPSAMINDA OVACIK, BEYK\\u00d6Y VE KABAKDERE KIRSAL MAHALLELER\\u0130NDE VATANDA\\u015eLARLA B\\u0130R ARAYA GELD\\u0130. (UMUT \\u00c7INAR\\\/BALIKES\\u0130R-\\u0130HA)&quot;,&quot;created_timestamp&quot;:&quot;0&quot;,&quot;copyright&quot;:&quot;\\u0130HLAS HABER AJANSI, www.iha.com.tr&quot;,&quot;focal_length&quot;:&quot;0&quot;,&quot;iso&quot;:&quot;0&quot;,&quot;shutter_speed&quot;:&quot;0&quot;,&quot;title&quot;:&quot;TELL\\u0130O\\u011eLU; \\u201cB\\u0130Z\\u0130M K\\u00d6YL\\u00dcM\\u00dcZ EN \\u0130Y\\u0130S\\u0130N\\u0130 HAK ED\\u0130YOR\\u201d TELL\\u0130O\\u011eLU OVACIK, BEYK\\u00d6Y VE KABAKDERE\\u2019DE VATANDA\\u015eI D\\u0130NLED\\u0130&quot;,&quot;orientation&quot;:&quot;0&quot;}\" data-image-title=\"Tellio\u011flu; \u201cbizim k\u00f6yl\u00fcm\u00fcz en iyisini hak ediyor\u201d\" data-image-description=\"&lt;p&gt;Tellio\u011flu; \u201cbizim k\u00f6yl\u00fcm\u00fcz en iyisini hak ediyor\u201d&lt;\/p&gt; \" data-medium-file=\"https:\/\/i0.wp.com\/www.tvturk.com\/wp-content\/uploads\/2019\/02\/tellioglu-bizim-koylumuz-en-iyisini-hak-ediyor_e9a587b.jpg?fit=300%2C216\" data-large-file=\"https:\/\/i0.wp.com\/www.tvturk.com\/wp-content\/uploads\/2019\/02\/tellioglu-bizim-koylumuz-en-iyisini-hak-ediyor_e9a587b.jpg?fit=1000%2C720\" src=\"https:\/\/i0.wp.com\/www.tvturk.com\/wp-content\/uploads\/2019\/02\/tellioglu-bizim-koylumuz-en-iyisini-hak-ediyor_e9a587b.jpg?w=170&#038;h=123\" srcset=\"https:\/\/i0.wp.com\/www.tvturk.com\/wp-content\/uploads\/2019\/02\/tellioglu-bizim-koylumuz-en-iyisini-hak-ediyor_e9a587b.jpg?w=1000 1000w, https:\/\/i0.wp.com\/www.tvturk.com\/wp-content\/uploads\/2019\/02\/tellioglu-bizim-koylumuz-en-iyisini-hak-ediyor_e9a587b.jpg?resize=150%2C108 150w, https:\/\/i0.wp.com\/www.tvturk.com\/wp-content\/uploads\/2019\/02\/tellioglu-bizim-koylumuz-en-iyisini-hak-ediyor_e9a587b.jpg?resize=300%2C216 300w, https:\/\/i0.wp.com\/www.tvturk.com\/wp-content\/uploads\/2019\/02\/tellioglu-bizim-koylumuz-en-iyisini-hak-ediyor_e9a587b.jpg?resize=768%2C553 768w\" width=\"170\" height=\"123\" loading=\"lazy\" data-original-width=\"170\" data-original-height=\"123\" itemprop=\"http:\/\/schema.org\/image\" title=\"Tellio\u011flu; \u201cbizim k\u00f6yl\u00fcm\u00fcz en iyisini hak ediyor\u201d\" alt=\"Tellio\u011flu; \u201cbizim k\u00f6yl\u00fcm\u00fcz en iyisini hak ediyor\u201d\" style=\"width: 170px; height: 123px;\" \/> <\/a> <\/div> <div class=\"tiled-gallery-item tiled-gallery-item-small\" itemprop=\"associatedMedia\" itemscope itemtype=\"http:\/\/schema.org\/ImageObject\"> <a href=\"http:\/\/www.tvturk.com\/index.php\/tellioglu-bizim-koylumuz-en-iyisini-hak-ediyor\/tellioglu-bizim-koylumuz-en-iyisini-hak-ediyor-5\/\" border=\"0\" itemprop=\"url\"> <meta itemprop=\"width\" content=\"170\"> <meta itemprop=\"height\" content=\"113\"> <img decoding=\"async\" class=\"\" data-attachment-id=\"30773\" data-orig-file=\"http:\/\/www.tvturk.com\/wp-content\/uploads\/2019\/02\/tellioglu-bizim-koylumuz-en-iyisini-hak-ediyor_90d8267.jpg\" data-orig-size=\"1000,666\" data-comments-opened=\"\" data-image-meta=\"{&quot;aperture&quot;:&quot;0&quot;,&quot;credit&quot;:&quot;IHA&quot;,&quot;camera&quot;:&quot;&quot;,&quot;caption&quot;:&quot;M\\u0130LLET \\u0130TT\\u0130FAKI CUMHUR\\u0130YET HALK PART\\u0130S\\u0130 KARES\\u0130 BELED\\u0130YE BA\\u015eKAN ADAYI LEVENT TELL\\u0130O\\u011eLU, SE\\u00c7\\u0130M \\u00c7ALI\\u015eMALARI KAPSAMINDA OVACIK, BEYK\\u00d6Y VE KABAKDERE KIRSAL MAHALLELER\\u0130NDE VATANDA\\u015eLARLA B\\u0130R ARAYA GELD\\u0130. (UMUT \\u00c7INAR\\\/BALIKES\\u0130R-\\u0130HA)&quot;,&quot;created_timestamp&quot;:&quot;0&quot;,&quot;copyright&quot;:&quot;\\u0130HLAS HABER AJANSI, www.iha.com.tr&quot;,&quot;focal_length&quot;:&quot;0&quot;,&quot;iso&quot;:&quot;0&quot;,&quot;shutter_speed&quot;:&quot;0&quot;,&quot;title&quot;:&quot;TELL\\u0130O\\u011eLU; \\u201cB\\u0130Z\\u0130M K\\u00d6YL\\u00dcM\\u00dcZ EN \\u0130Y\\u0130S\\u0130N\\u0130 HAK ED\\u0130YOR\\u201d TELL\\u0130O\\u011eLU OVACIK, BEYK\\u00d6Y VE KABAKDERE\\u2019DE VATANDA\\u015eI D\\u0130NLED\\u0130&quot;,&quot;orientation&quot;:&quot;0&quot;}\" data-image-title=\"Tellio\u011flu; \u201cbizim k\u00f6yl\u00fcm\u00fcz en iyisini hak ediyor\u201d\" data-image-description=\"&lt;p&gt;Tellio\u011flu; \u201cbizim k\u00f6yl\u00fcm\u00fcz en iyisini hak ediyor\u201d&lt;\/p&gt; \" data-medium-file=\"https:\/\/i0.wp.com\/www.tvturk.com\/wp-content\/uploads\/2019\/02\/tellioglu-bizim-koylumuz-en-iyisini-hak-ediyor_90d8267.jpg?fit=300%2C200\" data-large-file=\"https:\/\/i0.wp.com\/www.tvturk.com\/wp-content\/uploads\/2019\/02\/tellioglu-bizim-koylumuz-en-iyisini-hak-ediyor_90d8267.jpg?fit=1000%2C666\" src=\"https:\/\/i0.wp.com\/www.tvturk.com\/wp-content\/uploads\/2019\/02\/tellioglu-bizim-koylumuz-en-iyisini-hak-ediyor_90d8267.jpg?w=170&#038;h=113\" srcset=\"https:\/\/i0.wp.com\/www.tvturk.com\/wp-content\/uploads\/2019\/02\/tellioglu-bizim-koylumuz-en-iyisini-hak-ediyor_90d8267.jpg?w=1000 1000w, https:\/\/i0.wp.com\/www.tvturk.com\/wp-content\/uploads\/2019\/02\/tellioglu-bizim-koylumuz-en-iyisini-hak-ediyor_90d8267.jpg?resize=150%2C100 150w, https:\/\/i0.wp.com\/www.tvturk.com\/wp-content\/uploads\/2019\/02\/tellioglu-bizim-koylumuz-en-iyisini-hak-ediyor_90d8267.jpg?resize=300%2C200 300w, https:\/\/i0.wp.com\/www.tvturk.com\/wp-content\/uploads\/2019\/02\/tellioglu-bizim-koylumuz-en-iyisini-hak-ediyor_90d8267.jpg?resize=768%2C511 768w, https:\/\/i0.wp.com\/www.tvturk.com\/wp-content\/uploads\/2019\/02\/tellioglu-bizim-koylumuz-en-iyisini-hak-ediyor_90d8267.jpg?resize=170%2C113 170w, https:\/\/i0.wp.com\/www.tvturk.com\/wp-content\/uploads\/2019\/02\/tellioglu-bizim-koylumuz-en-iyisini-hak-ediyor_90d8267.jpg?resize=120%2C80 120w\" width=\"170\" height=\"113\" loading=\"lazy\" data-original-width=\"170\" data-original-height=\"113\" itemprop=\"http:\/\/schema.org\/image\" title=\"Tellio\u011flu; \u201cbizim k\u00f6yl\u00fcm\u00fcz en iyisini hak ediyor\u201d\" alt=\"Tellio\u011flu; \u201cbizim k\u00f6yl\u00fcm\u00fcz en iyisini hak ediyor\u201d\" style=\"width: 170px; height: 113px;\" \/> <\/a> <\/div> <\/div> <!-- close group --> <\/div> <!-- close row --> <div class=\"gallery-row\" style=\"width: 500px; height: 237px;\" data-original-width=\"500\" data-original-height=\"237\" > <div class=\"gallery-group images-2\" style=\"width: 147px; height: 237px;\" data-original-width=\"147\" data-original-height=\"237\" > <div class=\"tiled-gallery-item tiled-gallery-item-small\" itemprop=\"associatedMedia\" itemscope itemtype=\"http:\/\/schema.org\/ImageObject\"> <a href=\"http:\/\/www.tvturk.com\/index.php\/tellioglu-bizim-koylumuz-en-iyisini-hak-ediyor\/tellioglu-bizim-koylumuz-en-iyisini-hak-ediyor-6\/\" border=\"0\" itemprop=\"url\"> <meta itemprop=\"width\" content=\"143\"> <meta itemprop=\"height\" content=\"134\"> <img decoding=\"async\" class=\"\" data-attachment-id=\"30774\" data-orig-file=\"http:\/\/www.tvturk.com\/wp-content\/uploads\/2019\/02\/tellioglu-bizim-koylumuz-en-iyisini-hak-ediyor_527feaf.jpg\" data-orig-size=\"1000,935\" data-comments-opened=\"\" data-image-meta=\"{&quot;aperture&quot;:&quot;0&quot;,&quot;credit&quot;:&quot;IHA&quot;,&quot;camera&quot;:&quot;&quot;,&quot;caption&quot;:&quot;M\\u0130LLET \\u0130TT\\u0130FAKI CUMHUR\\u0130YET HALK PART\\u0130S\\u0130 KARES\\u0130 BELED\\u0130YE BA\\u015eKAN ADAYI LEVENT TELL\\u0130O\\u011eLU, SE\\u00c7\\u0130M \\u00c7ALI\\u015eMALARI KAPSAMINDA OVACIK, BEYK\\u00d6Y VE KABAKDERE KIRSAL MAHALLELER\\u0130NDE VATANDA\\u015eLARLA B\\u0130R ARAYA GELD\\u0130. (UMUT \\u00c7INAR\\\/BALIKES\\u0130R-\\u0130HA)&quot;,&quot;created_timestamp&quot;:&quot;0&quot;,&quot;copyright&quot;:&quot;\\u0130HLAS HABER AJANSI, www.iha.com.tr&quot;,&quot;focal_length&quot;:&quot;0&quot;,&quot;iso&quot;:&quot;0&quot;,&quot;shutter_speed&quot;:&quot;0&quot;,&quot;title&quot;:&quot;TELL\\u0130O\\u011eLU; \\u201cB\\u0130Z\\u0130M K\\u00d6YL\\u00dcM\\u00dcZ EN \\u0130Y\\u0130S\\u0130N\\u0130 HAK ED\\u0130YOR\\u201d TELL\\u0130O\\u011eLU OVACIK, BEYK\\u00d6Y VE KABAKDERE\\u2019DE VATANDA\\u015eI D\\u0130NLED\\u0130&quot;,&quot;orientation&quot;:&quot;0&quot;}\" data-image-title=\"Tellio\u011flu; \u201cbizim k\u00f6yl\u00fcm\u00fcz en iyisini hak ediyor\u201d\" data-image-description=\"&lt;p&gt;Tellio\u011flu; \u201cbizim k\u00f6yl\u00fcm\u00fcz en iyisini hak ediyor\u201d&lt;\/p&gt; \" data-medium-file=\"https:\/\/i0.wp.com\/www.tvturk.com\/wp-content\/uploads\/2019\/02\/tellioglu-bizim-koylumuz-en-iyisini-hak-ediyor_527feaf.jpg?fit=300%2C281\" data-large-file=\"https:\/\/i0.wp.com\/www.tvturk.com\/wp-content\/uploads\/2019\/02\/tellioglu-bizim-koylumuz-en-iyisini-hak-ediyor_527feaf.jpg?fit=1000%2C935\" src=\"https:\/\/i0.wp.com\/www.tvturk.com\/wp-content\/uploads\/2019\/02\/tellioglu-bizim-koylumuz-en-iyisini-hak-ediyor_527feaf.jpg?w=143&#038;h=134\" srcset=\"https:\/\/i0.wp.com\/www.tvturk.com\/wp-content\/uploads\/2019\/02\/tellioglu-bizim-koylumuz-en-iyisini-hak-ediyor_527feaf.jpg?w=1000 1000w, https:\/\/i0.wp.com\/www.tvturk.com\/wp-content\/uploads\/2019\/02\/tellioglu-bizim-koylumuz-en-iyisini-hak-ediyor_527feaf.jpg?resize=150%2C140 150w, https:\/\/i0.wp.com\/www.tvturk.com\/wp-content\/uploads\/2019\/02\/tellioglu-bizim-koylumuz-en-iyisini-hak-ediyor_527feaf.jpg?resize=300%2C281 300w, https:\/\/i0.wp.com\/www.tvturk.com\/wp-content\/uploads\/2019\/02\/tellioglu-bizim-koylumuz-en-iyisini-hak-ediyor_527feaf.jpg?resize=768%2C718 768w\" width=\"143\" height=\"134\" loading=\"lazy\" data-original-width=\"143\" data-original-height=\"134\" itemprop=\"http:\/\/schema.org\/image\" title=\"Tellio\u011flu; \u201cbizim k\u00f6yl\u00fcm\u00fcz en iyisini hak ediyor\u201d\" alt=\"Tellio\u011flu; \u201cbizim k\u00f6yl\u00fcm\u00fcz en iyisini hak ediyor\u201d\" style=\"width: 143px; height: 134px;\" \/> <\/a> <\/div> <div class=\"tiled-gallery-item tiled-gallery-item-small\" itemprop=\"associatedMedia\" itemscope itemtype=\"http:\/\/schema.org\/ImageObject\"> <a href=\"http:\/\/www.tvturk.com\/index.php\/tellioglu-bizim-koylumuz-en-iyisini-hak-ediyor\/tellioglu-bizim-koylumuz-en-iyisini-hak-ediyor-7\/\" border=\"0\" itemprop=\"url\"> <meta itemprop=\"width\" content=\"143\"> <meta itemprop=\"height\" content=\"95\"> <img decoding=\"async\" class=\"\" data-attachment-id=\"30775\" data-orig-file=\"http:\/\/www.tvturk.com\/wp-content\/uploads\/2019\/02\/tellioglu-bizim-koylumuz-en-iyisini-hak-ediyor_a686b0a.jpg\" data-orig-size=\"1000,666\" data-comments-opened=\"\" data-image-meta=\"{&quot;aperture&quot;:&quot;0&quot;,&quot;credit&quot;:&quot;IHA&quot;,&quot;camera&quot;:&quot;&quot;,&quot;caption&quot;:&quot;M\\u0130LLET \\u0130TT\\u0130FAKI CUMHUR\\u0130YET HALK PART\\u0130S\\u0130 KARES\\u0130 BELED\\u0130YE BA\\u015eKAN ADAYI LEVENT TELL\\u0130O\\u011eLU, SE\\u00c7\\u0130M \\u00c7ALI\\u015eMALARI KAPSAMINDA OVACIK, BEYK\\u00d6Y VE KABAKDERE KIRSAL MAHALLELER\\u0130NDE VATANDA\\u015eLARLA B\\u0130R ARAYA GELD\\u0130. (UMUT \\u00c7INAR\\\/BALIKES\\u0130R-\\u0130HA)&quot;,&quot;created_timestamp&quot;:&quot;0&quot;,&quot;copyright&quot;:&quot;\\u0130HLAS HABER AJANSI, www.iha.com.tr&quot;,&quot;focal_length&quot;:&quot;0&quot;,&quot;iso&quot;:&quot;0&quot;,&quot;shutter_speed&quot;:&quot;0&quot;,&quot;title&quot;:&quot;TELL\\u0130O\\u011eLU; \\u201cB\\u0130Z\\u0130M K\\u00d6YL\\u00dcM\\u00dcZ EN \\u0130Y\\u0130S\\u0130N\\u0130 HAK ED\\u0130YOR\\u201d TELL\\u0130O\\u011eLU OVACIK, BEYK\\u00d6Y VE KABAKDERE\\u2019DE VATANDA\\u015eI D\\u0130NLED\\u0130&quot;,&quot;orientation&quot;:&quot;0&quot;}\" data-image-title=\"Tellio\u011flu; \u201cbizim k\u00f6yl\u00fcm\u00fcz en iyisini hak ediyor\u201d\" data-image-description=\"&lt;p&gt;Tellio\u011flu; \u201cbizim k\u00f6yl\u00fcm\u00fcz en iyisini hak ediyor\u201d&lt;\/p&gt; \" data-medium-file=\"https:\/\/i0.wp.com\/www.tvturk.com\/wp-content\/uploads\/2019\/02\/tellioglu-bizim-koylumuz-en-iyisini-hak-ediyor_a686b0a.jpg?fit=300%2C200\" data-large-file=\"https:\/\/i0.wp.com\/www.tvturk.com\/wp-content\/uploads\/2019\/02\/tellioglu-bizim-koylumuz-en-iyisini-hak-ediyor_a686b0a.jpg?fit=1000%2C666\" src=\"https:\/\/i0.wp.com\/www.tvturk.com\/wp-content\/uploads\/2019\/02\/tellioglu-bizim-koylumuz-en-iyisini-hak-ediyor_a686b0a.jpg?w=143&#038;h=95\" srcset=\"https:\/\/i0.wp.com\/www.tvturk.com\/wp-content\/uploads\/2019\/02\/tellioglu-bizim-koylumuz-en-iyisini-hak-ediyor_a686b0a.jpg?w=1000 1000w, https:\/\/i0.wp.com\/www.tvturk.com\/wp-content\/uploads\/2019\/02\/tellioglu-bizim-koylumuz-en-iyisini-hak-ediyor_a686b0a.jpg?resize=150%2C100 150w, https:\/\/i0.wp.com\/www.tvturk.com\/wp-content\/uploads\/2019\/02\/tellioglu-bizim-koylumuz-en-iyisini-hak-ediyor_a686b0a.jpg?resize=300%2C200 300w, https:\/\/i0.wp.com\/www.tvturk.com\/wp-content\/uploads\/2019\/02\/tellioglu-bizim-koylumuz-en-iyisini-hak-ediyor_a686b0a.jpg?resize=768%2C511 768w, https:\/\/i0.wp.com\/www.tvturk.com\/wp-content\/uploads\/2019\/02\/tellioglu-bizim-koylumuz-en-iyisini-hak-ediyor_a686b0a.jpg?resize=170%2C113 170w, https:\/\/i0.wp.com\/www.tvturk.com\/wp-content\/uploads\/2019\/02\/tellioglu-bizim-koylumuz-en-iyisini-hak-ediyor_a686b0a.jpg?resize=120%2C80 120w\" width=\"143\" height=\"95\" loading=\"lazy\" data-original-width=\"143\" data-original-height=\"95\" itemprop=\"http:\/\/schema.org\/image\" title=\"Tellio\u011flu; \u201cbizim k\u00f6yl\u00fcm\u00fcz en iyisini hak ediyor\u201d\" alt=\"Tellio\u011flu; \u201cbizim k\u00f6yl\u00fcm\u00fcz en iyisini hak ediyor\u201d\" style=\"width: 143px; height: 95px;\" \/> <\/a> <\/div> <\/div> <!-- close group --> <div class=\"gallery-group images-1\" style=\"width: 353px; height: 237px;\" data-original-width=\"353\" data-original-height=\"237\" > <div class=\"tiled-gallery-item tiled-gallery-item-large\" itemprop=\"associatedMedia\" itemscope itemtype=\"http:\/\/schema.org\/ImageObject\"> <a href=\"http:\/\/www.tvturk.com\/index.php\/tellioglu-bizim-koylumuz-en-iyisini-hak-ediyor\/tellioglu-bizim-koylumuz-en-iyisini-hak-ediyor-8\/\" border=\"0\" itemprop=\"url\"> <meta itemprop=\"width\" content=\"349\"> <meta itemprop=\"height\" content=\"233\"> <img decoding=\"async\" class=\"\" data-attachment-id=\"30776\" data-orig-file=\"http:\/\/www.tvturk.com\/wp-content\/uploads\/2019\/02\/tellioglu-bizim-koylumuz-en-iyisini-hak-ediyor_894fa4e.jpg\" data-orig-size=\"1000,666\" data-comments-opened=\"\" data-image-meta=\"{&quot;aperture&quot;:&quot;0&quot;,&quot;credit&quot;:&quot;IHA&quot;,&quot;camera&quot;:&quot;&quot;,&quot;caption&quot;:&quot;M\\u0130LLET \\u0130TT\\u0130FAKI CUMHUR\\u0130YET HALK PART\\u0130S\\u0130 KARES\\u0130 BELED\\u0130YE BA\\u015eKAN ADAYI LEVENT TELL\\u0130O\\u011eLU, SE\\u00c7\\u0130M \\u00c7ALI\\u015eMALARI KAPSAMINDA OVACIK, BEYK\\u00d6Y VE KABAKDERE KIRSAL MAHALLELER\\u0130NDE VATANDA\\u015eLARLA B\\u0130R ARAYA GELD\\u0130. (UMUT \\u00c7INAR\\\/BALIKES\\u0130R-\\u0130HA)&quot;,&quot;created_timestamp&quot;:&quot;0&quot;,&quot;copyright&quot;:&quot;\\u0130HLAS HABER AJANSI, www.iha.com.tr&quot;,&quot;focal_length&quot;:&quot;0&quot;,&quot;iso&quot;:&quot;0&quot;,&quot;shutter_speed&quot;:&quot;0&quot;,&quot;title&quot;:&quot;TELL\\u0130O\\u011eLU; \\u201cB\\u0130Z\\u0130M K\\u00d6YL\\u00dcM\\u00dcZ EN \\u0130Y\\u0130S\\u0130N\\u0130 HAK ED\\u0130YOR\\u201d TELL\\u0130O\\u011eLU OVACIK, BEYK\\u00d6Y VE KABAKDERE\\u2019DE VATANDA\\u015eI D\\u0130NLED\\u0130&quot;,&quot;orientation&quot;:&quot;0&quot;}\" data-image-title=\"Tellio\u011flu; \u201cbizim k\u00f6yl\u00fcm\u00fcz en iyisini hak ediyor\u201d\" data-image-description=\"&lt;p&gt;Tellio\u011flu; \u201cbizim k\u00f6yl\u00fcm\u00fcz en iyisini hak ediyor\u201d&lt;\/p&gt; \" data-medium-file=\"https:\/\/i0.wp.com\/www.tvturk.com\/wp-content\/uploads\/2019\/02\/tellioglu-bizim-koylumuz-en-iyisini-hak-ediyor_894fa4e.jpg?fit=300%2C200\" data-large-file=\"https:\/\/i0.wp.com\/www.tvturk.com\/wp-content\/uploads\/2019\/02\/tellioglu-bizim-koylumuz-en-iyisini-hak-ediyor_894fa4e.jpg?fit=1000%2C666\" src=\"https:\/\/i0.wp.com\/www.tvturk.com\/wp-content\/uploads\/2019\/02\/tellioglu-bizim-koylumuz-en-iyisini-hak-ediyor_894fa4e.jpg?w=349&#038;h=233\" srcset=\"https:\/\/i0.wp.com\/www.tvturk.com\/wp-content\/uploads\/2019\/02\/tellioglu-bizim-koylumuz-en-iyisini-hak-ediyor_894fa4e.jpg?w=1000 1000w, https:\/\/i0.wp.com\/www.tvturk.com\/wp-content\/uploads\/2019\/02\/tellioglu-bizim-koylumuz-en-iyisini-hak-ediyor_894fa4e.jpg?resize=150%2C100 150w, https:\/\/i0.wp.com\/www.tvturk.com\/wp-content\/uploads\/2019\/02\/tellioglu-bizim-koylumuz-en-iyisini-hak-ediyor_894fa4e.jpg?resize=300%2C200 300w, https:\/\/i0.wp.com\/www.tvturk.com\/wp-content\/uploads\/2019\/02\/tellioglu-bizim-koylumuz-en-iyisini-hak-ediyor_894fa4e.jpg?resize=768%2C511 768w, https:\/\/i0.wp.com\/www.tvturk.com\/wp-content\/uploads\/2019\/02\/tellioglu-bizim-koylumuz-en-iyisini-hak-ediyor_894fa4e.jpg?resize=170%2C113 170w, https:\/\/i0.wp.com\/www.tvturk.com\/wp-content\/uploads\/2019\/02\/tellioglu-bizim-koylumuz-en-iyisini-hak-ediyor_894fa4e.jpg?resize=120%2C80 120w\" width=\"349\" height=\"233\" loading=\"lazy\" data-original-width=\"349\" data-original-height=\"233\" itemprop=\"http:\/\/schema.org\/image\" title=\"Tellio\u011flu; \u201cbizim k\u00f6yl\u00fcm\u00fcz en iyisini hak ediyor\u201d\" alt=\"Tellio\u011flu; \u201cbizim k\u00f6yl\u00fcm\u00fcz en iyisini hak ediyor\u201d\" style=\"width: 349px; height: 233px;\" \/> <\/a> <\/div> <\/div> <!-- close group --> <\/div> <!-- close row --> <\/div><\/p>\n","protected":false},"excerpt":{"rendered":"<p>M\u0130LLET \u0130TT\u0130FAKI CUMHUR\u0130YET HALK PART\u0130S\u0130 KARES\u0130 BELED\u0130YE BA\u015eKAN ADAYI LEVENT TELL\u0130O\u011eLU, SE\u00c7\u0130M \u00c7ALI\u015eMALARI KAPSAMINDA OVACIK, BEYK\u00d6Y VE KABAKDERE KIRSAL MAHALLELER\u0130NDE VATANDA\u015eLARLA B\u0130R ARAYA GELD\u0130.<\/p>\n","protected":false},"author":1,"featured_media":30770,"comment_status":"closed","ping_status":"open","sticky":false,"template":"","format":"standard","meta":{"jetpack_post_was_ever_published":false,"_jetpack_newsletter_access":"","_jetpack_dont_email_post_to_subs":false,"_jetpack_newsletter_tier_id":0,"_jetpack_memberships_contains_paywalled_content":false,"_jetpack_memberships_contains_paid_content":false,"footnotes":"","jetpack_publicize_message":"","jetpack_publicize_feature_enabled":true,"jetpack_social_post_already_shared":false,"jetpack_social_options":{"image_generator_settings":{"template":"highway","default_image_id":0,"font":"","enabled":false},"version":2}},"categories":[9],"tags":[104,523,964,5927,12123,1103],"class_list":["post-30769","post","type-post","status-publish","format-standard","has-post-thumbnail","hentry","category-siyaset","tag-bizim","tag-ediyor","tag-hak","tag-iyisini","tag-koylumuz","tag-tellioglu"],"jetpack_publicize_connections":[],"jetpack_featured_media_url":"https:\/\/i0.wp.com\/www.tvturk.com\/wp-content\/uploads\/2019\/02\/tellioglu-bizim-koylumuz-en-iyisini-hak-ediyor_bc7b2c0.jpg?fit=1000%2C666","jetpack_sharing_enabled":true,"jetpack_shortlink":"https:\/\/wp.me\/paKIfm-80h","_links":{"self":[{"href":"http:\/\/www.tvturk.com\/index.php\/wp-json\/wp\/v2\/posts\/30769","targetHints":{"allow":["GET"]}}],"collection":[{"href":"http:\/\/www.tvturk.com\/index.php\/wp-json\/wp\/v2\/posts"}],"about":[{"href":"http:\/\/www.tvturk.com\/index.php\/wp-json\/wp\/v2\/types\/post"}],"author":[{"embeddable":true,"href":"http:\/\/www.tvturk.com\/index.php\/wp-json\/wp\/v2\/users\/1"}],"replies":[{"embeddable":true,"href":"http:\/\/www.tvturk.com\/index.php\/wp-json\/wp\/v2\/comments?post=30769"}],"version-history":[{"count":1,"href":"http:\/\/www.tvturk.com\/index.php\/wp-json\/wp\/v2\/posts\/30769\/revisions"}],"predecessor-version":[{"id":30777,"href":"http:\/\/www.tvturk.com\/index.php\/wp-json\/wp\/v2\/posts\/30769\/revisions\/30777"}],"wp:featuredmedia":[{"embeddable":true,"href":"http:\/\/www.tvturk.com\/index.php\/wp-json\/wp\/v2\/media\/30770"}],"wp:attachment":[{"href":"http:\/\/www.tvturk.com\/index.php\/wp-json\/wp\/v2\/media?parent=30769"}],"wp:term":[{"taxonomy":"category","embeddable":true,"href":"http:\/\/www.tvturk.com\/index.php\/wp-json\/wp\/v2\/categories?post=30769"},{"taxonomy":"post_tag","embeddable":true,"href":"http:\/\/www.tvturk.com\/index.php\/wp-json\/wp\/v2\/tags?post=30769"}],"curies":[{"name":"wp","href":"https:\/\/api.w.org\/{rel}","templated":true}]}}