{"id":30789,"date":"2019-02-14T09:31:11","date_gmt":"2019-02-14T06:31:11","guid":{"rendered":"http:\/\/www.tvturk.com\/index.php\/bursanin-dag-ilceleri-beyaza-burundu\/"},"modified":"2019-02-14T09:31:14","modified_gmt":"2019-02-14T06:31:14","slug":"bursanin-dag-ilceleri-beyaza-burundu","status":"publish","type":"post","link":"http:\/\/www.tvturk.com\/index.php\/bursanin-dag-ilceleri-beyaza-burundu\/","title":{"rendered":"Bursa\u2019n\u0131n da\u011f il\u00e7eleri beyaza b\u00fcr\u00fcnd\u00fc"},"content":{"rendered":"<p>Meteoroloji Genel M\u00fcd\u00fcrl\u00fc\u011f\u00fc\u2019nden yap\u0131lan uyar\u0131lar\u0131n ard\u0131ndan, Bursa\u2019n\u0131n da\u011f il\u00e7elerinden B\u00fcy\u00fckorhan\u2019da gece saatlerinde kar ya\u011f\u0131\u015f\u0131 etkisini g\u00f6stermeye ba\u015flad\u0131.<\/p>\n<p>Yeni g\u00fcne ba\u015flamak i\u00e7in evinden \u00e7\u0131kan B\u00fcy\u00fckorhanl\u0131lar beyaz \u00f6rt\u00fcyle kar\u015f\u0131la\u015ft\u0131. \u0130l\u00e7enin y\u00fcksek kesimleri olan Belp\u0131nar mevkiinde kar yer yer 15 santimetreye ula\u015ft\u0131. B\u00fcy\u00fck\u015fehir Belediyesi\u2019ne ba\u011fl\u0131 tuzlama ve k\u00fcreme ekipleri, kar ya\u011f\u0131\u015f\u0131n\u0131n herhangi bir olumsuzlu\u011fa yol a\u00e7mamas\u0131 i\u00e7in yo\u011fun \u00e7al\u0131\u015fma sarf ediyor.<div class=\"tiled-gallery type-rectangular tiled-gallery-unresized\" data-original-width=\"500\" data-carousel-extra='null' itemscope itemtype=\"http:\/\/schema.org\/ImageGallery\" > <div class=\"gallery-row\" style=\"width: 500px; height: 251px;\" data-original-width=\"500\" data-original-height=\"251\" > <div class=\"gallery-group images-1\" style=\"width: 334px; height: 251px;\" data-original-width=\"334\" data-original-height=\"251\" > <div class=\"tiled-gallery-item tiled-gallery-item-large\" itemprop=\"associatedMedia\" itemscope itemtype=\"http:\/\/schema.org\/ImageObject\"> <a href=\"http:\/\/www.tvturk.com\/index.php\/bursanin-dag-ilceleri-beyaza-burundu\/bursanin-dag-ilceleri-beyaza-burundu-3\/\" border=\"0\" itemprop=\"url\"> <meta itemprop=\"width\" content=\"330\"> <meta itemprop=\"height\" content=\"247\"> <img decoding=\"async\" class=\"\" data-attachment-id=\"30791\" data-orig-file=\"http:\/\/www.tvturk.com\/wp-content\/uploads\/2019\/02\/bursanin-dag-ilceleri-beyaza-burundu_e891d78.jpg\" data-orig-size=\"1000,750\" data-comments-opened=\"\" data-image-meta=\"{&quot;aperture&quot;:&quot;0&quot;,&quot;credit&quot;:&quot;IHA&quot;,&quot;camera&quot;:&quot;&quot;,&quot;caption&quot;:&quot;B\\u00dcY\\u00dcKORHANLILAR G\\u00dcNE KAR YA\\u011eI\\u015eI \\u0130LE UYANDI. (AL\\u0130 ERDEM\\\/BURSA-\\u0130HA)&quot;,&quot;created_timestamp&quot;:&quot;0&quot;,&quot;copyright&quot;:&quot;\\u0130HLAS HABER AJANSI, www.iha.com.tr&quot;,&quot;focal_length&quot;:&quot;0&quot;,&quot;iso&quot;:&quot;0&quot;,&quot;shutter_speed&quot;:&quot;0&quot;,&quot;title&quot;:&quot;BURSA\\u0027NIN DA\\u011e \\u0130L\\u00c7ELER\\u0130 BEYAZA B\\u00dcR\\u00dcND\\u00dc&quot;,&quot;orientation&quot;:&quot;0&quot;}\" data-image-title=\"Bursa\u2019n\u0131n da\u011f il\u00e7eleri beyaza b\u00fcr\u00fcnd\u00fc\" data-image-description=\"&lt;p&gt;Bursa\u2019n\u0131n da\u011f il\u00e7eleri beyaza b\u00fcr\u00fcnd\u00fc&lt;\/p&gt; \" data-medium-file=\"https:\/\/i0.wp.com\/www.tvturk.com\/wp-content\/uploads\/2019\/02\/bursanin-dag-ilceleri-beyaza-burundu_e891d78.jpg?fit=300%2C225\" data-large-file=\"https:\/\/i0.wp.com\/www.tvturk.com\/wp-content\/uploads\/2019\/02\/bursanin-dag-ilceleri-beyaza-burundu_e891d78.jpg?fit=1000%2C750\" src=\"https:\/\/i0.wp.com\/www.tvturk.com\/wp-content\/uploads\/2019\/02\/bursanin-dag-ilceleri-beyaza-burundu_e891d78.jpg?w=330&#038;h=247\" srcset=\"https:\/\/i0.wp.com\/www.tvturk.com\/wp-content\/uploads\/2019\/02\/bursanin-dag-ilceleri-beyaza-burundu_e891d78.jpg?w=1000 1000w, https:\/\/i0.wp.com\/www.tvturk.com\/wp-content\/uploads\/2019\/02\/bursanin-dag-ilceleri-beyaza-burundu_e891d78.jpg?resize=150%2C113 150w, https:\/\/i0.wp.com\/www.tvturk.com\/wp-content\/uploads\/2019\/02\/bursanin-dag-ilceleri-beyaza-burundu_e891d78.jpg?resize=300%2C225 300w, https:\/\/i0.wp.com\/www.tvturk.com\/wp-content\/uploads\/2019\/02\/bursanin-dag-ilceleri-beyaza-burundu_e891d78.jpg?resize=768%2C576 768w\" width=\"330\" height=\"247\" loading=\"lazy\" data-original-width=\"330\" data-original-height=\"247\" itemprop=\"http:\/\/schema.org\/image\" title=\"Bursa\u2019n\u0131n da\u011f il\u00e7eleri beyaza b\u00fcr\u00fcnd\u00fc\" alt=\"Bursa\u2019n\u0131n da\u011f il\u00e7eleri beyaza b\u00fcr\u00fcnd\u00fc\" style=\"width: 330px; height: 247px;\" \/> <\/a> <\/div> <\/div> <!-- close group --> <div class=\"gallery-group images-2\" style=\"width: 166px; height: 251px;\" data-original-width=\"166\" data-original-height=\"251\" > <div class=\"tiled-gallery-item tiled-gallery-item-small\" itemprop=\"associatedMedia\" itemscope itemtype=\"http:\/\/schema.org\/ImageObject\"> <a href=\"http:\/\/www.tvturk.com\/index.php\/bursanin-dag-ilceleri-beyaza-burundu\/bursanin-dag-ilceleri-beyaza-burundu-4\/\" border=\"0\" itemprop=\"url\"> <meta itemprop=\"width\" content=\"162\"> <meta itemprop=\"height\" content=\"122\"> <img decoding=\"async\" class=\"\" data-attachment-id=\"30792\" data-orig-file=\"http:\/\/www.tvturk.com\/wp-content\/uploads\/2019\/02\/bursanin-dag-ilceleri-beyaza-burundu_92efb79.jpg\" data-orig-size=\"1000,750\" data-comments-opened=\"\" data-image-meta=\"{&quot;aperture&quot;:&quot;0&quot;,&quot;credit&quot;:&quot;IHA&quot;,&quot;camera&quot;:&quot;&quot;,&quot;caption&quot;:&quot;B\\u00dcY\\u00dcKORHANLILAR G\\u00dcNE KAR YA\\u011eI\\u015eI \\u0130LE UYANDI. (AL\\u0130 ERDEM\\\/BURSA-\\u0130HA)&quot;,&quot;created_timestamp&quot;:&quot;0&quot;,&quot;copyright&quot;:&quot;\\u0130HLAS HABER AJANSI, www.iha.com.tr&quot;,&quot;focal_length&quot;:&quot;0&quot;,&quot;iso&quot;:&quot;0&quot;,&quot;shutter_speed&quot;:&quot;0&quot;,&quot;title&quot;:&quot;BURSA\\u0027NIN DA\\u011e \\u0130L\\u00c7ELER\\u0130 BEYAZA B\\u00dcR\\u00dcND\\u00dc&quot;,&quot;orientation&quot;:&quot;0&quot;}\" data-image-title=\"Bursa\u2019n\u0131n da\u011f il\u00e7eleri beyaza b\u00fcr\u00fcnd\u00fc\" data-image-description=\"&lt;p&gt;Bursa\u2019n\u0131n da\u011f il\u00e7eleri beyaza b\u00fcr\u00fcnd\u00fc&lt;\/p&gt; \" data-medium-file=\"https:\/\/i0.wp.com\/www.tvturk.com\/wp-content\/uploads\/2019\/02\/bursanin-dag-ilceleri-beyaza-burundu_92efb79.jpg?fit=300%2C225\" data-large-file=\"https:\/\/i0.wp.com\/www.tvturk.com\/wp-content\/uploads\/2019\/02\/bursanin-dag-ilceleri-beyaza-burundu_92efb79.jpg?fit=1000%2C750\" src=\"https:\/\/i0.wp.com\/www.tvturk.com\/wp-content\/uploads\/2019\/02\/bursanin-dag-ilceleri-beyaza-burundu_92efb79.jpg?w=162&#038;h=122\" srcset=\"https:\/\/i0.wp.com\/www.tvturk.com\/wp-content\/uploads\/2019\/02\/bursanin-dag-ilceleri-beyaza-burundu_92efb79.jpg?w=1000 1000w, https:\/\/i0.wp.com\/www.tvturk.com\/wp-content\/uploads\/2019\/02\/bursanin-dag-ilceleri-beyaza-burundu_92efb79.jpg?resize=150%2C113 150w, https:\/\/i0.wp.com\/www.tvturk.com\/wp-content\/uploads\/2019\/02\/bursanin-dag-ilceleri-beyaza-burundu_92efb79.jpg?resize=300%2C225 300w, https:\/\/i0.wp.com\/www.tvturk.com\/wp-content\/uploads\/2019\/02\/bursanin-dag-ilceleri-beyaza-burundu_92efb79.jpg?resize=768%2C576 768w\" width=\"162\" height=\"122\" loading=\"lazy\" data-original-width=\"162\" data-original-height=\"122\" itemprop=\"http:\/\/schema.org\/image\" title=\"Bursa\u2019n\u0131n da\u011f il\u00e7eleri beyaza b\u00fcr\u00fcnd\u00fc\" alt=\"Bursa\u2019n\u0131n da\u011f il\u00e7eleri beyaza b\u00fcr\u00fcnd\u00fc\" style=\"width: 162px; height: 122px;\" \/> <\/a> <\/div> <div class=\"tiled-gallery-item tiled-gallery-item-small\" itemprop=\"associatedMedia\" itemscope itemtype=\"http:\/\/schema.org\/ImageObject\"> <a href=\"http:\/\/www.tvturk.com\/index.php\/bursanin-dag-ilceleri-beyaza-burundu\/bursanin-dag-ilceleri-beyaza-burundu-5\/\" border=\"0\" itemprop=\"url\"> <meta itemprop=\"width\" content=\"162\"> <meta itemprop=\"height\" content=\"121\"> <img decoding=\"async\" class=\"\" data-attachment-id=\"30793\" data-orig-file=\"http:\/\/www.tvturk.com\/wp-content\/uploads\/2019\/02\/bursanin-dag-ilceleri-beyaza-burundu_c1b9512.jpg\" data-orig-size=\"1000,750\" data-comments-opened=\"\" data-image-meta=\"{&quot;aperture&quot;:&quot;0&quot;,&quot;credit&quot;:&quot;IHA&quot;,&quot;camera&quot;:&quot;&quot;,&quot;caption&quot;:&quot;B\\u00dcY\\u00dcKORHANLILAR G\\u00dcNE KAR YA\\u011eI\\u015eI \\u0130LE UYANDI. (AL\\u0130 ERDEM\\\/BURSA-\\u0130HA)&quot;,&quot;created_timestamp&quot;:&quot;0&quot;,&quot;copyright&quot;:&quot;\\u0130HLAS HABER AJANSI, www.iha.com.tr&quot;,&quot;focal_length&quot;:&quot;0&quot;,&quot;iso&quot;:&quot;0&quot;,&quot;shutter_speed&quot;:&quot;0&quot;,&quot;title&quot;:&quot;BURSA\\u0027NIN DA\\u011e \\u0130L\\u00c7ELER\\u0130 BEYAZA B\\u00dcR\\u00dcND\\u00dc&quot;,&quot;orientation&quot;:&quot;0&quot;}\" data-image-title=\"Bursa\u2019n\u0131n da\u011f il\u00e7eleri beyaza b\u00fcr\u00fcnd\u00fc\" data-image-description=\"&lt;p&gt;Bursa\u2019n\u0131n da\u011f il\u00e7eleri beyaza b\u00fcr\u00fcnd\u00fc&lt;\/p&gt; \" data-medium-file=\"https:\/\/i0.wp.com\/www.tvturk.com\/wp-content\/uploads\/2019\/02\/bursanin-dag-ilceleri-beyaza-burundu_c1b9512.jpg?fit=300%2C225\" data-large-file=\"https:\/\/i0.wp.com\/www.tvturk.com\/wp-content\/uploads\/2019\/02\/bursanin-dag-ilceleri-beyaza-burundu_c1b9512.jpg?fit=1000%2C750\" src=\"https:\/\/i0.wp.com\/www.tvturk.com\/wp-content\/uploads\/2019\/02\/bursanin-dag-ilceleri-beyaza-burundu_c1b9512.jpg?w=162&#038;h=121\" srcset=\"https:\/\/i0.wp.com\/www.tvturk.com\/wp-content\/uploads\/2019\/02\/bursanin-dag-ilceleri-beyaza-burundu_c1b9512.jpg?w=1000 1000w, https:\/\/i0.wp.com\/www.tvturk.com\/wp-content\/uploads\/2019\/02\/bursanin-dag-ilceleri-beyaza-burundu_c1b9512.jpg?resize=150%2C113 150w, https:\/\/i0.wp.com\/www.tvturk.com\/wp-content\/uploads\/2019\/02\/bursanin-dag-ilceleri-beyaza-burundu_c1b9512.jpg?resize=300%2C225 300w, https:\/\/i0.wp.com\/www.tvturk.com\/wp-content\/uploads\/2019\/02\/bursanin-dag-ilceleri-beyaza-burundu_c1b9512.jpg?resize=768%2C576 768w\" width=\"162\" height=\"121\" loading=\"lazy\" data-original-width=\"162\" data-original-height=\"121\" itemprop=\"http:\/\/schema.org\/image\" title=\"Bursa\u2019n\u0131n da\u011f il\u00e7eleri beyaza b\u00fcr\u00fcnd\u00fc\" alt=\"Bursa\u2019n\u0131n da\u011f il\u00e7eleri beyaza b\u00fcr\u00fcnd\u00fc\" style=\"width: 162px; height: 121px;\" \/> <\/a> <\/div> <\/div> <!-- close group --> <\/div> <!-- close row --> <\/div><\/p>\n","protected":false},"excerpt":{"rendered":"<p>B\u00dcY\u00dcKORHANLILAR G\u00dcNE KAR YA\u011eI\u015eI \u0130LE UYANDI.<\/p>\n","protected":false},"author":1,"featured_media":30790,"comment_status":"closed","ping_status":"open","sticky":false,"template":"","format":"standard","meta":{"jetpack_post_was_ever_published":false,"_jetpack_newsletter_access":"","_jetpack_dont_email_post_to_subs":false,"_jetpack_newsletter_tier_id":0,"_jetpack_memberships_contains_paywalled_content":false,"_jetpack_memberships_contains_paid_content":false,"footnotes":"","jetpack_publicize_message":"","jetpack_publicize_feature_enabled":true,"jetpack_social_post_already_shared":false,"jetpack_social_options":{"image_generator_settings":{"template":"highway","default_image_id":0,"font":"","enabled":false},"version":2}},"categories":[655],"tags":[12128,2395,5132,384,427],"class_list":["post-30789","post","type-post","status-publish","format-standard","has-post-thumbnail","hentry","category-son-dakika","tag-beyaza","tag-bursanin","tag-burundu","tag-dag","tag-ilceleri"],"jetpack_publicize_connections":[],"jetpack_featured_media_url":"https:\/\/i0.wp.com\/www.tvturk.com\/wp-content\/uploads\/2019\/02\/bursanin-dag-ilceleri-beyaza-burundu_39bcaec.jpg?fit=1000%2C750","jetpack_sharing_enabled":true,"jetpack_shortlink":"https:\/\/wp.me\/paKIfm-80B","_links":{"self":[{"href":"http:\/\/www.tvturk.com\/index.php\/wp-json\/wp\/v2\/posts\/30789","targetHints":{"allow":["GET"]}}],"collection":[{"href":"http:\/\/www.tvturk.com\/index.php\/wp-json\/wp\/v2\/posts"}],"about":[{"href":"http:\/\/www.tvturk.com\/index.php\/wp-json\/wp\/v2\/types\/post"}],"author":[{"embeddable":true,"href":"http:\/\/www.tvturk.com\/index.php\/wp-json\/wp\/v2\/users\/1"}],"replies":[{"embeddable":true,"href":"http:\/\/www.tvturk.com\/index.php\/wp-json\/wp\/v2\/comments?post=30789"}],"version-history":[{"count":1,"href":"http:\/\/www.tvturk.com\/index.php\/wp-json\/wp\/v2\/posts\/30789\/revisions"}],"predecessor-version":[{"id":30794,"href":"http:\/\/www.tvturk.com\/index.php\/wp-json\/wp\/v2\/posts\/30789\/revisions\/30794"}],"wp:featuredmedia":[{"embeddable":true,"href":"http:\/\/www.tvturk.com\/index.php\/wp-json\/wp\/v2\/media\/30790"}],"wp:attachment":[{"href":"http:\/\/www.tvturk.com\/index.php\/wp-json\/wp\/v2\/media?parent=30789"}],"wp:term":[{"taxonomy":"category","embeddable":true,"href":"http:\/\/www.tvturk.com\/index.php\/wp-json\/wp\/v2\/categories?post=30789"},{"taxonomy":"post_tag","embeddable":true,"href":"http:\/\/www.tvturk.com\/index.php\/wp-json\/wp\/v2\/tags?post=30789"}],"curies":[{"name":"wp","href":"https:\/\/api.w.org\/{rel}","templated":true}]}}