{"id":30795,"date":"2019-02-14T09:31:15","date_gmt":"2019-02-14T06:31:15","guid":{"rendered":"http:\/\/www.tvturk.com\/index.php\/minyatur-sanatcisi-uludagdan-rektor-aldemire-ziyaret\/"},"modified":"2019-02-14T09:31:15","modified_gmt":"2019-02-14T06:31:15","slug":"minyatur-sanatcisi-uludagdan-rektor-aldemire-ziyaret","status":"publish","type":"post","link":"http:\/\/www.tvturk.com\/index.php\/minyatur-sanatcisi-uludagdan-rektor-aldemire-ziyaret\/","title":{"rendered":"Minyat\u00fcr sanat\u00e7\u0131s\u0131 Uluda\u011f\u2019dan Rekt\u00f6r Aldemir\u2019e ziyaret"},"content":{"rendered":"<p>K\u00fclt\u00fcr ve Turizm Bakanl\u0131\u011f\u0131 Geleneksel T\u00fcrk Sanatlar\u0131 Minyat\u00fcr Sanat\u00e7\u0131s\u0131 Melis Sevilay Uluda\u011f, AD\u00dc Rekt\u00f6r\u00fc Prof. Dr. Osman Sel\u00e7uk Aldemir\u2019i makam\u0131nda ziyaret etti.<\/p>\n<p>Geleneksel T\u00fcrk sanatlar\u0131 hakk\u0131nda Rekt\u00f6r Prof. Dr. Osman Sel\u00e7uk Aldemir\u2019e bilgiler veren Melis Sevilay Uluda\u011f, rekt\u00f6rl\u00fck g\u00f6revinin \u00fcniversite ve Ayd\u0131n i\u00e7in hay\u0131rl\u0131 olmas\u0131n\u0131 temenni etti.<\/p>\n<p>Rekt\u00f6r Prof. Dr. Osman Sel\u00e7uk Aldemir ise; ziyaretten duydu\u011fu memnuniyeti dile getirirken, T\u00fcrk minyat\u00fcr sanat\u0131n\u0131n kendine \u00f6zg\u00fc bir \u00f6zelli\u011fi oldu\u011funu, \u00f6zellikle Cumhuriyet sonras\u0131 T\u00fcrk resimlerine esin kayna\u011f\u0131  oldu\u011funu vurgulad\u0131. Bu sanat\u0131n ya\u015fat\u0131lmas\u0131 ve geli\u015ftirilmesine y\u00f6nelik \u00f6zel hassasiyetinin bulundu\u011funa de\u011finen Rekt\u00f6r Prof. Dr. Osman Sel\u00e7uk Aldemir, bu konuda \u00fcniversite olarak her t\u00fcrl\u00fc i\u015fbirli\u011fi ve projeye destek vermeye haz\u0131r olduklar\u0131n\u0131 belirtti.<\/p>\n","protected":false},"excerpt":{"rendered":"<p>K\u00dcLT\u00dcR VE TUR\u0130ZM BAKANLI\u011eI GELENEKSEL T\u00dcRK SANATLARI M\u0130NYAT\u00dcR SANAT\u00c7ISI MEL\u0130S SEV\u0130LAY ULUDA\u011e, AD\u00dc REKT\u00d6R\u00dc PROF. DR. OSMAN SEL\u00c7UK ALDEM\u0130R\u2019\u0130 MAKAMINDA Z\u0130YARET ETT\u0130.<\/p>\n","protected":false},"author":1,"featured_media":30796,"comment_status":"closed","ping_status":"open","sticky":false,"template":"","format":"standard","meta":{"jetpack_post_was_ever_published":false,"_jetpack_newsletter_access":"","_jetpack_dont_email_post_to_subs":false,"_jetpack_newsletter_tier_id":0,"_jetpack_memberships_contains_paywalled_content":false,"_jetpack_memberships_contains_paid_content":false,"footnotes":"","jetpack_publicize_message":"","jetpack_publicize_feature_enabled":true,"jetpack_social_post_already_shared":false,"jetpack_social_options":{"image_generator_settings":{"template":"highway","default_image_id":0,"font":"","enabled":false},"version":2}},"categories":[655],"tags":[164,10531,163,3636,12129,150],"class_list":["post-30795","post","type-post","status-publish","format-standard","has-post-thumbnail","hentry","category-son-dakika","tag-aldemire","tag-minyatur","tag-rektor","tag-sanatcisi","tag-uludagdan","tag-ziyaret"],"jetpack_publicize_connections":[],"jetpack_featured_media_url":"https:\/\/i0.wp.com\/www.tvturk.com\/wp-content\/uploads\/2019\/02\/minyatur-sanatcisi-uludagdan-rektor-aldemire-ziyaret_ce7dc83.jpg?fit=1000%2C616","jetpack_sharing_enabled":true,"jetpack_shortlink":"https:\/\/wp.me\/paKIfm-80H","_links":{"self":[{"href":"http:\/\/www.tvturk.com\/index.php\/wp-json\/wp\/v2\/posts\/30795","targetHints":{"allow":["GET"]}}],"collection":[{"href":"http:\/\/www.tvturk.com\/index.php\/wp-json\/wp\/v2\/posts"}],"about":[{"href":"http:\/\/www.tvturk.com\/index.php\/wp-json\/wp\/v2\/types\/post"}],"author":[{"embeddable":true,"href":"http:\/\/www.tvturk.com\/index.php\/wp-json\/wp\/v2\/users\/1"}],"replies":[{"embeddable":true,"href":"http:\/\/www.tvturk.com\/index.php\/wp-json\/wp\/v2\/comments?post=30795"}],"version-history":[{"count":0,"href":"http:\/\/www.tvturk.com\/index.php\/wp-json\/wp\/v2\/posts\/30795\/revisions"}],"wp:featuredmedia":[{"embeddable":true,"href":"http:\/\/www.tvturk.com\/index.php\/wp-json\/wp\/v2\/media\/30796"}],"wp:attachment":[{"href":"http:\/\/www.tvturk.com\/index.php\/wp-json\/wp\/v2\/media?parent=30795"}],"wp:term":[{"taxonomy":"category","embeddable":true,"href":"http:\/\/www.tvturk.com\/index.php\/wp-json\/wp\/v2\/categories?post=30795"},{"taxonomy":"post_tag","embeddable":true,"href":"http:\/\/www.tvturk.com\/index.php\/wp-json\/wp\/v2\/tags?post=30795"}],"curies":[{"name":"wp","href":"https:\/\/api.w.org\/{rel}","templated":true}]}}