{"id":30889,"date":"2019-02-14T10:01:02","date_gmt":"2019-02-14T07:01:02","guid":{"rendered":"http:\/\/www.tvturk.com\/index.php\/uykudan-yanginla-uyandilar\/"},"modified":"2019-02-14T10:01:03","modified_gmt":"2019-02-14T07:01:03","slug":"uykudan-yanginla-uyandilar","status":"publish","type":"post","link":"http:\/\/www.tvturk.com\/index.php\/uykudan-yanginla-uyandilar\/","title":{"rendered":"Uykudan yang\u0131nla uyand\u0131lar"},"content":{"rendered":"<p>Giresun\u2019un G\u00f6rele il\u00e7esinde sabaha kar\u015f\u0131 \u00e7\u0131kan yang\u0131nda bir ev tamamen yanarak kullan\u0131lamaz hale geldi.<\/p>\n<p>Edinilen bilgilere g\u00f6re, il\u00e7enin Ta\u015fl\u0131k k\u00f6y\u00fcnde Ali Osman Ke\u00e7e\u2019ye ait evde hen\u00fcz belirlenemeyen bir nedenle yang\u0131n \u00e7\u0131kt\u0131. Sabah uykudayken yang\u0131nla uyanan aile d\u0131\u015far\u0131 \u00e7\u0131karak canlar\u0131n\u0131 kurtar\u0131rken evlerinin yan\u0131\u015f\u0131n\u0131 g\u00f6z ya\u015flar\u0131yla \u00e7aresizce izlediler. Meydana gelen yang\u0131nda can kayb\u0131 ya\u015fanmazken, ev i\u00e7erisindeki e\u015fyalarla yanarak tamamen kullan\u0131lmaz hale geldi.<\/p>\n<p>\u0130ddiaya g\u00f6re evin bulundu\u011fu mahalle yolunun heyelan nedeniyle uzun zamand\u0131r kapal\u0131 oldu\u011fu i\u00e7in G\u00f6rele Belediyesi\u2019ne ait itfaiye ara\u00e7lar\u0131 yanan eve ula\u015famad\u0131\u011f\u0131 i\u00e7in yang\u0131na m\u00fcdahale edemedi. Yang\u0131n sonras\u0131 ise kapal\u0131 olan mahalle yolundaki heyelan temizlenerek yol ula\u015f\u0131ma a\u00e7\u0131ld\u0131. Mahalle halk\u0131 ise \u201c\u0130lle de yolun a\u00e7\u0131lmas\u0131 i\u00e7in bir felaket mi ya\u015fanmas\u0131 gerekiyordu. Uzun zamand\u0131r bir \u00e7ok m\u00fcracaatlar\u0131m\u0131za ra\u011fmen yolu bir t\u00fcrl\u00fc a\u00e7t\u0131ram\u0131yorduk\u201d ifadeleriyle tepkilerini dile getirdi.<div class=\"tiled-gallery type-rectangular tiled-gallery-unresized\" data-original-width=\"500\" data-carousel-extra='null' itemscope itemtype=\"http:\/\/schema.org\/ImageGallery\" > <div class=\"gallery-row\" style=\"width: 500px; height: 283px;\" data-original-width=\"500\" data-original-height=\"283\" > <div class=\"gallery-group images-1\" style=\"width: 500px; height: 283px;\" data-original-width=\"500\" data-original-height=\"283\" > <div class=\"tiled-gallery-item tiled-gallery-item-large\" itemprop=\"associatedMedia\" itemscope itemtype=\"http:\/\/schema.org\/ImageObject\"> <a href=\"http:\/\/www.tvturk.com\/index.php\/uykudan-yanginla-uyandilar\/uykudan-yanginla-uyandilar-3\/\" border=\"0\" itemprop=\"url\"> <meta itemprop=\"width\" content=\"496\"> <meta itemprop=\"height\" content=\"279\"> <img decoding=\"async\" class=\"\" data-attachment-id=\"30891\" data-orig-file=\"http:\/\/www.tvturk.com\/wp-content\/uploads\/2019\/02\/uykudan-yanginla-uyandilar_d3f0f49.jpg\" data-orig-size=\"960,540\" data-comments-opened=\"\" data-image-meta=\"{&quot;aperture&quot;:&quot;0&quot;,&quot;credit&quot;:&quot;IHA&quot;,&quot;camera&quot;:&quot;&quot;,&quot;caption&quot;:&quot;G\\u0130RESUN\\u2019UN G\\u00d6RELE \\u0130L\\u00c7ES\\u0130NDE SABAHA KAR\\u015eI \\u00c7IKAN YANGINDA B\\u0130R EV TAMAMEN YANARAK KULLANILMAZ HALE GELD\\u0130. (AHMET B\\u0130LGE\\\/G\\u0130RESUN-\\u0130HA)&quot;,&quot;created_timestamp&quot;:&quot;1550166720&quot;,&quot;copyright&quot;:&quot;\\u0130HLAS HABER AJANSI, www.iha.com.tr&quot;,&quot;focal_length&quot;:&quot;0&quot;,&quot;iso&quot;:&quot;0&quot;,&quot;shutter_speed&quot;:&quot;0&quot;,&quot;title&quot;:&quot;UYKUDAN YANGINLA UYANDILAR&quot;,&quot;orientation&quot;:&quot;0&quot;}\" data-image-title=\"Uykudan yang\u0131nla uyand\u0131lar\" data-image-description=\"&lt;p&gt;Uykudan yang\u0131nla uyand\u0131lar&lt;\/p&gt; \" data-medium-file=\"https:\/\/i0.wp.com\/www.tvturk.com\/wp-content\/uploads\/2019\/02\/uykudan-yanginla-uyandilar_d3f0f49.jpg?fit=300%2C169\" data-large-file=\"https:\/\/i0.wp.com\/www.tvturk.com\/wp-content\/uploads\/2019\/02\/uykudan-yanginla-uyandilar_d3f0f49.jpg?fit=960%2C540\" src=\"https:\/\/i0.wp.com\/www.tvturk.com\/wp-content\/uploads\/2019\/02\/uykudan-yanginla-uyandilar_d3f0f49.jpg?w=496&#038;h=279\" srcset=\"https:\/\/i0.wp.com\/www.tvturk.com\/wp-content\/uploads\/2019\/02\/uykudan-yanginla-uyandilar_d3f0f49.jpg?w=960 960w, https:\/\/i0.wp.com\/www.tvturk.com\/wp-content\/uploads\/2019\/02\/uykudan-yanginla-uyandilar_d3f0f49.jpg?resize=150%2C84 150w, https:\/\/i0.wp.com\/www.tvturk.com\/wp-content\/uploads\/2019\/02\/uykudan-yanginla-uyandilar_d3f0f49.jpg?resize=300%2C169 300w, https:\/\/i0.wp.com\/www.tvturk.com\/wp-content\/uploads\/2019\/02\/uykudan-yanginla-uyandilar_d3f0f49.jpg?resize=768%2C432 768w, https:\/\/i0.wp.com\/www.tvturk.com\/wp-content\/uploads\/2019\/02\/uykudan-yanginla-uyandilar_d3f0f49.jpg?resize=200%2C113 200w\" width=\"496\" height=\"279\" loading=\"lazy\" data-original-width=\"496\" data-original-height=\"279\" itemprop=\"http:\/\/schema.org\/image\" title=\"Uykudan yang\u0131nla uyand\u0131lar\" alt=\"Uykudan yang\u0131nla uyand\u0131lar\" style=\"width: 496px; height: 279px;\" \/> <\/a> <\/div> <\/div> <!-- close group --> <\/div> <!-- close row --> <\/div><\/p>\n","protected":false},"excerpt":{"rendered":"<p>G\u0130RESUN\u2019UN G\u00d6RELE \u0130L\u00c7ES\u0130NDE SABAHA KAR\u015eI \u00c7IKAN YANGINDA B\u0130R EV TAMAMEN YANARAK KULLANILMAZ HALE GELD\u0130.<\/p>\n","protected":false},"author":1,"featured_media":30890,"comment_status":"closed","ping_status":"open","sticky":false,"template":"","format":"standard","meta":{"jetpack_post_was_ever_published":false,"_jetpack_newsletter_access":"","_jetpack_dont_email_post_to_subs":false,"_jetpack_newsletter_tier_id":0,"_jetpack_memberships_contains_paywalled_content":false,"_jetpack_memberships_contains_paid_content":false,"footnotes":"","jetpack_publicize_message":"","jetpack_publicize_feature_enabled":true,"jetpack_social_post_already_shared":false,"jetpack_social_options":{"image_generator_settings":{"template":"highway","default_image_id":0,"font":"","enabled":false},"version":2}},"categories":[655],"tags":[12172,12170,12171],"class_list":["post-30889","post","type-post","status-publish","format-standard","has-post-thumbnail","hentry","category-son-dakika","tag-uyandilar","tag-uykudan","tag-yanginla"],"jetpack_publicize_connections":[],"jetpack_featured_media_url":"https:\/\/i0.wp.com\/www.tvturk.com\/wp-content\/uploads\/2019\/02\/uykudan-yanginla-uyandilar_e9225fc.jpg?fit=1000%2C750","jetpack_sharing_enabled":true,"jetpack_shortlink":"https:\/\/wp.me\/paKIfm-82d","_links":{"self":[{"href":"http:\/\/www.tvturk.com\/index.php\/wp-json\/wp\/v2\/posts\/30889","targetHints":{"allow":["GET"]}}],"collection":[{"href":"http:\/\/www.tvturk.com\/index.php\/wp-json\/wp\/v2\/posts"}],"about":[{"href":"http:\/\/www.tvturk.com\/index.php\/wp-json\/wp\/v2\/types\/post"}],"author":[{"embeddable":true,"href":"http:\/\/www.tvturk.com\/index.php\/wp-json\/wp\/v2\/users\/1"}],"replies":[{"embeddable":true,"href":"http:\/\/www.tvturk.com\/index.php\/wp-json\/wp\/v2\/comments?post=30889"}],"version-history":[{"count":1,"href":"http:\/\/www.tvturk.com\/index.php\/wp-json\/wp\/v2\/posts\/30889\/revisions"}],"predecessor-version":[{"id":30892,"href":"http:\/\/www.tvturk.com\/index.php\/wp-json\/wp\/v2\/posts\/30889\/revisions\/30892"}],"wp:featuredmedia":[{"embeddable":true,"href":"http:\/\/www.tvturk.com\/index.php\/wp-json\/wp\/v2\/media\/30890"}],"wp:attachment":[{"href":"http:\/\/www.tvturk.com\/index.php\/wp-json\/wp\/v2\/media?parent=30889"}],"wp:term":[{"taxonomy":"category","embeddable":true,"href":"http:\/\/www.tvturk.com\/index.php\/wp-json\/wp\/v2\/categories?post=30889"},{"taxonomy":"post_tag","embeddable":true,"href":"http:\/\/www.tvturk.com\/index.php\/wp-json\/wp\/v2\/tags?post=30889"}],"curies":[{"name":"wp","href":"https:\/\/api.w.org\/{rel}","templated":true}]}}