{"id":30904,"date":"2019-02-14T10:01:11","date_gmt":"2019-02-14T07:01:11","guid":{"rendered":"http:\/\/www.tvturk.com\/index.php\/emniyet-amiri-ozgan-doktor-unvanini-aldi\/"},"modified":"2019-02-14T10:01:11","modified_gmt":"2019-02-14T07:01:11","slug":"emniyet-amiri-ozgan-doktor-unvanini-aldi","status":"publish","type":"post","link":"http:\/\/www.tvturk.com\/index.php\/emniyet-amiri-ozgan-doktor-unvanini-aldi\/","title":{"rendered":"Emniyet Amiri \u00d6zgan doktor unvan\u0131n\u0131 ald\u0131"},"content":{"rendered":"<p>Bilecik\u2019in Osmaneli \u0130\u00e7e Emniyet M\u00fcd\u00fcr Vekili Emniyet Amiri Ali \u00d6zgan, Polis Akademisi G\u00fcvenlik Bilimleri Enstit\u00fcs\u00fc\u2019nde y\u00fcr\u00fctt\u00fc\u011f\u00fc doktora e\u011fitimini tamamlayarak diplomas\u0131n\u0131 ald\u0131.<\/p>\n<p>Emniyet Amiri \u00d6zgan, diplomas\u0131n\u0131 Ankara\u2019da Polis Akademisi Polis Amirleri E\u011fitimi Merkezi M\u00fcd\u00fcr Vekili Prof. Dr. Or\u00e7un \u0130mga\u2019n\u0131n elinden ald\u0131. \u00d6zgan\u2019\u0131 kutlayan Prof. Dr. \u0130mga &#8220;Gerek akademik ve gerekse ki\u015filik davran\u0131\u015flar\u0131ndan dolay\u0131 ve g\u00f6sterdi\u011fi ba\u015far\u0131lardan dolay\u0131 Ali \u00d6zgan\u2019i tebrik ediyorum&#8221; ifadelerini kulland\u0131.<\/p>\n<p>Emniyet d\u00fcnyas\u0131na 1996 y\u0131l\u0131nda Ankara Polis Koleji ile ad\u0131m atan \u00d6zgan, ard\u0131ndan 2004 y\u0131l\u0131nda Polis Akademisi G\u00fcvenlik Bilimleri Fak\u00fcltesi\u2019nden mezun oldu. Amir \u00d6zgan, y\u00fcksek lisans\u0131n\u0131 Mu\u011fla \u00dcniversitesi Kamu Y\u00f6netimi b\u00f6l\u00fcm\u00fcnde, ikinci lisans e\u011fitimini Eski\u015fehir Anadolu \u00dcniversitesi Sosyoloji B\u00f6l\u00fcm\u00fc\u2019nde tamamlad\u0131. \u00d6zgan, daha sonra Polis Akademisi G\u00fcvenlik Bilimleri Enstit\u00fcs\u00fc\u2019nde doktora program\u0131na ba\u015fvurdu ve ba\u015far\u0131yla mezun olarak doktor unvan\u0131n\u0131 ald\u0131. Mu\u011fla \u0130l Emniyet M\u00fcd\u00fcrl\u00fc\u011f\u00fc, Van \u0130l Emniyet M\u00fcd\u00fcrl\u00fc\u011f\u00fc, Yozgat Polis Meslek E\u011fitim Merkezi M\u00fcd\u00fcrl\u00fc\u011f\u00fcnde \u00e7e\u015fitli birimlerde g\u00f6rev alan  ve son olarak da Bilecik\u2019in Osmaneli \u0130l\u00e7e Emniyet M\u00fcd\u00fcr vekili olarak g\u00f6revini halen s\u00fcrd\u00fcren Ali \u00d6zgan, Bilecik \u015eeyh Edebali \u00dcniversitesi Siyaset Bilimi ve Kamu Y\u00f6netimi B\u00f6l\u00fcm\u00fcnde misafir \u00f6\u011fretim g\u00f6revlisi olarak B\u00fcrokrasi dersi veriyor.<\/p>\n","protected":false},"excerpt":{"rendered":"<p>B\u0130LEC\u0130K\u2019\u0130N OSMANEL\u0130 \u0130\u00c7E EMN\u0130YET M\u00dcD\u00dcR VEK\u0130L\u0130 EMN\u0130YET AM\u0130R\u0130 AL\u0130 \u00d6ZGAN (EL\u0130NDE DOSYA OLAN) , POL\u0130S AKADEM\u0130S\u0130 G\u00dcVENL\u0130K B\u0130L\u0130MLER\u0130 ENST\u0130T\u00dcS\u00dc&#8217;NDE Y\u00dcR\u00dcTT\u00dc\u011e\u00dc DOKTORA E\u011e\u0130T\u0130M\u0130N\u0130 TAMAMLAYARAK D\u0130PLOMASINI ALDI.<\/p>\n","protected":false},"author":1,"featured_media":30905,"comment_status":"closed","ping_status":"open","sticky":false,"template":"","format":"standard","meta":{"jetpack_post_was_ever_published":false,"_jetpack_newsletter_access":"","_jetpack_dont_email_post_to_subs":false,"_jetpack_newsletter_tier_id":0,"_jetpack_memberships_contains_paywalled_content":false,"_jetpack_memberships_contains_paid_content":false,"footnotes":"","jetpack_publicize_message":"","jetpack_publicize_feature_enabled":true,"jetpack_social_post_already_shared":false,"jetpack_social_options":{"image_generator_settings":{"template":"highway","default_image_id":0,"font":"","enabled":false},"version":2}},"categories":[655],"tags":[1075,12177,663,253,12178,12179],"class_list":["post-30904","post","type-post","status-publish","format-standard","has-post-thumbnail","hentry","category-son-dakika","tag-aldi","tag-amiri","tag-doktor","tag-emniyet","tag-ozgan","tag-unvanini"],"jetpack_publicize_connections":[],"jetpack_featured_media_url":"https:\/\/i0.wp.com\/www.tvturk.com\/wp-content\/uploads\/2019\/02\/emniyet-amiri-ozgan-doktor-unvanini-aldi_c1cd1f3.jpg?fit=556%2C556","jetpack_sharing_enabled":true,"jetpack_shortlink":"https:\/\/wp.me\/paKIfm-82s","_links":{"self":[{"href":"http:\/\/www.tvturk.com\/index.php\/wp-json\/wp\/v2\/posts\/30904","targetHints":{"allow":["GET"]}}],"collection":[{"href":"http:\/\/www.tvturk.com\/index.php\/wp-json\/wp\/v2\/posts"}],"about":[{"href":"http:\/\/www.tvturk.com\/index.php\/wp-json\/wp\/v2\/types\/post"}],"author":[{"embeddable":true,"href":"http:\/\/www.tvturk.com\/index.php\/wp-json\/wp\/v2\/users\/1"}],"replies":[{"embeddable":true,"href":"http:\/\/www.tvturk.com\/index.php\/wp-json\/wp\/v2\/comments?post=30904"}],"version-history":[{"count":0,"href":"http:\/\/www.tvturk.com\/index.php\/wp-json\/wp\/v2\/posts\/30904\/revisions"}],"wp:featuredmedia":[{"embeddable":true,"href":"http:\/\/www.tvturk.com\/index.php\/wp-json\/wp\/v2\/media\/30905"}],"wp:attachment":[{"href":"http:\/\/www.tvturk.com\/index.php\/wp-json\/wp\/v2\/media?parent=30904"}],"wp:term":[{"taxonomy":"category","embeddable":true,"href":"http:\/\/www.tvturk.com\/index.php\/wp-json\/wp\/v2\/categories?post=30904"},{"taxonomy":"post_tag","embeddable":true,"href":"http:\/\/www.tvturk.com\/index.php\/wp-json\/wp\/v2\/tags?post=30904"}],"curies":[{"name":"wp","href":"https:\/\/api.w.org\/{rel}","templated":true}]}}