{"id":30951,"date":"2019-02-14T10:11:17","date_gmt":"2019-02-14T07:11:17","guid":{"rendered":"http:\/\/www.tvturk.com\/index.php\/sozenden-hdp-kadin-secim-beyannamesine-tepki\/"},"modified":"2019-02-14T10:11:17","modified_gmt":"2019-02-14T07:11:17","slug":"sozenden-hdp-kadin-secim-beyannamesine-tepki","status":"publish","type":"post","link":"http:\/\/www.tvturk.com\/index.php\/sozenden-hdp-kadin-secim-beyannamesine-tepki\/","title":{"rendered":"S\u00f6zen\u2019den HDP kad\u0131n se\u00e7im beyannamesine tepki"},"content":{"rendered":"<p>Anadolu G\u00fcvenlik Korucular\u0131 ve \u015eehit Aileleri Konfederasyonu Genel Ba\u015fkan\u0131 Ziya S\u00f6zen, HDP\u2019nin kad\u0131n se\u00e7im beyannamesi ad\u0131 alt\u0131nda yay\u0131nlad\u0131\u011f\u0131 beyannamenin yapmac\u0131k, ger\u00e7eklerden uzak ve pop\u00fclizm kokan bir beyanname oldu\u011funu s\u00f6yledi.<\/p>\n<p>Anadolu G\u00fcvenlik Korucular\u0131 ve \u015eehit Aileleri Konfederasyonu Genel Ba\u015fkan\u0131 Ziya S\u00f6zen, HDP\u2019nin deste\u011fiyle on binlerce gen\u00e7 k\u0131z\u0131n daha hayatlar\u0131n\u0131n baharlar\u0131nda kand\u0131r\u0131ld\u0131\u011f\u0131n\u0131 ve PKK saflar\u0131na kat\u0131l\u0131mlar\u0131 sa\u011fland\u0131\u011f\u0131n\u0131 belirterek, okul \u00e7a\u011f\u0131ndaki bu gen\u00e7 k\u0131zlar\u0131n babalar\u0131, dedeleri ya\u015flar\u0131ndaki insanl\u0131ktan nasiplenmemi\u015f erkek ter\u00f6ristlerce s\u00fcrekli tecav\u00fcze u\u011frad\u0131\u011f\u0131n\u0131 dile getirdi. S\u00f6zen, \u201cHDP\u2019nin kad\u0131n se\u00e7im beyannamesi ad\u0131 alt\u0131nda yay\u0131nlad\u0131\u011f\u0131 beyanname yapmac\u0131k, ger\u00e7eklerden uzak ve pop\u00fclizm kokan bir beyannamedir. \u00c7\u00fcnk\u00fc bu \u00fclkede HDP\u2019nin ve HDP\u2019nin s\u0131rt\u0131n\u0131 dayad\u0131\u011f\u0131 PKK ter\u00f6r \u00f6rg\u00fct\u00fc kadar kad\u0131nlara k\u00f6t\u00fcl\u00fck yapan bir olu\u015fum yoktur. HDP\u2019nin deste\u011fiyle on binlerce gen\u00e7 k\u0131z daha hayatlar\u0131n\u0131n baharlar\u0131nda kand\u0131r\u0131lm\u0131\u015f ve PKK saflar\u0131na kat\u0131l\u0131mlar\u0131 sa\u011flanm\u0131\u015ft\u0131r. Bu gencecik k\u0131zlar \u00f6rg\u00fct saflar\u0131nda \u015fiddete, cinsel istismara ve daha bir\u00e7ok insanl\u0131k d\u0131\u015f\u0131 muameleyle kar\u015f\u0131 kar\u015f\u0131ya b\u0131rak\u0131lm\u0131\u015ft\u0131r. Okul \u00e7a\u011f\u0131ndaki bu gen\u00e7 k\u0131zlar babalar\u0131 dedeleri ya\u015flar\u0131ndaki insanl\u0131ktan nasiplenmemi\u015f erkek ter\u00f6ristlerce s\u00fcrekli tecav\u00fcze u\u011fram\u0131\u015f, buna kar\u015f\u0131 koyanlar ya vah\u015fice infaz edilmi\u015fler ya da bu insanl\u0131k d\u0131\u015f\u0131 muamelelere dayanamayarak intihar etmi\u015flerdir. Bu gencecik k\u0131zlar erkeklerle ayn\u0131 ortamlarda, ayn\u0131 ma\u011faralarda y\u0131llarca ya\u015famak zorunda b\u0131rak\u0131lm\u0131\u015flard\u0131r. Bu gencecik k\u0131zlar bu al\u00e7ak muamelelere tabi tutulurken, HDP sesini \u00e7\u0131karmay\u0131p adeta bu kirli ili\u015fkilere \u0131\u015f\u0131k tutmu\u015ftur. Bir\u00e7ok ilde bu gencecik k\u0131zlar tatil ve yaz kurslar\u0131 bahanesiyle HDP\u2019li belediyelerce da\u011fa g\u00f6nderilmi\u015flerdir. Hepimizin hat\u0131rlayaca\u011f\u0131 \u00fczere PKK\u2019n\u0131n elinde bulunan \u00e7ocuklar\u0131n\u0131 isteyen aileler o d\u00f6nem HDP\u2019nin elinde bulunan Diyarbak\u0131r B\u00fcy\u00fck\u015fehir Belediyesi \u00e7al\u0131\u015fanlar\u0131 taraf\u0131ndan darp edilip belediye \u00f6n\u00fcnden uzakla\u015ft\u0131r\u0131lm\u0131\u015flard\u0131r\u201d dedi.<\/p>\n<p>\u201cHDP utanmadan kad\u0131n haklar\u0131n\u0131 savunuyor\u201d<\/p>\n<p>S\u00f6zen, HDP\u2019nin yapt\u0131klar\u0131 ile s\u00f6ylediklerinin birbiriyle \u00e7eli\u015fti\u011fini belirterek a\u00e7\u0131klamalar\u0131n\u0131 \u015f\u00f6yle s\u00fcrd\u00fcrd\u00fc:<\/p>\n<p>&#8220;B\u00fct\u00fcn bu al\u00e7akl\u0131klar ya\u015fan\u0131rken sesini \u00e7\u0131karmayan, PKK\u2019ya sahip \u00e7\u0131kan HDP \u015fimdi kalkm\u0131\u015f utanmadan arlanmadan kad\u0131n haklar\u0131ndan bahsediyor. \u015eimdi HDP\u2019ye soruyorum. Ey gafil HDP, ey PKK sevicisi HDP, siz PKK eliyle b\u00fct\u00fcn b\u00f6lgeyi yak\u0131p y\u0131kt\u0131n\u0131z. Talan ettiniz. \u0130nsanlara ya\u015fayacak alan b\u0131rakmad\u0131n\u0131z. \u0130nsanlar sizin b\u00fcy\u00fct\u00fcp besledi\u011finiz ter\u00f6ristler y\u00fcz\u00fcnden evlerini yurtlar\u0131n\u0131 terk etti. \u015eimdi kalk\u0131p do\u011fdu\u011fum yerde doymak istiyorum diye slogan at\u0131yorsunuz. Sloganla kar\u0131n doyar m\u0131? Daha ne kadar bu yalanlar\u0131n arkas\u0131na s\u0131\u011f\u0131n\u0131p siyaset yapacaks\u0131n\u0131z? Ey HDP \u2019Bir dikili a\u011fac\u0131n yoksa sende yoksun\u2019 diyorsunuz. Allah a\u015fk\u0131na sizin bu memlekette bir dikili a\u011fac\u0131n\u0131z var m\u0131? Bu memleket i\u00e7in ta\u015f \u00fcst\u00fcne ta\u015f koydunuz mu? Sizde birazc\u0131k utanma olsa bu yalanlar\u0131 atmazs\u0131n\u0131z. Kad\u0131n haklar\u0131na sayg\u0131n\u0131z varsa kad\u0131nl\u0131k onur ve \u015ferefini ayaklar alt\u0131na alan PKK\u2019ya kar\u015f\u0131 koyars\u0131n\u0131z. Kad\u0131nlar\u0131m\u0131z\u0131n sizin bu yalanlar\u0131na kar\u0131nlar\u0131 toktur\u201d.<\/p>\n","protected":false},"excerpt":{"rendered":"<p>ANADOLU G\u00dcVENL\u0130K KORUCULARI VE \u015eEH\u0130T A\u0130LELER\u0130 KONFEDERASYONU GENEL BA\u015eKANI Z\u0130YA S\u00d6ZEN, HDP\u2019N\u0130N KADIN SE\u00c7\u0130M BEYANNAMES\u0130 ADI ALTINDA YAYINLADI\u011eI BEYANNAMEN\u0130N YAPMACIK, GER\u00c7EKLERDEN UZAK VE POP\u00dcL\u0130ZM KOKAN B\u0130R BEYANNAME OLDU\u011eUNU S\u00d6YLED\u0130.<\/p>\n","protected":false},"author":1,"featured_media":30952,"comment_status":"closed","ping_status":"open","sticky":false,"template":"","format":"standard","meta":{"jetpack_post_was_ever_published":false,"_jetpack_newsletter_access":"","_jetpack_dont_email_post_to_subs":false,"_jetpack_newsletter_tier_id":0,"_jetpack_memberships_contains_paywalled_content":false,"_jetpack_memberships_contains_paid_content":false,"footnotes":"","jetpack_publicize_message":"","jetpack_publicize_feature_enabled":true,"jetpack_social_post_already_shared":false,"jetpack_social_options":{"image_generator_settings":{"template":"highway","default_image_id":0,"font":"","enabled":false},"version":2}},"categories":[655],"tags":[12195,3328,108,402,12194,961],"class_list":["post-30951","post","type-post","status-publish","format-standard","has-post-thumbnail","hentry","category-son-dakika","tag-beyannamesine","tag-hdp","tag-kadin","tag-secim","tag-sozenden","tag-tepki"],"jetpack_publicize_connections":[],"jetpack_featured_media_url":"https:\/\/i0.wp.com\/www.tvturk.com\/wp-content\/uploads\/2019\/02\/sozenden-hdp-kadin-secim-beyannamesine-tepki_64d04c9.jpg?fit=750%2C402","jetpack_sharing_enabled":true,"jetpack_shortlink":"https:\/\/wp.me\/paKIfm-83d","_links":{"self":[{"href":"http:\/\/www.tvturk.com\/index.php\/wp-json\/wp\/v2\/posts\/30951","targetHints":{"allow":["GET"]}}],"collection":[{"href":"http:\/\/www.tvturk.com\/index.php\/wp-json\/wp\/v2\/posts"}],"about":[{"href":"http:\/\/www.tvturk.com\/index.php\/wp-json\/wp\/v2\/types\/post"}],"author":[{"embeddable":true,"href":"http:\/\/www.tvturk.com\/index.php\/wp-json\/wp\/v2\/users\/1"}],"replies":[{"embeddable":true,"href":"http:\/\/www.tvturk.com\/index.php\/wp-json\/wp\/v2\/comments?post=30951"}],"version-history":[{"count":0,"href":"http:\/\/www.tvturk.com\/index.php\/wp-json\/wp\/v2\/posts\/30951\/revisions"}],"wp:featuredmedia":[{"embeddable":true,"href":"http:\/\/www.tvturk.com\/index.php\/wp-json\/wp\/v2\/media\/30952"}],"wp:attachment":[{"href":"http:\/\/www.tvturk.com\/index.php\/wp-json\/wp\/v2\/media?parent=30951"}],"wp:term":[{"taxonomy":"category","embeddable":true,"href":"http:\/\/www.tvturk.com\/index.php\/wp-json\/wp\/v2\/categories?post=30951"},{"taxonomy":"post_tag","embeddable":true,"href":"http:\/\/www.tvturk.com\/index.php\/wp-json\/wp\/v2\/tags?post=30951"}],"curies":[{"name":"wp","href":"https:\/\/api.w.org\/{rel}","templated":true}]}}