{"id":30974,"date":"2019-02-14T10:17:46","date_gmt":"2019-02-14T07:17:46","guid":{"rendered":"http:\/\/www.tvturk.com\/?p=30974"},"modified":"2019-02-14T15:40:15","modified_gmt":"2019-02-14T12:40:15","slug":"ii-siber-guvenlik-ekosisteminin-gelistirilmesi-zirvesi-ankarada-gerceklesiyor","status":"publish","type":"post","link":"http:\/\/www.tvturk.com\/index.php\/ii-siber-guvenlik-ekosisteminin-gelistirilmesi-zirvesi-ankarada-gerceklesiyor\/","title":{"rendered":"II.Siber G\u00fcvenlik Ekosisteminin Geli\u015ftirilmesi Zirvesi Ankara\u2019da Ger\u00e7ekle\u015fiyor"},"content":{"rendered":"\n<p>Bilgi Teknolojileri ve \u0130leti\u015fim Kurumu ve TBD (T\u00fcrkiye Bili\u015fim Derne\u011fi) \u00f6nderli\u011finde organize edilen zirve sekt\u00f6r ve kurumlar\u0131n geni\u015f kat\u0131l\u0131m\u0131 ile ba\u015flad\u0131. A\u00e7\u0131l\u0131\u015f\u0131 Ahmet Hamdi Atalay taraf\u0131ndan yap\u0131lan etkinlikte, T\u00fcrkiye Siber G\u00fcvenlik ekosisteminde geni\u015fleme ve genel kat\u0131l\u0131m ile yerelle\u015ftirilmesi hedefleniyor.<\/p>\n\n\n\n<p>2.nci Siber G\u00fcvenlik Ekosisteminin Geli\u015ftirilmesi Zirvesinde, ulusal siber g\u00fcvenlik ekosisteminin payda\u015flar\u0131 taraf\u0131ndan ekosistemin geli\u015ftirilmesine y\u00f6nelik hususlar, s\u00fcre\u00e7, yasal mevzuat ve sosyal boyutuyla tart\u0131\u015f\u0131l\u0131yor. Karar vericilere \u0131\u015f\u0131k tutmas\u0131 a\u00e7\u0131s\u0131ndan ortak ak\u0131l olu\u015fturulmas\u0131 planlan\u0131yor. Ayr\u0131ca yerli teknolojilerin geli\u015ftirilmesi ve kritik altyap\u0131larda kullan\u0131m\u0131n\u0131n yayg\u0131nla\u015ft\u0131r\u0131lmas\u0131na y\u00f6nelik politika, strateji ve eylem planlar\u0131 da g\u00fcn i\u00e7erisinde tart\u0131\u015f\u0131lacak ve toplumun t\u00fcm katmanlar\u0131nda fark\u0131ndal\u0131k yarat\u0131lmas\u0131 sa\u011flanacakt\u0131r. <\/p>\n\n\n\n<p>Etkinlik, T\u00fcrkiye &#8216;de Siber G\u00fcvenlik alan\u0131nda faaliyet g\u00f6steren bir \u00e7ok sekt\u00f6r temsilcisini, kamu kurumlar\u0131n\u0131, \u00f6zel sekt\u00f6r m\u00fc\u015fterilerini, \u00fcniversiteler ve di\u011fer ilgilileri bir araya getirmi\u015ftir.<\/p>\n\n\n\n<p>Detayl\u0131 bilgiler i\u00e7in BTK web sitesi ziyaret edilebilir!!! <\/p>\n","protected":false},"excerpt":{"rendered":"<p>Bilgi Teknolojileri ve \u0130leti\u015fim Kurumu ve TBD (T\u00fcrkiye Bili\u015fim Derne\u011fi) \u00f6nderli\u011finde organize edilen zirve sekt\u00f6r ve kurumlar\u0131n geni\u015f kat\u0131l\u0131m\u0131 ile ba\u015flad\u0131. A\u00e7\u0131l\u0131\u015f\u0131 Ahmet Hamdi Atalay taraf\u0131ndan yap\u0131lan etkinlikte, T\u00fcrkiye Siber G\u00fcvenlik ekosisteminde geni\u015fleme ve genel kat\u0131l\u0131m ile yerelle\u015ftirilmesi hedefleniyor. 2.nci Siber G\u00fcvenlik Ekosisteminin Geli\u015ftirilmesi Zirvesinde, ulusal siber g\u00fcvenlik ekosisteminin payda\u015flar\u0131 taraf\u0131ndan ekosistemin geli\u015ftirilmesine y\u00f6nelik hususlar, [&hellip;]<\/p>\n","protected":false},"author":1,"featured_media":31812,"comment_status":"closed","ping_status":"open","sticky":false,"template":"","format":"standard","meta":{"jetpack_post_was_ever_published":false,"_jetpack_newsletter_access":"","_jetpack_dont_email_post_to_subs":false,"_jetpack_newsletter_tier_id":0,"_jetpack_memberships_contains_paywalled_content":false,"_jetpack_memberships_contains_paid_content":false,"footnotes":"","jetpack_publicize_message":"","jetpack_publicize_feature_enabled":true,"jetpack_social_post_already_shared":false,"jetpack_social_options":{"image_generator_settings":{"template":"highway","default_image_id":0,"font":"","enabled":false},"version":2}},"categories":[5,655,24],"tags":[],"class_list":["post-30974","post","type-post","status-publish","format-standard","has-post-thumbnail","hentry","category-gundem","category-son-dakika","category-teknoloji"],"jetpack_publicize_connections":[],"jetpack_featured_media_url":"https:\/\/i0.wp.com\/www.tvturk.com\/wp-content\/uploads\/2019\/02\/PNG-g%C3%B6r%C3%BCnt%C3%BCs%C3%BC-1.png?fit=800%2C600","jetpack_sharing_enabled":true,"jetpack_shortlink":"https:\/\/wp.me\/paKIfm-83A","_links":{"self":[{"href":"http:\/\/www.tvturk.com\/index.php\/wp-json\/wp\/v2\/posts\/30974","targetHints":{"allow":["GET"]}}],"collection":[{"href":"http:\/\/www.tvturk.com\/index.php\/wp-json\/wp\/v2\/posts"}],"about":[{"href":"http:\/\/www.tvturk.com\/index.php\/wp-json\/wp\/v2\/types\/post"}],"author":[{"embeddable":true,"href":"http:\/\/www.tvturk.com\/index.php\/wp-json\/wp\/v2\/users\/1"}],"replies":[{"embeddable":true,"href":"http:\/\/www.tvturk.com\/index.php\/wp-json\/wp\/v2\/comments?post=30974"}],"version-history":[{"count":3,"href":"http:\/\/www.tvturk.com\/index.php\/wp-json\/wp\/v2\/posts\/30974\/revisions"}],"predecessor-version":[{"id":32658,"href":"http:\/\/www.tvturk.com\/index.php\/wp-json\/wp\/v2\/posts\/30974\/revisions\/32658"}],"wp:featuredmedia":[{"embeddable":true,"href":"http:\/\/www.tvturk.com\/index.php\/wp-json\/wp\/v2\/media\/31812"}],"wp:attachment":[{"href":"http:\/\/www.tvturk.com\/index.php\/wp-json\/wp\/v2\/media?parent=30974"}],"wp:term":[{"taxonomy":"category","embeddable":true,"href":"http:\/\/www.tvturk.com\/index.php\/wp-json\/wp\/v2\/categories?post=30974"},{"taxonomy":"post_tag","embeddable":true,"href":"http:\/\/www.tvturk.com\/index.php\/wp-json\/wp\/v2\/tags?post=30974"}],"curies":[{"name":"wp","href":"https:\/\/api.w.org\/{rel}","templated":true}]}}