{"id":31139,"date":"2019-02-14T11:01:11","date_gmt":"2019-02-14T08:01:11","guid":{"rendered":"http:\/\/www.tvturk.com\/index.php\/fetoden-gozaltina-alinan-14-asker-adliyeye-sevk-edildi\/"},"modified":"2019-02-14T11:01:15","modified_gmt":"2019-02-14T08:01:15","slug":"fetoden-gozaltina-alinan-14-asker-adliyeye-sevk-edildi","status":"publish","type":"post","link":"http:\/\/www.tvturk.com\/index.php\/fetoden-gozaltina-alinan-14-asker-adliyeye-sevk-edildi\/","title":{"rendered":"FET\u00d6\u2019den g\u00f6zalt\u0131na al\u0131nan 14 asker adliyeye sevk edildi"},"content":{"rendered":"<p>Kocaeli merkezli 7 ilde FET\u00d6\/PDY\u2019nin askeri yap\u0131lanmas\u0131na y\u00f6nelik d\u00fczenlenen operasyonlarda g\u00f6zalt\u0131na al\u0131nan 14 askeri personel adliyeye sevk edildi.<\/p>\n<p>Edinilen bilgiye g\u00f6re Kocaeli Cumhuriyet Ba\u015fsavc\u0131l\u0131\u011f\u0131nca FET\u00d6\/PDY\u2019nin T\u00fcrk Silahl\u0131 Kuvvetleri (TSK) yap\u0131lanmas\u0131na y\u00f6nelik y\u00fcr\u00fct\u00fclen soru\u015fturmada 16 \u015f\u00fcpheli hakk\u0131nda yakalama karar\u0131 verildi. Bunun \u00fczerine Kocaeli Emniyeti Ka\u00e7ak\u00e7\u0131l\u0131k ve Organize Su\u00e7larla M\u00fccadele \u015eube M\u00fcd\u00fcrl\u00fc\u011f\u00fc (KOM) ekipleri harekete ge\u00e7ti. Ekiplerce Kocaeli merkezli, \u0130stanbul, Ankara, \u0130zmir, Mu\u011fla, Yalova ve Zonguldak illerinde e\u015f zamanl\u0131 d\u00fczenlenen operasyonlarda 12\u2019si muvazzaf, 2\u2019si a\u00e7\u0131kta ve 2\u2019si de emekli olmak \u00fczere toplam 16 askeri personel g\u00f6zalt\u0131na al\u0131nd\u0131. Kocaeli Emniyet M\u00fcd\u00fcrl\u00fc\u011f\u00fcne getirilen \u015fah\u0131slardan 14\u2019\u00fc tamamlanan i\u015flemlerinin ard\u0131ndan Kocaeli Adliyesi\u2019ne sevk edildi.<div class=\"tiled-gallery type-rectangular tiled-gallery-unresized\" data-original-width=\"500\" data-carousel-extra='null' itemscope itemtype=\"http:\/\/schema.org\/ImageGallery\" > <div class=\"gallery-row\" style=\"width: 500px; height: 224px;\" data-original-width=\"500\" data-original-height=\"224\" > <div class=\"gallery-group images-1\" style=\"width: 334px; height: 224px;\" data-original-width=\"334\" data-original-height=\"224\" > <div class=\"tiled-gallery-item tiled-gallery-item-large\" itemprop=\"associatedMedia\" itemscope itemtype=\"http:\/\/schema.org\/ImageObject\"> <a href=\"http:\/\/www.tvturk.com\/index.php\/fetoden-gozaltina-alinan-14-asker-adliyeye-sevk-edildi\/fetoden-gozaltina-alinan-14-asker-adliyeye-sevk-edildi-3\/\" border=\"0\" itemprop=\"url\"> <meta itemprop=\"width\" content=\"330\"> <meta itemprop=\"height\" content=\"220\"> <img decoding=\"async\" class=\"\" data-attachment-id=\"31141\" data-orig-file=\"http:\/\/www.tvturk.com\/wp-content\/uploads\/2019\/02\/fetoden-gozaltina-alinan-14-asker-adliyeye-sevk-edildi_883c641.jpg\" data-orig-size=\"1000,666\" data-comments-opened=\"\" data-image-meta=\"{&quot;aperture&quot;:&quot;0&quot;,&quot;credit&quot;:&quot;IHA&quot;,&quot;camera&quot;:&quot;&quot;,&quot;caption&quot;:&quot;OCAEL\\u0130 MERKEZL\\u0130 7 \\u0130LDE FET\\u00d6\\\/PDY\\u0027N\\u0130N ASKER\\u0130 YAPILANMASINA Y\\u00d6NEL\\u0130K D\\u00dcZENLENEN OPERASYONLARDA G\\u00d6ZALTINA ALINAN 14 ASKER\\u0130 PERSONEL ADL\\u0130YEYE SEVK ED\\u0130LD\\u0130. (K\\u00dcBRA TOP\\u00c7UO\\u011eLU - MURAT KANBER\\\/KOCAEL\\u0130-\\u0130HA)&quot;,&quot;created_timestamp&quot;:&quot;0&quot;,&quot;copyright&quot;:&quot;\\u0130HLAS HABER AJANSI, www.iha.com.tr&quot;,&quot;focal_length&quot;:&quot;0&quot;,&quot;iso&quot;:&quot;0&quot;,&quot;shutter_speed&quot;:&quot;0&quot;,&quot;title&quot;:&quot;FET\\u00d6\\u2019DEN G\\u00d6ZALTINA ALINAN 14 ASKER ADL\\u0130YEYE SEVK ED\\u0130LD\\u0130&quot;,&quot;orientation&quot;:&quot;0&quot;}\" data-image-title=\"FET\u00d6\u2019den g\u00f6zalt\u0131na al\u0131nan 14 asker adliyeye sevk edildi\" data-image-description=\"&lt;p&gt;FET\u00d6\u2019den g\u00f6zalt\u0131na al\u0131nan 14 asker adliyeye sevk edildi&lt;\/p&gt; \" data-medium-file=\"https:\/\/i0.wp.com\/www.tvturk.com\/wp-content\/uploads\/2019\/02\/fetoden-gozaltina-alinan-14-asker-adliyeye-sevk-edildi_883c641.jpg?fit=300%2C200\" data-large-file=\"https:\/\/i0.wp.com\/www.tvturk.com\/wp-content\/uploads\/2019\/02\/fetoden-gozaltina-alinan-14-asker-adliyeye-sevk-edildi_883c641.jpg?fit=1000%2C666\" src=\"https:\/\/i0.wp.com\/www.tvturk.com\/wp-content\/uploads\/2019\/02\/fetoden-gozaltina-alinan-14-asker-adliyeye-sevk-edildi_883c641.jpg?w=330&#038;h=220\" srcset=\"https:\/\/i0.wp.com\/www.tvturk.com\/wp-content\/uploads\/2019\/02\/fetoden-gozaltina-alinan-14-asker-adliyeye-sevk-edildi_883c641.jpg?w=1000 1000w, https:\/\/i0.wp.com\/www.tvturk.com\/wp-content\/uploads\/2019\/02\/fetoden-gozaltina-alinan-14-asker-adliyeye-sevk-edildi_883c641.jpg?resize=150%2C100 150w, https:\/\/i0.wp.com\/www.tvturk.com\/wp-content\/uploads\/2019\/02\/fetoden-gozaltina-alinan-14-asker-adliyeye-sevk-edildi_883c641.jpg?resize=300%2C200 300w, https:\/\/i0.wp.com\/www.tvturk.com\/wp-content\/uploads\/2019\/02\/fetoden-gozaltina-alinan-14-asker-adliyeye-sevk-edildi_883c641.jpg?resize=768%2C511 768w, https:\/\/i0.wp.com\/www.tvturk.com\/wp-content\/uploads\/2019\/02\/fetoden-gozaltina-alinan-14-asker-adliyeye-sevk-edildi_883c641.jpg?resize=170%2C113 170w, https:\/\/i0.wp.com\/www.tvturk.com\/wp-content\/uploads\/2019\/02\/fetoden-gozaltina-alinan-14-asker-adliyeye-sevk-edildi_883c641.jpg?resize=120%2C80 120w\" width=\"330\" height=\"220\" loading=\"lazy\" data-original-width=\"330\" data-original-height=\"220\" itemprop=\"http:\/\/schema.org\/image\" title=\"FET\u00d6\u2019den g\u00f6zalt\u0131na al\u0131nan 14 asker adliyeye sevk edildi\" alt=\"FET\u00d6\u2019den g\u00f6zalt\u0131na al\u0131nan 14 asker adliyeye sevk edildi\" style=\"width: 330px; height: 220px;\" \/> <\/a> <\/div> <\/div> <!-- close group --> <div class=\"gallery-group images-2\" style=\"width: 166px; height: 224px;\" data-original-width=\"166\" data-original-height=\"224\" > <div class=\"tiled-gallery-item tiled-gallery-item-small\" itemprop=\"associatedMedia\" itemscope itemtype=\"http:\/\/schema.org\/ImageObject\"> <a href=\"http:\/\/www.tvturk.com\/index.php\/fetoden-gozaltina-alinan-14-asker-adliyeye-sevk-edildi\/fetoden-gozaltina-alinan-14-asker-adliyeye-sevk-edildi-4\/\" border=\"0\" itemprop=\"url\"> <meta itemprop=\"width\" content=\"162\"> <meta itemprop=\"height\" content=\"108\"> <img decoding=\"async\" class=\"\" data-attachment-id=\"31142\" data-orig-file=\"http:\/\/www.tvturk.com\/wp-content\/uploads\/2019\/02\/fetoden-gozaltina-alinan-14-asker-adliyeye-sevk-edildi_fc0e570.jpg\" data-orig-size=\"1000,666\" data-comments-opened=\"\" data-image-meta=\"{&quot;aperture&quot;:&quot;0&quot;,&quot;credit&quot;:&quot;IHA&quot;,&quot;camera&quot;:&quot;&quot;,&quot;caption&quot;:&quot;OCAEL\\u0130 MERKEZL\\u0130 7 \\u0130LDE FET\\u00d6\\\/PDY\\u0027N\\u0130N ASKER\\u0130 YAPILANMASINA Y\\u00d6NEL\\u0130K D\\u00dcZENLENEN OPERASYONLARDA G\\u00d6ZALTINA ALINAN 14 ASKER\\u0130 PERSONEL ADL\\u0130YEYE SEVK ED\\u0130LD\\u0130. (K\\u00dcBRA TOP\\u00c7UO\\u011eLU - MURAT KANBER\\\/KOCAEL\\u0130-\\u0130HA)&quot;,&quot;created_timestamp&quot;:&quot;0&quot;,&quot;copyright&quot;:&quot;\\u0130HLAS HABER AJANSI, www.iha.com.tr&quot;,&quot;focal_length&quot;:&quot;0&quot;,&quot;iso&quot;:&quot;0&quot;,&quot;shutter_speed&quot;:&quot;0&quot;,&quot;title&quot;:&quot;FET\\u00d6\\u2019DEN G\\u00d6ZALTINA ALINAN 14 ASKER ADL\\u0130YEYE SEVK ED\\u0130LD\\u0130&quot;,&quot;orientation&quot;:&quot;0&quot;}\" data-image-title=\"FET\u00d6\u2019den g\u00f6zalt\u0131na al\u0131nan 14 asker adliyeye sevk edildi\" data-image-description=\"&lt;p&gt;FET\u00d6\u2019den g\u00f6zalt\u0131na al\u0131nan 14 asker adliyeye sevk edildi&lt;\/p&gt; \" data-medium-file=\"https:\/\/i0.wp.com\/www.tvturk.com\/wp-content\/uploads\/2019\/02\/fetoden-gozaltina-alinan-14-asker-adliyeye-sevk-edildi_fc0e570.jpg?fit=300%2C200\" data-large-file=\"https:\/\/i0.wp.com\/www.tvturk.com\/wp-content\/uploads\/2019\/02\/fetoden-gozaltina-alinan-14-asker-adliyeye-sevk-edildi_fc0e570.jpg?fit=1000%2C666\" src=\"https:\/\/i0.wp.com\/www.tvturk.com\/wp-content\/uploads\/2019\/02\/fetoden-gozaltina-alinan-14-asker-adliyeye-sevk-edildi_fc0e570.jpg?w=162&#038;h=108\" srcset=\"https:\/\/i0.wp.com\/www.tvturk.com\/wp-content\/uploads\/2019\/02\/fetoden-gozaltina-alinan-14-asker-adliyeye-sevk-edildi_fc0e570.jpg?w=1000 1000w, https:\/\/i0.wp.com\/www.tvturk.com\/wp-content\/uploads\/2019\/02\/fetoden-gozaltina-alinan-14-asker-adliyeye-sevk-edildi_fc0e570.jpg?resize=150%2C100 150w, https:\/\/i0.wp.com\/www.tvturk.com\/wp-content\/uploads\/2019\/02\/fetoden-gozaltina-alinan-14-asker-adliyeye-sevk-edildi_fc0e570.jpg?resize=300%2C200 300w, https:\/\/i0.wp.com\/www.tvturk.com\/wp-content\/uploads\/2019\/02\/fetoden-gozaltina-alinan-14-asker-adliyeye-sevk-edildi_fc0e570.jpg?resize=768%2C511 768w, https:\/\/i0.wp.com\/www.tvturk.com\/wp-content\/uploads\/2019\/02\/fetoden-gozaltina-alinan-14-asker-adliyeye-sevk-edildi_fc0e570.jpg?resize=170%2C113 170w, https:\/\/i0.wp.com\/www.tvturk.com\/wp-content\/uploads\/2019\/02\/fetoden-gozaltina-alinan-14-asker-adliyeye-sevk-edildi_fc0e570.jpg?resize=120%2C80 120w\" width=\"162\" height=\"108\" loading=\"lazy\" data-original-width=\"162\" data-original-height=\"108\" itemprop=\"http:\/\/schema.org\/image\" title=\"FET\u00d6\u2019den g\u00f6zalt\u0131na al\u0131nan 14 asker adliyeye sevk edildi\" alt=\"FET\u00d6\u2019den g\u00f6zalt\u0131na al\u0131nan 14 asker adliyeye sevk edildi\" style=\"width: 162px; height: 108px;\" \/> <\/a> <\/div> <div class=\"tiled-gallery-item tiled-gallery-item-small\" itemprop=\"associatedMedia\" itemscope itemtype=\"http:\/\/schema.org\/ImageObject\"> <a href=\"http:\/\/www.tvturk.com\/index.php\/fetoden-gozaltina-alinan-14-asker-adliyeye-sevk-edildi\/fetoden-gozaltina-alinan-14-asker-adliyeye-sevk-edildi-5\/\" border=\"0\" itemprop=\"url\"> <meta itemprop=\"width\" content=\"162\"> <meta itemprop=\"height\" content=\"108\"> <img decoding=\"async\" class=\"\" data-attachment-id=\"31143\" data-orig-file=\"http:\/\/www.tvturk.com\/wp-content\/uploads\/2019\/02\/fetoden-gozaltina-alinan-14-asker-adliyeye-sevk-edildi_59ddf11.jpg\" data-orig-size=\"1000,666\" data-comments-opened=\"\" data-image-meta=\"{&quot;aperture&quot;:&quot;0&quot;,&quot;credit&quot;:&quot;IHA&quot;,&quot;camera&quot;:&quot;&quot;,&quot;caption&quot;:&quot;OCAEL\\u0130 MERKEZL\\u0130 7 \\u0130LDE FET\\u00d6\\\/PDY\\u0027N\\u0130N ASKER\\u0130 YAPILANMASINA Y\\u00d6NEL\\u0130K D\\u00dcZENLENEN OPERASYONLARDA G\\u00d6ZALTINA ALINAN 14 ASKER\\u0130 PERSONEL ADL\\u0130YEYE SEVK ED\\u0130LD\\u0130. (K\\u00dcBRA TOP\\u00c7UO\\u011eLU - MURAT KANBER\\\/KOCAEL\\u0130-\\u0130HA)&quot;,&quot;created_timestamp&quot;:&quot;0&quot;,&quot;copyright&quot;:&quot;\\u0130HLAS HABER AJANSI, www.iha.com.tr&quot;,&quot;focal_length&quot;:&quot;0&quot;,&quot;iso&quot;:&quot;0&quot;,&quot;shutter_speed&quot;:&quot;0&quot;,&quot;title&quot;:&quot;FET\\u00d6\\u2019DEN G\\u00d6ZALTINA ALINAN 14 ASKER ADL\\u0130YEYE SEVK ED\\u0130LD\\u0130&quot;,&quot;orientation&quot;:&quot;0&quot;}\" data-image-title=\"FET\u00d6\u2019den g\u00f6zalt\u0131na al\u0131nan 14 asker adliyeye sevk edildi\" data-image-description=\"&lt;p&gt;FET\u00d6\u2019den g\u00f6zalt\u0131na al\u0131nan 14 asker adliyeye sevk edildi&lt;\/p&gt; \" data-medium-file=\"https:\/\/i0.wp.com\/www.tvturk.com\/wp-content\/uploads\/2019\/02\/fetoden-gozaltina-alinan-14-asker-adliyeye-sevk-edildi_59ddf11.jpg?fit=300%2C200\" data-large-file=\"https:\/\/i0.wp.com\/www.tvturk.com\/wp-content\/uploads\/2019\/02\/fetoden-gozaltina-alinan-14-asker-adliyeye-sevk-edildi_59ddf11.jpg?fit=1000%2C666\" src=\"https:\/\/i0.wp.com\/www.tvturk.com\/wp-content\/uploads\/2019\/02\/fetoden-gozaltina-alinan-14-asker-adliyeye-sevk-edildi_59ddf11.jpg?w=162&#038;h=108\" srcset=\"https:\/\/i0.wp.com\/www.tvturk.com\/wp-content\/uploads\/2019\/02\/fetoden-gozaltina-alinan-14-asker-adliyeye-sevk-edildi_59ddf11.jpg?w=1000 1000w, https:\/\/i0.wp.com\/www.tvturk.com\/wp-content\/uploads\/2019\/02\/fetoden-gozaltina-alinan-14-asker-adliyeye-sevk-edildi_59ddf11.jpg?resize=150%2C100 150w, https:\/\/i0.wp.com\/www.tvturk.com\/wp-content\/uploads\/2019\/02\/fetoden-gozaltina-alinan-14-asker-adliyeye-sevk-edildi_59ddf11.jpg?resize=300%2C200 300w, https:\/\/i0.wp.com\/www.tvturk.com\/wp-content\/uploads\/2019\/02\/fetoden-gozaltina-alinan-14-asker-adliyeye-sevk-edildi_59ddf11.jpg?resize=768%2C511 768w, https:\/\/i0.wp.com\/www.tvturk.com\/wp-content\/uploads\/2019\/02\/fetoden-gozaltina-alinan-14-asker-adliyeye-sevk-edildi_59ddf11.jpg?resize=170%2C113 170w, https:\/\/i0.wp.com\/www.tvturk.com\/wp-content\/uploads\/2019\/02\/fetoden-gozaltina-alinan-14-asker-adliyeye-sevk-edildi_59ddf11.jpg?resize=120%2C80 120w\" width=\"162\" height=\"108\" loading=\"lazy\" data-original-width=\"162\" data-original-height=\"108\" itemprop=\"http:\/\/schema.org\/image\" title=\"FET\u00d6\u2019den g\u00f6zalt\u0131na al\u0131nan 14 asker adliyeye sevk edildi\" alt=\"FET\u00d6\u2019den g\u00f6zalt\u0131na al\u0131nan 14 asker adliyeye sevk edildi\" style=\"width: 162px; height: 108px;\" \/> <\/a> <\/div> <\/div> <!-- close group --> <\/div> <!-- close row --> <div class=\"gallery-row\" style=\"width: 500px; height: 334px;\" data-original-width=\"500\" data-original-height=\"334\" > <div class=\"gallery-group images-1\" style=\"width: 500px; height: 334px;\" data-original-width=\"500\" data-original-height=\"334\" > <div class=\"tiled-gallery-item tiled-gallery-item-large\" itemprop=\"associatedMedia\" itemscope itemtype=\"http:\/\/schema.org\/ImageObject\"> <a href=\"http:\/\/www.tvturk.com\/index.php\/fetoden-gozaltina-alinan-14-asker-adliyeye-sevk-edildi\/fetoden-gozaltina-alinan-14-asker-adliyeye-sevk-edildi-6\/\" border=\"0\" itemprop=\"url\"> <meta itemprop=\"width\" content=\"496\"> <meta itemprop=\"height\" content=\"330\"> <img decoding=\"async\" class=\"\" data-attachment-id=\"31144\" data-orig-file=\"http:\/\/www.tvturk.com\/wp-content\/uploads\/2019\/02\/fetoden-gozaltina-alinan-14-asker-adliyeye-sevk-edildi_050c92a.jpg\" data-orig-size=\"1000,666\" data-comments-opened=\"\" data-image-meta=\"{&quot;aperture&quot;:&quot;0&quot;,&quot;credit&quot;:&quot;IHA&quot;,&quot;camera&quot;:&quot;&quot;,&quot;caption&quot;:&quot;OCAEL\\u0130 MERKEZL\\u0130 7 \\u0130LDE FET\\u00d6\\\/PDY\\u0027N\\u0130N ASKER\\u0130 YAPILANMASINA Y\\u00d6NEL\\u0130K D\\u00dcZENLENEN OPERASYONLARDA G\\u00d6ZALTINA ALINAN 14 ASKER\\u0130 PERSONEL ADL\\u0130YEYE SEVK ED\\u0130LD\\u0130. (K\\u00dcBRA TOP\\u00c7UO\\u011eLU - MURAT KANBER\\\/KOCAEL\\u0130-\\u0130HA)&quot;,&quot;created_timestamp&quot;:&quot;0&quot;,&quot;copyright&quot;:&quot;\\u0130HLAS HABER AJANSI, www.iha.com.tr&quot;,&quot;focal_length&quot;:&quot;0&quot;,&quot;iso&quot;:&quot;0&quot;,&quot;shutter_speed&quot;:&quot;0&quot;,&quot;title&quot;:&quot;FET\\u00d6\\u2019DEN G\\u00d6ZALTINA ALINAN 14 ASKER ADL\\u0130YEYE SEVK ED\\u0130LD\\u0130&quot;,&quot;orientation&quot;:&quot;0&quot;}\" data-image-title=\"FET\u00d6\u2019den g\u00f6zalt\u0131na al\u0131nan 14 asker adliyeye sevk edildi\" data-image-description=\"&lt;p&gt;FET\u00d6\u2019den g\u00f6zalt\u0131na al\u0131nan 14 asker adliyeye sevk edildi&lt;\/p&gt; \" data-medium-file=\"https:\/\/i0.wp.com\/www.tvturk.com\/wp-content\/uploads\/2019\/02\/fetoden-gozaltina-alinan-14-asker-adliyeye-sevk-edildi_050c92a.jpg?fit=300%2C200\" data-large-file=\"https:\/\/i0.wp.com\/www.tvturk.com\/wp-content\/uploads\/2019\/02\/fetoden-gozaltina-alinan-14-asker-adliyeye-sevk-edildi_050c92a.jpg?fit=1000%2C666\" src=\"https:\/\/i0.wp.com\/www.tvturk.com\/wp-content\/uploads\/2019\/02\/fetoden-gozaltina-alinan-14-asker-adliyeye-sevk-edildi_050c92a.jpg?w=496&#038;h=330\" srcset=\"https:\/\/i0.wp.com\/www.tvturk.com\/wp-content\/uploads\/2019\/02\/fetoden-gozaltina-alinan-14-asker-adliyeye-sevk-edildi_050c92a.jpg?w=1000 1000w, https:\/\/i0.wp.com\/www.tvturk.com\/wp-content\/uploads\/2019\/02\/fetoden-gozaltina-alinan-14-asker-adliyeye-sevk-edildi_050c92a.jpg?resize=150%2C100 150w, https:\/\/i0.wp.com\/www.tvturk.com\/wp-content\/uploads\/2019\/02\/fetoden-gozaltina-alinan-14-asker-adliyeye-sevk-edildi_050c92a.jpg?resize=300%2C200 300w, https:\/\/i0.wp.com\/www.tvturk.com\/wp-content\/uploads\/2019\/02\/fetoden-gozaltina-alinan-14-asker-adliyeye-sevk-edildi_050c92a.jpg?resize=768%2C511 768w, https:\/\/i0.wp.com\/www.tvturk.com\/wp-content\/uploads\/2019\/02\/fetoden-gozaltina-alinan-14-asker-adliyeye-sevk-edildi_050c92a.jpg?resize=170%2C113 170w, https:\/\/i0.wp.com\/www.tvturk.com\/wp-content\/uploads\/2019\/02\/fetoden-gozaltina-alinan-14-asker-adliyeye-sevk-edildi_050c92a.jpg?resize=120%2C80 120w\" width=\"496\" height=\"330\" loading=\"lazy\" data-original-width=\"496\" data-original-height=\"330\" itemprop=\"http:\/\/schema.org\/image\" title=\"FET\u00d6\u2019den g\u00f6zalt\u0131na al\u0131nan 14 asker adliyeye sevk edildi\" alt=\"FET\u00d6\u2019den g\u00f6zalt\u0131na al\u0131nan 14 asker adliyeye sevk edildi\" style=\"width: 496px; height: 330px;\" \/> <\/a> <\/div> <\/div> <!-- close group --> <\/div> <!-- close row --> <\/div><\/p>\n","protected":false},"excerpt":{"rendered":"<p>OCAEL\u0130 MERKEZL\u0130 7 \u0130LDE FET\u00d6\/PDY&#8217;N\u0130N ASKER\u0130 YAPILANMASINA Y\u00d6NEL\u0130K D\u00dcZENLENEN OPERASYONLARDA G\u00d6ZALTINA ALINAN 14 ASKER\u0130 PERSONEL ADL\u0130YEYE SEVK ED\u0130LD\u0130.<\/p>\n","protected":false},"author":1,"featured_media":31140,"comment_status":"closed","ping_status":"open","sticky":false,"template":"","format":"standard","meta":{"jetpack_post_was_ever_published":false,"_jetpack_newsletter_access":"","_jetpack_dont_email_post_to_subs":false,"_jetpack_newsletter_tier_id":0,"_jetpack_memberships_contains_paywalled_content":false,"_jetpack_memberships_contains_paid_content":false,"footnotes":"","jetpack_publicize_message":"","jetpack_publicize_feature_enabled":true,"jetpack_social_post_already_shared":false,"jetpack_social_options":{"image_generator_settings":{"template":"highway","default_image_id":0,"font":"","enabled":false},"version":2}},"categories":[655],"tags":[2394,3422,1598,857,1799,1013,856],"class_list":["post-31139","post","type-post","status-publish","format-standard","has-post-thumbnail","hentry","category-son-dakika","tag-adliyeye","tag-alinan","tag-asker","tag-edildi","tag-fetoden","tag-gozaltina","tag-sevk"],"jetpack_publicize_connections":[],"jetpack_featured_media_url":"https:\/\/i0.wp.com\/www.tvturk.com\/wp-content\/uploads\/2019\/02\/fetoden-gozaltina-alinan-14-asker-adliyeye-sevk-edildi_8fde58a.jpg?fit=1000%2C666","jetpack_sharing_enabled":true,"jetpack_shortlink":"https:\/\/wp.me\/paKIfm-86f","_links":{"self":[{"href":"http:\/\/www.tvturk.com\/index.php\/wp-json\/wp\/v2\/posts\/31139","targetHints":{"allow":["GET"]}}],"collection":[{"href":"http:\/\/www.tvturk.com\/index.php\/wp-json\/wp\/v2\/posts"}],"about":[{"href":"http:\/\/www.tvturk.com\/index.php\/wp-json\/wp\/v2\/types\/post"}],"author":[{"embeddable":true,"href":"http:\/\/www.tvturk.com\/index.php\/wp-json\/wp\/v2\/users\/1"}],"replies":[{"embeddable":true,"href":"http:\/\/www.tvturk.com\/index.php\/wp-json\/wp\/v2\/comments?post=31139"}],"version-history":[{"count":1,"href":"http:\/\/www.tvturk.com\/index.php\/wp-json\/wp\/v2\/posts\/31139\/revisions"}],"predecessor-version":[{"id":31145,"href":"http:\/\/www.tvturk.com\/index.php\/wp-json\/wp\/v2\/posts\/31139\/revisions\/31145"}],"wp:featuredmedia":[{"embeddable":true,"href":"http:\/\/www.tvturk.com\/index.php\/wp-json\/wp\/v2\/media\/31140"}],"wp:attachment":[{"href":"http:\/\/www.tvturk.com\/index.php\/wp-json\/wp\/v2\/media?parent=31139"}],"wp:term":[{"taxonomy":"category","embeddable":true,"href":"http:\/\/www.tvturk.com\/index.php\/wp-json\/wp\/v2\/categories?post=31139"},{"taxonomy":"post_tag","embeddable":true,"href":"http:\/\/www.tvturk.com\/index.php\/wp-json\/wp\/v2\/tags?post=31139"}],"curies":[{"name":"wp","href":"https:\/\/api.w.org\/{rel}","templated":true}]}}